{"id":134457,"date":"2023-04-14T11:07:22","date_gmt":"2023-04-14T11:07:22","guid":{"rendered":"https:\/\/all-car-news.com\/reduccion-de-costes-la-policia-belga-ya-no-puede-circular-a-mas-de-100-km-h\/"},"modified":"2023-04-14T11:07:22","modified_gmt":"2023-04-14T11:07:22","slug":"reduccion-de-costes-la-policia-belga-ya-no-puede-circular-a-mas-de-100-km-h","status":"publish","type":"post","link":"https:\/\/all-car-news.com\/es\/reduccion-de-costes-la-policia-belga-ya-no-puede-circular-a-mas-de-100-km-h\/","title":{"rendered":"Reducci\u00f3n de costes: la polic\u00eda belga ya no puede circular a m\u00e1s de 100 km\/h"},"content":{"rendered":"<h2>Plan federal de invierno<\/h2>\n<p>El aumento del coste de la energ\u00eda est\u00e1 causando quebraderos de cabeza no s\u00f3lo a los ciudadanos de a pie, sino tambi\u00e9n a la polic\u00eda belga. El llamado Plan Federal de Invierno, un plan gubernamental destinado a mantener bajo control el gasto de la polic\u00eda federal, incluye intervenciones que no dejar\u00e1n indemne al personal. Por ejemplo, se espera que los edificios y veh\u00edculos policiales se utilicen de forma m\u00e1s eficiente y se adopten medidas de barrido para reducir los costes energ\u00e9ticos.<\/p>\n<h2>Estilo de conducci\u00f3n ecol\u00f3gico<\/h2>\n<p>El plan incluye 24 medidas. Una de las medidas m\u00e1s destacadas es la limitaci\u00f3n a 100 km\/h de la velocidad de los veh\u00edculos policiales en las autopistas. A diferencia de Holanda, el l\u00edmite de velocidad en las autopistas belgas es de 120 km\/h. Por supuesto, esta norma no se aplica cuando se llama a la polic\u00eda para una intervenci\u00f3n urgente. Se espera que este estilo de conducci\u00f3n m\u00e1s ecol\u00f3gico reduzca el consumo de combustible en un 8%.<\/p>\n<h2>Prohibici\u00f3n de cargar en el trabajo<\/h2>\n<p>Pero la cosa no queda ah\u00ed. Los empleados que se han cambiado a un <a href=\"https:\/\/www.youtube.com\/watch?v=ShFpRR6rmE4&amp;ab_channel=AutoRAITV\" target=\"_blank\" rel=\"noreferrer noopener\">coche<\/a> el\u00e9ctrico tambi\u00e9n deber\u00edan aportar su granito de arena. Los agentes y otros empleados de la polic\u00eda ya no podr\u00e1n cargar sus veh\u00edculos el\u00e9ctricos en el trabajo. Tampoco est\u00e1 permitido enchufar bicicletas y patinetes el\u00e9ctricos en la comisar\u00eda.  <\/p>\n<h2>Alivio<\/h2>\n<p>Tambi\u00e9n se anima al personal a ser consciente de la iluminaci\u00f3n y el uso de aparatos el\u00e9ctricos. \u00abNo sobreiluminar la oficina y aprovechar al m\u00e1ximo la luz del d\u00eda\u00bb, reza el plan. Tambi\u00e9n se est\u00e1 reduciendo el uso de lavavajillas para ahorrar energ\u00eda. Se anima a los empleados a que opten por lavarse las manos siempre que sea posible.<\/p>\n<h2>Por las escaleras<\/h2>\n<p>Para fomentar tambi\u00e9n la actividad f\u00edsica y reducir el consumo de energ\u00eda, se anima a los empleados a utilizar m\u00e1s las escaleras en lugar del ascensor. Seg\u00fan el plan, esto forma parte del impulso para crear un entorno de trabajo m\u00e1s sostenible y saludable. Obviamente, el termostato baja unos cuantos grados. Durante las horas de trabajo, el termostato alcanza un m\u00e1ximo de 19 grados, por la noche baja a 14 grados.<\/p>\n<p>\u00abLuego, cuando llegas por la ma\u00f1ana, hace un fr\u00edo que pela\u00bb, respondi\u00f3 Joery Dehaes, del sindicato ACV, a la medida de calefacci\u00f3n. \u00abY esos viejos edificios de la polic\u00eda tampoco se calientan durante el d\u00eda. \u00bfUn ejemplo? En el centro de emergencias de la Polic\u00eda Federal de Amberes trabajan con un gorro puesto y una manta en el regazo\u00bb.<\/p>\n<p>Lee tambi\u00e9n: <a href=\"https:\/\/autorai.nl\/waarom-afremmen-voor-deze-mysterieuze-flitspalen-niet-nodig-is\/\">Por qu\u00e9 no es necesario frenar ante estos misteriosos radares<\/a> fijos<\/p>\n<figure class=\"wp-block-embed is-type-wp-embed is-provider-autorai-nl wp-block-embed-autorai-nl\">\n<div class=\"wp-block-embed__wrapper\">\n<blockquote class=\"wp-embedded-content\" data-secret=\"36WBbvKqlZ\"><p><a href=\"https:\/\/autorai.nl\/waarom-afremmen-voor-deze-mysterieuze-flitspalen-niet-nodig-is\/\">Por qu\u00e9 no es necesario frenar ante estos misteriosos radares fijos<\/a><\/p><\/blockquote>\n<\/div>\n<\/figure>\n","protected":false},"excerpt":{"rendered":"Plan Federal de Invierno El aumento de los costes energ\u00e9ticos est\u00e1 causando quebraderos de cabeza no s\u00f3lo a los ciudadanos&hellip;","protected":false},"author":0,"featured_media":134420,"comment_status":"","ping_status":"open","sticky":false,"template":"","format":"standard","meta":{"footnotes":""},"categories":[126],"tags":[],"class_list":["post-134457","post","type-post","status-publish","format-standard","has-post-thumbnail","hentry","category-noticias-de-autos"],"acf":[],"yoast_head":"<!-- This site is optimized with the Yoast SEO plugin v21.2 - https:\/\/yoast.com\/wordpress\/plugins\/seo\/ -->\n<title>Reducci\u00f3n de costes: la polic\u00eda belga ya no puede circular a m\u00e1s de 100 km\/h - All cars news<\/title>\n<meta name=\"robots\" content=\"index, follow, max-snippet:-1, max-image-preview:large, max-video-preview:-1\" \/>\n<link rel=\"canonical\" href=\"https:\/\/all-car-news.com\/es\/reduccion-de-costes-la-policia-belga-ya-no-puede-circular-a-mas-de-100-km-h\/\" \/>\n<meta property=\"og:locale\" content=\"es_ES\" \/>\n<meta property=\"og:type\" content=\"article\" \/>\n<meta property=\"og:title\" content=\"Reducci\u00f3n de costes: la polic\u00eda belga ya no puede circular a m\u00e1s de 100 km\/h - All cars news\" \/>\n<meta property=\"og:description\" content=\"Plan Federal de Invierno El aumento de los costes energ\u00e9ticos est\u00e1 causando quebraderos de cabeza no s\u00f3lo a los ciudadanos de a pie, sino tambi\u00e9n a la polic\u00eda en B\u00e9lgica. El llamado Plan Federal de Invierno, un plan gubernamental destinado a mantener bajo control el gasto de la polic\u00eda federal, incluye intervenciones que no dejar\u00e1n indemne al personal. Por lo tanto [...]\" \/>\n<meta property=\"og:url\" content=\"https:\/\/all-car-news.com\/es\/reduccion-de-costes-la-policia-belga-ya-no-puede-circular-a-mas-de-100-km-h\/\" \/>\n<meta property=\"og:site_name\" content=\"All cars news\" \/>\n<meta property=\"article:published_time\" content=\"2023-04-14T11:07:22+00:00\" \/>\n<meta name=\"twitter:card\" content=\"summary_large_image\" \/>\n<meta name=\"twitter:label1\" content=\"Tiempo de lectura\" \/>\n\t<meta name=\"twitter:data1\" content=\"2 minutos\" \/>\n<script type=\"application\/ld+json\" class=\"yoast-schema-graph\">{\"@context\":\"https:\/\/schema.org\",\"@graph\":[{\"@type\":\"Article\",\"@id\":\"https:\/\/all-car-news.com\/es\/reduccion-de-costes-la-policia-belga-ya-no-puede-circular-a-mas-de-100-km-h\/#article\",\"isPartOf\":{\"@id\":\"https:\/\/all-car-news.com\/es\/reduccion-de-costes-la-policia-belga-ya-no-puede-circular-a-mas-de-100-km-h\/\"},\"author\":{\"name\":\"\",\"@id\":\"\"},\"headline\":\"Reducci\u00f3n de costes: la polic\u00eda belga ya no puede circular a m\u00e1s de 100 km\/h\",\"datePublished\":\"2023-04-14T11:07:22+00:00\",\"dateModified\":\"2023-04-14T11:07:22+00:00\",\"mainEntityOfPage\":{\"@id\":\"https:\/\/all-car-news.com\/es\/reduccion-de-costes-la-policia-belga-ya-no-puede-circular-a-mas-de-100-km-h\/\"},\"wordCount\":506,\"publisher\":{\"@id\":\"https:\/\/all-car-news.com\/es\/#organization\"},\"articleSection\":[\"noticias de autos\"],\"inLanguage\":\"es\"},{\"@type\":\"WebPage\",\"@id\":\"https:\/\/all-car-news.com\/es\/reduccion-de-costes-la-policia-belga-ya-no-puede-circular-a-mas-de-100-km-h\/\",\"url\":\"https:\/\/all-car-news.com\/es\/reduccion-de-costes-la-policia-belga-ya-no-puede-circular-a-mas-de-100-km-h\/\",\"name\":\"Reducci\u00f3n de costes: la polic\u00eda belga ya no puede circular a m\u00e1s de 100 km\/h - All cars news\",\"isPartOf\":{\"@id\":\"https:\/\/all-car-news.com\/es\/#website\"},\"datePublished\":\"2023-04-14T11:07:22+00:00\",\"dateModified\":\"2023-04-14T11:07:22+00:00\",\"breadcrumb\":{\"@id\":\"https:\/\/all-car-news.com\/es\/reduccion-de-costes-la-policia-belga-ya-no-puede-circular-a-mas-de-100-km-h\/#breadcrumb\"},\"inLanguage\":\"es\",\"potentialAction\":[{\"@type\":\"ReadAction\",\"target\":[\"https:\/\/all-car-news.com\/es\/reduccion-de-costes-la-policia-belga-ya-no-puede-circular-a-mas-de-100-km-h\/\"]}]},{\"@type\":\"BreadcrumbList\",\"@id\":\"https:\/\/all-car-news.com\/es\/reduccion-de-costes-la-policia-belga-ya-no-puede-circular-a-mas-de-100-km-h\/#breadcrumb\",\"itemListElement\":[{\"@type\":\"ListItem\",\"position\":1,\"name\":\"Home\",\"item\":\"https:\/\/all-car-news.com\/es\/\"},{\"@type\":\"ListItem\",\"position\":2,\"name\":\"Reducci\u00f3n de costes: la polic\u00eda belga ya no puede circular a m\u00e1s de 100 km\/h\"}]},{\"@type\":\"WebSite\",\"@id\":\"https:\/\/all-car-news.com\/es\/#website\",\"url\":\"https:\/\/all-car-news.com\/es\/\",\"name\":\"All cars news\",\"description\":\"\",\"publisher\":{\"@id\":\"https:\/\/all-car-news.com\/es\/#organization\"},\"potentialAction\":[{\"@type\":\"SearchAction\",\"target\":{\"@type\":\"EntryPoint\",\"urlTemplate\":\"https:\/\/all-car-news.com\/es\/?s={search_term_string}\"},\"query-input\":\"required name=search_term_string\"}],\"inLanguage\":\"es\"},{\"@type\":\"Organization\",\"@id\":\"https:\/\/all-car-news.com\/es\/#organization\",\"name\":\"All cars news\",\"url\":\"https:\/\/all-car-news.com\/es\/\",\"logo\":{\"@type\":\"ImageObject\",\"inLanguage\":\"es\",\"@id\":\"https:\/\/all-car-news.com\/es\/#\/schema\/logo\/image\/\",\"url\":\"https:\/\/all-car-news.com\/wp-content\/uploads\/2022\/02\/CMYK-AllCarNews_LANDSCAPE_300px-1.png\",\"contentUrl\":\"https:\/\/all-car-news.com\/wp-content\/uploads\/2022\/02\/CMYK-AllCarNews_LANDSCAPE_300px-1.png\",\"width\":300,\"height\":100,\"caption\":\"All cars news\"},\"image\":{\"@id\":\"https:\/\/all-car-news.com\/es\/#\/schema\/logo\/image\/\"}}]}<\/script>\n<!-- \/ Yoast SEO plugin. -->","yoast_head_json":{"title":"Reducci\u00f3n de costes: la polic\u00eda belga ya no puede circular a m\u00e1s de 100 km\/h - All cars news","robots":{"index":"index","follow":"follow","max-snippet":"max-snippet:-1","max-image-preview":"max-image-preview:large","max-video-preview":"max-video-preview:-1"},"canonical":"https:\/\/all-car-news.com\/es\/reduccion-de-costes-la-policia-belga-ya-no-puede-circular-a-mas-de-100-km-h\/","og_locale":"es_ES","og_type":"article","og_title":"Reducci\u00f3n de costes: la polic\u00eda belga ya no puede circular a m\u00e1s de 100 km\/h - All cars news","og_description":"Plan Federal de Invierno El aumento de los costes energ\u00e9ticos est\u00e1 causando quebraderos de cabeza no s\u00f3lo a los ciudadanos de a pie, sino tambi\u00e9n a la polic\u00eda en B\u00e9lgica. El llamado Plan Federal de Invierno, un plan gubernamental destinado a mantener bajo control el gasto de la polic\u00eda federal, incluye intervenciones que no dejar\u00e1n indemne al personal. Por lo tanto [...]","og_url":"https:\/\/all-car-news.com\/es\/reduccion-de-costes-la-policia-belga-ya-no-puede-circular-a-mas-de-100-km-h\/","og_site_name":"All cars news","article_published_time":"2023-04-14T11:07:22+00:00","twitter_card":"summary_large_image","twitter_misc":{"Tiempo de lectura":"2 minutos"},"schema":{"@context":"https:\/\/schema.org","@graph":[{"@type":"Article","@id":"https:\/\/all-car-news.com\/es\/reduccion-de-costes-la-policia-belga-ya-no-puede-circular-a-mas-de-100-km-h\/#article","isPartOf":{"@id":"https:\/\/all-car-news.com\/es\/reduccion-de-costes-la-policia-belga-ya-no-puede-circular-a-mas-de-100-km-h\/"},"author":{"name":"","@id":""},"headline":"Reducci\u00f3n de costes: la polic\u00eda belga ya no puede circular a m\u00e1s de 100 km\/h","datePublished":"2023-04-14T11:07:22+00:00","dateModified":"2023-04-14T11:07:22+00:00","mainEntityOfPage":{"@id":"https:\/\/all-car-news.com\/es\/reduccion-de-costes-la-policia-belga-ya-no-puede-circular-a-mas-de-100-km-h\/"},"wordCount":506,"publisher":{"@id":"https:\/\/all-car-news.com\/es\/#organization"},"articleSection":["noticias de autos"],"inLanguage":"es"},{"@type":"WebPage","@id":"https:\/\/all-car-news.com\/es\/reduccion-de-costes-la-policia-belga-ya-no-puede-circular-a-mas-de-100-km-h\/","url":"https:\/\/all-car-news.com\/es\/reduccion-de-costes-la-policia-belga-ya-no-puede-circular-a-mas-de-100-km-h\/","name":"Reducci\u00f3n de costes: la polic\u00eda belga ya no puede circular a m\u00e1s de 100 km\/h - All cars news","isPartOf":{"@id":"https:\/\/all-car-news.com\/es\/#website"},"datePublished":"2023-04-14T11:07:22+00:00","dateModified":"2023-04-14T11:07:22+00:00","breadcrumb":{"@id":"https:\/\/all-car-news.com\/es\/reduccion-de-costes-la-policia-belga-ya-no-puede-circular-a-mas-de-100-km-h\/#breadcrumb"},"inLanguage":"es","potentialAction":[{"@type":"ReadAction","target":["https:\/\/all-car-news.com\/es\/reduccion-de-costes-la-policia-belga-ya-no-puede-circular-a-mas-de-100-km-h\/"]}]},{"@type":"BreadcrumbList","@id":"https:\/\/all-car-news.com\/es\/reduccion-de-costes-la-policia-belga-ya-no-puede-circular-a-mas-de-100-km-h\/#breadcrumb","itemListElement":[{"@type":"ListItem","position":1,"name":"Home","item":"https:\/\/all-car-news.com\/es\/"},{"@type":"ListItem","position":2,"name":"Reducci\u00f3n de costes: la polic\u00eda belga ya no puede circular a m\u00e1s de 100 km\/h"}]},{"@type":"WebSite","@id":"https:\/\/all-car-news.com\/es\/#website","url":"https:\/\/all-car-news.com\/es\/","name":"All cars news","description":"","publisher":{"@id":"https:\/\/all-car-news.com\/es\/#organization"},"potentialAction":[{"@type":"SearchAction","target":{"@type":"EntryPoint","urlTemplate":"https:\/\/all-car-news.com\/es\/?s={search_term_string}"},"query-input":"required name=search_term_string"}],"inLanguage":"es"},{"@type":"Organization","@id":"https:\/\/all-car-news.com\/es\/#organization","name":"All cars news","url":"https:\/\/all-car-news.com\/es\/","logo":{"@type":"ImageObject","inLanguage":"es","@id":"https:\/\/all-car-news.com\/es\/#\/schema\/logo\/image\/","url":"https:\/\/all-car-news.com\/wp-content\/uploads\/2022\/02\/CMYK-AllCarNews_LANDSCAPE_300px-1.png","contentUrl":"https:\/\/all-car-news.com\/wp-content\/uploads\/2022\/02\/CMYK-AllCarNews_LANDSCAPE_300px-1.png","width":300,"height":100,"caption":"All cars news"},"image":{"@id":"https:\/\/all-car-news.com\/es\/#\/schema\/logo\/image\/"}}]}},"_links":{"self":[{"href":"https:\/\/all-car-news.com\/es\/wp-json\/wp\/v2\/posts\/134457","targetHints":{"allow":["GET"]}}],"collection":[{"href":"https:\/\/all-car-news.com\/es\/wp-json\/wp\/v2\/posts"}],"about":[{"href":"https:\/\/all-car-news.com\/es\/wp-json\/wp\/v2\/types\/post"}],"replies":[{"embeddable":true,"href":"https:\/\/all-car-news.com\/es\/wp-json\/wp\/v2\/comments?post=134457"}],"version-history":[{"count":0,"href":"https:\/\/all-car-news.com\/es\/wp-json\/wp\/v2\/posts\/134457\/revisions"}],"wp:featuredmedia":[{"embeddable":true,"href":"https:\/\/all-car-news.com\/es\/wp-json\/wp\/v2\/media\/134420"}],"wp:attachment":[{"href":"https:\/\/all-car-news.com\/es\/wp-json\/wp\/v2\/media?parent=134457"}],"wp:term":[{"taxonomy":"category","embeddable":true,"href":"https:\/\/all-car-news.com\/es\/wp-json\/wp\/v2\/categories?post=134457"},{"taxonomy":"post_tag","embeddable":true,"href":"https:\/\/all-car-news.com\/es\/wp-json\/wp\/v2\/tags?post=134457"}],"curies":[{"name":"wp","href":"https:\/\/api.w.org\/{rel}","templated":true}]}}