{"id":133982,"date":"2023-04-03T08:54:33","date_gmt":"2023-04-03T08:54:33","guid":{"rendered":"https:\/\/all-car-news.com\/elon-musk-se-muestra-apatico-ante-holanda-pero-por-que\/"},"modified":"2023-04-03T08:54:33","modified_gmt":"2023-04-03T08:54:33","slug":"elon-musk-se-muestra-apatico-ante-holanda-pero-por-que","status":"publish","type":"post","link":"https:\/\/all-car-news.com\/es\/elon-musk-se-muestra-apatico-ante-holanda-pero-por-que\/","title":{"rendered":"Elon Musk se muestra ap\u00e1tico ante Holanda, pero \u00bfpor qu\u00e9?"},"content":{"rendered":"<h2>Cifras de ventas de coches en marzo de 2023<\/h2>\n<p>En marzo de 2023 se matricularon 37.452 turismos nuevos en los Pa\u00edses Bajos. En comparaci\u00f3n con marzo de 2022 -con 24.781 coches vendidos-, se trata de un notable aumento de nada menos que el 51,1%, seg\u00fan muestran las cifras oficiales de BOVAG, la Asociaci\u00f3n RAI y RDC.<\/p>\n<h2>No es realmente inesperado<\/h2>\n<p>\u00abEste aumento no es del todo inesperado, ya que las carteras de pedidos de los concesionarios han estado bien surtidas durante alg\u00fan tiempo. Sin embargo, la entrega a sus clientes se retrasaba a menudo en los \u00faltimos a\u00f1os debido a problemas log\u00edsticos y a la escasez de piezas. Ahora, cada vez m\u00e1s fabricantes han resuelto estos problemas\u00bb, afirma la Asociaci\u00f3n RAI.<\/p>\n<h2>Previsi\u00f3n 2023<\/h2>\n<p>Como no se sabe con certeza si este fuerte aumento mensual se mantendr\u00e1, BOVAG y la Asociaci\u00f3n RAI mantienen por ahora su previsi\u00f3n de que a lo largo de 2023 se matricular\u00e1n alrededor de un 9% m\u00e1s de coches que en 2022. Eso equivaldr\u00eda a 340.000 coches. En el primer trimestre de 2023 ya se han matriculado 98.059 coches nuevos (+25,2%).<\/p>\n<h2>Las marcas y modelos m\u00e1s populares<\/h2>\n<p>Aun as\u00ed, s\u00f3lo un coche puede ser el m\u00e1s popular. Tanto en el top 5 de marcas m\u00e1s registradas en marzo de 2023 como en el top 5 de modelos m\u00e1s registrados en marzo de 2023, Tesla ocupa el primer lugar. El Tesla Model Y fue imparable el pasado mes de marzo. Tesla incluso deja atr\u00e1s a marcas como Volkswagen y Kia. Volvo y Peugeot tambi\u00e9n hicieron un buen negocio en marzo.<\/p>\n<h2>Las marcas m\u00e1s registradas en marzo de 2023 fueron:&nbsp;<\/h2>\n<ul>\n<li>Tesla &#8211; (3.160 matriculaciones con una cuota de mercado del 8,4%)<\/li>\n<li>Volkswagen &#8211; (2.972\/7,9%)<\/li>\n<li>Kia &#8211; (2.672\/7,1%)<\/li>\n<li>Volvo &#8211; (2,261\/6,0%)<\/li>\n<li>Peugeot &#8211; (2.250\/6,0%)<\/li>\n<\/ul>\n<h2>Los modelos m\u00e1s registrados en marzo de 2023 fueron:&nbsp;<\/h2>\n<ul>\n<li>Tesla Model Y &#8211; (2.362 matriculaciones con una cuota de mercado del 6,3%)<\/li>\n<li>Volvo XC40 &#8211; (1.298\/3,5%)<\/li>\n<li>Peugeot 208 &#8211; (1.035\/2,8%)<\/li>\n<li>Lynk&amp;Co 01 &#8211; (1.003\/2,7%)<\/li>\n<li>Opel Corsa &#8211; (799\/2,1%)<\/li>\n<\/ul>\n<h2>Tesla Model Y Performance (2022), \u00a1no tiene ning\u00fan sentido! &#8211; AutoRAI TV<\/h2>\n<\/p>\n<figure class=\"wp-block-embed is-type-video is-provider-youtube wp-block-embed-youtube wp-embed-aspect-16-9 wp-has-aspect-ratio\">\n<div class=\"wp-block-embed__wrapper\">\n<\/div>\n<\/figure>\n","protected":false},"excerpt":{"rendered":"Cifras de ventas de coches en marzo de 2023 En marzo de 2023 se matricularon 37.452 turismos nuevos en los&hellip;","protected":false},"author":0,"featured_media":133952,"comment_status":"","ping_status":"open","sticky":false,"template":"","format":"standard","meta":{"footnotes":""},"categories":[126],"tags":[],"class_list":["post-133982","post","type-post","status-publish","format-standard","has-post-thumbnail","hentry","category-noticias-de-autos"],"acf":[],"yoast_head":"<!-- This site is optimized with the Yoast SEO plugin v21.2 - https:\/\/yoast.com\/wordpress\/plugins\/seo\/ -->\n<title>Elon Musk se muestra ap\u00e1tico ante Holanda, pero \u00bfpor qu\u00e9? - All cars news<\/title>\n<meta name=\"robots\" content=\"index, follow, max-snippet:-1, max-image-preview:large, max-video-preview:-1\" \/>\n<link rel=\"canonical\" href=\"https:\/\/all-car-news.com\/es\/elon-musk-se-muestra-apatico-ante-holanda-pero-por-que\/\" \/>\n<meta property=\"og:locale\" content=\"es_ES\" \/>\n<meta property=\"og:type\" content=\"article\" \/>\n<meta property=\"og:title\" content=\"Elon Musk se muestra ap\u00e1tico ante Holanda, pero \u00bfpor qu\u00e9? - All cars news\" \/>\n<meta property=\"og:description\" content=\"Cifras de ventas de coches en marzo de 2023 En marzo de 2023 se matricularon 37.452 turismos nuevos en los Pa\u00edses Bajos. En comparaci\u00f3n con marzo de 2022 -con 24.781 coches vendidos-, se trata de un notable aumento de nada menos que el 51,1%, seg\u00fan muestran las cifras oficiales de BOVAG, la Asociaci\u00f3n RAI y RDC. No es realmente inesperado &quot;No es del todo inesperado este aumento porque [...]\" \/>\n<meta property=\"og:url\" content=\"https:\/\/all-car-news.com\/es\/elon-musk-se-muestra-apatico-ante-holanda-pero-por-que\/\" \/>\n<meta property=\"og:site_name\" content=\"All cars news\" \/>\n<meta property=\"article:published_time\" content=\"2023-04-03T08:54:33+00:00\" \/>\n<meta name=\"twitter:card\" content=\"summary_large_image\" \/>\n<meta name=\"twitter:label1\" content=\"Tiempo de lectura\" \/>\n\t<meta name=\"twitter:data1\" content=\"2 minutos\" \/>\n<script type=\"application\/ld+json\" class=\"yoast-schema-graph\">{\"@context\":\"https:\/\/schema.org\",\"@graph\":[{\"@type\":\"Article\",\"@id\":\"https:\/\/all-car-news.com\/es\/elon-musk-se-muestra-apatico-ante-holanda-pero-por-que\/#article\",\"isPartOf\":{\"@id\":\"https:\/\/all-car-news.com\/es\/elon-musk-se-muestra-apatico-ante-holanda-pero-por-que\/\"},\"author\":{\"name\":\"\",\"@id\":\"\"},\"headline\":\"Elon Musk se muestra ap\u00e1tico ante Holanda, pero \u00bfpor qu\u00e9?\",\"datePublished\":\"2023-04-03T08:54:33+00:00\",\"dateModified\":\"2023-04-03T08:54:33+00:00\",\"mainEntityOfPage\":{\"@id\":\"https:\/\/all-car-news.com\/es\/elon-musk-se-muestra-apatico-ante-holanda-pero-por-que\/\"},\"wordCount\":349,\"publisher\":{\"@id\":\"https:\/\/all-car-news.com\/es\/#organization\"},\"articleSection\":[\"noticias de autos\"],\"inLanguage\":\"es\"},{\"@type\":\"WebPage\",\"@id\":\"https:\/\/all-car-news.com\/es\/elon-musk-se-muestra-apatico-ante-holanda-pero-por-que\/\",\"url\":\"https:\/\/all-car-news.com\/es\/elon-musk-se-muestra-apatico-ante-holanda-pero-por-que\/\",\"name\":\"Elon Musk se muestra ap\u00e1tico ante Holanda, pero \u00bfpor qu\u00e9? - All cars news\",\"isPartOf\":{\"@id\":\"https:\/\/all-car-news.com\/es\/#website\"},\"datePublished\":\"2023-04-03T08:54:33+00:00\",\"dateModified\":\"2023-04-03T08:54:33+00:00\",\"breadcrumb\":{\"@id\":\"https:\/\/all-car-news.com\/es\/elon-musk-se-muestra-apatico-ante-holanda-pero-por-que\/#breadcrumb\"},\"inLanguage\":\"es\",\"potentialAction\":[{\"@type\":\"ReadAction\",\"target\":[\"https:\/\/all-car-news.com\/es\/elon-musk-se-muestra-apatico-ante-holanda-pero-por-que\/\"]}]},{\"@type\":\"BreadcrumbList\",\"@id\":\"https:\/\/all-car-news.com\/es\/elon-musk-se-muestra-apatico-ante-holanda-pero-por-que\/#breadcrumb\",\"itemListElement\":[{\"@type\":\"ListItem\",\"position\":1,\"name\":\"Home\",\"item\":\"https:\/\/all-car-news.com\/es\/\"},{\"@type\":\"ListItem\",\"position\":2,\"name\":\"Elon Musk se muestra ap\u00e1tico ante Holanda, pero \u00bfpor qu\u00e9?\"}]},{\"@type\":\"WebSite\",\"@id\":\"https:\/\/all-car-news.com\/es\/#website\",\"url\":\"https:\/\/all-car-news.com\/es\/\",\"name\":\"All cars news\",\"description\":\"\",\"publisher\":{\"@id\":\"https:\/\/all-car-news.com\/es\/#organization\"},\"potentialAction\":[{\"@type\":\"SearchAction\",\"target\":{\"@type\":\"EntryPoint\",\"urlTemplate\":\"https:\/\/all-car-news.com\/es\/?s={search_term_string}\"},\"query-input\":\"required name=search_term_string\"}],\"inLanguage\":\"es\"},{\"@type\":\"Organization\",\"@id\":\"https:\/\/all-car-news.com\/es\/#organization\",\"name\":\"All cars news\",\"url\":\"https:\/\/all-car-news.com\/es\/\",\"logo\":{\"@type\":\"ImageObject\",\"inLanguage\":\"es\",\"@id\":\"https:\/\/all-car-news.com\/es\/#\/schema\/logo\/image\/\",\"url\":\"https:\/\/all-car-news.com\/wp-content\/uploads\/2022\/02\/CMYK-AllCarNews_LANDSCAPE_300px-1.png\",\"contentUrl\":\"https:\/\/all-car-news.com\/wp-content\/uploads\/2022\/02\/CMYK-AllCarNews_LANDSCAPE_300px-1.png\",\"width\":300,\"height\":100,\"caption\":\"All cars news\"},\"image\":{\"@id\":\"https:\/\/all-car-news.com\/es\/#\/schema\/logo\/image\/\"}}]}<\/script>\n<!-- \/ Yoast SEO plugin. -->","yoast_head_json":{"title":"Elon Musk se muestra ap\u00e1tico ante Holanda, pero \u00bfpor qu\u00e9? - All cars news","robots":{"index":"index","follow":"follow","max-snippet":"max-snippet:-1","max-image-preview":"max-image-preview:large","max-video-preview":"max-video-preview:-1"},"canonical":"https:\/\/all-car-news.com\/es\/elon-musk-se-muestra-apatico-ante-holanda-pero-por-que\/","og_locale":"es_ES","og_type":"article","og_title":"Elon Musk se muestra ap\u00e1tico ante Holanda, pero \u00bfpor qu\u00e9? - All cars news","og_description":"Cifras de ventas de coches en marzo de 2023 En marzo de 2023 se matricularon 37.452 turismos nuevos en los Pa\u00edses Bajos. En comparaci\u00f3n con marzo de 2022 -con 24.781 coches vendidos-, se trata de un notable aumento de nada menos que el 51,1%, seg\u00fan muestran las cifras oficiales de BOVAG, la Asociaci\u00f3n RAI y RDC. No es realmente inesperado \"No es del todo inesperado este aumento porque [...]","og_url":"https:\/\/all-car-news.com\/es\/elon-musk-se-muestra-apatico-ante-holanda-pero-por-que\/","og_site_name":"All cars news","article_published_time":"2023-04-03T08:54:33+00:00","twitter_card":"summary_large_image","twitter_misc":{"Tiempo de lectura":"2 minutos"},"schema":{"@context":"https:\/\/schema.org","@graph":[{"@type":"Article","@id":"https:\/\/all-car-news.com\/es\/elon-musk-se-muestra-apatico-ante-holanda-pero-por-que\/#article","isPartOf":{"@id":"https:\/\/all-car-news.com\/es\/elon-musk-se-muestra-apatico-ante-holanda-pero-por-que\/"},"author":{"name":"","@id":""},"headline":"Elon Musk se muestra ap\u00e1tico ante Holanda, pero \u00bfpor qu\u00e9?","datePublished":"2023-04-03T08:54:33+00:00","dateModified":"2023-04-03T08:54:33+00:00","mainEntityOfPage":{"@id":"https:\/\/all-car-news.com\/es\/elon-musk-se-muestra-apatico-ante-holanda-pero-por-que\/"},"wordCount":349,"publisher":{"@id":"https:\/\/all-car-news.com\/es\/#organization"},"articleSection":["noticias de autos"],"inLanguage":"es"},{"@type":"WebPage","@id":"https:\/\/all-car-news.com\/es\/elon-musk-se-muestra-apatico-ante-holanda-pero-por-que\/","url":"https:\/\/all-car-news.com\/es\/elon-musk-se-muestra-apatico-ante-holanda-pero-por-que\/","name":"Elon Musk se muestra ap\u00e1tico ante Holanda, pero \u00bfpor qu\u00e9? - All cars news","isPartOf":{"@id":"https:\/\/all-car-news.com\/es\/#website"},"datePublished":"2023-04-03T08:54:33+00:00","dateModified":"2023-04-03T08:54:33+00:00","breadcrumb":{"@id":"https:\/\/all-car-news.com\/es\/elon-musk-se-muestra-apatico-ante-holanda-pero-por-que\/#breadcrumb"},"inLanguage":"es","potentialAction":[{"@type":"ReadAction","target":["https:\/\/all-car-news.com\/es\/elon-musk-se-muestra-apatico-ante-holanda-pero-por-que\/"]}]},{"@type":"BreadcrumbList","@id":"https:\/\/all-car-news.com\/es\/elon-musk-se-muestra-apatico-ante-holanda-pero-por-que\/#breadcrumb","itemListElement":[{"@type":"ListItem","position":1,"name":"Home","item":"https:\/\/all-car-news.com\/es\/"},{"@type":"ListItem","position":2,"name":"Elon Musk se muestra ap\u00e1tico ante Holanda, pero \u00bfpor qu\u00e9?"}]},{"@type":"WebSite","@id":"https:\/\/all-car-news.com\/es\/#website","url":"https:\/\/all-car-news.com\/es\/","name":"All cars news","description":"","publisher":{"@id":"https:\/\/all-car-news.com\/es\/#organization"},"potentialAction":[{"@type":"SearchAction","target":{"@type":"EntryPoint","urlTemplate":"https:\/\/all-car-news.com\/es\/?s={search_term_string}"},"query-input":"required name=search_term_string"}],"inLanguage":"es"},{"@type":"Organization","@id":"https:\/\/all-car-news.com\/es\/#organization","name":"All cars news","url":"https:\/\/all-car-news.com\/es\/","logo":{"@type":"ImageObject","inLanguage":"es","@id":"https:\/\/all-car-news.com\/es\/#\/schema\/logo\/image\/","url":"https:\/\/all-car-news.com\/wp-content\/uploads\/2022\/02\/CMYK-AllCarNews_LANDSCAPE_300px-1.png","contentUrl":"https:\/\/all-car-news.com\/wp-content\/uploads\/2022\/02\/CMYK-AllCarNews_LANDSCAPE_300px-1.png","width":300,"height":100,"caption":"All cars news"},"image":{"@id":"https:\/\/all-car-news.com\/es\/#\/schema\/logo\/image\/"}}]}},"_links":{"self":[{"href":"https:\/\/all-car-news.com\/es\/wp-json\/wp\/v2\/posts\/133982","targetHints":{"allow":["GET"]}}],"collection":[{"href":"https:\/\/all-car-news.com\/es\/wp-json\/wp\/v2\/posts"}],"about":[{"href":"https:\/\/all-car-news.com\/es\/wp-json\/wp\/v2\/types\/post"}],"replies":[{"embeddable":true,"href":"https:\/\/all-car-news.com\/es\/wp-json\/wp\/v2\/comments?post=133982"}],"version-history":[{"count":0,"href":"https:\/\/all-car-news.com\/es\/wp-json\/wp\/v2\/posts\/133982\/revisions"}],"wp:featuredmedia":[{"embeddable":true,"href":"https:\/\/all-car-news.com\/es\/wp-json\/wp\/v2\/media\/133952"}],"wp:attachment":[{"href":"https:\/\/all-car-news.com\/es\/wp-json\/wp\/v2\/media?parent=133982"}],"wp:term":[{"taxonomy":"category","embeddable":true,"href":"https:\/\/all-car-news.com\/es\/wp-json\/wp\/v2\/categories?post=133982"},{"taxonomy":"post_tag","embeddable":true,"href":"https:\/\/all-car-news.com\/es\/wp-json\/wp\/v2\/tags?post=133982"}],"curies":[{"name":"wp","href":"https:\/\/api.w.org\/{rel}","templated":true}]}}