{"id":133742,"date":"2023-03-29T09:01:00","date_gmt":"2023-03-29T09:01:00","guid":{"rendered":"https:\/\/all-car-news.com\/118-coleccionista-este-austriaco-posee-cientos-de-coches\/"},"modified":"2023-03-29T09:01:00","modified_gmt":"2023-03-29T09:01:00","slug":"118-coleccionista-este-austriaco-posee-cientos-de-coches","status":"publish","type":"post","link":"https:\/\/all-car-news.com\/es\/118-coleccionista-este-austriaco-posee-cientos-de-coches\/","title":{"rendered":"118.Coleccionista: este austriaco posee cientos de coches"},"content":{"rendered":"<h2>\u00bfMillones de euros, o simplemente no?<\/h2>\n<p>Un Nissan Skyline R34, un Lamborghini Aventador SVJ, un Porsche 911 GT2 RS, un Ferrari 812 Superfast Novitec N-Largo, un Bugatti Chiron Super Sport, un Porsche 911 GT3 y tambi\u00e9n varios Nissan GT-R, 118.Collector tiene una colecci\u00f3n para hacerte la boca agua. \u00bfQu\u00e9 no cuesta todo eso? Unos cientos de euros. \u00bfOtra vez? S\u00ed, has le\u00eddo bien. De hecho, los coches de este coleccionista son todos a escala 1 en 18.<\/p>\n<h2>Sin dedos grasientos<\/h2>\n<p>T\u00edpico para <a href=\"https:\/\/www.instagram.com\/118.collector\/\" target=\"_blank\" rel=\"noreferrer noopener\"><br \/>\n  <strong>118.Colector<\/strong><br \/>\n<\/a>? Un garaje superelegante con suelo de aspecto marm\u00f3reo y los infaltables guantes negros, porque dejarse los dedos grasientos en todos los coches exclusivos es, por supuesto, un pecado mortal. El Instagrammer consigue retratar los coches de forma perfecta en las redes sociales, haciendo que como espectador sientas que es igual que el de verdad.<\/p>\n<figure class=\"wp-block-image size-content\"><img decoding=\"async\" loading=\"lazy\" width=\"1140\" height=\"713\" src=\"https:\/\/autorai.nl\/wp-content\/uploads\/2023\/04\/118-collector-artikel-foto7-1140x713.jpg\" alt=\"118.Cobrador\" class=\"wp-image-154893\"><\/figure>\n<h2>Taller<\/h2>\n<p>A veces los modelos a escala posan al aire libre, pero a\u00fan m\u00e1s a menudo los coches se encuentran en el taller de 118.Collector, donde incluso todas las herramientas est\u00e1n hechas a escala. \u00bfReparar una llanta en un Mercedes-Maybach Clase S? Por supuesto, tiene una soluci\u00f3n: un minisistema de cambio de neum\u00e1ticos.<\/p>\n<blockquote class=\"instagram-media\" data-instgrm-captioned=\"\" data-instgrm-permalink=\"https:\/\/www.instagram.com\/reel\/CqLaq84oq5-\/?utm_source=ig_embed&amp;utm_campaign=loading\" data-instgrm-version=\"14\" style=\"background:#FFF;border:0;border-radius:3px;margin: 1px;max-width:540px;min-width:326px;padding:0;width:99.375%;width:-webkit-calc(100% - 2px);width:calc(100% - 2px)\">\n<div style=\"padding:16px\"> <a href=\"https:\/\/www.instagram.com\/reel\/CqLaq84oq5-\/?utm_source=ig_embed&amp;utm_campaign=loading\" style=\"background:#FFFFFF;line-height:0;padding:0 0;text-align:center;text-decoration:none;width:100%\" target=\"_blank\" rel=\"noopener\"> <\/p>\n<div style=\"flex-direction: row;align-items: center\">\n<div style=\"background-color: #F4F4F4;border-radius: 50%;flex-grow: 0;height: 40px;margin-right: 14px;width: 40px\"><\/div>\n<div style=\"flex-direction: column;flex-grow: 1;justify-content: center\">\n<div style=\"background-color: #F4F4F4;border-radius: 4px;flex-grow: 0;height: 14px;margin-bottom: 6px;width: 100px\"><\/div>\n<div style=\"background-color: #F4F4F4;border-radius: 4px;flex-grow: 0;height: 14px;width: 60px\"><\/div>\n<\/div>\n<\/div>\n<div style=\"padding: 19% 0\"><\/div>\n<div style=\"height:50px;margin:0 auto 12px;width:50px\"><\/div>\n<div style=\"padding-top: 8px\">\n<div style=\"color:#3897f0;font-family:Arial,sans-serif;font-size:14px;font-style:normal;font-weight:550;line-height:18px\">Ver esta publicaci\u00f3n en Instagram<\/div>\n<\/div>\n<div style=\"padding: 12.5% 0\"><\/div>\n<div style=\"flex-direction: row;margin-bottom: 14px;align-items: center\">\n<div>\n<div style=\"background-color: #F4F4F4;border-radius: 50%;height: 12.5px;width: 12.5px\"><\/div>\n<div style=\"background-color: #F4F4F4;height: 12.5px;width: 12.5px;flex-grow: 0;margin-right: 14px;margin-left: 2px\"><\/div>\n<div style=\"background-color: #F4F4F4;border-radius: 50%;height: 12.5px;width: 12.5px\"><\/div>\n<\/div>\n<div style=\"margin-left: 8px\">\n<div style=\"background-color: #F4F4F4;border-radius: 50%;flex-grow: 0;height: 20px;width: 20px\"><\/div>\n<div style=\"width: 0;height: 0;border-top: 2px solid transparent;border-left: 6px solid #f4f4f4;border-bottom: 2px solid transparent\"><\/div>\n<\/div>\n<div style=\"margin-left: auto\">\n<div style=\"width: 0px;border-top: 8px solid #F4F4F4;border-right: 8px solid transparent\"><\/div>\n<div style=\"background-color: #F4F4F4;flex-grow: 0;height: 12px;width: 16px\"><\/div>\n<div style=\"width: 0;height: 0;border-top: 8px solid #F4F4F4;border-left: 8px solid transparent\"><\/div>\n<\/div>\n<\/div>\n<div style=\"flex-direction: column;flex-grow: 1;justify-content: center;margin-bottom: 24px\">\n<div style=\"background-color: #F4F4F4;border-radius: 4px;flex-grow: 0;height: 14px;margin-bottom: 6px;width: 224px\"><\/div>\n<div style=\"background-color: #F4F4F4;border-radius: 4px;flex-grow: 0;height: 14px;width: 144px\"><\/div>\n<\/div>\n<p><\/a><\/p>\n<p style=\"color:#c9c8cd;font-family:Arial,sans-serif;font-size:14px;line-height:17px;margin-bottom:0;margin-top:8px;overflow:hidden;padding:8px 0 7px;text-align:center\"><a href=\"https:\/\/www.instagram.com\/reel\/CqLaq84oq5-\/?utm_source=ig_embed&amp;utm_campaign=loading\" style=\"color:#c9c8cd;font-family:Arial,sans-serif;font-size:14px;font-style:normal;font-weight:normal;line-height:17px;text-decoration:none\" target=\"_blank\" rel=\"noopener\">Una publicaci\u00f3n compartida por 118.COLLECTOR\u00a9 (@118.collector)<\/a><\/p>\n<\/div>\n<\/blockquote>\n<h2>Austria<\/h2>\n<p>Qui\u00e9n es la persona que est\u00e1 detr\u00e1s de 118.Collector sigue siendo un secreto. El propietario austriaco de toda esta belleza prefiere permanecer en un segundo plano y dejar que sus coches hagan el trabajo. Al fin y al cabo, todo el mundo puede verlos. Nos pusimos en contacto con 118.Collector, por supuesto, pero \u00e9l prefiere que sean los coches los que hablen. En cualquier caso, merece la pena ver esta extensa colecci\u00f3n de coches. Adem\u00e1s, es un cambio agradable de las cosas reales que pasan a diario en las redes sociales. Esto es lo que se llama un \u00e1ngulo original. La audiencia va en aumento, ya que en el momento de escribir estas l\u00edneas el entusiasta de las miniaturas cuenta ya con m\u00e1s de 130.000 seguidores en Instagram.<\/p>\n<p><span style=\"text-decoration: underline\"><br \/>\n  <strong>Gracias a <a href=\"https:\/\/www.instagram.com\/118.collector\/\" target=\"_blank\" rel=\"noreferrer noopener\">118.Collector<\/a> por las fotos<\/strong><br \/>\n<\/span>\u00a1!<\/p>\n<div class=\"galery shuffle galery-0\">\n<figure>\n\t\t\t\t\t<span style=\"cursor: pointer\" data-src=\"https:\/\/autorai.nl\/wp-content\/uploads\/2023\/04\/118-collector-artikel-foto6-1600x1000.jpg\" data-fancybox=\"galery-0\" title=\"\"><br \/>\n\t\t\t\t\t\t\t<img decoding=\"async\" width=\"640\" height=\"480\" src=\"https:\/\/autorai.nl\/wp-content\/uploads\/2023\/04\/118-collector-artikel-foto6-640x480.jpg\" class=\"attachment-medium size-medium\" alt=\"\" loading=\"lazy\"><i class=\"fa fa-search-plus\" aria-hidden=\"true\"><\/i><br \/>\n\t\t\t\t\t\t<\/span><br \/>\n\t\t\t\t\t<\/figure>\n<figure>\n\t\t\t\t\t<span style=\"cursor: pointer\" data-src=\"https:\/\/autorai.nl\/wp-content\/uploads\/2023\/04\/118-collector-artikel-foto3-1600x1000.jpg\" data-fancybox=\"galery-0\" title=\"\"><br \/>\n\t\t\t\t\t\t\t<img decoding=\"async\" width=\"360\" height=\"270\" src=\"https:\/\/autorai.nl\/wp-content\/uploads\/2023\/04\/118-collector-artikel-foto3-360x270.jpg\" class=\"attachment-small size-small\" alt=\"\" loading=\"lazy\"><i class=\"fa fa-search-plus\" aria-hidden=\"true\"><\/i><br \/>\n\t\t\t\t\t\t<\/span><br \/>\n\t\t\t\t\t<\/figure>\n<figure>\n\t\t\t\t\t<span style=\"cursor: pointer\" data-src=\"https:\/\/autorai.nl\/wp-content\/uploads\/2023\/04\/118-collector-artikel-foto5-1600x1000.jpg\" data-fancybox=\"galery-0\" title=\"\"><br \/>\n\t\t\t\t\t\t\t<img decoding=\"async\" width=\"360\" height=\"270\" src=\"https:\/\/autorai.nl\/wp-content\/uploads\/2023\/04\/118-collector-artikel-foto5-360x270.jpg\" class=\"attachment-small size-small\" alt=\"\" loading=\"lazy\"><i class=\"fa fa-search-plus\" aria-hidden=\"true\"><\/i><br \/>\n\t\t\t\t\t\t<\/span><br \/>\n\t\t\t\t\t<\/figure>\n<figure>\n\t\t\t\t\t<span style=\"cursor: pointer\" data-src=\"https:\/\/autorai.nl\/wp-content\/uploads\/2023\/04\/118-collector-artikel-foto1-1600x1000.jpg\" data-fancybox=\"galery-0\" title=\"\"><br \/>\n\t\t\t\t\t\t\t<img decoding=\"async\" width=\"640\" height=\"480\" src=\"https:\/\/autorai.nl\/wp-content\/uploads\/2023\/04\/118-collector-artikel-foto1-640x480.jpg\" class=\"attachment-medium size-medium\" alt=\"\" loading=\"lazy\"><i class=\"fa fa-search-plus\" aria-hidden=\"true\"><\/i><br \/>\n\t\t\t\t\t\t<\/span><br \/>\n\t\t\t\t\t<\/figure>\n<figure>\n\t\t\t\t\t<span style=\"cursor: pointer\" data-src=\"https:\/\/autorai.nl\/wp-content\/uploads\/2023\/04\/118-collector-artikel-foto4-1600x1000.jpg\" data-fancybox=\"galery-0\" title=\"\"><br \/>\n\t\t\t\t\t\t\t<img decoding=\"async\" width=\"360\" height=\"270\" src=\"https:\/\/autorai.nl\/wp-content\/uploads\/2023\/04\/118-collector-artikel-foto4-360x270.jpg\" class=\"attachment-small size-small\" alt=\"\" loading=\"lazy\"><i class=\"fa fa-search-plus\" aria-hidden=\"true\"><\/i><br \/>\n\t\t\t\t\t\t<\/span><br \/>\n\t\t\t\t\t<\/figure>\n<figure>\n\t\t\t\t\t<span style=\"cursor: pointer\" data-src=\"https:\/\/autorai.nl\/wp-content\/uploads\/2023\/04\/118-collector-artikel-foto2-1600x1000.jpg\" data-fancybox=\"galery-0\" title=\"\"><br \/>\n\t\t\t\t\t\t\t<img decoding=\"async\" width=\"360\" height=\"270\" src=\"https:\/\/autorai.nl\/wp-content\/uploads\/2023\/04\/118-collector-artikel-foto2-360x270.jpg\" class=\"attachment-small size-small\" alt=\"118.Collector - Bugatti\" loading=\"lazy\"><i class=\"fa fa-search-plus\" aria-hidden=\"true\"><\/i><br \/>\n\t\t\t\t\t\t<\/span><br \/>\n\t\t\t\t\t<\/figure>\n<div class=\"clear\"><\/div>\n<\/div>\n<blockquote class=\"instagram-media\" data-instgrm-captioned=\"\" data-instgrm-permalink=\"https:\/\/www.instagram.com\/reel\/CpTM3SAo0Zl\/?utm_source=ig_embed&amp;utm_campaign=loading\" data-instgrm-version=\"14\" style=\"background:#FFF;border:0;border-radius:3px;margin: 1px;max-width:540px;min-width:326px;padding:0;width:99.375%;width:-webkit-calc(100% - 2px);width:calc(100% - 2px)\">\n<div style=\"padding:16px\"> <a href=\"https:\/\/www.instagram.com\/reel\/CpTM3SAo0Zl\/?utm_source=ig_embed&amp;utm_campaign=loading\" style=\"background:#FFFFFF;line-height:0;padding:0 0;text-align:center;text-decoration:none;width:100%\" target=\"_blank\" rel=\"noopener\"> <\/p>\n<div style=\"flex-direction: row;align-items: center\">\n<div style=\"background-color: #F4F4F4;border-radius: 50%;flex-grow: 0;height: 40px;margin-right: 14px;width: 40px\"><\/div>\n<div style=\"flex-direction: column;flex-grow: 1;justify-content: center\">\n<div style=\"background-color: #F4F4F4;border-radius: 4px;flex-grow: 0;height: 14px;margin-bottom: 6px;width: 100px\"><\/div>\n<div style=\"background-color: #F4F4F4;border-radius: 4px;flex-grow: 0;height: 14px;width: 60px\"><\/div>\n<\/div>\n<\/div>\n<div style=\"padding: 19% 0\"><\/div>\n<div style=\"height:50px;margin:0 auto 12px;width:50px\"><\/div>\n<div style=\"padding-top: 8px\">\n<div style=\"color:#3897f0;font-family:Arial,sans-serif;font-size:14px;font-style:normal;font-weight:550;line-height:18px\">Ver esta publicaci\u00f3n en Instagram<\/div>\n<\/div>\n<div style=\"padding: 12.5% 0\"><\/div>\n<div style=\"flex-direction: row;margin-bottom: 14px;align-items: center\">\n<div>\n<div style=\"background-color: #F4F4F4;border-radius: 50%;height: 12.5px;width: 12.5px\"><\/div>\n<div style=\"background-color: #F4F4F4;height: 12.5px;width: 12.5px;flex-grow: 0;margin-right: 14px;margin-left: 2px\"><\/div>\n<div style=\"background-color: #F4F4F4;border-radius: 50%;height: 12.5px;width: 12.5px\"><\/div>\n<\/div>\n<div style=\"margin-left: 8px\">\n<div style=\"background-color: #F4F4F4;border-radius: 50%;flex-grow: 0;height: 20px;width: 20px\"><\/div>\n<div style=\"width: 0;height: 0;border-top: 2px solid transparent;border-left: 6px solid #f4f4f4;border-bottom: 2px solid transparent\"><\/div>\n<\/div>\n<div style=\"margin-left: auto\">\n<div style=\"width: 0px;border-top: 8px solid #F4F4F4;border-right: 8px solid transparent\"><\/div>\n<div style=\"background-color: #F4F4F4;flex-grow: 0;height: 12px;width: 16px\"><\/div>\n<div style=\"width: 0;height: 0;border-top: 8px solid #F4F4F4;border-left: 8px solid transparent\"><\/div>\n<\/div>\n<\/div>\n<div style=\"flex-direction: column;flex-grow: 1;justify-content: center;margin-bottom: 24px\">\n<div style=\"background-color: #F4F4F4;border-radius: 4px;flex-grow: 0;height: 14px;margin-bottom: 6px;width: 224px\"><\/div>\n<div style=\"background-color: #F4F4F4;border-radius: 4px;flex-grow: 0;height: 14px;width: 144px\"><\/div>\n<\/div>\n<p><\/a><\/p>\n<p style=\"color:#c9c8cd;font-family:Arial,sans-serif;font-size:14px;line-height:17px;margin-bottom:0;margin-top:8px;overflow:hidden;padding:8px 0 7px;text-align:center\"><a href=\"https:\/\/www.instagram.com\/reel\/CpTM3SAo0Zl\/?utm_source=ig_embed&amp;utm_campaign=loading\" style=\"color:#c9c8cd;font-family:Arial,sans-serif;font-size:14px;font-style:normal;font-weight:normal;line-height:17px;text-decoration:none\" target=\"_blank\" rel=\"noopener\">Una publicaci\u00f3n compartida por 118.COLLECTOR\u00a9 (@118.collector)<\/a><\/p>\n<\/div>\n<\/blockquote>\n","protected":false},"excerpt":{"rendered":"\u00bfMillones de euros, o simplemente no? Un Nissan Skyline R34, un Lamborghini Aventador SVJ, un Porsche 911 GT2 RS, un&hellip;","protected":false},"author":0,"featured_media":133708,"comment_status":"","ping_status":"open","sticky":false,"template":"","format":"standard","meta":{"footnotes":""},"categories":[178,129,126],"tags":[],"class_list":["post-133742","post","type-post","status-publish","format-standard","has-post-thumbnail","hentry","category-diversion","category-fondo","category-noticias-de-autos"],"acf":[],"yoast_head":"<!-- This site is optimized with the Yoast SEO plugin v21.2 - https:\/\/yoast.com\/wordpress\/plugins\/seo\/ -->\n<title>118.Coleccionista: este austriaco posee cientos de coches - All cars news<\/title>\n<meta name=\"robots\" content=\"index, follow, max-snippet:-1, max-image-preview:large, max-video-preview:-1\" \/>\n<link rel=\"canonical\" href=\"https:\/\/all-car-news.com\/es\/118-coleccionista-este-austriaco-posee-cientos-de-coches\/\" \/>\n<meta property=\"og:locale\" content=\"es_ES\" \/>\n<meta property=\"og:type\" content=\"article\" \/>\n<meta property=\"og:title\" content=\"118.Coleccionista: este austriaco posee cientos de coches - All cars news\" \/>\n<meta property=\"og:description\" content=\"\u00bfMillones de euros, o simplemente no? Un Nissan Skyline R34, un Lamborghini Aventador SVJ, un Porsche 911 GT2 RS, un Ferrari 812 Superfast Novitec N-Largo, un Bugatti Chiron Super Sport, un Porsche 911 GT3 y tambi\u00e9n varios Nissan GT-R, 118.Collector tiene una colecci\u00f3n para hacerte la boca agua. \u00bfQu\u00e9 no cuesta todo eso? Unos cientos de euros. \u00bfOtra vez? S\u00ed, ha le\u00eddo [...]\" \/>\n<meta property=\"og:url\" content=\"https:\/\/all-car-news.com\/es\/118-coleccionista-este-austriaco-posee-cientos-de-coches\/\" \/>\n<meta property=\"og:site_name\" content=\"All cars news\" \/>\n<meta property=\"article:published_time\" content=\"2023-03-29T09:01:00+00:00\" \/>\n<meta property=\"og:image\" content=\"https:\/\/autorai.nl\/wp-content\/uploads\/2023\/04\/118-collector-artikel-foto7-1140x713.jpg\" \/>\n<meta name=\"twitter:card\" content=\"summary_large_image\" \/>\n<meta name=\"twitter:label1\" content=\"Tiempo de lectura\" \/>\n\t<meta name=\"twitter:data1\" content=\"2 minutos\" \/>\n<script type=\"application\/ld+json\" class=\"yoast-schema-graph\">{\"@context\":\"https:\/\/schema.org\",\"@graph\":[{\"@type\":\"Article\",\"@id\":\"https:\/\/all-car-news.com\/es\/118-coleccionista-este-austriaco-posee-cientos-de-coches\/#article\",\"isPartOf\":{\"@id\":\"https:\/\/all-car-news.com\/es\/118-coleccionista-este-austriaco-posee-cientos-de-coches\/\"},\"author\":{\"name\":\"\",\"@id\":\"\"},\"headline\":\"118.Coleccionista: este austriaco posee cientos de coches\",\"datePublished\":\"2023-03-29T09:01:00+00:00\",\"dateModified\":\"2023-03-29T09:01:00+00:00\",\"mainEntityOfPage\":{\"@id\":\"https:\/\/all-car-news.com\/es\/118-coleccionista-este-austriaco-posee-cientos-de-coches\/\"},\"wordCount\":368,\"publisher\":{\"@id\":\"https:\/\/all-car-news.com\/es\/#organization\"},\"articleSection\":[\"Diversi\u00f3n\",\"Fondo\",\"noticias de autos\"],\"inLanguage\":\"es\"},{\"@type\":\"WebPage\",\"@id\":\"https:\/\/all-car-news.com\/es\/118-coleccionista-este-austriaco-posee-cientos-de-coches\/\",\"url\":\"https:\/\/all-car-news.com\/es\/118-coleccionista-este-austriaco-posee-cientos-de-coches\/\",\"name\":\"118.Coleccionista: este austriaco posee cientos de coches - All cars news\",\"isPartOf\":{\"@id\":\"https:\/\/all-car-news.com\/es\/#website\"},\"datePublished\":\"2023-03-29T09:01:00+00:00\",\"dateModified\":\"2023-03-29T09:01:00+00:00\",\"breadcrumb\":{\"@id\":\"https:\/\/all-car-news.com\/es\/118-coleccionista-este-austriaco-posee-cientos-de-coches\/#breadcrumb\"},\"inLanguage\":\"es\",\"potentialAction\":[{\"@type\":\"ReadAction\",\"target\":[\"https:\/\/all-car-news.com\/es\/118-coleccionista-este-austriaco-posee-cientos-de-coches\/\"]}]},{\"@type\":\"BreadcrumbList\",\"@id\":\"https:\/\/all-car-news.com\/es\/118-coleccionista-este-austriaco-posee-cientos-de-coches\/#breadcrumb\",\"itemListElement\":[{\"@type\":\"ListItem\",\"position\":1,\"name\":\"Home\",\"item\":\"https:\/\/all-car-news.com\/es\/\"},{\"@type\":\"ListItem\",\"position\":2,\"name\":\"118.Coleccionista: este austriaco posee cientos de coches\"}]},{\"@type\":\"WebSite\",\"@id\":\"https:\/\/all-car-news.com\/es\/#website\",\"url\":\"https:\/\/all-car-news.com\/es\/\",\"name\":\"All cars news\",\"description\":\"\",\"publisher\":{\"@id\":\"https:\/\/all-car-news.com\/es\/#organization\"},\"potentialAction\":[{\"@type\":\"SearchAction\",\"target\":{\"@type\":\"EntryPoint\",\"urlTemplate\":\"https:\/\/all-car-news.com\/es\/?s={search_term_string}\"},\"query-input\":\"required name=search_term_string\"}],\"inLanguage\":\"es\"},{\"@type\":\"Organization\",\"@id\":\"https:\/\/all-car-news.com\/es\/#organization\",\"name\":\"All cars news\",\"url\":\"https:\/\/all-car-news.com\/es\/\",\"logo\":{\"@type\":\"ImageObject\",\"inLanguage\":\"es\",\"@id\":\"https:\/\/all-car-news.com\/es\/#\/schema\/logo\/image\/\",\"url\":\"https:\/\/all-car-news.com\/wp-content\/uploads\/2022\/02\/CMYK-AllCarNews_LANDSCAPE_300px-1.png\",\"contentUrl\":\"https:\/\/all-car-news.com\/wp-content\/uploads\/2022\/02\/CMYK-AllCarNews_LANDSCAPE_300px-1.png\",\"width\":300,\"height\":100,\"caption\":\"All cars news\"},\"image\":{\"@id\":\"https:\/\/all-car-news.com\/es\/#\/schema\/logo\/image\/\"}}]}<\/script>\n<!-- \/ Yoast SEO plugin. -->","yoast_head_json":{"title":"118.Coleccionista: este austriaco posee cientos de coches - All cars news","robots":{"index":"index","follow":"follow","max-snippet":"max-snippet:-1","max-image-preview":"max-image-preview:large","max-video-preview":"max-video-preview:-1"},"canonical":"https:\/\/all-car-news.com\/es\/118-coleccionista-este-austriaco-posee-cientos-de-coches\/","og_locale":"es_ES","og_type":"article","og_title":"118.Coleccionista: este austriaco posee cientos de coches - All cars news","og_description":"\u00bfMillones de euros, o simplemente no? Un Nissan Skyline R34, un Lamborghini Aventador SVJ, un Porsche 911 GT2 RS, un Ferrari 812 Superfast Novitec N-Largo, un Bugatti Chiron Super Sport, un Porsche 911 GT3 y tambi\u00e9n varios Nissan GT-R, 118.Collector tiene una colecci\u00f3n para hacerte la boca agua. \u00bfQu\u00e9 no cuesta todo eso? Unos cientos de euros. \u00bfOtra vez? S\u00ed, ha le\u00eddo [...]","og_url":"https:\/\/all-car-news.com\/es\/118-coleccionista-este-austriaco-posee-cientos-de-coches\/","og_site_name":"All cars news","article_published_time":"2023-03-29T09:01:00+00:00","og_image":[{"url":"https:\/\/autorai.nl\/wp-content\/uploads\/2023\/04\/118-collector-artikel-foto7-1140x713.jpg"}],"twitter_card":"summary_large_image","twitter_misc":{"Tiempo de lectura":"2 minutos"},"schema":{"@context":"https:\/\/schema.org","@graph":[{"@type":"Article","@id":"https:\/\/all-car-news.com\/es\/118-coleccionista-este-austriaco-posee-cientos-de-coches\/#article","isPartOf":{"@id":"https:\/\/all-car-news.com\/es\/118-coleccionista-este-austriaco-posee-cientos-de-coches\/"},"author":{"name":"","@id":""},"headline":"118.Coleccionista: este austriaco posee cientos de coches","datePublished":"2023-03-29T09:01:00+00:00","dateModified":"2023-03-29T09:01:00+00:00","mainEntityOfPage":{"@id":"https:\/\/all-car-news.com\/es\/118-coleccionista-este-austriaco-posee-cientos-de-coches\/"},"wordCount":368,"publisher":{"@id":"https:\/\/all-car-news.com\/es\/#organization"},"articleSection":["Diversi\u00f3n","Fondo","noticias de autos"],"inLanguage":"es"},{"@type":"WebPage","@id":"https:\/\/all-car-news.com\/es\/118-coleccionista-este-austriaco-posee-cientos-de-coches\/","url":"https:\/\/all-car-news.com\/es\/118-coleccionista-este-austriaco-posee-cientos-de-coches\/","name":"118.Coleccionista: este austriaco posee cientos de coches - All cars news","isPartOf":{"@id":"https:\/\/all-car-news.com\/es\/#website"},"datePublished":"2023-03-29T09:01:00+00:00","dateModified":"2023-03-29T09:01:00+00:00","breadcrumb":{"@id":"https:\/\/all-car-news.com\/es\/118-coleccionista-este-austriaco-posee-cientos-de-coches\/#breadcrumb"},"inLanguage":"es","potentialAction":[{"@type":"ReadAction","target":["https:\/\/all-car-news.com\/es\/118-coleccionista-este-austriaco-posee-cientos-de-coches\/"]}]},{"@type":"BreadcrumbList","@id":"https:\/\/all-car-news.com\/es\/118-coleccionista-este-austriaco-posee-cientos-de-coches\/#breadcrumb","itemListElement":[{"@type":"ListItem","position":1,"name":"Home","item":"https:\/\/all-car-news.com\/es\/"},{"@type":"ListItem","position":2,"name":"118.Coleccionista: este austriaco posee cientos de coches"}]},{"@type":"WebSite","@id":"https:\/\/all-car-news.com\/es\/#website","url":"https:\/\/all-car-news.com\/es\/","name":"All cars news","description":"","publisher":{"@id":"https:\/\/all-car-news.com\/es\/#organization"},"potentialAction":[{"@type":"SearchAction","target":{"@type":"EntryPoint","urlTemplate":"https:\/\/all-car-news.com\/es\/?s={search_term_string}"},"query-input":"required name=search_term_string"}],"inLanguage":"es"},{"@type":"Organization","@id":"https:\/\/all-car-news.com\/es\/#organization","name":"All cars news","url":"https:\/\/all-car-news.com\/es\/","logo":{"@type":"ImageObject","inLanguage":"es","@id":"https:\/\/all-car-news.com\/es\/#\/schema\/logo\/image\/","url":"https:\/\/all-car-news.com\/wp-content\/uploads\/2022\/02\/CMYK-AllCarNews_LANDSCAPE_300px-1.png","contentUrl":"https:\/\/all-car-news.com\/wp-content\/uploads\/2022\/02\/CMYK-AllCarNews_LANDSCAPE_300px-1.png","width":300,"height":100,"caption":"All cars news"},"image":{"@id":"https:\/\/all-car-news.com\/es\/#\/schema\/logo\/image\/"}}]}},"_links":{"self":[{"href":"https:\/\/all-car-news.com\/es\/wp-json\/wp\/v2\/posts\/133742","targetHints":{"allow":["GET"]}}],"collection":[{"href":"https:\/\/all-car-news.com\/es\/wp-json\/wp\/v2\/posts"}],"about":[{"href":"https:\/\/all-car-news.com\/es\/wp-json\/wp\/v2\/types\/post"}],"replies":[{"embeddable":true,"href":"https:\/\/all-car-news.com\/es\/wp-json\/wp\/v2\/comments?post=133742"}],"version-history":[{"count":0,"href":"https:\/\/all-car-news.com\/es\/wp-json\/wp\/v2\/posts\/133742\/revisions"}],"wp:featuredmedia":[{"embeddable":true,"href":"https:\/\/all-car-news.com\/es\/wp-json\/wp\/v2\/media\/133708"}],"wp:attachment":[{"href":"https:\/\/all-car-news.com\/es\/wp-json\/wp\/v2\/media?parent=133742"}],"wp:term":[{"taxonomy":"category","embeddable":true,"href":"https:\/\/all-car-news.com\/es\/wp-json\/wp\/v2\/categories?post=133742"},{"taxonomy":"post_tag","embeddable":true,"href":"https:\/\/all-car-news.com\/es\/wp-json\/wp\/v2\/tags?post=133742"}],"curies":[{"name":"wp","href":"https:\/\/api.w.org\/{rel}","templated":true}]}}