{"id":132852,"date":"2023-03-11T08:36:00","date_gmt":"2023-03-11T08:36:00","guid":{"rendered":"https:\/\/all-car-news.com\/todo-lo-que-necesitas-saber-sobre-el-bmw-m1\/"},"modified":"2023-03-11T08:36:00","modified_gmt":"2023-03-11T08:36:00","slug":"todo-lo-que-necesitas-saber-sobre-el-bmw-m1","status":"publish","type":"post","link":"https:\/\/all-car-news.com\/es\/todo-lo-que-necesitas-saber-sobre-el-bmw-m1\/","title":{"rendered":"Todo lo que necesitas saber sobre el BMW M1"},"content":{"rendered":"<h2>\u00bfQu\u00e9 hace que el BMW M1 sea tan especial?<\/h2>\n<p>El BMW M1 es un deportivo legendario muy admirado por los entusiastas del autom\u00f3vil de todo el mundo. Lo que hace que este coche sea realmente especial es el hecho de que se trata del \u00fanico BMW fabricado en serie y homologado para la calle con motor central. Esto significa que el motor de seis cilindros est\u00e1 situado detr\u00e1s del conductor, en lugar de delante como en todos los dem\u00e1s BMW. Esta disposici\u00f3n optimiza la distribuci\u00f3n del peso del coche y hace que el manejo sea muy sensible. Adem\u00e1s, el potente motor garantiza unas prestaciones impresionantes, que hicieron del M1 uno de los coches m\u00e1s r\u00e1pidos de su \u00e9poca. No en vano, el BMW M1 sigue siendo un icono en el mundo del autom\u00f3vil.<\/p>\n<figure class=\"wp-block-image size-content\"><img decoding=\"async\" loading=\"lazy\" width=\"1140\" height=\"713\" src=\"https:\/\/autorai.nl\/wp-content\/uploads\/2023\/03\/bmw-m1-alles-wat-je-moet-weten-foto3-1140x713.jpg\" alt=\"BMW M1\" class=\"wp-image-153137\"><\/figure>\n<h2>Especificaciones BMW M1<\/h2>\n<p>El BMW M1 era un deportivo con unas especificaciones impresionantes para su \u00e9poca. En el coraz\u00f3n del M1 hay un motor de seis cilindros en l\u00ednea y 3,5 litros con 277 CV, acoplado a una transmisi\u00f3n manual de cinco velocidades. Esto permite al coche acelerar de 0 a 100 km\/h en s\u00f3lo 5,6 segundos y alcanzar una velocidad m\u00e1xima de 260 km\/h. El coche tambi\u00e9n contaba -para su \u00e9poca- con tecnolog\u00edas avanzadas, como la suspensi\u00f3n independiente y un chasis ligero de fibra de vidrio y aluminio. Adem\u00e1s, la M1 est\u00e1 equipada con unos frenos y neum\u00e1ticos impresionantes, que ofrecen un rendimiento y una manejabilidad excelentes. En resumen, el BMW M1 era y sigue siendo un deportivo excepcional con potentes especificaciones y tecnolog\u00edas avanzadas. Por ello, es un coche muy codiciado entre los coleccionistas.<\/p>\n<figure class=\"wp-block-image size-content\"><img decoding=\"async\" loading=\"lazy\" width=\"1140\" height=\"713\" src=\"https:\/\/autorai.nl\/wp-content\/uploads\/2023\/03\/bmw-m1-alles-wat-je-moet-weten-foto1-1140x713.jpg\" alt=\"BMW M1 Procar\" class=\"wp-image-153156\"><\/figure>\n<h2>Precios extra\u00f1os<\/h2>\n<p>As\u00ed que se podr\u00eda decir que el BMW M1 es un caso de \u00abenvejecido como el buen vino\u00bb. A medida que ha ido envejeciendo, el coche se ha hecho cada vez m\u00e1s apreciado por los aficionados. Tambi\u00e9n lo es el precio, porque por un BMW M1 tendr\u00e1s que pagar al menos 650.000 euros hoy en d\u00eda. El especialista en coches cl\u00e1sicos <a href=\"https:\/\/www.gallery-aaldering.com\/bmw-m1-factory-test-car-1980\/\" target=\"_blank\" rel=\"noreferrer noopener\">Gallery Aaldering<\/a> tiene uno a la venta, si el precio no es un problema.<\/p>\n<div class=\"galery shuffle galery-0\">\n<figure>\n\t\t\t\t\t<span style=\"cursor: pointer\" data-src=\"https:\/\/autorai.nl\/wp-content\/uploads\/2023\/03\/bmw-m1-alles-wat-je-moet-weten-foto20-1600x1000.jpg\" data-fancybox=\"galery-0\" title=\"\"><br \/>\n\t\t\t\t\t\t\t<img decoding=\"async\" width=\"640\" height=\"480\" src=\"https:\/\/autorai.nl\/wp-content\/uploads\/2023\/03\/bmw-m1-alles-wat-je-moet-weten-foto20-640x480.jpg\" class=\"attachment-medium size-medium\" alt=\"\" loading=\"lazy\"><i class=\"fa fa-search-plus\" aria-hidden=\"true\"><\/i><br \/>\n\t\t\t\t\t\t<\/span><br \/>\n\t\t\t\t\t<\/figure>\n<figure>\n\t\t\t\t\t<span style=\"cursor: pointer\" data-src=\"https:\/\/autorai.nl\/wp-content\/uploads\/2023\/03\/bmw-m1-alles-wat-je-moet-weten-foto19-1600x1000.jpg\" data-fancybox=\"galery-0\" title=\"\"><br \/>\n\t\t\t\t\t\t\t<img decoding=\"async\" width=\"360\" height=\"270\" src=\"https:\/\/autorai.nl\/wp-content\/uploads\/2023\/03\/bmw-m1-alles-wat-je-moet-weten-foto19-360x270.jpg\" class=\"attachment-small size-small\" alt=\"\" loading=\"lazy\"><i class=\"fa fa-search-plus\" aria-hidden=\"true\"><\/i><br \/>\n\t\t\t\t\t\t<\/span><br \/>\n\t\t\t\t\t<\/figure>\n<figure>\n\t\t\t\t\t<span style=\"cursor: pointer\" data-src=\"https:\/\/autorai.nl\/wp-content\/uploads\/2023\/03\/bmw-m1-alles-wat-je-moet-weten-foto18-1600x1000.jpg\" data-fancybox=\"galery-0\" title=\"\"><br \/>\n\t\t\t\t\t\t\t<img decoding=\"async\" width=\"360\" height=\"270\" src=\"https:\/\/autorai.nl\/wp-content\/uploads\/2023\/03\/bmw-m1-alles-wat-je-moet-weten-foto18-360x270.jpg\" class=\"attachment-small size-small\" alt=\"\" loading=\"lazy\"><i class=\"fa fa-search-plus\" aria-hidden=\"true\"><\/i><br \/>\n\t\t\t\t\t\t<\/span><br \/>\n\t\t\t\t\t<\/figure>\n<figure>\n\t\t\t\t\t<span style=\"cursor: pointer\" data-src=\"https:\/\/autorai.nl\/wp-content\/uploads\/2023\/03\/bmw-m1-alles-wat-je-moet-weten-foto17-1600x1000.jpg\" data-fancybox=\"galery-0\" title=\"\"><br \/>\n\t\t\t\t\t\t\t<img decoding=\"async\" width=\"640\" height=\"480\" src=\"https:\/\/autorai.nl\/wp-content\/uploads\/2023\/03\/bmw-m1-alles-wat-je-moet-weten-foto17-640x480.jpg\" class=\"attachment-medium size-medium\" alt=\"\" loading=\"lazy\"><i class=\"fa fa-search-plus\" aria-hidden=\"true\"><\/i><br \/>\n\t\t\t\t\t\t<\/span><br \/>\n\t\t\t\t\t<\/figure>\n<figure>\n\t\t\t\t\t<span style=\"cursor: pointer\" data-src=\"https:\/\/autorai.nl\/wp-content\/uploads\/2023\/03\/bmw-m1-alles-wat-je-moet-weten-foto16-1600x1000.jpg\" data-fancybox=\"galery-0\" title=\"\"><br \/>\n\t\t\t\t\t\t\t<img decoding=\"async\" width=\"360\" height=\"270\" src=\"https:\/\/autorai.nl\/wp-content\/uploads\/2023\/03\/bmw-m1-alles-wat-je-moet-weten-foto16-360x270.jpg\" class=\"attachment-small size-small\" alt=\"\" loading=\"lazy\"><i class=\"fa fa-search-plus\" aria-hidden=\"true\"><\/i><br \/>\n\t\t\t\t\t\t<\/span><br \/>\n\t\t\t\t\t<\/figure>\n<figure>\n\t\t\t\t\t<span style=\"cursor: pointer\" data-src=\"https:\/\/autorai.nl\/wp-content\/uploads\/2023\/03\/bmw-m1-alles-wat-je-moet-weten-foto15-1600x1000.jpg\" data-fancybox=\"galery-0\" title=\"\"><br \/>\n\t\t\t\t\t\t\t<img decoding=\"async\" width=\"360\" height=\"270\" src=\"https:\/\/autorai.nl\/wp-content\/uploads\/2023\/03\/bmw-m1-alles-wat-je-moet-weten-foto15-360x270.jpg\" class=\"attachment-small size-small\" alt=\"\" loading=\"lazy\"><i class=\"fa fa-search-plus\" aria-hidden=\"true\"><\/i><br \/>\n\t\t\t\t\t\t<\/span><br \/>\n\t\t\t\t\t<\/figure>\n<figure>\n\t\t\t\t\t<span style=\"cursor: pointer\" data-src=\"https:\/\/autorai.nl\/wp-content\/uploads\/2023\/03\/bmw-m1-alles-wat-je-moet-weten-foto14-1600x1000.jpg\" data-fancybox=\"galery-0\" title=\"\"><br \/>\n\t\t\t\t\t\t\t<img decoding=\"async\" width=\"640\" height=\"480\" src=\"https:\/\/autorai.nl\/wp-content\/uploads\/2023\/03\/bmw-m1-alles-wat-je-moet-weten-foto14-640x480.jpg\" class=\"attachment-medium size-medium\" alt=\"\" loading=\"lazy\"><i class=\"fa fa-search-plus\" aria-hidden=\"true\"><\/i><br \/>\n\t\t\t\t\t\t<\/span><br \/>\n\t\t\t\t\t<\/figure>\n<figure>\n\t\t\t\t\t<span style=\"cursor: pointer\" data-src=\"https:\/\/autorai.nl\/wp-content\/uploads\/2023\/03\/bmw-m1-alles-wat-je-moet-weten-foto13-1600x1000.jpg\" data-fancybox=\"galery-0\" title=\"\"><br \/>\n\t\t\t\t\t\t\t<img decoding=\"async\" width=\"360\" height=\"270\" src=\"https:\/\/autorai.nl\/wp-content\/uploads\/2023\/03\/bmw-m1-alles-wat-je-moet-weten-foto13-360x270.jpg\" class=\"attachment-small size-small\" alt=\"\" loading=\"lazy\"><i class=\"fa fa-search-plus\" aria-hidden=\"true\"><\/i><br \/>\n\t\t\t\t\t\t<\/span><br \/>\n\t\t\t\t\t<\/figure>\n<figure>\n\t\t\t\t\t<span style=\"cursor: pointer\" data-src=\"https:\/\/autorai.nl\/wp-content\/uploads\/2023\/03\/bmw-m1-alles-wat-je-moet-weten-foto12-1600x1000.jpg\" data-fancybox=\"galery-0\" title=\"\"><br \/>\n\t\t\t\t\t\t\t<img decoding=\"async\" width=\"360\" height=\"270\" src=\"https:\/\/autorai.nl\/wp-content\/uploads\/2023\/03\/bmw-m1-alles-wat-je-moet-weten-foto12-360x270.jpg\" class=\"attachment-small size-small\" alt=\"\" loading=\"lazy\"><i class=\"fa fa-search-plus\" aria-hidden=\"true\"><\/i><br \/>\n\t\t\t\t\t\t<\/span><br \/>\n\t\t\t\t\t<\/figure>\n<figure>\n\t\t\t\t\t<span style=\"cursor: pointer\" data-src=\"https:\/\/autorai.nl\/wp-content\/uploads\/2023\/03\/bmw-m1-alles-wat-je-moet-weten-foto11-1600x1000.jpg\" data-fancybox=\"galery-0\" title=\"\"><br \/>\n\t\t\t\t\t\t\t<img decoding=\"async\" width=\"640\" height=\"480\" src=\"https:\/\/autorai.nl\/wp-content\/uploads\/2023\/03\/bmw-m1-alles-wat-je-moet-weten-foto11-640x480.jpg\" class=\"attachment-medium size-medium\" alt=\"\" loading=\"lazy\"><i class=\"fa fa-search-plus\" aria-hidden=\"true\"><\/i><br \/>\n\t\t\t\t\t\t<\/span><br \/>\n\t\t\t\t\t<\/figure>\n<figure>\n\t\t\t\t\t<span style=\"cursor: pointer\" data-src=\"https:\/\/autorai.nl\/wp-content\/uploads\/2023\/03\/bmw-m1-alles-wat-je-moet-weten-foto10-1600x1000.jpg\" data-fancybox=\"galery-0\" title=\"\"><br \/>\n\t\t\t\t\t\t\t<img decoding=\"async\" width=\"360\" height=\"270\" src=\"https:\/\/autorai.nl\/wp-content\/uploads\/2023\/03\/bmw-m1-alles-wat-je-moet-weten-foto10-360x270.jpg\" class=\"attachment-small size-small\" alt=\"\" loading=\"lazy\"><i class=\"fa fa-search-plus\" aria-hidden=\"true\"><\/i><br \/>\n\t\t\t\t\t\t<\/span><br \/>\n\t\t\t\t\t<\/figure>\n<figure>\n\t\t\t\t\t<span style=\"cursor: pointer\" data-src=\"https:\/\/autorai.nl\/wp-content\/uploads\/2023\/03\/bmw-m1-alles-wat-je-moet-weten-foto9-1600x1000.jpg\" data-fancybox=\"galery-0\" title=\"\"><br \/>\n\t\t\t\t\t\t\t<img decoding=\"async\" width=\"360\" height=\"270\" src=\"https:\/\/autorai.nl\/wp-content\/uploads\/2023\/03\/bmw-m1-alles-wat-je-moet-weten-foto9-360x270.jpg\" class=\"attachment-small size-small\" alt=\"\" loading=\"lazy\"><i class=\"fa fa-search-plus\" aria-hidden=\"true\"><\/i><br \/>\n\t\t\t\t\t\t<\/span><br \/>\n\t\t\t\t\t<\/figure>\n<figure>\n\t\t\t\t\t<span style=\"cursor: pointer\" data-src=\"https:\/\/autorai.nl\/wp-content\/uploads\/2023\/03\/bmw-m1-alles-wat-je-moet-weten-foto7-1600x1000.jpg\" data-fancybox=\"galery-0\" title=\"\"><br \/>\n\t\t\t\t\t\t\t<img decoding=\"async\" width=\"640\" height=\"480\" src=\"https:\/\/autorai.nl\/wp-content\/uploads\/2023\/03\/bmw-m1-alles-wat-je-moet-weten-foto7-640x480.jpg\" class=\"attachment-medium size-medium\" alt=\"\" loading=\"lazy\"><i class=\"fa fa-search-plus\" aria-hidden=\"true\"><\/i><br \/>\n\t\t\t\t\t\t<\/span><br \/>\n\t\t\t\t\t<\/figure>\n<figure>\n\t\t\t\t\t<span style=\"cursor: pointer\" data-src=\"https:\/\/autorai.nl\/wp-content\/uploads\/2023\/03\/bmw-m1-alles-wat-je-moet-weten-foto6-1600x1000.jpg\" data-fancybox=\"galery-0\" title=\"\"><br \/>\n\t\t\t\t\t\t\t<img decoding=\"async\" width=\"360\" height=\"270\" src=\"https:\/\/autorai.nl\/wp-content\/uploads\/2023\/03\/bmw-m1-alles-wat-je-moet-weten-foto6-360x270.jpg\" class=\"attachment-small size-small\" alt=\"\" loading=\"lazy\"><i class=\"fa fa-search-plus\" aria-hidden=\"true\"><\/i><br \/>\n\t\t\t\t\t\t<\/span><br \/>\n\t\t\t\t\t<\/figure>\n<figure>\n\t\t\t\t\t<span style=\"cursor: pointer\" data-src=\"https:\/\/autorai.nl\/wp-content\/uploads\/2023\/03\/bmw-m1-alles-wat-je-moet-weten-foto5-1600x1000.jpg\" data-fancybox=\"galery-0\" title=\"\"><br \/>\n\t\t\t\t\t\t\t<img decoding=\"async\" width=\"360\" height=\"270\" src=\"https:\/\/autorai.nl\/wp-content\/uploads\/2023\/03\/bmw-m1-alles-wat-je-moet-weten-foto5-360x270.jpg\" class=\"attachment-small size-small\" alt=\"\" loading=\"lazy\"><i class=\"fa fa-search-plus\" aria-hidden=\"true\"><\/i><br \/>\n\t\t\t\t\t\t<\/span><br \/>\n\t\t\t\t\t<\/figure>\n<figure>\n\t\t\t\t\t<span style=\"cursor: pointer\" data-src=\"https:\/\/autorai.nl\/wp-content\/uploads\/2023\/03\/bmw-m1-alles-wat-je-moet-weten-foto4-1600x1000.jpg\" data-fancybox=\"galery-0\" title=\"\"><br \/>\n\t\t\t\t\t\t\t<img decoding=\"async\" width=\"640\" height=\"480\" src=\"https:\/\/autorai.nl\/wp-content\/uploads\/2023\/03\/bmw-m1-alles-wat-je-moet-weten-foto4-640x480.jpg\" class=\"attachment-medium size-medium\" alt=\"\" loading=\"lazy\"><i class=\"fa fa-search-plus\" aria-hidden=\"true\"><\/i><br \/>\n\t\t\t\t\t\t<\/span><br \/>\n\t\t\t\t\t<\/figure>\n<figure>\n\t\t\t\t\t<span style=\"cursor: pointer\" data-src=\"https:\/\/autorai.nl\/wp-content\/uploads\/2023\/03\/bmw-m1-alles-wat-je-moet-weten-foto3-1600x1000.jpg\" data-fancybox=\"galery-0\" title=\"\"><br \/>\n\t\t\t\t\t\t\t<img decoding=\"async\" width=\"360\" height=\"270\" src=\"https:\/\/autorai.nl\/wp-content\/uploads\/2023\/03\/bmw-m1-alles-wat-je-moet-weten-foto3-360x270.jpg\" class=\"attachment-small size-small\" alt=\"BMW M1\" loading=\"lazy\"><i class=\"fa fa-search-plus\" aria-hidden=\"true\"><\/i><br \/>\n\t\t\t\t\t\t<\/span><br \/>\n\t\t\t\t\t<\/figure>\n<figure>\n\t\t\t\t\t<span style=\"cursor: pointer\" data-src=\"https:\/\/autorai.nl\/wp-content\/uploads\/2023\/03\/bmw-m1-alles-wat-je-moet-weten-foto2-1600x1000.jpg\" data-fancybox=\"galery-0\" title=\"\"><br \/>\n\t\t\t\t\t\t\t<img decoding=\"async\" width=\"360\" height=\"270\" src=\"https:\/\/autorai.nl\/wp-content\/uploads\/2023\/03\/bmw-m1-alles-wat-je-moet-weten-foto2-360x270.jpg\" class=\"attachment-small size-small\" alt=\"\" loading=\"lazy\"><i class=\"fa fa-search-plus\" aria-hidden=\"true\"><\/i><br \/>\n\t\t\t\t\t\t<\/span><br \/>\n\t\t\t\t\t<\/figure>\n<div class=\"clear\"><\/div>\n<\/div>\n","protected":false},"excerpt":{"rendered":"\u00bfQu\u00e9 hace que el BMW M1 sea tan especial? El BMW M1 es un deportivo legendario muy admirado por los&hellip;","protected":false},"author":0,"featured_media":132843,"comment_status":"","ping_status":"open","sticky":false,"template":"","format":"standard","meta":{"footnotes":""},"categories":[215,126],"tags":[],"class_list":["post-132852","post","type-post","status-publish","format-standard","has-post-thumbnail","hentry","category-clasicos","category-noticias-de-autos"],"acf":[],"yoast_head":"<!-- This site is optimized with the Yoast SEO plugin v21.2 - https:\/\/yoast.com\/wordpress\/plugins\/seo\/ -->\n<title>Todo lo que necesitas saber sobre el BMW M1 - All cars news<\/title>\n<meta name=\"robots\" content=\"index, follow, max-snippet:-1, max-image-preview:large, max-video-preview:-1\" \/>\n<link rel=\"canonical\" href=\"https:\/\/all-car-news.com\/es\/todo-lo-que-necesitas-saber-sobre-el-bmw-m1\/\" \/>\n<meta property=\"og:locale\" content=\"es_ES\" \/>\n<meta property=\"og:type\" content=\"article\" \/>\n<meta property=\"og:title\" content=\"Todo lo que necesitas saber sobre el BMW M1 - All cars news\" \/>\n<meta property=\"og:description\" content=\"\u00bfQu\u00e9 hace que el BMW M1 sea tan especial? El BMW M1 es un deportivo legendario muy admirado por los entusiastas del autom\u00f3vil de todo el mundo. Lo que hace que este coche sea realmente especial es el hecho de que se trata del \u00fanico BMW fabricado en serie y homologado para la calle con motor central. Esto significa que el motor de seis cilindros est\u00e1 situado detr\u00e1s del [...]\" \/>\n<meta property=\"og:url\" content=\"https:\/\/all-car-news.com\/es\/todo-lo-que-necesitas-saber-sobre-el-bmw-m1\/\" \/>\n<meta property=\"og:site_name\" content=\"All cars news\" \/>\n<meta property=\"article:published_time\" content=\"2023-03-11T08:36:00+00:00\" \/>\n<meta property=\"og:image\" content=\"https:\/\/autorai.nl\/wp-content\/uploads\/2023\/03\/bmw-m1-alles-wat-je-moet-weten-foto3-1140x713.jpg\" \/>\n<meta name=\"twitter:card\" content=\"summary_large_image\" \/>\n<meta name=\"twitter:label1\" content=\"Tiempo de lectura\" \/>\n\t<meta name=\"twitter:data1\" content=\"2 minutos\" \/>\n<script type=\"application\/ld+json\" class=\"yoast-schema-graph\">{\"@context\":\"https:\/\/schema.org\",\"@graph\":[{\"@type\":\"Article\",\"@id\":\"https:\/\/all-car-news.com\/es\/todo-lo-que-necesitas-saber-sobre-el-bmw-m1\/#article\",\"isPartOf\":{\"@id\":\"https:\/\/all-car-news.com\/es\/todo-lo-que-necesitas-saber-sobre-el-bmw-m1\/\"},\"author\":{\"name\":\"\",\"@id\":\"\"},\"headline\":\"Todo lo que necesitas saber sobre el BMW M1\",\"datePublished\":\"2023-03-11T08:36:00+00:00\",\"dateModified\":\"2023-03-11T08:36:00+00:00\",\"mainEntityOfPage\":{\"@id\":\"https:\/\/all-car-news.com\/es\/todo-lo-que-necesitas-saber-sobre-el-bmw-m1\/\"},\"wordCount\":377,\"publisher\":{\"@id\":\"https:\/\/all-car-news.com\/es\/#organization\"},\"articleSection\":[\"Cl\u00e1sicos\",\"noticias de autos\"],\"inLanguage\":\"es\"},{\"@type\":\"WebPage\",\"@id\":\"https:\/\/all-car-news.com\/es\/todo-lo-que-necesitas-saber-sobre-el-bmw-m1\/\",\"url\":\"https:\/\/all-car-news.com\/es\/todo-lo-que-necesitas-saber-sobre-el-bmw-m1\/\",\"name\":\"Todo lo que necesitas saber sobre el BMW M1 - All cars news\",\"isPartOf\":{\"@id\":\"https:\/\/all-car-news.com\/es\/#website\"},\"datePublished\":\"2023-03-11T08:36:00+00:00\",\"dateModified\":\"2023-03-11T08:36:00+00:00\",\"breadcrumb\":{\"@id\":\"https:\/\/all-car-news.com\/es\/todo-lo-que-necesitas-saber-sobre-el-bmw-m1\/#breadcrumb\"},\"inLanguage\":\"es\",\"potentialAction\":[{\"@type\":\"ReadAction\",\"target\":[\"https:\/\/all-car-news.com\/es\/todo-lo-que-necesitas-saber-sobre-el-bmw-m1\/\"]}]},{\"@type\":\"BreadcrumbList\",\"@id\":\"https:\/\/all-car-news.com\/es\/todo-lo-que-necesitas-saber-sobre-el-bmw-m1\/#breadcrumb\",\"itemListElement\":[{\"@type\":\"ListItem\",\"position\":1,\"name\":\"Home\",\"item\":\"https:\/\/all-car-news.com\/es\/\"},{\"@type\":\"ListItem\",\"position\":2,\"name\":\"Todo lo que necesitas saber sobre el BMW M1\"}]},{\"@type\":\"WebSite\",\"@id\":\"https:\/\/all-car-news.com\/es\/#website\",\"url\":\"https:\/\/all-car-news.com\/es\/\",\"name\":\"All cars news\",\"description\":\"\",\"publisher\":{\"@id\":\"https:\/\/all-car-news.com\/es\/#organization\"},\"potentialAction\":[{\"@type\":\"SearchAction\",\"target\":{\"@type\":\"EntryPoint\",\"urlTemplate\":\"https:\/\/all-car-news.com\/es\/?s={search_term_string}\"},\"query-input\":\"required name=search_term_string\"}],\"inLanguage\":\"es\"},{\"@type\":\"Organization\",\"@id\":\"https:\/\/all-car-news.com\/es\/#organization\",\"name\":\"All cars news\",\"url\":\"https:\/\/all-car-news.com\/es\/\",\"logo\":{\"@type\":\"ImageObject\",\"inLanguage\":\"es\",\"@id\":\"https:\/\/all-car-news.com\/es\/#\/schema\/logo\/image\/\",\"url\":\"https:\/\/all-car-news.com\/wp-content\/uploads\/2022\/02\/CMYK-AllCarNews_LANDSCAPE_300px-1.png\",\"contentUrl\":\"https:\/\/all-car-news.com\/wp-content\/uploads\/2022\/02\/CMYK-AllCarNews_LANDSCAPE_300px-1.png\",\"width\":300,\"height\":100,\"caption\":\"All cars news\"},\"image\":{\"@id\":\"https:\/\/all-car-news.com\/es\/#\/schema\/logo\/image\/\"}}]}<\/script>\n<!-- \/ Yoast SEO plugin. -->","yoast_head_json":{"title":"Todo lo que necesitas saber sobre el BMW M1 - All cars news","robots":{"index":"index","follow":"follow","max-snippet":"max-snippet:-1","max-image-preview":"max-image-preview:large","max-video-preview":"max-video-preview:-1"},"canonical":"https:\/\/all-car-news.com\/es\/todo-lo-que-necesitas-saber-sobre-el-bmw-m1\/","og_locale":"es_ES","og_type":"article","og_title":"Todo lo que necesitas saber sobre el BMW M1 - All cars news","og_description":"\u00bfQu\u00e9 hace que el BMW M1 sea tan especial? El BMW M1 es un deportivo legendario muy admirado por los entusiastas del autom\u00f3vil de todo el mundo. Lo que hace que este coche sea realmente especial es el hecho de que se trata del \u00fanico BMW fabricado en serie y homologado para la calle con motor central. Esto significa que el motor de seis cilindros est\u00e1 situado detr\u00e1s del [...]","og_url":"https:\/\/all-car-news.com\/es\/todo-lo-que-necesitas-saber-sobre-el-bmw-m1\/","og_site_name":"All cars news","article_published_time":"2023-03-11T08:36:00+00:00","og_image":[{"url":"https:\/\/autorai.nl\/wp-content\/uploads\/2023\/03\/bmw-m1-alles-wat-je-moet-weten-foto3-1140x713.jpg"}],"twitter_card":"summary_large_image","twitter_misc":{"Tiempo de lectura":"2 minutos"},"schema":{"@context":"https:\/\/schema.org","@graph":[{"@type":"Article","@id":"https:\/\/all-car-news.com\/es\/todo-lo-que-necesitas-saber-sobre-el-bmw-m1\/#article","isPartOf":{"@id":"https:\/\/all-car-news.com\/es\/todo-lo-que-necesitas-saber-sobre-el-bmw-m1\/"},"author":{"name":"","@id":""},"headline":"Todo lo que necesitas saber sobre el BMW M1","datePublished":"2023-03-11T08:36:00+00:00","dateModified":"2023-03-11T08:36:00+00:00","mainEntityOfPage":{"@id":"https:\/\/all-car-news.com\/es\/todo-lo-que-necesitas-saber-sobre-el-bmw-m1\/"},"wordCount":377,"publisher":{"@id":"https:\/\/all-car-news.com\/es\/#organization"},"articleSection":["Cl\u00e1sicos","noticias de autos"],"inLanguage":"es"},{"@type":"WebPage","@id":"https:\/\/all-car-news.com\/es\/todo-lo-que-necesitas-saber-sobre-el-bmw-m1\/","url":"https:\/\/all-car-news.com\/es\/todo-lo-que-necesitas-saber-sobre-el-bmw-m1\/","name":"Todo lo que necesitas saber sobre el BMW M1 - All cars news","isPartOf":{"@id":"https:\/\/all-car-news.com\/es\/#website"},"datePublished":"2023-03-11T08:36:00+00:00","dateModified":"2023-03-11T08:36:00+00:00","breadcrumb":{"@id":"https:\/\/all-car-news.com\/es\/todo-lo-que-necesitas-saber-sobre-el-bmw-m1\/#breadcrumb"},"inLanguage":"es","potentialAction":[{"@type":"ReadAction","target":["https:\/\/all-car-news.com\/es\/todo-lo-que-necesitas-saber-sobre-el-bmw-m1\/"]}]},{"@type":"BreadcrumbList","@id":"https:\/\/all-car-news.com\/es\/todo-lo-que-necesitas-saber-sobre-el-bmw-m1\/#breadcrumb","itemListElement":[{"@type":"ListItem","position":1,"name":"Home","item":"https:\/\/all-car-news.com\/es\/"},{"@type":"ListItem","position":2,"name":"Todo lo que necesitas saber sobre el BMW M1"}]},{"@type":"WebSite","@id":"https:\/\/all-car-news.com\/es\/#website","url":"https:\/\/all-car-news.com\/es\/","name":"All cars news","description":"","publisher":{"@id":"https:\/\/all-car-news.com\/es\/#organization"},"potentialAction":[{"@type":"SearchAction","target":{"@type":"EntryPoint","urlTemplate":"https:\/\/all-car-news.com\/es\/?s={search_term_string}"},"query-input":"required name=search_term_string"}],"inLanguage":"es"},{"@type":"Organization","@id":"https:\/\/all-car-news.com\/es\/#organization","name":"All cars news","url":"https:\/\/all-car-news.com\/es\/","logo":{"@type":"ImageObject","inLanguage":"es","@id":"https:\/\/all-car-news.com\/es\/#\/schema\/logo\/image\/","url":"https:\/\/all-car-news.com\/wp-content\/uploads\/2022\/02\/CMYK-AllCarNews_LANDSCAPE_300px-1.png","contentUrl":"https:\/\/all-car-news.com\/wp-content\/uploads\/2022\/02\/CMYK-AllCarNews_LANDSCAPE_300px-1.png","width":300,"height":100,"caption":"All cars news"},"image":{"@id":"https:\/\/all-car-news.com\/es\/#\/schema\/logo\/image\/"}}]}},"_links":{"self":[{"href":"https:\/\/all-car-news.com\/es\/wp-json\/wp\/v2\/posts\/132852","targetHints":{"allow":["GET"]}}],"collection":[{"href":"https:\/\/all-car-news.com\/es\/wp-json\/wp\/v2\/posts"}],"about":[{"href":"https:\/\/all-car-news.com\/es\/wp-json\/wp\/v2\/types\/post"}],"replies":[{"embeddable":true,"href":"https:\/\/all-car-news.com\/es\/wp-json\/wp\/v2\/comments?post=132852"}],"version-history":[{"count":0,"href":"https:\/\/all-car-news.com\/es\/wp-json\/wp\/v2\/posts\/132852\/revisions"}],"wp:featuredmedia":[{"embeddable":true,"href":"https:\/\/all-car-news.com\/es\/wp-json\/wp\/v2\/media\/132843"}],"wp:attachment":[{"href":"https:\/\/all-car-news.com\/es\/wp-json\/wp\/v2\/media?parent=132852"}],"wp:term":[{"taxonomy":"category","embeddable":true,"href":"https:\/\/all-car-news.com\/es\/wp-json\/wp\/v2\/categories?post=132852"},{"taxonomy":"post_tag","embeddable":true,"href":"https:\/\/all-car-news.com\/es\/wp-json\/wp\/v2\/tags?post=132852"}],"curies":[{"name":"wp","href":"https:\/\/api.w.org\/{rel}","templated":true}]}}