{"id":132604,"date":"2023-03-04T08:59:00","date_gmt":"2023-03-04T08:59:00","guid":{"rendered":"https:\/\/all-car-news.com\/estos-son-los-coches-de-zlatan-ibrahimovic\/"},"modified":"2023-03-04T08:59:00","modified_gmt":"2023-03-04T08:59:00","slug":"estos-son-los-coches-de-zlatan-ibrahimovic","status":"publish","type":"post","link":"https:\/\/all-car-news.com\/es\/estos-son-los-coches-de-zlatan-ibrahimovic\/","title":{"rendered":"Estos son los coches de Zlatan Ibrahimovi\u0107"},"content":{"rendered":"<h2>Zlatan Ibrahimovi\u0107 gran fan de Ferrari<\/h2>\n<p>El sueco tiene varios Ferraris poco comunes. El mejor futbolista tiene un Enzo, un SP2 y un LaFerrari. Recientemente, el exc\u00e9ntrico tambi\u00e9n decidi\u00f3 a\u00f1adir un Daytona SP3 a su colecci\u00f3n, como regalo de cumplea\u00f1os. Zlatan Ibrahimovi\u0107 public\u00f3 en Internet una foto del configurador con el texto \u00abFeliz cumplea\u00f1os a Zlatan\u00bb. El SP2 y el SP3 no los puede comprar cualquiera. Para esto hay que ser un cliente especial de los italianos. Bajo el cap\u00f3, el Daytona SP3 tiene un motor V12 de 6,5 litros que entrega la friolera de 809 CV. El SP2 sin techo entrega nada menos que 830 CV. Espero que no revientes un p\u00e1jaro.<\/p>\n<blockquote class=\"instagram-media\" data-instgrm-captioned=\"\" data-instgrm-permalink=\"https:\/\/www.instagram.com\/p\/CjP29f6szwn\/?utm_source=ig_embed&amp;utm_campaign=loading\" data-instgrm-version=\"14\" style=\"background:#FFF;border:0;border-radius:3px;margin: 1px;max-width:540px;min-width:326px;padding:0;width:99.375%;width:-webkit-calc(100% - 2px);width:calc(100% - 2px)\">\n<div style=\"padding:16px\"> <a href=\"https:\/\/www.instagram.com\/p\/CjP29f6szwn\/?utm_source=ig_embed&amp;utm_campaign=loading\" style=\"background:#FFFFFF;line-height:0;padding:0 0;text-align:center;text-decoration:none;width:100%\" target=\"_blank\" rel=\"noopener\"> <\/p>\n<div style=\"flex-direction: row;align-items: center\">\n<div style=\"background-color: #F4F4F4;border-radius: 50%;flex-grow: 0;height: 40px;margin-right: 14px;width: 40px\"><\/div>\n<div style=\"flex-direction: column;flex-grow: 1;justify-content: center\">\n<div style=\"background-color: #F4F4F4;border-radius: 4px;flex-grow: 0;height: 14px;margin-bottom: 6px;width: 100px\"><\/div>\n<div style=\"background-color: #F4F4F4;border-radius: 4px;flex-grow: 0;height: 14px;width: 60px\"><\/div>\n<\/div>\n<\/div>\n<div style=\"padding: 19% 0\"><\/div>\n<div style=\"height:50px;margin:0 auto 12px;width:50px\"><\/div>\n<div style=\"padding-top: 8px\">\n<div style=\"color:#3897f0;font-family:Arial,sans-serif;font-size:14px;font-style:normal;font-weight:550;line-height:18px\">Ver esta publicaci\u00f3n en Instagram<\/div>\n<\/div>\n<div style=\"padding: 12.5% 0\"><\/div>\n<div style=\"flex-direction: row;margin-bottom: 14px;align-items: center\">\n<div>\n<div style=\"background-color: #F4F4F4;border-radius: 50%;height: 12.5px;width: 12.5px\"><\/div>\n<div style=\"background-color: #F4F4F4;height: 12.5px;width: 12.5px;flex-grow: 0;margin-right: 14px;margin-left: 2px\"><\/div>\n<div style=\"background-color: #F4F4F4;border-radius: 50%;height: 12.5px;width: 12.5px\"><\/div>\n<\/div>\n<div style=\"margin-left: 8px\">\n<div style=\"background-color: #F4F4F4;border-radius: 50%;flex-grow: 0;height: 20px;width: 20px\"><\/div>\n<div style=\"width: 0;height: 0;border-top: 2px solid transparent;border-left: 6px solid #f4f4f4;border-bottom: 2px solid transparent\"><\/div>\n<\/div>\n<div style=\"margin-left: auto\">\n<div style=\"width: 0px;border-top: 8px solid #F4F4F4;border-right: 8px solid transparent\"><\/div>\n<div style=\"background-color: #F4F4F4;flex-grow: 0;height: 12px;width: 16px\"><\/div>\n<div style=\"width: 0;height: 0;border-top: 8px solid #F4F4F4;border-left: 8px solid transparent\"><\/div>\n<\/div>\n<\/div>\n<div style=\"flex-direction: column;flex-grow: 1;justify-content: center;margin-bottom: 24px\">\n<div style=\"background-color: #F4F4F4;border-radius: 4px;flex-grow: 0;height: 14px;margin-bottom: 6px;width: 224px\"><\/div>\n<div style=\"background-color: #F4F4F4;border-radius: 4px;flex-grow: 0;height: 14px;width: 144px\"><\/div>\n<\/div>\n<p><\/a><\/p>\n<p style=\"color:#c9c8cd;font-family:Arial,sans-serif;font-size:14px;line-height:17px;margin-bottom:0;margin-top:8px;overflow:hidden;padding:8px 0 7px;text-align:center\"><a href=\"https:\/\/www.instagram.com\/p\/CjP29f6szwn\/?utm_source=ig_embed&amp;utm_campaign=loading\" style=\"color:#c9c8cd;font-family:Arial,sans-serif;font-size:14px;font-style:normal;font-weight:normal;line-height:17px;text-decoration:none\" target=\"_blank\" rel=\"noopener\">Una publicaci\u00f3n compartida por Zlatan Ibrahimovi\u0107 (@iamzlatanibrahimovic)<\/a><\/p>\n<\/div>\n<\/blockquote>\n<\/p>\n<h2>Porsche 918 Spyder<\/h2>\n<p>El LaFerrari no es el \u00fanico hipercoche de la colecci\u00f3n del futbolista sueco. De hecho, Zlatan Ibrahimovi\u0107 tambi\u00e9n posee un Porsche 918 Spyder. Con una impresionante combinaci\u00f3n de un motor V8 de 4,6 litros y dos motores el\u00e9ctricos, el 918 Spyder produce la friolera de 887 CV y puede acelerar de 0 a 100 km\/h en 2,5 segundos. El coche tiene un llamativo dise\u00f1o con techo abierto y ofrece tecnolog\u00edas avanzadas como aerodin\u00e1mica activa y un chasis monocasco de fibra de carbono. El 918 Spyder tambi\u00e9n es muy raro, ya que s\u00f3lo se han fabricado 918 ejemplares.<\/p>\n<figure class=\"wp-block-image size-content\"><img decoding=\"async\" loading=\"lazy\" width=\"1140\" height=\"804\" src=\"https:\/\/autorai.nl\/wp-content\/uploads\/2017\/06\/Porsche-918_Spyder-2015-1600-02-1140x804.jpg\" alt=\"\" class=\"wp-image-34863\"><\/figure>\n<h2>El viejo amor no se oxida<\/h2>\n<p>Como entusiasta del autom\u00f3vil, cuando uno piensa en Suecia, inmediatamente piensa en Volvo. Zlatan Ibrahimovi\u0107 es conocido por su afici\u00f3n a los coches Volvo. En varias entrevistas ha declarado que Volvo es su marca de coches favorita y que ha sido propietario de varios modelos de esta marca. Esto ha incluido un Volvo XC90, un Volvo V90 y un Volvo S90. En 2016, Ibrahimovi\u0107 recibi\u00f3 incluso una versi\u00f3n especial del Volvo V90, llamada Volvo V90 Zlatan Edition, como regalo de Volvo por haber protagonizado un anuncio de televisi\u00f3n de la marca sueca. V\u00e9ase la publicidad m\u00e1s abajo.<\/p>\n<\/p>\n<figure class=\"wp-block-embed is-type-video is-provider-youtube wp-block-embed-youtube wp-embed-aspect-16-9 wp-has-aspect-ratio\">\n<div class=\"wp-block-embed__wrapper\">\n<\/div>\n<\/figure>\n","protected":false},"excerpt":{"rendered":"Zlatan Ibrahimovi\u0107 gran fan de Ferrari El sueco tiene varios Ferrari especiales. El mejor futbolista tiene un Enzo, un SP2&hellip;","protected":false},"author":0,"featured_media":132602,"comment_status":"","ping_status":"open","sticky":false,"template":"","format":"standard","meta":{"footnotes":""},"categories":[129,126],"tags":[],"class_list":["post-132604","post","type-post","status-publish","format-standard","has-post-thumbnail","hentry","category-fondo","category-noticias-de-autos"],"acf":[],"yoast_head":"<!-- This site is optimized with the Yoast SEO plugin v21.2 - https:\/\/yoast.com\/wordpress\/plugins\/seo\/ -->\n<title>Estos son los coches de Zlatan Ibrahimovi\u0107 - All cars news<\/title>\n<meta name=\"robots\" content=\"index, follow, max-snippet:-1, max-image-preview:large, max-video-preview:-1\" \/>\n<link rel=\"canonical\" href=\"https:\/\/all-car-news.com\/es\/estos-son-los-coches-de-zlatan-ibrahimovic\/\" \/>\n<meta property=\"og:locale\" content=\"es_ES\" \/>\n<meta property=\"og:type\" content=\"article\" \/>\n<meta property=\"og:title\" content=\"Estos son los coches de Zlatan Ibrahimovi\u0107 - All cars news\" \/>\n<meta property=\"og:description\" content=\"Zlatan Ibrahimovi\u0107 gran fan de Ferrari El sueco tiene varios Ferrari especiales. El mejor futbolista tiene un Enzo, un SP2 y un LaFerrari. Recientemente, el exc\u00e9ntrico tambi\u00e9n decidi\u00f3 a\u00f1adir un Daytona SP3 a su colecci\u00f3n, como regalo de cumplea\u00f1os. Zlatan Ibrahimovi\u0107 public\u00f3 en Internet una foto del configurador con el texto &quot;Feliz cumplea\u00f1os a Zlatan&quot;. El SP2 y [...]\" \/>\n<meta property=\"og:url\" content=\"https:\/\/all-car-news.com\/es\/estos-son-los-coches-de-zlatan-ibrahimovic\/\" \/>\n<meta property=\"og:site_name\" content=\"All cars news\" \/>\n<meta property=\"article:published_time\" content=\"2023-03-04T08:59:00+00:00\" \/>\n<meta property=\"og:image\" content=\"https:\/\/autorai.nl\/wp-content\/uploads\/2017\/06\/Porsche-918_Spyder-2015-1600-02-1140x804.jpg\" \/>\n<meta name=\"twitter:card\" content=\"summary_large_image\" \/>\n<meta name=\"twitter:label1\" content=\"Tiempo de lectura\" \/>\n\t<meta name=\"twitter:data1\" content=\"2 minutos\" \/>\n<script type=\"application\/ld+json\" class=\"yoast-schema-graph\">{\"@context\":\"https:\/\/schema.org\",\"@graph\":[{\"@type\":\"Article\",\"@id\":\"https:\/\/all-car-news.com\/es\/estos-son-los-coches-de-zlatan-ibrahimovic\/#article\",\"isPartOf\":{\"@id\":\"https:\/\/all-car-news.com\/es\/estos-son-los-coches-de-zlatan-ibrahimovic\/\"},\"author\":{\"name\":\"\",\"@id\":\"\"},\"headline\":\"Estos son los coches de Zlatan Ibrahimovi\u0107\",\"datePublished\":\"2023-03-04T08:59:00+00:00\",\"dateModified\":\"2023-03-04T08:59:00+00:00\",\"mainEntityOfPage\":{\"@id\":\"https:\/\/all-car-news.com\/es\/estos-son-los-coches-de-zlatan-ibrahimovic\/\"},\"wordCount\":346,\"publisher\":{\"@id\":\"https:\/\/all-car-news.com\/es\/#organization\"},\"articleSection\":[\"Fondo\",\"noticias de autos\"],\"inLanguage\":\"es\"},{\"@type\":\"WebPage\",\"@id\":\"https:\/\/all-car-news.com\/es\/estos-son-los-coches-de-zlatan-ibrahimovic\/\",\"url\":\"https:\/\/all-car-news.com\/es\/estos-son-los-coches-de-zlatan-ibrahimovic\/\",\"name\":\"Estos son los coches de Zlatan Ibrahimovi\u0107 - All cars news\",\"isPartOf\":{\"@id\":\"https:\/\/all-car-news.com\/es\/#website\"},\"datePublished\":\"2023-03-04T08:59:00+00:00\",\"dateModified\":\"2023-03-04T08:59:00+00:00\",\"breadcrumb\":{\"@id\":\"https:\/\/all-car-news.com\/es\/estos-son-los-coches-de-zlatan-ibrahimovic\/#breadcrumb\"},\"inLanguage\":\"es\",\"potentialAction\":[{\"@type\":\"ReadAction\",\"target\":[\"https:\/\/all-car-news.com\/es\/estos-son-los-coches-de-zlatan-ibrahimovic\/\"]}]},{\"@type\":\"BreadcrumbList\",\"@id\":\"https:\/\/all-car-news.com\/es\/estos-son-los-coches-de-zlatan-ibrahimovic\/#breadcrumb\",\"itemListElement\":[{\"@type\":\"ListItem\",\"position\":1,\"name\":\"Home\",\"item\":\"https:\/\/all-car-news.com\/es\/\"},{\"@type\":\"ListItem\",\"position\":2,\"name\":\"Estos son los coches de Zlatan Ibrahimovi\u0107\"}]},{\"@type\":\"WebSite\",\"@id\":\"https:\/\/all-car-news.com\/es\/#website\",\"url\":\"https:\/\/all-car-news.com\/es\/\",\"name\":\"All cars news\",\"description\":\"\",\"publisher\":{\"@id\":\"https:\/\/all-car-news.com\/es\/#organization\"},\"potentialAction\":[{\"@type\":\"SearchAction\",\"target\":{\"@type\":\"EntryPoint\",\"urlTemplate\":\"https:\/\/all-car-news.com\/es\/?s={search_term_string}\"},\"query-input\":\"required name=search_term_string\"}],\"inLanguage\":\"es\"},{\"@type\":\"Organization\",\"@id\":\"https:\/\/all-car-news.com\/es\/#organization\",\"name\":\"All cars news\",\"url\":\"https:\/\/all-car-news.com\/es\/\",\"logo\":{\"@type\":\"ImageObject\",\"inLanguage\":\"es\",\"@id\":\"https:\/\/all-car-news.com\/es\/#\/schema\/logo\/image\/\",\"url\":\"https:\/\/all-car-news.com\/wp-content\/uploads\/2022\/02\/CMYK-AllCarNews_LANDSCAPE_300px-1.png\",\"contentUrl\":\"https:\/\/all-car-news.com\/wp-content\/uploads\/2022\/02\/CMYK-AllCarNews_LANDSCAPE_300px-1.png\",\"width\":300,\"height\":100,\"caption\":\"All cars news\"},\"image\":{\"@id\":\"https:\/\/all-car-news.com\/es\/#\/schema\/logo\/image\/\"}}]}<\/script>\n<!-- \/ Yoast SEO plugin. -->","yoast_head_json":{"title":"Estos son los coches de Zlatan Ibrahimovi\u0107 - All cars news","robots":{"index":"index","follow":"follow","max-snippet":"max-snippet:-1","max-image-preview":"max-image-preview:large","max-video-preview":"max-video-preview:-1"},"canonical":"https:\/\/all-car-news.com\/es\/estos-son-los-coches-de-zlatan-ibrahimovic\/","og_locale":"es_ES","og_type":"article","og_title":"Estos son los coches de Zlatan Ibrahimovi\u0107 - All cars news","og_description":"Zlatan Ibrahimovi\u0107 gran fan de Ferrari El sueco tiene varios Ferrari especiales. El mejor futbolista tiene un Enzo, un SP2 y un LaFerrari. Recientemente, el exc\u00e9ntrico tambi\u00e9n decidi\u00f3 a\u00f1adir un Daytona SP3 a su colecci\u00f3n, como regalo de cumplea\u00f1os. Zlatan Ibrahimovi\u0107 public\u00f3 en Internet una foto del configurador con el texto \"Feliz cumplea\u00f1os a Zlatan\". El SP2 y [...]","og_url":"https:\/\/all-car-news.com\/es\/estos-son-los-coches-de-zlatan-ibrahimovic\/","og_site_name":"All cars news","article_published_time":"2023-03-04T08:59:00+00:00","og_image":[{"url":"https:\/\/autorai.nl\/wp-content\/uploads\/2017\/06\/Porsche-918_Spyder-2015-1600-02-1140x804.jpg"}],"twitter_card":"summary_large_image","twitter_misc":{"Tiempo de lectura":"2 minutos"},"schema":{"@context":"https:\/\/schema.org","@graph":[{"@type":"Article","@id":"https:\/\/all-car-news.com\/es\/estos-son-los-coches-de-zlatan-ibrahimovic\/#article","isPartOf":{"@id":"https:\/\/all-car-news.com\/es\/estos-son-los-coches-de-zlatan-ibrahimovic\/"},"author":{"name":"","@id":""},"headline":"Estos son los coches de Zlatan Ibrahimovi\u0107","datePublished":"2023-03-04T08:59:00+00:00","dateModified":"2023-03-04T08:59:00+00:00","mainEntityOfPage":{"@id":"https:\/\/all-car-news.com\/es\/estos-son-los-coches-de-zlatan-ibrahimovic\/"},"wordCount":346,"publisher":{"@id":"https:\/\/all-car-news.com\/es\/#organization"},"articleSection":["Fondo","noticias de autos"],"inLanguage":"es"},{"@type":"WebPage","@id":"https:\/\/all-car-news.com\/es\/estos-son-los-coches-de-zlatan-ibrahimovic\/","url":"https:\/\/all-car-news.com\/es\/estos-son-los-coches-de-zlatan-ibrahimovic\/","name":"Estos son los coches de Zlatan Ibrahimovi\u0107 - All cars news","isPartOf":{"@id":"https:\/\/all-car-news.com\/es\/#website"},"datePublished":"2023-03-04T08:59:00+00:00","dateModified":"2023-03-04T08:59:00+00:00","breadcrumb":{"@id":"https:\/\/all-car-news.com\/es\/estos-son-los-coches-de-zlatan-ibrahimovic\/#breadcrumb"},"inLanguage":"es","potentialAction":[{"@type":"ReadAction","target":["https:\/\/all-car-news.com\/es\/estos-son-los-coches-de-zlatan-ibrahimovic\/"]}]},{"@type":"BreadcrumbList","@id":"https:\/\/all-car-news.com\/es\/estos-son-los-coches-de-zlatan-ibrahimovic\/#breadcrumb","itemListElement":[{"@type":"ListItem","position":1,"name":"Home","item":"https:\/\/all-car-news.com\/es\/"},{"@type":"ListItem","position":2,"name":"Estos son los coches de Zlatan Ibrahimovi\u0107"}]},{"@type":"WebSite","@id":"https:\/\/all-car-news.com\/es\/#website","url":"https:\/\/all-car-news.com\/es\/","name":"All cars news","description":"","publisher":{"@id":"https:\/\/all-car-news.com\/es\/#organization"},"potentialAction":[{"@type":"SearchAction","target":{"@type":"EntryPoint","urlTemplate":"https:\/\/all-car-news.com\/es\/?s={search_term_string}"},"query-input":"required name=search_term_string"}],"inLanguage":"es"},{"@type":"Organization","@id":"https:\/\/all-car-news.com\/es\/#organization","name":"All cars news","url":"https:\/\/all-car-news.com\/es\/","logo":{"@type":"ImageObject","inLanguage":"es","@id":"https:\/\/all-car-news.com\/es\/#\/schema\/logo\/image\/","url":"https:\/\/all-car-news.com\/wp-content\/uploads\/2022\/02\/CMYK-AllCarNews_LANDSCAPE_300px-1.png","contentUrl":"https:\/\/all-car-news.com\/wp-content\/uploads\/2022\/02\/CMYK-AllCarNews_LANDSCAPE_300px-1.png","width":300,"height":100,"caption":"All cars news"},"image":{"@id":"https:\/\/all-car-news.com\/es\/#\/schema\/logo\/image\/"}}]}},"_links":{"self":[{"href":"https:\/\/all-car-news.com\/es\/wp-json\/wp\/v2\/posts\/132604","targetHints":{"allow":["GET"]}}],"collection":[{"href":"https:\/\/all-car-news.com\/es\/wp-json\/wp\/v2\/posts"}],"about":[{"href":"https:\/\/all-car-news.com\/es\/wp-json\/wp\/v2\/types\/post"}],"replies":[{"embeddable":true,"href":"https:\/\/all-car-news.com\/es\/wp-json\/wp\/v2\/comments?post=132604"}],"version-history":[{"count":0,"href":"https:\/\/all-car-news.com\/es\/wp-json\/wp\/v2\/posts\/132604\/revisions"}],"wp:featuredmedia":[{"embeddable":true,"href":"https:\/\/all-car-news.com\/es\/wp-json\/wp\/v2\/media\/132602"}],"wp:attachment":[{"href":"https:\/\/all-car-news.com\/es\/wp-json\/wp\/v2\/media?parent=132604"}],"wp:term":[{"taxonomy":"category","embeddable":true,"href":"https:\/\/all-car-news.com\/es\/wp-json\/wp\/v2\/categories?post=132604"},{"taxonomy":"post_tag","embeddable":true,"href":"https:\/\/all-car-news.com\/es\/wp-json\/wp\/v2\/tags?post=132604"}],"curies":[{"name":"wp","href":"https:\/\/api.w.org\/{rel}","templated":true}]}}