{"id":132425,"date":"2023-02-27T10:55:00","date_gmt":"2023-02-27T10:55:00","guid":{"rendered":"https:\/\/all-car-news.com\/prueba-bmw-ix5-hydrogen-un-bmw-x5-propulsado-por-hidrogeno-como-se-conduce\/"},"modified":"2023-02-27T10:55:00","modified_gmt":"2023-02-27T10:55:00","slug":"prueba-bmw-ix5-hydrogen-un-bmw-x5-propulsado-por-hidrogeno-como-se-conduce","status":"publish","type":"post","link":"https:\/\/all-car-news.com\/es\/prueba-bmw-ix5-hydrogen-un-bmw-x5-propulsado-por-hidrogeno-como-se-conduce\/","title":{"rendered":"Prueba &#8211; BMW iX5 Hydrogen: un BMW X5 propulsado por hidr\u00f3geno, \u00bfc\u00f3mo se conduce?"},"content":{"rendered":"<h2>Prueba del BMW iX5 Hydrogen<\/h2>\n<p>En los \u00faltimos cuatro a\u00f1os, BMW Group ha trabajado intensamente en el desarrollo de la tecnolog\u00eda del hidr\u00f3geno. La marca lo hace en colaboraci\u00f3n con Toyota. Sin embargo, hay muy poca tecnolog\u00eda Toyota en el BMW iX5 Hydrogen. S\u00f3lo la denominada pila de combustible procede de Toyota. Por lo dem\u00e1s, BMW lo ha desarrollado todo internamente. Indica que BMW se est\u00e1 tomando muy en serio la tecnolog\u00eda del hidr\u00f3geno y est\u00e1 trabajando en un argumento comercial.<\/p>\n<h2>Econom\u00eda del hidr\u00f3geno<\/h2>\n<p>\u00abEl hidr\u00f3geno es un vector energ\u00e9tico vers\u00e1til que desempe\u00f1a un papel clave en el camino hacia la neutralidad clim\u00e1tica\u00bb, afirma Frank Weber, miembro del Consejo de Direcci\u00f3n de BMW AG y responsable de Desarrollo. \u00abEstamos seguros de que el hidr\u00f3geno adquirir\u00e1 una importancia significativa para la movilidad individual. Las pilas de combustible tampoco necesitan recursos raros como el cobalto, el litio o el n\u00edquel. Con nuestro&nbsp;<a href=\"https:\/\/autorai.nl\/bmw-ix5-hydrogen-voorjaar-2023-de-weg-op\/\" target=\"_blank\" rel=\"noreferrer noopener\">BMW iX5 Hydrogen<\/a>, podemos obtener nuevos y valiosos conocimientos que nos permitir\u00e1n ofrecer a los clientes una atractiva oferta de productos una vez que la econom\u00eda del hidr\u00f3geno se convierta en una realidad generalizada\u00bb.<\/p>\n<figure class=\"wp-block-image size-content\"><img decoding=\"async\" loading=\"lazy\" width=\"1140\" height=\"760\" src=\"https:\/\/autorai.nl\/wp-content\/uploads\/2023\/02\/BMW-iX5-Hydrogen-antwerpen-review-2023-foto-83-1140x760.jpg\" alt=\"BMW iX5 Hydrogen en Amberes\" class=\"wp-image-152378\"><\/figure>\n<h2>BMW y el hidr\u00f3geno: despu\u00e9s de 2025<\/h2>\n<p>As\u00ed que todav\u00eda hay que tener paciencia con la tecnolog\u00eda del hidr\u00f3geno. BMW espera lanzar el primer modelo con esta tecnolog\u00eda despu\u00e9s de 2025. Que luego se convierte autom\u00e1ticamente en un modelo m\u00e1s grande, como el BMW X5 o el BMW Serie 7. Para los veh\u00edculos m\u00e1s peque\u00f1os, la marca apuesta por las cadenas cinem\u00e1ticas el\u00e9ctricas de bater\u00eda. De hecho, los veh\u00edculos m\u00e1s grandes se benefician de los sistemas de propulsi\u00f3n de hidr\u00f3geno y electricidad. Consid\u00e9rese tambi\u00e9n el sector del transporte, tanto por carretera como por v\u00edas navegables.<\/p>\n<blockquote class=\"wp-block-quote\">\n<p><strong>\u00abBMW Group ve la tecnolog\u00eda FCEV como un complemento potencial a la tecnolog\u00eda de propulsi\u00f3n de veh\u00edculos el\u00e9ctricos de bater\u00eda\u00bb.<\/strong><\/p>\n<p><cite>Grupo BMW<\/cite><\/p><\/blockquote>\n<h2>Cuarto proyecto<\/h2>\n<p>BMW lleva tiempo experimentando con la tecnolog\u00eda del hidr\u00f3geno. La marca ya present\u00f3 el BMW h2R racer en febrero de 2005, por ejemplo, y en 2006 apareci\u00f3 un BMW Serie 7 con un V12 y tecnolog\u00eda de hidr\u00f3geno. BMW tambi\u00e9n ha estado trabajando en un Serie 5 Gran Turismo con tecnolog\u00eda de hidr\u00f3geno. Este BMW iX5 Hydrogen es ya el cuarto modelo de hidr\u00f3geno de BMW. La marca cree en una soluci\u00f3n de futuro dividida en dos partes: bater\u00eda el\u00e9ctrica e hidr\u00f3geno el\u00e9ctrico. Eso est\u00e1 claro.<\/p>\n<h2>BMW iX5 Hydrogen &#8211; CONDUCCI\u00d3N en BMW X5 con tecnolog\u00eda de hidr\u00f3geno &#8211; AutoRAI TV<\/h2>\n<\/p>\n<figure class=\"wp-block-embed is-type-video is-provider-youtube wp-block-embed-youtube wp-embed-aspect-16-9 wp-has-aspect-ratio\">\n<div class=\"wp-block-embed__wrapper\">\n<\/div>\n<\/figure>\n<h2>Calzado infantil<\/h2>\n<p>Todav\u00eda es muy raro subirse a un coche nuevo con una cadena cinem\u00e1tica de hidr\u00f3geno-el\u00e9ctrica. Esto se debe principalmente a que la tecnolog\u00eda a\u00fan est\u00e1 en pa\u00f1ales. Coches como el Toyota Mirai y el Hyundai Nexo ya est\u00e1n a la venta. Adem\u00e1s, el fabricante Honda tambi\u00e9n est\u00e1 muy avanzado en tecnolog\u00eda. Una sesi\u00f3n de aproximadamente 1,5 horas en el BMW iX5 Hydrogen deja claro r\u00e1pidamente que la tecnolog\u00eda del hidr\u00f3geno ya est\u00e1 preparada para ello. Estaremos encantados de explic\u00e1rselo.<\/p>\n<h2>El hidr\u00f3geno no es un combustible<\/h2>\n<p>El coche se conduce como un BMW X5 normal. Es el mayor cumplido para BMW. Es super silencioso, muy c\u00f3modo y ofrece un gran tacto de direcci\u00f3n, b\u00e1sicamente como esperamos del X5. Por supuesto, el iX5 Hydrogen se conduce totalmente el\u00e9ctrico, ya que es un error decir que el hidr\u00f3geno es un combustible. El hidr\u00f3geno es un vector energ\u00e9tico. En una pila de combustible, el hidr\u00f3geno reacciona con el ox\u00edgeno para producir electricidad. El \u00fanico producto residual: el vapor de agua del agua desmineralizada. Es potable, pero no muy saludable debido a la falta de minerales.<\/p>\n<figure class=\"wp-block-image size-content is-resized\"><img decoding=\"async\" loading=\"lazy\" src=\"https:\/\/autorai.nl\/wp-content\/uploads\/2023\/02\/BMW-iX5-Hydrogen-antwerpen-review-2023-foto-22-1140x759.jpg\" alt=\"BMW iX5 Hidr\u00f3geno\" class=\"wp-image-152317\" width=\"840\" height=\"559\"><\/figure>\n<h2>Conduce en el\u00e9ctrico en el BMW iX5 Hydrogen<\/h2>\n<p>Dado que el BMW iX5 Hydrogen es totalmente el\u00e9ctrico, tambi\u00e9n se beneficia de las caracter\u00edsticas propias de este tipo de propulsi\u00f3n. As\u00ed que tir\u00f3n instant\u00e1neo y siempre un agradable empuje en la parte trasera a todo gas. La cadena cinem\u00e1tica de este BMW X5 consta de varios componentes. Bajo el cap\u00f3 se esconde la pila de combustible, colocada en posici\u00f3n vertical. La potencia de la pila de combustible es de 125 kW (170 CV). En el eje trasero se esconde un potente motor el\u00e9ctrico procedente del <a href=\"https:\/\/www.youtube.com\/watch?v=LikxXlK9odo\" target=\"_blank\" rel=\"noreferrer noopener\">BMW iX<\/a>. Cuando la bater\u00eda de iones de litio de 2,3 kWh est\u00e1 totalmente cargada, rinde 401 CV (295 kW) con un impresionante par de 720 Nm.<\/p>\n<h2>BMW iX5 Hidr\u00f3geno<\/h2>\n<p>El hidr\u00f3geno necesario para la pila de combustible se almacena en dos dep\u00f3sitos de hidr\u00f3geno. Uno est\u00e1 situado longitudinalmente bajo el t\u00fanel central, mientras que el otro se encuentra transversalmente bajo el asiento trasero. Los dos dep\u00f3sitos tienen una capacidad de 6 kilogramos de hidr\u00f3geno, almacenado a una presi\u00f3n de 700 bares. Repostar hidr\u00f3geno s\u00f3lo lleva de tres a cuatro minutos. As\u00ed, con un precio de 17,99 euros por kilogramo de hidr\u00f3geno en una estaci\u00f3n de servicio de hidr\u00f3geno, hay que pensar en unos 100 euros para un dep\u00f3sito lleno. Con eso, puede recorrer otros 500 kil\u00f3metros (WLTP).<\/p>\n<figure class=\"wp-block-image size-content\"><img decoding=\"async\" loading=\"lazy\" width=\"1140\" height=\"760\" src=\"https:\/\/autorai.nl\/wp-content\/uploads\/2023\/02\/BMW-iX5-Hydrogen-antwerpen-review-2023-foto-72-1140x760.jpg\" alt=\"BMW iX5 Hidr\u00f3geno\" class=\"wp-image-152367\"><\/figure>\n<h2>Verde o azul, por favor<\/h2>\n<p>Bastante interesante, pues, sobre todo si el precio del hidr\u00f3geno baja en el futuro. La tecnolog\u00eda tiene pleno sentido si el hidr\u00f3geno se genera de forma verde o azul. Es decir, el hidr\u00f3geno se fabrica utilizando energ\u00eda solar o e\u00f3lica (verde) o hidroel\u00e9ctrica (azul). Actualmente, el hidr\u00f3geno sigue siendo \u00abgris\u00bb porque para fabricarlo se necesita gas natural. Queda mucho trabajo por hacer aqu\u00ed.<\/p>\n<h2>No lo conseguiremos s\u00f3lo con los BEV.<\/h2>\n<p>Prometedores son los parques solares del norte de \u00c1frica, donde miles de paneles solares no s\u00f3lo generan energ\u00eda, sino tambi\u00e9n hidr\u00f3geno cuando hay exceso de capacidad. La red de gasoductos hacia Europa ya est\u00e1 en marcha. De hecho, entonces obtendr\u00e1 hidr\u00f3geno \u00abgratis\u00bb y eso reducir\u00e1 enormemente el precio. Si el hidr\u00f3geno llega a ser realmente sostenible, se producir\u00e1 una enorme transici\u00f3n. Porque s\u00f3lo con los BEV no lo vamos a conseguir. Las pilas son tremendamente caras y requieren metales preciosos y, sobre todo, raros. Adem\u00e1s, con miles de millones de automovilistas, un coche de hidr\u00f3geno encaja mucho m\u00e1s en el modelo de usuario. Conducir, repostar brevemente y seguir adelante. Exactamente como ya est\u00e1 acostumbrado. As\u00ed de sencillo. Convertir las gasolineras de gasolina y gas\u00f3leo existentes en puntos de repostaje de hidr\u00f3geno tambi\u00e9n es bastante sencillo.<\/p>\n<figure class=\"wp-block-image size-content\"><img decoding=\"async\" loading=\"lazy\" width=\"1140\" height=\"760\" src=\"https:\/\/autorai.nl\/wp-content\/uploads\/2023\/02\/BMW-iX5-Hydrogen-antwerpen-review-2023-foto-14-1140x760.jpg\" alt=\"\" class=\"wp-image-152309\"><\/figure>\n<h2>Importante papel de los gobiernos y las empresas petroleras<\/h2>\n<p>Los gobiernos y las compa\u00f1\u00edas petroleras desempe\u00f1an un papel importante. \u00c9stas tienen el poder y el dinero para invertir en la tecnolog\u00eda del hidr\u00f3geno. Pero esas inversiones son lentas. No es de extra\u00f1ar, por supuesto, ya que las petroleras siguen ganando miles de millones con los combustibles f\u00f3siles. Aqu\u00ed priman los intereses comerciales sobre una movilidad m\u00e1s sostenible. En fin, esa es otra discusi\u00f3n. El hidr\u00f3geno aumenta, pero muy lentamente. Con los BEV es diferente.<\/p>\n<h2>\u00bfCu\u00e1nto me costar\u00e1?<\/h2>\n<p>En el fondo, todo tiene que ver con el precio adecuado. As\u00ed funciona el mundo. \u00bfQu\u00e9 me resulta m\u00e1s econ\u00f3mico y c\u00f3modo? Esta pregunta est\u00e1 en el centro de las preocupaciones de los consumidores. La confianza en la tecnolog\u00eda del hidr\u00f3geno es un hecho, ya que goza de gran popularidad. La cuesti\u00f3n no es si es mejor un BEV o un FCEV. Necesitamos ambos sistemas. No en vano, BMW est\u00e1 adquiriendo conocimientos y experiencia con el iX5 Hydrogen.<\/p>\n<figure class=\"wp-block-image size-content\"><img decoding=\"async\" loading=\"lazy\" width=\"1140\" height=\"759\" src=\"https:\/\/autorai.nl\/wp-content\/uploads\/2023\/02\/BMW-iX5-Hydrogen-antwerpen-review-2023-foto-68-1140x759.jpg\" alt=\"Interior del BMW iX5 Hydrogen\" class=\"wp-image-152363\"><\/figure>\n<h2>Producci\u00f3n en M\u00fanich<\/h2>\n<p>Por cierto, BMW produce el BMW iX5 Hydrogen en la planta piloto que el Grupo BMW tiene en <a href=\"https:\/\/autorai.nl\/bmw-ix5-hydrogen-zo-wordt-deze-waterstof-suv-gebouwd\/\">el Centro de Investigaci\u00f3n e Innovaci\u00f3n de M\u00fanich<\/a>. Se trata de una especie de centro entre la fase de desarrollo y la de producci\u00f3n a gran escala, donde se fabrica por primera vez cada nuevo modelo de una de las marcas del Grupo BMW.<\/p>\n<p>El centro emplea a unas 900 personas en carrocer\u00eda, ensamblaje, construcci\u00f3n de maquetas, construcci\u00f3n de veh\u00edculos conceptuales y fabricaci\u00f3n. Cada uno de ellos trabaja en hasta seis proyectos de veh\u00edculos simult\u00e1neamente y se encarga de garantizar que tanto el producto como el proceso de producci\u00f3n est\u00e9n listos para la fabricaci\u00f3n en serie.<\/p>\n<h2>Transici\u00f3n energ\u00e9tica mundial<\/h2>\n<p>Seg\u00fan un informe de la Agencia Internacional de la Energ\u00eda (AIE), el potencial del hidr\u00f3geno como futura fuente de energ\u00eda para la transici\u00f3n energ\u00e9tica mundial es enorme. Gracias a su capacidad de almacenamiento y transporte, el hidr\u00f3geno puede utilizarse para una amplia gama de aplicaciones. Por ello, la mayor\u00eda de los pa\u00edses industrializados est\u00e1n adoptando estrategias sobre el hidr\u00f3geno y apoy\u00e1ndolas con hojas de ruta y proyectos concretos.  <\/p>\n<p>En el sector del transporte, el hidr\u00f3geno, junto con la movilidad el\u00e9ctrica a pilas, podr\u00eda ser otra opci\u00f3n tecnol\u00f3gica para configurar una movilidad individual sostenible a largo plazo. Sin embargo, esto depender\u00e1 de la producci\u00f3n competitiva de cantidades suficientes de hidr\u00f3geno a partir de electricidad verde y de la expansi\u00f3n de la infraestructura asociada de repostaje de hidr\u00f3geno, que ya se est\u00e1 persiguiendo intensamente en muchos pa\u00edses. Tambi\u00e9n en los Pa\u00edses Bajos. Cada vez se abren m\u00e1s puntos de repostaje de hidr\u00f3geno en nuestro pa\u00eds.  <\/p>\n<figure class=\"wp-block-image size-content\"><img decoding=\"async\" loading=\"lazy\" width=\"1140\" height=\"760\" src=\"https:\/\/autorai.nl\/wp-content\/uploads\/2023\/02\/BMW-iX5-Hydrogen-antwerpen-review-2023-foto-84-1140x760.jpg\" alt=\"\" class=\"wp-image-152379\"><\/figure>\n<h2>Conclusi\u00f3n BMW iX5 Hydrogen 2023<\/h2>\n<p>Se podr\u00edan dedicar miles de palabras a la tecnolog\u00eda del hidr\u00f3geno. Simplemente porque hay mucho que contar y explicar. En <em>resumidas<\/em> cuentas, la tecnolog\u00eda del hidr\u00f3geno va a llegar. La pila de combustible avanza y ser\u00e1 cada vez m\u00e1s barata en un futuro pr\u00f3ximo. Si adem\u00e1s se a\u00f1aden m\u00e1s puntos de repostaje de hidr\u00f3geno en Europa, los coches bajan de precio y el hidr\u00f3geno se crea de forma sostenible, el futuro del hidr\u00f3geno parece muy prometedor. De alguna manera, es una pena y especialmente frustrante que el BMW iX5 Hydrogen ya est\u00e9 preparado para ello. Porque el coche se conduce muy bien y se siente completamente normal. En resumen: esto es lo que la gente quiere tener. Encogerse de hombros y seguir con el hidr\u00f3geno.<\/p>\n<h2>Datos t\u00e9cnicos BMW iX5 Hydrogen<\/h2>\n<ul>\n<li>Potencia m\u00e1xima del motor el\u00e9ctrico: 295 kW\/401 CV<\/li>\n<li>Par m\u00e1ximo del motor el\u00e9ctrico: 720 Nm<\/li>\n<li>Potencia continua de la pila de combustible: 125 kW\/170 CV<\/li>\n<li>Aceleraci\u00f3n 0-100 km\/h: menos de 6 segundos<\/li>\n<li>Velocidad m\u00e1xima: 205 km\/h (con la bater\u00eda totalmente cargada), 185 km\/h<\/li>\n<li>Consumo de hidr\u00f3geno en ciclo de pruebas WLTP: 1,19 kg\/100 km<\/li>\n<li>Autonom\u00eda ciclo de pruebas WLTP: 504 km<\/li>\n<li>Capacidad de 2 dep\u00f3sitos de hidr\u00f3geno: 6 kg de hidr\u00f3geno gaseoso<\/li>\n<li>Tiempo de llenado de los dep\u00f3sitos de hidr\u00f3geno: 3-4 minutos<\/li>\n<li>Accionamiento: ruedas traseras<\/li>\n<\/ul>\n<div class=\"galery shuffle galery-0\">\n<figure>\n\t\t\t\t\t<span style=\"cursor: pointer\" data-src=\"https:\/\/autorai.nl\/wp-content\/uploads\/2023\/02\/BMW-iX5-Hydrogen-antwerpen-review-2023-foto-2-1600x1065.jpg\" data-fancybox=\"galery-0\" title=\"In situ BMW iX5 Hydrogen Amberes\"><br \/>\n\t\t\t\t\t\t\t<img decoding=\"async\" width=\"640\" height=\"480\" src=\"https:\/\/autorai.nl\/wp-content\/uploads\/2023\/02\/BMW-iX5-Hydrogen-antwerpen-review-2023-foto-2-640x480.jpg\" class=\"attachment-medium size-medium\" alt=\"\" loading=\"lazy\"><i class=\"fa fa-search-plus\" aria-hidden=\"true\"><\/i><br \/>\n\t\t\t\t\t\t<\/span><br \/>\n\t\t\t\t\t<\/figure>\n<figure>\n\t\t\t\t\t<span style=\"cursor: pointer\" data-src=\"https:\/\/autorai.nl\/wp-content\/uploads\/2023\/02\/BMW-iX5-Hydrogen-antwerpen-review-2023-foto-4-1600x1065.jpg\" data-fancybox=\"galery-0\" title=\"In situ BMW iX5 Hydrogen Amberes\"><br \/>\n\t\t\t\t\t\t\t<img decoding=\"async\" width=\"360\" height=\"270\" src=\"https:\/\/autorai.nl\/wp-content\/uploads\/2023\/02\/BMW-iX5-Hydrogen-antwerpen-review-2023-foto-4-360x270.jpg\" class=\"attachment-small size-small\" alt=\"\" loading=\"lazy\"><i class=\"fa fa-search-plus\" aria-hidden=\"true\"><\/i><br \/>\n\t\t\t\t\t\t<\/span><br \/>\n\t\t\t\t\t<\/figure>\n<figure>\n\t\t\t\t\t<span style=\"cursor: pointer\" data-src=\"https:\/\/autorai.nl\/wp-content\/uploads\/2023\/02\/BMW-iX5-Hydrogen-antwerpen-review-2023-foto-6-1600x1065.jpg\" data-fancybox=\"galery-0\" title=\"In situ BMW iX5 Hydrogen Amberes\"><br \/>\n\t\t\t\t\t\t\t<img decoding=\"async\" width=\"360\" height=\"270\" src=\"https:\/\/autorai.nl\/wp-content\/uploads\/2023\/02\/BMW-iX5-Hydrogen-antwerpen-review-2023-foto-6-360x270.jpg\" class=\"attachment-small size-small\" alt=\"\" loading=\"lazy\"><i class=\"fa fa-search-plus\" aria-hidden=\"true\"><\/i><br \/>\n\t\t\t\t\t\t<\/span><br \/>\n\t\t\t\t\t<\/figure>\n<figure>\n\t\t\t\t\t<span style=\"cursor: pointer\" data-src=\"https:\/\/autorai.nl\/wp-content\/uploads\/2023\/02\/BMW-iX5-Hydrogen-antwerpen-review-2023-foto-7-1600x1065.jpg\" data-fancybox=\"galery-0\" title=\"In situ BMW iX5 Hydrogen Amberes\"><br \/>\n\t\t\t\t\t\t\t<img decoding=\"async\" width=\"640\" height=\"480\" src=\"https:\/\/autorai.nl\/wp-content\/uploads\/2023\/02\/BMW-iX5-Hydrogen-antwerpen-review-2023-foto-7-640x480.jpg\" class=\"attachment-medium size-medium\" alt=\"\" loading=\"lazy\"><i class=\"fa fa-search-plus\" aria-hidden=\"true\"><\/i><br \/>\n\t\t\t\t\t\t<\/span><br \/>\n\t\t\t\t\t<\/figure>\n<figure>\n\t\t\t\t\t<span style=\"cursor: pointer\" data-src=\"https:\/\/autorai.nl\/wp-content\/uploads\/2023\/02\/BMW-iX5-Hydrogen-antwerpen-review-2023-foto-10-1600x1065.jpg\" data-fancybox=\"galery-0\" title=\"In situ BMW iX5 Hydrogen Amberes\"><br \/>\n\t\t\t\t\t\t\t<img decoding=\"async\" width=\"360\" height=\"270\" src=\"https:\/\/autorai.nl\/wp-content\/uploads\/2023\/02\/BMW-iX5-Hydrogen-antwerpen-review-2023-foto-10-360x270.jpg\" class=\"attachment-small size-small\" alt=\"\" loading=\"lazy\"><i class=\"fa fa-search-plus\" aria-hidden=\"true\"><\/i><br \/>\n\t\t\t\t\t\t<\/span><br \/>\n\t\t\t\t\t<\/figure>\n<figure>\n\t\t\t\t\t<span style=\"cursor: pointer\" data-src=\"https:\/\/autorai.nl\/wp-content\/uploads\/2023\/02\/BMW-iX5-Hydrogen-antwerpen-review-2023-foto-16-1600x1067.jpg\" data-fancybox=\"galery-0\" title=\"In situ BMW iX5 Hydrogen Amberes\"><br \/>\n\t\t\t\t\t\t\t<img decoding=\"async\" width=\"360\" height=\"270\" src=\"https:\/\/autorai.nl\/wp-content\/uploads\/2023\/02\/BMW-iX5-Hydrogen-antwerpen-review-2023-foto-16-360x270.jpg\" class=\"attachment-small size-small\" alt=\"\" loading=\"lazy\"><i class=\"fa fa-search-plus\" aria-hidden=\"true\"><\/i><br \/>\n\t\t\t\t\t\t<\/span><br \/>\n\t\t\t\t\t<\/figure>\n<figure>\n\t\t\t\t\t<span style=\"cursor: pointer\" data-src=\"https:\/\/autorai.nl\/wp-content\/uploads\/2023\/02\/BMW-iX5-Hydrogen-antwerpen-review-2023-foto-18-1600x1065.jpg\" data-fancybox=\"galery-0\" title=\"In situ BMW iX5 Hydrogen Amberes\"><br \/>\n\t\t\t\t\t\t\t<img decoding=\"async\" width=\"640\" height=\"480\" src=\"https:\/\/autorai.nl\/wp-content\/uploads\/2023\/02\/BMW-iX5-Hydrogen-antwerpen-review-2023-foto-18-640x480.jpg\" class=\"attachment-medium size-medium\" alt=\"\" loading=\"lazy\"><i class=\"fa fa-search-plus\" aria-hidden=\"true\"><\/i><br \/>\n\t\t\t\t\t\t<\/span><br \/>\n\t\t\t\t\t<\/figure>\n<figure>\n\t\t\t\t\t<span style=\"cursor: pointer\" data-src=\"https:\/\/autorai.nl\/wp-content\/uploads\/2023\/02\/BMW-iX5-Hydrogen-antwerpen-review-2023-foto-21-1600x1065.jpg\" data-fancybox=\"galery-0\" title=\"In situ BMW iX5 Hydrogen Amberes\"><br \/>\n\t\t\t\t\t\t\t<img decoding=\"async\" width=\"360\" height=\"270\" src=\"https:\/\/autorai.nl\/wp-content\/uploads\/2023\/02\/BMW-iX5-Hydrogen-antwerpen-review-2023-foto-21-360x270.jpg\" class=\"attachment-small size-small\" alt=\"\" loading=\"lazy\"><i class=\"fa fa-search-plus\" aria-hidden=\"true\"><\/i><br \/>\n\t\t\t\t\t\t<\/span><br \/>\n\t\t\t\t\t<\/figure>\n<figure>\n\t\t\t\t\t<span style=\"cursor: pointer\" data-src=\"https:\/\/autorai.nl\/wp-content\/uploads\/2023\/02\/BMW-iX5-Hydrogen-antwerpen-review-2023-foto-27-1600x1067.jpg\" data-fancybox=\"galery-0\" title=\"In situ BMW iX5 Hydrogen Amberes\"><br \/>\n\t\t\t\t\t\t\t<img decoding=\"async\" width=\"360\" height=\"270\" src=\"https:\/\/autorai.nl\/wp-content\/uploads\/2023\/02\/BMW-iX5-Hydrogen-antwerpen-review-2023-foto-27-360x270.jpg\" class=\"attachment-small size-small\" alt=\"\" loading=\"lazy\"><i class=\"fa fa-search-plus\" aria-hidden=\"true\"><\/i><br \/>\n\t\t\t\t\t\t<\/span><br \/>\n\t\t\t\t\t<\/figure>\n<figure>\n\t\t\t\t\t<span style=\"cursor: pointer\" data-src=\"https:\/\/autorai.nl\/wp-content\/uploads\/2023\/02\/BMW-iX5-Hydrogen-antwerpen-review-2023-foto-24-1600x1065.jpg\" data-fancybox=\"galery-0\" title=\"In situ BMW iX5 Hydrogen Amberes\"><br \/>\n\t\t\t\t\t\t\t<img decoding=\"async\" width=\"640\" height=\"480\" src=\"https:\/\/autorai.nl\/wp-content\/uploads\/2023\/02\/BMW-iX5-Hydrogen-antwerpen-review-2023-foto-24-640x480.jpg\" class=\"attachment-medium size-medium\" alt=\"\" loading=\"lazy\"><i class=\"fa fa-search-plus\" aria-hidden=\"true\"><\/i><br \/>\n\t\t\t\t\t\t<\/span><br \/>\n\t\t\t\t\t<\/figure>\n<figure>\n\t\t\t\t\t<span style=\"cursor: pointer\" data-src=\"https:\/\/autorai.nl\/wp-content\/uploads\/2023\/02\/BMW-iX5-Hydrogen-antwerpen-review-2023-foto-32-1600x1067.jpg\" data-fancybox=\"galery-0\" title=\"In situ BMW iX5 Hydrogen Amberes\"><br \/>\n\t\t\t\t\t\t\t<img decoding=\"async\" width=\"360\" height=\"270\" src=\"https:\/\/autorai.nl\/wp-content\/uploads\/2023\/02\/BMW-iX5-Hydrogen-antwerpen-review-2023-foto-32-360x270.jpg\" class=\"attachment-small size-small\" alt=\"\" loading=\"lazy\"><i class=\"fa fa-search-plus\" aria-hidden=\"true\"><\/i><br \/>\n\t\t\t\t\t\t<\/span><br \/>\n\t\t\t\t\t<\/figure>\n<figure>\n\t\t\t\t\t<span style=\"cursor: pointer\" data-src=\"https:\/\/autorai.nl\/wp-content\/uploads\/2023\/02\/BMW-iX5-Hydrogen-antwerpen-review-2023-foto-36-1600x1067.jpg\" data-fancybox=\"galery-0\" title=\"In situ BMW iX5 Hydrogen Amberes\"><br \/>\n\t\t\t\t\t\t\t<img decoding=\"async\" width=\"360\" height=\"270\" src=\"https:\/\/autorai.nl\/wp-content\/uploads\/2023\/02\/BMW-iX5-Hydrogen-antwerpen-review-2023-foto-36-360x270.jpg\" class=\"attachment-small size-small\" alt=\"\" loading=\"lazy\"><i class=\"fa fa-search-plus\" aria-hidden=\"true\"><\/i><br \/>\n\t\t\t\t\t\t<\/span><br \/>\n\t\t\t\t\t<\/figure>\n<figure>\n\t\t\t\t\t<span style=\"cursor: pointer\" data-src=\"https:\/\/autorai.nl\/wp-content\/uploads\/2023\/02\/BMW-iX5-Hydrogen-antwerpen-review-2023-foto-37-1600x1067.jpg\" data-fancybox=\"galery-0\" title=\"In situ BMW iX5 Hydrogen Amberes\"><br \/>\n\t\t\t\t\t\t\t<img decoding=\"async\" width=\"640\" height=\"480\" src=\"https:\/\/autorai.nl\/wp-content\/uploads\/2023\/02\/BMW-iX5-Hydrogen-antwerpen-review-2023-foto-37-640x480.jpg\" class=\"attachment-medium size-medium\" alt=\"\" loading=\"lazy\"><i class=\"fa fa-search-plus\" aria-hidden=\"true\"><\/i><br \/>\n\t\t\t\t\t\t<\/span><br \/>\n\t\t\t\t\t<\/figure>\n<figure>\n\t\t\t\t\t<span style=\"cursor: pointer\" data-src=\"https:\/\/autorai.nl\/wp-content\/uploads\/2023\/02\/BMW-iX5-Hydrogen-antwerpen-review-2023-foto-30-1600x1067.jpg\" data-fancybox=\"galery-0\" title=\"In situ BMW iX5 Hydrogen Amberes\"><br \/>\n\t\t\t\t\t\t\t<img decoding=\"async\" width=\"360\" height=\"270\" src=\"https:\/\/autorai.nl\/wp-content\/uploads\/2023\/02\/BMW-iX5-Hydrogen-antwerpen-review-2023-foto-30-360x270.jpg\" class=\"attachment-small size-small\" alt=\"\" loading=\"lazy\"><i class=\"fa fa-search-plus\" aria-hidden=\"true\"><\/i><br \/>\n\t\t\t\t\t\t<\/span><br \/>\n\t\t\t\t\t<\/figure>\n<figure>\n\t\t\t\t\t<span style=\"cursor: pointer\" data-src=\"https:\/\/autorai.nl\/wp-content\/uploads\/2023\/02\/BMW-iX5-Hydrogen-antwerpen-review-2023-foto-38-1600x1067.jpg\" data-fancybox=\"galery-0\" title=\"In situ BMW iX5 Hydrogen Amberes\"><br \/>\n\t\t\t\t\t\t\t<img decoding=\"async\" width=\"360\" height=\"270\" src=\"https:\/\/autorai.nl\/wp-content\/uploads\/2023\/02\/BMW-iX5-Hydrogen-antwerpen-review-2023-foto-38-360x270.jpg\" class=\"attachment-small size-small\" alt=\"\" loading=\"lazy\"><i class=\"fa fa-search-plus\" aria-hidden=\"true\"><\/i><br \/>\n\t\t\t\t\t\t<\/span><br \/>\n\t\t\t\t\t<\/figure>\n<figure>\n\t\t\t\t\t<span style=\"cursor: pointer\" data-src=\"https:\/\/autorai.nl\/wp-content\/uploads\/2023\/02\/BMW-iX5-Hydrogen-antwerpen-review-2023-foto-31-1600x1067.jpg\" data-fancybox=\"galery-0\" title=\"In situ BMW iX5 Hydrogen Amberes\"><br \/>\n\t\t\t\t\t\t\t<img decoding=\"async\" width=\"640\" height=\"480\" src=\"https:\/\/autorai.nl\/wp-content\/uploads\/2023\/02\/BMW-iX5-Hydrogen-antwerpen-review-2023-foto-31-640x480.jpg\" class=\"attachment-medium size-medium\" alt=\"\" loading=\"lazy\"><i class=\"fa fa-search-plus\" aria-hidden=\"true\"><\/i><br \/>\n\t\t\t\t\t\t<\/span><br \/>\n\t\t\t\t\t<\/figure>\n<figure>\n\t\t\t\t\t<span style=\"cursor: pointer\" data-src=\"https:\/\/autorai.nl\/wp-content\/uploads\/2023\/02\/BMW-iX5-Hydrogen-antwerpen-review-2023-foto-33-1600x1067.jpg\" data-fancybox=\"galery-0\" title=\"In situ BMW iX5 Hydrogen Amberes\"><br \/>\n\t\t\t\t\t\t\t<img decoding=\"async\" width=\"360\" height=\"270\" src=\"https:\/\/autorai.nl\/wp-content\/uploads\/2023\/02\/BMW-iX5-Hydrogen-antwerpen-review-2023-foto-33-360x270.jpg\" class=\"attachment-small size-small\" alt=\"\" loading=\"lazy\"><i class=\"fa fa-search-plus\" aria-hidden=\"true\"><\/i><br \/>\n\t\t\t\t\t\t<\/span><br \/>\n\t\t\t\t\t<\/figure>\n<figure>\n\t\t\t\t\t<span style=\"cursor: pointer\" data-src=\"https:\/\/autorai.nl\/wp-content\/uploads\/2023\/02\/BMW-iX5-Hydrogen-antwerpen-review-2023-foto-40-1600x1067.jpg\" data-fancybox=\"galery-0\" title=\"In situ BMW iX5 Hydrogen Amberes\"><br \/>\n\t\t\t\t\t\t\t<img decoding=\"async\" width=\"360\" height=\"270\" src=\"https:\/\/autorai.nl\/wp-content\/uploads\/2023\/02\/BMW-iX5-Hydrogen-antwerpen-review-2023-foto-40-360x270.jpg\" class=\"attachment-small size-small\" alt=\"\" loading=\"lazy\"><i class=\"fa fa-search-plus\" aria-hidden=\"true\"><\/i><br \/>\n\t\t\t\t\t\t<\/span><br \/>\n\t\t\t\t\t<\/figure>\n<figure>\n\t\t\t\t\t<span style=\"cursor: pointer\" data-src=\"https:\/\/autorai.nl\/wp-content\/uploads\/2023\/02\/BMW-iX5-Hydrogen-antwerpen-review-2023-foto-42-1600x1067.jpg\" data-fancybox=\"galery-0\" title=\"In situ BMW iX5 Hydrogen Amberes\"><br \/>\n\t\t\t\t\t\t\t<img decoding=\"async\" width=\"640\" height=\"480\" src=\"https:\/\/autorai.nl\/wp-content\/uploads\/2023\/02\/BMW-iX5-Hydrogen-antwerpen-review-2023-foto-42-640x480.jpg\" class=\"attachment-medium size-medium\" alt=\"\" loading=\"lazy\"><i class=\"fa fa-search-plus\" aria-hidden=\"true\"><\/i><br \/>\n\t\t\t\t\t\t<\/span><br \/>\n\t\t\t\t\t<\/figure>\n<figure>\n\t\t\t\t\t<span style=\"cursor: pointer\" data-src=\"https:\/\/autorai.nl\/wp-content\/uploads\/2023\/02\/BMW-iX5-Hydrogen-antwerpen-review-2023-foto-41-1600x1067.jpg\" data-fancybox=\"galery-0\" title=\"In situ BMW iX5 Hydrogen Amberes\"><br \/>\n\t\t\t\t\t\t\t<img decoding=\"async\" width=\"360\" height=\"270\" src=\"https:\/\/autorai.nl\/wp-content\/uploads\/2023\/02\/BMW-iX5-Hydrogen-antwerpen-review-2023-foto-41-360x270.jpg\" class=\"attachment-small size-small\" alt=\"\" loading=\"lazy\"><i class=\"fa fa-search-plus\" aria-hidden=\"true\"><\/i><br \/>\n\t\t\t\t\t\t<\/span><br \/>\n\t\t\t\t\t<\/figure>\n<figure>\n\t\t\t\t\t<span style=\"cursor: pointer\" data-src=\"https:\/\/autorai.nl\/wp-content\/uploads\/2023\/02\/BMW-iX5-Hydrogen-antwerpen-review-2023-foto-45-1600x1067.jpg\" data-fancybox=\"galery-0\" title=\"In situ BMW iX5 Hydrogen Amberes\"><br \/>\n\t\t\t\t\t\t\t<img decoding=\"async\" width=\"360\" height=\"270\" src=\"https:\/\/autorai.nl\/wp-content\/uploads\/2023\/02\/BMW-iX5-Hydrogen-antwerpen-review-2023-foto-45-360x270.jpg\" class=\"attachment-small size-small\" alt=\"\" loading=\"lazy\"><i class=\"fa fa-search-plus\" aria-hidden=\"true\"><\/i><br \/>\n\t\t\t\t\t\t<\/span><br \/>\n\t\t\t\t\t<\/figure>\n<figure>\n\t\t\t\t\t<span style=\"cursor: pointer\" data-src=\"https:\/\/autorai.nl\/wp-content\/uploads\/2023\/02\/BMW-iX5-Hydrogen-antwerpen-review-2023-foto-44-1600x1067.jpg\" data-fancybox=\"galery-0\" title=\"In situ BMW iX5 Hydrogen Amberes\"><br \/>\n\t\t\t\t\t\t\t<img decoding=\"async\" width=\"640\" height=\"480\" src=\"https:\/\/autorai.nl\/wp-content\/uploads\/2023\/02\/BMW-iX5-Hydrogen-antwerpen-review-2023-foto-44-640x480.jpg\" class=\"attachment-medium size-medium\" alt=\"\" loading=\"lazy\"><i class=\"fa fa-search-plus\" aria-hidden=\"true\"><\/i><br \/>\n\t\t\t\t\t\t<\/span><br \/>\n\t\t\t\t\t<\/figure>\n<figure>\n\t\t\t\t\t<span style=\"cursor: pointer\" data-src=\"https:\/\/autorai.nl\/wp-content\/uploads\/2023\/02\/BMW-iX5-Hydrogen-antwerpen-review-2023-foto-52-1600x1067.jpg\" data-fancybox=\"galery-0\" title=\"In situ BMW iX5 Hydrogen Amberes\"><br \/>\n\t\t\t\t\t\t\t<img decoding=\"async\" width=\"360\" height=\"270\" src=\"https:\/\/autorai.nl\/wp-content\/uploads\/2023\/02\/BMW-iX5-Hydrogen-antwerpen-review-2023-foto-52-360x270.jpg\" class=\"attachment-small size-small\" alt=\"\" loading=\"lazy\"><i class=\"fa fa-search-plus\" aria-hidden=\"true\"><\/i><br \/>\n\t\t\t\t\t\t<\/span><br \/>\n\t\t\t\t\t<\/figure>\n<figure>\n\t\t\t\t\t<span style=\"cursor: pointer\" data-src=\"https:\/\/autorai.nl\/wp-content\/uploads\/2023\/02\/BMW-iX5-Hydrogen-antwerpen-review-2023-foto-46-1600x1067.jpg\" data-fancybox=\"galery-0\" title=\"In situ BMW iX5 Hydrogen Amberes\"><br \/>\n\t\t\t\t\t\t\t<img decoding=\"async\" width=\"360\" height=\"270\" src=\"https:\/\/autorai.nl\/wp-content\/uploads\/2023\/02\/BMW-iX5-Hydrogen-antwerpen-review-2023-foto-46-360x270.jpg\" class=\"attachment-small size-small\" alt=\"\" loading=\"lazy\"><i class=\"fa fa-search-plus\" aria-hidden=\"true\"><\/i><br \/>\n\t\t\t\t\t\t<\/span><br \/>\n\t\t\t\t\t<\/figure>\n<figure>\n\t\t\t\t\t<span style=\"cursor: pointer\" data-src=\"https:\/\/autorai.nl\/wp-content\/uploads\/2023\/02\/BMW-iX5-Hydrogen-antwerpen-review-2023-foto-43-1600x1067.jpg\" data-fancybox=\"galery-0\" title=\"In situ BMW iX5 Hydrogen Amberes\"><br \/>\n\t\t\t\t\t\t\t<img decoding=\"async\" width=\"640\" height=\"480\" src=\"https:\/\/autorai.nl\/wp-content\/uploads\/2023\/02\/BMW-iX5-Hydrogen-antwerpen-review-2023-foto-43-640x480.jpg\" class=\"attachment-medium size-medium\" alt=\"\" loading=\"lazy\"><i class=\"fa fa-search-plus\" aria-hidden=\"true\"><\/i><br \/>\n\t\t\t\t\t\t<\/span><br \/>\n\t\t\t\t\t<\/figure>\n<figure>\n\t\t\t\t\t<span style=\"cursor: pointer\" data-src=\"https:\/\/autorai.nl\/wp-content\/uploads\/2023\/02\/BMW-iX5-Hydrogen-antwerpen-review-2023-foto-39-1600x1067.jpg\" data-fancybox=\"galery-0\" title=\"In situ BMW iX5 Hydrogen Amberes\"><br \/>\n\t\t\t\t\t\t\t<img decoding=\"async\" width=\"360\" height=\"270\" src=\"https:\/\/autorai.nl\/wp-content\/uploads\/2023\/02\/BMW-iX5-Hydrogen-antwerpen-review-2023-foto-39-360x270.jpg\" class=\"attachment-small size-small\" alt=\"\" loading=\"lazy\"><i class=\"fa fa-search-plus\" aria-hidden=\"true\"><\/i><br \/>\n\t\t\t\t\t\t<\/span><br \/>\n\t\t\t\t\t<\/figure>\n<figure>\n\t\t\t\t\t<span style=\"cursor: pointer\" data-src=\"https:\/\/autorai.nl\/wp-content\/uploads\/2023\/02\/BMW-iX5-Hydrogen-antwerpen-review-2023-foto-48-1600x1067.jpg\" data-fancybox=\"galery-0\" title=\"In situ BMW iX5 Hydrogen Amberes\"><br \/>\n\t\t\t\t\t\t\t<img decoding=\"async\" width=\"360\" height=\"270\" src=\"https:\/\/autorai.nl\/wp-content\/uploads\/2023\/02\/BMW-iX5-Hydrogen-antwerpen-review-2023-foto-48-360x270.jpg\" class=\"attachment-small size-small\" alt=\"\" loading=\"lazy\"><i class=\"fa fa-search-plus\" aria-hidden=\"true\"><\/i><br \/>\n\t\t\t\t\t\t<\/span><br \/>\n\t\t\t\t\t<\/figure>\n<figure>\n\t\t\t\t\t<span style=\"cursor: pointer\" data-src=\"https:\/\/autorai.nl\/wp-content\/uploads\/2023\/02\/BMW-iX5-Hydrogen-antwerpen-review-2023-foto-53-1600x1067.jpg\" data-fancybox=\"galery-0\" title=\"In situ BMW iX5 Hydrogen Amberes\"><br \/>\n\t\t\t\t\t\t\t<img decoding=\"async\" width=\"640\" height=\"480\" src=\"https:\/\/autorai.nl\/wp-content\/uploads\/2023\/02\/BMW-iX5-Hydrogen-antwerpen-review-2023-foto-53-640x480.jpg\" class=\"attachment-medium size-medium\" alt=\"\" loading=\"lazy\"><i class=\"fa fa-search-plus\" aria-hidden=\"true\"><\/i><br \/>\n\t\t\t\t\t\t<\/span><br \/>\n\t\t\t\t\t<\/figure>\n<figure>\n\t\t\t\t\t<span style=\"cursor: pointer\" data-src=\"https:\/\/autorai.nl\/wp-content\/uploads\/2023\/02\/BMW-iX5-Hydrogen-antwerpen-review-2023-foto-54-1600x1067.jpg\" data-fancybox=\"galery-0\" title=\"In situ BMW iX5 Hydrogen Amberes\"><br \/>\n\t\t\t\t\t\t\t<img decoding=\"async\" width=\"360\" height=\"270\" src=\"https:\/\/autorai.nl\/wp-content\/uploads\/2023\/02\/BMW-iX5-Hydrogen-antwerpen-review-2023-foto-54-360x270.jpg\" class=\"attachment-small size-small\" alt=\"\" loading=\"lazy\"><i class=\"fa fa-search-plus\" aria-hidden=\"true\"><\/i><br \/>\n\t\t\t\t\t\t<\/span><br \/>\n\t\t\t\t\t<\/figure>\n<figure>\n\t\t\t\t\t<span style=\"cursor: pointer\" data-src=\"https:\/\/autorai.nl\/wp-content\/uploads\/2023\/02\/BMW-iX5-Hydrogen-antwerpen-review-2023-foto-49-1600x1067.jpg\" data-fancybox=\"galery-0\" title=\"In situ BMW iX5 Hydrogen Amberes\"><br \/>\n\t\t\t\t\t\t\t<img decoding=\"async\" width=\"360\" height=\"270\" src=\"https:\/\/autorai.nl\/wp-content\/uploads\/2023\/02\/BMW-iX5-Hydrogen-antwerpen-review-2023-foto-49-360x270.jpg\" class=\"attachment-small size-small\" alt=\"\" loading=\"lazy\"><i class=\"fa fa-search-plus\" aria-hidden=\"true\"><\/i><br \/>\n\t\t\t\t\t\t<\/span><br \/>\n\t\t\t\t\t<\/figure>\n<figure>\n\t\t\t\t\t<span style=\"cursor: pointer\" data-src=\"https:\/\/autorai.nl\/wp-content\/uploads\/2023\/02\/BMW-iX5-Hydrogen-antwerpen-review-2023-foto-56-1600x1067.jpg\" data-fancybox=\"galery-0\" title=\"In situ BMW iX5 Hydrogen Amberes\"><br \/>\n\t\t\t\t\t\t\t<img decoding=\"async\" width=\"640\" height=\"480\" src=\"https:\/\/autorai.nl\/wp-content\/uploads\/2023\/02\/BMW-iX5-Hydrogen-antwerpen-review-2023-foto-56-640x480.jpg\" class=\"attachment-medium size-medium\" alt=\"\" loading=\"lazy\"><i class=\"fa fa-search-plus\" aria-hidden=\"true\"><\/i><br \/>\n\t\t\t\t\t\t<\/span><br \/>\n\t\t\t\t\t<\/figure>\n<figure>\n\t\t\t\t\t<span style=\"cursor: pointer\" data-src=\"https:\/\/autorai.nl\/wp-content\/uploads\/2023\/02\/BMW-iX5-Hydrogen-antwerpen-review-2023-foto-59-1600x1067.jpg\" data-fancybox=\"galery-0\" title=\"In situ BMW iX5 Hydrogen Amberes\"><br \/>\n\t\t\t\t\t\t\t<img decoding=\"async\" width=\"360\" height=\"270\" src=\"https:\/\/autorai.nl\/wp-content\/uploads\/2023\/02\/BMW-iX5-Hydrogen-antwerpen-review-2023-foto-59-360x270.jpg\" class=\"attachment-small size-small\" alt=\"\" loading=\"lazy\"><i class=\"fa fa-search-plus\" aria-hidden=\"true\"><\/i><br \/>\n\t\t\t\t\t\t<\/span><br \/>\n\t\t\t\t\t<\/figure>\n<figure>\n\t\t\t\t\t<span style=\"cursor: pointer\" data-src=\"https:\/\/autorai.nl\/wp-content\/uploads\/2023\/02\/BMW-iX5-Hydrogen-antwerpen-review-2023-foto-61-1600x1067.jpg\" data-fancybox=\"galery-0\" title=\"In situ BMW iX5 Hydrogen Amberes\"><br \/>\n\t\t\t\t\t\t\t<img decoding=\"async\" width=\"360\" height=\"270\" src=\"https:\/\/autorai.nl\/wp-content\/uploads\/2023\/02\/BMW-iX5-Hydrogen-antwerpen-review-2023-foto-61-360x270.jpg\" class=\"attachment-small size-small\" alt=\"\" loading=\"lazy\"><i class=\"fa fa-search-plus\" aria-hidden=\"true\"><\/i><br \/>\n\t\t\t\t\t\t<\/span><br \/>\n\t\t\t\t\t<\/figure>\n<figure>\n\t\t\t\t\t<span style=\"cursor: pointer\" data-src=\"https:\/\/autorai.nl\/wp-content\/uploads\/2023\/02\/BMW-iX5-Hydrogen-antwerpen-review-2023-foto-55-1600x1067.jpg\" data-fancybox=\"galery-0\" title=\"In situ BMW iX5 Hydrogen Amberes\"><br \/>\n\t\t\t\t\t\t\t<img decoding=\"async\" width=\"640\" height=\"480\" src=\"https:\/\/autorai.nl\/wp-content\/uploads\/2023\/02\/BMW-iX5-Hydrogen-antwerpen-review-2023-foto-55-640x480.jpg\" class=\"attachment-medium size-medium\" alt=\"\" loading=\"lazy\"><i class=\"fa fa-search-plus\" aria-hidden=\"true\"><\/i><br \/>\n\t\t\t\t\t\t<\/span><br \/>\n\t\t\t\t\t<\/figure>\n<figure>\n\t\t\t\t\t<span style=\"cursor: pointer\" data-src=\"https:\/\/autorai.nl\/wp-content\/uploads\/2023\/02\/BMW-iX5-Hydrogen-antwerpen-review-2023-foto-57-1600x1067.jpg\" data-fancybox=\"galery-0\" title=\"In situ BMW iX5 Hydrogen Amberes\"><br \/>\n\t\t\t\t\t\t\t<img decoding=\"async\" width=\"360\" height=\"270\" src=\"https:\/\/autorai.nl\/wp-content\/uploads\/2023\/02\/BMW-iX5-Hydrogen-antwerpen-review-2023-foto-57-360x270.jpg\" class=\"attachment-small size-small\" alt=\"\" loading=\"lazy\"><i class=\"fa fa-search-plus\" aria-hidden=\"true\"><\/i><br \/>\n\t\t\t\t\t\t<\/span><br \/>\n\t\t\t\t\t<\/figure>\n<figure>\n\t\t\t\t\t<span style=\"cursor: pointer\" data-src=\"https:\/\/autorai.nl\/wp-content\/uploads\/2023\/02\/BMW-iX5-Hydrogen-antwerpen-review-2023-foto-62-1600x1067.jpg\" data-fancybox=\"galery-0\" title=\"In situ BMW iX5 Hydrogen Amberes\"><br \/>\n\t\t\t\t\t\t\t<img decoding=\"async\" width=\"360\" height=\"270\" src=\"https:\/\/autorai.nl\/wp-content\/uploads\/2023\/02\/BMW-iX5-Hydrogen-antwerpen-review-2023-foto-62-360x270.jpg\" class=\"attachment-small size-small\" alt=\"\" loading=\"lazy\"><i class=\"fa fa-search-plus\" aria-hidden=\"true\"><\/i><br \/>\n\t\t\t\t\t\t<\/span><br \/>\n\t\t\t\t\t<\/figure>\n<figure>\n\t\t\t\t\t<span style=\"cursor: pointer\" data-src=\"https:\/\/autorai.nl\/wp-content\/uploads\/2023\/02\/BMW-iX5-Hydrogen-antwerpen-review-2023-foto-65-1600x1067.jpg\" data-fancybox=\"galery-0\" title=\"In situ BMW iX5 Hydrogen Amberes\"><br \/>\n\t\t\t\t\t\t\t<img decoding=\"async\" width=\"640\" height=\"480\" src=\"https:\/\/autorai.nl\/wp-content\/uploads\/2023\/02\/BMW-iX5-Hydrogen-antwerpen-review-2023-foto-65-640x480.jpg\" class=\"attachment-medium size-medium\" alt=\"\" loading=\"lazy\"><i class=\"fa fa-search-plus\" aria-hidden=\"true\"><\/i><br \/>\n\t\t\t\t\t\t<\/span><br \/>\n\t\t\t\t\t<\/figure>\n<figure>\n\t\t\t\t\t<span style=\"cursor: pointer\" data-src=\"https:\/\/autorai.nl\/wp-content\/uploads\/2023\/02\/BMW-iX5-Hydrogen-antwerpen-review-2023-foto-58-1600x1067.jpg\" data-fancybox=\"galery-0\" title=\"In situ BMW iX5 Hydrogen Amberes\"><br \/>\n\t\t\t\t\t\t\t<img decoding=\"async\" width=\"360\" height=\"270\" src=\"https:\/\/autorai.nl\/wp-content\/uploads\/2023\/02\/BMW-iX5-Hydrogen-antwerpen-review-2023-foto-58-360x270.jpg\" class=\"attachment-small size-small\" alt=\"\" loading=\"lazy\"><i class=\"fa fa-search-plus\" aria-hidden=\"true\"><\/i><br \/>\n\t\t\t\t\t\t<\/span><br \/>\n\t\t\t\t\t<\/figure>\n<figure>\n\t\t\t\t\t<span style=\"cursor: pointer\" data-src=\"https:\/\/autorai.nl\/wp-content\/uploads\/2023\/02\/BMW-iX5-Hydrogen-antwerpen-review-2023-foto-67-1600x1065.jpg\" data-fancybox=\"galery-0\" title=\"In situ BMW iX5 Hydrogen Amberes\"><br \/>\n\t\t\t\t\t\t\t<img decoding=\"async\" width=\"360\" height=\"270\" src=\"https:\/\/autorai.nl\/wp-content\/uploads\/2023\/02\/BMW-iX5-Hydrogen-antwerpen-review-2023-foto-67-360x270.jpg\" class=\"attachment-small size-small\" alt=\"\" loading=\"lazy\"><i class=\"fa fa-search-plus\" aria-hidden=\"true\"><\/i><br \/>\n\t\t\t\t\t\t<\/span><br \/>\n\t\t\t\t\t<\/figure>\n<figure>\n\t\t\t\t\t<span style=\"cursor: pointer\" data-src=\"https:\/\/autorai.nl\/wp-content\/uploads\/2023\/02\/BMW-iX5-Hydrogen-antwerpen-review-2023-foto-69-1600x1067.jpg\" data-fancybox=\"galery-0\" title=\"In situ BMW iX5 Hydrogen Amberes\"><br \/>\n\t\t\t\t\t\t\t<img decoding=\"async\" width=\"640\" height=\"480\" src=\"https:\/\/autorai.nl\/wp-content\/uploads\/2023\/02\/BMW-iX5-Hydrogen-antwerpen-review-2023-foto-69-640x480.jpg\" class=\"attachment-medium size-medium\" alt=\"\" loading=\"lazy\"><i class=\"fa fa-search-plus\" aria-hidden=\"true\"><\/i><br \/>\n\t\t\t\t\t\t<\/span><br \/>\n\t\t\t\t\t<\/figure>\n<figure>\n\t\t\t\t\t<span style=\"cursor: pointer\" data-src=\"https:\/\/autorai.nl\/wp-content\/uploads\/2023\/02\/BMW-iX5-Hydrogen-antwerpen-review-2023-foto-63-1600x1067.jpg\" data-fancybox=\"galery-0\" title=\"In situ BMW iX5 Hydrogen Amberes\"><br \/>\n\t\t\t\t\t\t\t<img decoding=\"async\" width=\"360\" height=\"270\" src=\"https:\/\/autorai.nl\/wp-content\/uploads\/2023\/02\/BMW-iX5-Hydrogen-antwerpen-review-2023-foto-63-360x270.jpg\" class=\"attachment-small size-small\" alt=\"\" loading=\"lazy\"><i class=\"fa fa-search-plus\" aria-hidden=\"true\"><\/i><br \/>\n\t\t\t\t\t\t<\/span><br \/>\n\t\t\t\t\t<\/figure>\n<figure>\n\t\t\t\t\t<span style=\"cursor: pointer\" data-src=\"https:\/\/autorai.nl\/wp-content\/uploads\/2023\/02\/BMW-iX5-Hydrogen-antwerpen-review-2023-foto-64-1600x1067.jpg\" data-fancybox=\"galery-0\" title=\"In situ BMW iX5 Hydrogen Amberes\"><br \/>\n\t\t\t\t\t\t\t<img decoding=\"async\" width=\"360\" height=\"270\" src=\"https:\/\/autorai.nl\/wp-content\/uploads\/2023\/02\/BMW-iX5-Hydrogen-antwerpen-review-2023-foto-64-360x270.jpg\" class=\"attachment-small size-small\" alt=\"\" loading=\"lazy\"><i class=\"fa fa-search-plus\" aria-hidden=\"true\"><\/i><br \/>\n\t\t\t\t\t\t<\/span><br \/>\n\t\t\t\t\t<\/figure>\n<figure>\n\t\t\t\t\t<span style=\"cursor: pointer\" data-src=\"https:\/\/autorai.nl\/wp-content\/uploads\/2023\/02\/BMW-iX5-Hydrogen-antwerpen-review-2023-foto-70-1600x1067.jpg\" data-fancybox=\"galery-0\" title=\"In situ BMW iX5 Hydrogen Amberes\"><br \/>\n\t\t\t\t\t\t\t<img decoding=\"async\" width=\"640\" height=\"480\" src=\"https:\/\/autorai.nl\/wp-content\/uploads\/2023\/02\/BMW-iX5-Hydrogen-antwerpen-review-2023-foto-70-640x480.jpg\" class=\"attachment-medium size-medium\" alt=\"\" loading=\"lazy\"><i class=\"fa fa-search-plus\" aria-hidden=\"true\"><\/i><br \/>\n\t\t\t\t\t\t<\/span><br \/>\n\t\t\t\t\t<\/figure>\n<figure>\n\t\t\t\t\t<span style=\"cursor: pointer\" data-src=\"https:\/\/autorai.nl\/wp-content\/uploads\/2023\/02\/BMW-iX5-Hydrogen-antwerpen-review-2023-foto-71-1600x1067.jpg\" data-fancybox=\"galery-0\" title=\"In situ BMW iX5 Hydrogen Amberes\"><br \/>\n\t\t\t\t\t\t\t<img decoding=\"async\" width=\"360\" height=\"270\" src=\"https:\/\/autorai.nl\/wp-content\/uploads\/2023\/02\/BMW-iX5-Hydrogen-antwerpen-review-2023-foto-71-360x270.jpg\" class=\"attachment-small size-small\" alt=\"\" loading=\"lazy\"><i class=\"fa fa-search-plus\" aria-hidden=\"true\"><\/i><br \/>\n\t\t\t\t\t\t<\/span><br \/>\n\t\t\t\t\t<\/figure>\n<figure>\n\t\t\t\t\t<span style=\"cursor: pointer\" data-src=\"https:\/\/autorai.nl\/wp-content\/uploads\/2023\/02\/BMW-iX5-Hydrogen-antwerpen-review-2023-foto-73-1600x1067.jpg\" data-fancybox=\"galery-0\" title=\"In situ BMW iX5 Hydrogen Amberes\"><br \/>\n\t\t\t\t\t\t\t<img decoding=\"async\" width=\"360\" height=\"270\" src=\"https:\/\/autorai.nl\/wp-content\/uploads\/2023\/02\/BMW-iX5-Hydrogen-antwerpen-review-2023-foto-73-360x270.jpg\" class=\"attachment-small size-small\" alt=\"\" loading=\"lazy\"><i class=\"fa fa-search-plus\" aria-hidden=\"true\"><\/i><br \/>\n\t\t\t\t\t\t<\/span><br \/>\n\t\t\t\t\t<\/figure>\n<figure>\n\t\t\t\t\t<span style=\"cursor: pointer\" data-src=\"https:\/\/autorai.nl\/wp-content\/uploads\/2023\/02\/BMW-iX5-Hydrogen-antwerpen-review-2023-foto-74-1600x1067.jpg\" data-fancybox=\"galery-0\" title=\"In situ BMW iX5 Hydrogen Amberes\"><br \/>\n\t\t\t\t\t\t\t<img decoding=\"async\" width=\"640\" height=\"480\" src=\"https:\/\/autorai.nl\/wp-content\/uploads\/2023\/02\/BMW-iX5-Hydrogen-antwerpen-review-2023-foto-74-640x480.jpg\" class=\"attachment-medium size-medium\" alt=\"\" loading=\"lazy\"><i class=\"fa fa-search-plus\" aria-hidden=\"true\"><\/i><br \/>\n\t\t\t\t\t\t<\/span><br \/>\n\t\t\t\t\t<\/figure>\n<figure>\n\t\t\t\t\t<span style=\"cursor: pointer\" data-src=\"https:\/\/autorai.nl\/wp-content\/uploads\/2023\/02\/BMW-iX5-Hydrogen-antwerpen-review-2023-foto-75-1600x1067.jpg\" data-fancybox=\"galery-0\" title=\"In situ BMW iX5 Hydrogen Amberes\"><br \/>\n\t\t\t\t\t\t\t<img decoding=\"async\" width=\"360\" height=\"270\" src=\"https:\/\/autorai.nl\/wp-content\/uploads\/2023\/02\/BMW-iX5-Hydrogen-antwerpen-review-2023-foto-75-360x270.jpg\" class=\"attachment-small size-small\" alt=\"\" loading=\"lazy\"><i class=\"fa fa-search-plus\" aria-hidden=\"true\"><\/i><br \/>\n\t\t\t\t\t\t<\/span><br \/>\n\t\t\t\t\t<\/figure>\n<figure>\n\t\t\t\t\t<span style=\"cursor: pointer\" data-src=\"https:\/\/autorai.nl\/wp-content\/uploads\/2023\/02\/BMW-iX5-Hydrogen-antwerpen-review-2023-foto-76-1600x1067.jpg\" data-fancybox=\"galery-0\" title=\"In situ BMW iX5 Hydrogen Amberes\"><br \/>\n\t\t\t\t\t\t\t<img decoding=\"async\" width=\"360\" height=\"270\" src=\"https:\/\/autorai.nl\/wp-content\/uploads\/2023\/02\/BMW-iX5-Hydrogen-antwerpen-review-2023-foto-76-360x270.jpg\" class=\"attachment-small size-small\" alt=\"\" loading=\"lazy\"><i class=\"fa fa-search-plus\" aria-hidden=\"true\"><\/i><br \/>\n\t\t\t\t\t\t<\/span><br \/>\n\t\t\t\t\t<\/figure>\n<figure>\n\t\t\t\t\t<span style=\"cursor: pointer\" data-src=\"https:\/\/autorai.nl\/wp-content\/uploads\/2023\/02\/BMW-iX5-Hydrogen-antwerpen-review-2023-foto-78-1600x1065.jpg\" data-fancybox=\"galery-0\" title=\"In situ BMW iX5 Hydrogen Amberes\"><br \/>\n\t\t\t\t\t\t\t<img decoding=\"async\" width=\"640\" height=\"480\" src=\"https:\/\/autorai.nl\/wp-content\/uploads\/2023\/02\/BMW-iX5-Hydrogen-antwerpen-review-2023-foto-78-640x480.jpg\" class=\"attachment-medium size-medium\" alt=\"\" loading=\"lazy\"><i class=\"fa fa-search-plus\" aria-hidden=\"true\"><\/i><br \/>\n\t\t\t\t\t\t<\/span><br \/>\n\t\t\t\t\t<\/figure>\n<figure>\n\t\t\t\t\t<span style=\"cursor: pointer\" data-src=\"https:\/\/autorai.nl\/wp-content\/uploads\/2023\/02\/BMW-iX5-Hydrogen-antwerpen-review-2023-foto-77-1600x1065.jpg\" data-fancybox=\"galery-0\" title=\"In situ BMW iX5 Hydrogen Amberes\"><br \/>\n\t\t\t\t\t\t\t<img decoding=\"async\" width=\"360\" height=\"270\" src=\"https:\/\/autorai.nl\/wp-content\/uploads\/2023\/02\/BMW-iX5-Hydrogen-antwerpen-review-2023-foto-77-360x270.jpg\" class=\"attachment-small size-small\" alt=\"\" loading=\"lazy\"><i class=\"fa fa-search-plus\" aria-hidden=\"true\"><\/i><br \/>\n\t\t\t\t\t\t<\/span><br \/>\n\t\t\t\t\t<\/figure>\n<figure>\n\t\t\t\t\t<span style=\"cursor: pointer\" data-src=\"https:\/\/autorai.nl\/wp-content\/uploads\/2023\/02\/BMW-iX5-Hydrogen-antwerpen-review-2023-foto-85-1600x1067.jpg\" data-fancybox=\"galery-0\" title=\"In situ BMW iX5 Hydrogen Amberes\"><br \/>\n\t\t\t\t\t\t\t<img decoding=\"async\" width=\"360\" height=\"270\" src=\"https:\/\/autorai.nl\/wp-content\/uploads\/2023\/02\/BMW-iX5-Hydrogen-antwerpen-review-2023-foto-85-360x270.jpg\" class=\"attachment-small size-small\" alt=\"\" loading=\"lazy\"><i class=\"fa fa-search-plus\" aria-hidden=\"true\"><\/i><br \/>\n\t\t\t\t\t\t<\/span><br \/>\n\t\t\t\t\t<\/figure>\n<figure>\n\t\t\t\t\t<span style=\"cursor: pointer\" data-src=\"https:\/\/autorai.nl\/wp-content\/uploads\/2023\/02\/BMW-iX5-Hydrogen-antwerpen-review-2023-foto-79-1600x1067.jpg\" data-fancybox=\"galery-0\" title=\"In situ BMW iX5 Hydrogen Amberes\"><br \/>\n\t\t\t\t\t\t\t<img decoding=\"async\" width=\"640\" height=\"480\" src=\"https:\/\/autorai.nl\/wp-content\/uploads\/2023\/02\/BMW-iX5-Hydrogen-antwerpen-review-2023-foto-79-640x480.jpg\" class=\"attachment-medium size-medium\" alt=\"\" loading=\"lazy\"><i class=\"fa fa-search-plus\" aria-hidden=\"true\"><\/i><br \/>\n\t\t\t\t\t\t<\/span><br \/>\n\t\t\t\t\t<\/figure>\n<figure>\n\t\t\t\t\t<span style=\"cursor: pointer\" data-src=\"https:\/\/autorai.nl\/wp-content\/uploads\/2023\/02\/BMW-iX5-Hydrogen-antwerpen-review-2023-foto-80-1600x1067.jpg\" data-fancybox=\"galery-0\" title=\"In situ BMW iX5 Hydrogen Amberes\"><br \/>\n\t\t\t\t\t\t\t<img decoding=\"async\" width=\"360\" height=\"270\" src=\"https:\/\/autorai.nl\/wp-content\/uploads\/2023\/02\/BMW-iX5-Hydrogen-antwerpen-review-2023-foto-80-360x270.jpg\" class=\"attachment-small size-small\" alt=\"\" loading=\"lazy\"><i class=\"fa fa-search-plus\" aria-hidden=\"true\"><\/i><br \/>\n\t\t\t\t\t\t<\/span><br \/>\n\t\t\t\t\t<\/figure>\n<figure>\n\t\t\t\t\t<span style=\"cursor: pointer\" data-src=\"https:\/\/autorai.nl\/wp-content\/uploads\/2023\/02\/BMW-iX5-Hydrogen-antwerpen-review-2023-foto-82-1600x1067.jpg\" data-fancybox=\"galery-0\" title=\"In situ BMW iX5 Hydrogen Amberes\"><br \/>\n\t\t\t\t\t\t\t<img decoding=\"async\" width=\"360\" height=\"270\" src=\"https:\/\/autorai.nl\/wp-content\/uploads\/2023\/02\/BMW-iX5-Hydrogen-antwerpen-review-2023-foto-82-360x270.jpg\" class=\"attachment-small size-small\" alt=\"\" loading=\"lazy\"><i class=\"fa fa-search-plus\" aria-hidden=\"true\"><\/i><br \/>\n\t\t\t\t\t\t<\/span><br \/>\n\t\t\t\t\t<\/figure>\n<div class=\"clear\"><\/div>\n<\/div>\n","protected":false},"excerpt":{"rendered":"BMW iX5 Hydrogen review En los \u00faltimos cuatro a\u00f1os, BMW Group ha trabajado intensamente en el desarrollo de la tecnolog\u00eda&hellip;","protected":false},"author":0,"featured_media":132401,"comment_status":"","ping_status":"open","sticky":false,"template":"","format":"standard","meta":{"footnotes":""},"categories":[2,126],"tags":[],"class_list":["post-132425","post","type-post","status-publish","format-standard","has-post-thumbnail","hentry","category-autotests","category-noticias-de-autos"],"acf":[],"yoast_head":"<!-- This site is optimized with the Yoast SEO plugin v21.2 - https:\/\/yoast.com\/wordpress\/plugins\/seo\/ -->\n<title>Prueba - BMW iX5 Hydrogen: un BMW X5 propulsado por hidr\u00f3geno, \u00bfc\u00f3mo se conduce? - All cars news<\/title>\n<meta name=\"robots\" content=\"index, follow, max-snippet:-1, max-image-preview:large, max-video-preview:-1\" \/>\n<link rel=\"canonical\" href=\"https:\/\/all-car-news.com\/es\/prueba-bmw-ix5-hydrogen-un-bmw-x5-propulsado-por-hidrogeno-como-se-conduce\/\" \/>\n<meta property=\"og:locale\" content=\"es_ES\" \/>\n<meta property=\"og:type\" content=\"article\" \/>\n<meta property=\"og:title\" content=\"Prueba - BMW iX5 Hydrogen: un BMW X5 propulsado por hidr\u00f3geno, \u00bfc\u00f3mo se conduce? - All cars news\" \/>\n<meta property=\"og:description\" content=\"BMW iX5 Hydrogen review En los \u00faltimos cuatro a\u00f1os, BMW Group ha trabajado intensamente en el desarrollo de la tecnolog\u00eda del hidr\u00f3geno. La marca lo hace en colaboraci\u00f3n con Toyota. Sin embargo, hay muy poca tecnolog\u00eda Toyota en el BMW iX5 Hydrogen. S\u00f3lo la llamada pila de combustible procede de Toyota. Por lo dem\u00e1s, BMW lo tiene todo en [...]\" \/>\n<meta property=\"og:url\" content=\"https:\/\/all-car-news.com\/es\/prueba-bmw-ix5-hydrogen-un-bmw-x5-propulsado-por-hidrogeno-como-se-conduce\/\" \/>\n<meta property=\"og:site_name\" content=\"All cars news\" \/>\n<meta property=\"article:published_time\" content=\"2023-02-27T10:55:00+00:00\" \/>\n<meta property=\"og:image\" content=\"https:\/\/autorai.nl\/wp-content\/uploads\/2023\/02\/BMW-iX5-Hydrogen-antwerpen-review-2023-foto-83-1140x760.jpg\" \/>\n<meta name=\"twitter:card\" content=\"summary_large_image\" \/>\n<meta name=\"twitter:label1\" content=\"Tiempo de lectura\" \/>\n\t<meta name=\"twitter:data1\" content=\"9 minutos\" \/>\n<script type=\"application\/ld+json\" class=\"yoast-schema-graph\">{\"@context\":\"https:\/\/schema.org\",\"@graph\":[{\"@type\":\"Article\",\"@id\":\"https:\/\/all-car-news.com\/es\/prueba-bmw-ix5-hydrogen-un-bmw-x5-propulsado-por-hidrogeno-como-se-conduce\/#article\",\"isPartOf\":{\"@id\":\"https:\/\/all-car-news.com\/es\/prueba-bmw-ix5-hydrogen-un-bmw-x5-propulsado-por-hidrogeno-como-se-conduce\/\"},\"author\":{\"name\":\"\",\"@id\":\"\"},\"headline\":\"Prueba &#8211; BMW iX5 Hydrogen: un BMW X5 propulsado por hidr\u00f3geno, \u00bfc\u00f3mo se conduce?\",\"datePublished\":\"2023-02-27T10:55:00+00:00\",\"dateModified\":\"2023-02-27T10:55:00+00:00\",\"mainEntityOfPage\":{\"@id\":\"https:\/\/all-car-news.com\/es\/prueba-bmw-ix5-hydrogen-un-bmw-x5-propulsado-por-hidrogeno-como-se-conduce\/\"},\"wordCount\":1899,\"publisher\":{\"@id\":\"https:\/\/all-car-news.com\/es\/#organization\"},\"articleSection\":[\"Autotests\",\"noticias de autos\"],\"inLanguage\":\"es\"},{\"@type\":\"WebPage\",\"@id\":\"https:\/\/all-car-news.com\/es\/prueba-bmw-ix5-hydrogen-un-bmw-x5-propulsado-por-hidrogeno-como-se-conduce\/\",\"url\":\"https:\/\/all-car-news.com\/es\/prueba-bmw-ix5-hydrogen-un-bmw-x5-propulsado-por-hidrogeno-como-se-conduce\/\",\"name\":\"Prueba - BMW iX5 Hydrogen: un BMW X5 propulsado por hidr\u00f3geno, \u00bfc\u00f3mo se conduce? - All cars news\",\"isPartOf\":{\"@id\":\"https:\/\/all-car-news.com\/es\/#website\"},\"datePublished\":\"2023-02-27T10:55:00+00:00\",\"dateModified\":\"2023-02-27T10:55:00+00:00\",\"breadcrumb\":{\"@id\":\"https:\/\/all-car-news.com\/es\/prueba-bmw-ix5-hydrogen-un-bmw-x5-propulsado-por-hidrogeno-como-se-conduce\/#breadcrumb\"},\"inLanguage\":\"es\",\"potentialAction\":[{\"@type\":\"ReadAction\",\"target\":[\"https:\/\/all-car-news.com\/es\/prueba-bmw-ix5-hydrogen-un-bmw-x5-propulsado-por-hidrogeno-como-se-conduce\/\"]}]},{\"@type\":\"BreadcrumbList\",\"@id\":\"https:\/\/all-car-news.com\/es\/prueba-bmw-ix5-hydrogen-un-bmw-x5-propulsado-por-hidrogeno-como-se-conduce\/#breadcrumb\",\"itemListElement\":[{\"@type\":\"ListItem\",\"position\":1,\"name\":\"Home\",\"item\":\"https:\/\/all-car-news.com\/es\/\"},{\"@type\":\"ListItem\",\"position\":2,\"name\":\"Prueba &#8211; BMW iX5 Hydrogen: un BMW X5 propulsado por hidr\u00f3geno, \u00bfc\u00f3mo se conduce?\"}]},{\"@type\":\"WebSite\",\"@id\":\"https:\/\/all-car-news.com\/es\/#website\",\"url\":\"https:\/\/all-car-news.com\/es\/\",\"name\":\"All cars news\",\"description\":\"\",\"publisher\":{\"@id\":\"https:\/\/all-car-news.com\/es\/#organization\"},\"potentialAction\":[{\"@type\":\"SearchAction\",\"target\":{\"@type\":\"EntryPoint\",\"urlTemplate\":\"https:\/\/all-car-news.com\/es\/?s={search_term_string}\"},\"query-input\":\"required name=search_term_string\"}],\"inLanguage\":\"es\"},{\"@type\":\"Organization\",\"@id\":\"https:\/\/all-car-news.com\/es\/#organization\",\"name\":\"All cars news\",\"url\":\"https:\/\/all-car-news.com\/es\/\",\"logo\":{\"@type\":\"ImageObject\",\"inLanguage\":\"es\",\"@id\":\"https:\/\/all-car-news.com\/es\/#\/schema\/logo\/image\/\",\"url\":\"https:\/\/all-car-news.com\/wp-content\/uploads\/2022\/02\/CMYK-AllCarNews_LANDSCAPE_300px-1.png\",\"contentUrl\":\"https:\/\/all-car-news.com\/wp-content\/uploads\/2022\/02\/CMYK-AllCarNews_LANDSCAPE_300px-1.png\",\"width\":300,\"height\":100,\"caption\":\"All cars news\"},\"image\":{\"@id\":\"https:\/\/all-car-news.com\/es\/#\/schema\/logo\/image\/\"}}]}<\/script>\n<!-- \/ Yoast SEO plugin. -->","yoast_head_json":{"title":"Prueba - BMW iX5 Hydrogen: un BMW X5 propulsado por hidr\u00f3geno, \u00bfc\u00f3mo se conduce? - All cars news","robots":{"index":"index","follow":"follow","max-snippet":"max-snippet:-1","max-image-preview":"max-image-preview:large","max-video-preview":"max-video-preview:-1"},"canonical":"https:\/\/all-car-news.com\/es\/prueba-bmw-ix5-hydrogen-un-bmw-x5-propulsado-por-hidrogeno-como-se-conduce\/","og_locale":"es_ES","og_type":"article","og_title":"Prueba - BMW iX5 Hydrogen: un BMW X5 propulsado por hidr\u00f3geno, \u00bfc\u00f3mo se conduce? - All cars news","og_description":"BMW iX5 Hydrogen review En los \u00faltimos cuatro a\u00f1os, BMW Group ha trabajado intensamente en el desarrollo de la tecnolog\u00eda del hidr\u00f3geno. La marca lo hace en colaboraci\u00f3n con Toyota. Sin embargo, hay muy poca tecnolog\u00eda Toyota en el BMW iX5 Hydrogen. S\u00f3lo la llamada pila de combustible procede de Toyota. Por lo dem\u00e1s, BMW lo tiene todo en [...]","og_url":"https:\/\/all-car-news.com\/es\/prueba-bmw-ix5-hydrogen-un-bmw-x5-propulsado-por-hidrogeno-como-se-conduce\/","og_site_name":"All cars news","article_published_time":"2023-02-27T10:55:00+00:00","og_image":[{"url":"https:\/\/autorai.nl\/wp-content\/uploads\/2023\/02\/BMW-iX5-Hydrogen-antwerpen-review-2023-foto-83-1140x760.jpg"}],"twitter_card":"summary_large_image","twitter_misc":{"Tiempo de lectura":"9 minutos"},"schema":{"@context":"https:\/\/schema.org","@graph":[{"@type":"Article","@id":"https:\/\/all-car-news.com\/es\/prueba-bmw-ix5-hydrogen-un-bmw-x5-propulsado-por-hidrogeno-como-se-conduce\/#article","isPartOf":{"@id":"https:\/\/all-car-news.com\/es\/prueba-bmw-ix5-hydrogen-un-bmw-x5-propulsado-por-hidrogeno-como-se-conduce\/"},"author":{"name":"","@id":""},"headline":"Prueba &#8211; BMW iX5 Hydrogen: un BMW X5 propulsado por hidr\u00f3geno, \u00bfc\u00f3mo se conduce?","datePublished":"2023-02-27T10:55:00+00:00","dateModified":"2023-02-27T10:55:00+00:00","mainEntityOfPage":{"@id":"https:\/\/all-car-news.com\/es\/prueba-bmw-ix5-hydrogen-un-bmw-x5-propulsado-por-hidrogeno-como-se-conduce\/"},"wordCount":1899,"publisher":{"@id":"https:\/\/all-car-news.com\/es\/#organization"},"articleSection":["Autotests","noticias de autos"],"inLanguage":"es"},{"@type":"WebPage","@id":"https:\/\/all-car-news.com\/es\/prueba-bmw-ix5-hydrogen-un-bmw-x5-propulsado-por-hidrogeno-como-se-conduce\/","url":"https:\/\/all-car-news.com\/es\/prueba-bmw-ix5-hydrogen-un-bmw-x5-propulsado-por-hidrogeno-como-se-conduce\/","name":"Prueba - BMW iX5 Hydrogen: un BMW X5 propulsado por hidr\u00f3geno, \u00bfc\u00f3mo se conduce? - All cars news","isPartOf":{"@id":"https:\/\/all-car-news.com\/es\/#website"},"datePublished":"2023-02-27T10:55:00+00:00","dateModified":"2023-02-27T10:55:00+00:00","breadcrumb":{"@id":"https:\/\/all-car-news.com\/es\/prueba-bmw-ix5-hydrogen-un-bmw-x5-propulsado-por-hidrogeno-como-se-conduce\/#breadcrumb"},"inLanguage":"es","potentialAction":[{"@type":"ReadAction","target":["https:\/\/all-car-news.com\/es\/prueba-bmw-ix5-hydrogen-un-bmw-x5-propulsado-por-hidrogeno-como-se-conduce\/"]}]},{"@type":"BreadcrumbList","@id":"https:\/\/all-car-news.com\/es\/prueba-bmw-ix5-hydrogen-un-bmw-x5-propulsado-por-hidrogeno-como-se-conduce\/#breadcrumb","itemListElement":[{"@type":"ListItem","position":1,"name":"Home","item":"https:\/\/all-car-news.com\/es\/"},{"@type":"ListItem","position":2,"name":"Prueba &#8211; BMW iX5 Hydrogen: un BMW X5 propulsado por hidr\u00f3geno, \u00bfc\u00f3mo se conduce?"}]},{"@type":"WebSite","@id":"https:\/\/all-car-news.com\/es\/#website","url":"https:\/\/all-car-news.com\/es\/","name":"All cars news","description":"","publisher":{"@id":"https:\/\/all-car-news.com\/es\/#organization"},"potentialAction":[{"@type":"SearchAction","target":{"@type":"EntryPoint","urlTemplate":"https:\/\/all-car-news.com\/es\/?s={search_term_string}"},"query-input":"required name=search_term_string"}],"inLanguage":"es"},{"@type":"Organization","@id":"https:\/\/all-car-news.com\/es\/#organization","name":"All cars news","url":"https:\/\/all-car-news.com\/es\/","logo":{"@type":"ImageObject","inLanguage":"es","@id":"https:\/\/all-car-news.com\/es\/#\/schema\/logo\/image\/","url":"https:\/\/all-car-news.com\/wp-content\/uploads\/2022\/02\/CMYK-AllCarNews_LANDSCAPE_300px-1.png","contentUrl":"https:\/\/all-car-news.com\/wp-content\/uploads\/2022\/02\/CMYK-AllCarNews_LANDSCAPE_300px-1.png","width":300,"height":100,"caption":"All cars news"},"image":{"@id":"https:\/\/all-car-news.com\/es\/#\/schema\/logo\/image\/"}}]}},"_links":{"self":[{"href":"https:\/\/all-car-news.com\/es\/wp-json\/wp\/v2\/posts\/132425","targetHints":{"allow":["GET"]}}],"collection":[{"href":"https:\/\/all-car-news.com\/es\/wp-json\/wp\/v2\/posts"}],"about":[{"href":"https:\/\/all-car-news.com\/es\/wp-json\/wp\/v2\/types\/post"}],"replies":[{"embeddable":true,"href":"https:\/\/all-car-news.com\/es\/wp-json\/wp\/v2\/comments?post=132425"}],"version-history":[{"count":0,"href":"https:\/\/all-car-news.com\/es\/wp-json\/wp\/v2\/posts\/132425\/revisions"}],"wp:featuredmedia":[{"embeddable":true,"href":"https:\/\/all-car-news.com\/es\/wp-json\/wp\/v2\/media\/132401"}],"wp:attachment":[{"href":"https:\/\/all-car-news.com\/es\/wp-json\/wp\/v2\/media?parent=132425"}],"wp:term":[{"taxonomy":"category","embeddable":true,"href":"https:\/\/all-car-news.com\/es\/wp-json\/wp\/v2\/categories?post=132425"},{"taxonomy":"post_tag","embeddable":true,"href":"https:\/\/all-car-news.com\/es\/wp-json\/wp\/v2\/tags?post=132425"}],"curies":[{"name":"wp","href":"https:\/\/api.w.org\/{rel}","templated":true}]}}