{"id":132045,"date":"2023-02-16T14:55:00","date_gmt":"2023-02-16T14:55:00","guid":{"rendered":"https:\/\/all-car-news.com\/tesla-powerwall-una-bateria-tesla-para-la-pared-de-tu-casa-autorai-tv\/"},"modified":"2023-02-16T14:55:00","modified_gmt":"2023-02-16T14:55:00","slug":"tesla-powerwall-una-bateria-tesla-para-la-pared-de-tu-casa-autorai-tv","status":"publish","type":"post","link":"https:\/\/all-car-news.com\/es\/tesla-powerwall-una-bateria-tesla-para-la-pared-de-tu-casa-autorai-tv\/","title":{"rendered":"Tesla Powerwall: una bater\u00eda Tesla para la pared de tu casa &#8211; AutoRAI TV"},"content":{"rendered":"<h2>Tesla Powerwall en los Pa\u00edses Bajos<\/h2>\n<p>A medida que el coche se hace m\u00e1s inteligente, tambi\u00e9n lo hace el hogar. En el futuro, un coche el\u00e9ctrico de bater\u00eda podr\u00eda cooperar con tu propia casa, por ejemplo, funcionando como una fuente de energ\u00eda adicional. Cada vez m\u00e1s BEV disponen de la funci\u00f3n <em>\u00abveh\u00edculo-vivienda<\/em>\u00ab, por la que la energ\u00eda para los electrodom\u00e9sticos, pero tambi\u00e9n para la iluminaci\u00f3n, procede de la bater\u00eda del coche. Inteligente, por supuesto, porque as\u00ed es como se reducen las facturas de energ\u00eda. El Tesla Powerwall va un poco m\u00e1s all\u00e1.<\/p>\n<h2>Almacenamiento de energ\u00eda en el hogar<\/h2>\n<p>El fabricante de autom\u00f3viles Tesla tambi\u00e9n ve futuro en el almacenamiento dom\u00e9stico de energ\u00eda. Porque, obviamente, es un despilfarro que tus paneles solares generen energ\u00eda, pero luego devuelvan esa misma energ\u00eda a la red porque no haces nada con ella.<\/p>\n<figure class=\"wp-block-image size-content\"><img decoding=\"async\" loading=\"lazy\" width=\"1140\" height=\"735\" src=\"https:\/\/autorai.nl\/wp-content\/uploads\/2023\/02\/tesla-powerwall-2023-foto1-1140x735.jpg\" alt=\"Tesla Powerwall\" class=\"wp-image-151021\"><\/figure>\n<h2>R\u00e9gimen de venta<\/h2>\n<p>La eliminaci\u00f3n progresiva del sistema de medici\u00f3n neta va a dar un fuerte impulso al auge de las bater\u00edas dom\u00e9sticas. \u00bfMe coges el tel\u00e9fono? \u00bfR\u00e9gimen de tarificaci\u00f3n? Explicaci\u00f3n: la energ\u00eda solar que no utilizas t\u00fa mismo, la devuelves a la red. Gracias al sistema de medici\u00f3n neta, recibes por ella lo mismo que pagas por la electricidad que compras a la compa\u00f1\u00eda el\u00e9ctrica. Pero la cantidad de euros que te devuelven por la inyecci\u00f3n de electricidad disminuir\u00e1 en el futuro.<\/p>\n<p>El Gobierno tiene previsto suprimir gradualmente <a href=\"https:\/\/www.milieucentraal.nl\/energie-besparen\/zonnepanelen\/salderingsregeling-voor-zonnepanelen\/#de-salderingsregeling-nu-en-na-2023\" target=\"_blank\" rel=\"noreferrer noopener\">el sistema de medici\u00f3n neta<\/a> a partir del 1 de enero de 2025. A partir de 2025, se le permitir\u00e1 netear un poco menos cada a\u00f1o. A partir de 2031, no podr\u00e1s ganar nada. Entonces, la energ\u00eda inyectada ya no produce nada. Bien entonces. Seg\u00fan Tesla, la Tesla Powerwall es la soluci\u00f3n perfecta.<\/p>\n<figure class=\"wp-block-image size-content\"><img decoding=\"async\" loading=\"lazy\" width=\"1140\" height=\"855\" src=\"https:\/\/autorai.nl\/wp-content\/uploads\/2023\/02\/tesla-powerwall-2023-foto3-1140x855.jpg\" alt=\"Tesla Powerwall\" class=\"wp-image-151023\"><\/figure>\n<h2>Introducci\u00f3n Mercado neerland\u00e9s<\/h2>\n<p>En su sede de \u00c1msterdam cuelga el Powerwall que realmente saldr\u00e1 al mercado en los Pa\u00edses Bajos. Seg\u00fan Tesla, ser\u00e1 a finales de 2023 o durante 2024. Pero, por supuesto, nunca se puede estar seguro con Tesla. Pero no hay duda de que el Powerwall entrar\u00e1 en el mercado holand\u00e9s. El hecho es que nos gustar\u00eda mostrar brevemente la Powerwall, tambi\u00e9n porque la informaci\u00f3n sobre la Tesla Powerwall de la propia Tesla es todav\u00eda muy limitada.<\/p>\n<h2>\u00bfQu\u00e9 es eso exactamente, un Tesla Powerwall?<\/h2>\n<p>Powerwall es una bater\u00eda que almacena energ\u00eda, detecta los cortes de suministro y se convierte autom\u00e1ticamente en la fuente de alimentaci\u00f3n de tu casa cuando falla la red. La mejor soluci\u00f3n es conectar una Powerwall a paneles solares para cargar la bater\u00eda con energ\u00eda solar. Un Powerwall completo puede alimentar tu casa durante d\u00edas. Esto le hace menos dependiente de la red, ya que almacena energ\u00eda solar para utilizarla cuando no brilla el sol.<\/p>\n<h2>TESLA POWERWALL: una bater\u00eda Tesla para la pared de tu casa &#8211; AutoRAI TV<\/h2>\n<\/p>\n<figure class=\"wp-block-embed is-type-video is-provider-youtube wp-block-embed-youtube wp-embed-aspect-16-9 wp-has-aspect-ratio\">\n<div class=\"wp-block-embed__wrapper\">\n<\/div>\n<\/figure>\n<h2>Nevera plana grande<\/h2>\n<p>El Powerwall de Tesla tiene un aspecto minimalista. Es como una gran nevera plana. Tesla ha mantenido deliberadamente el dise\u00f1o discreto para que el aparato, de 1,15 metros de altura, se adapte a cualquier tipo de vivienda. La Powerwall pesa 114 kilogramos y alberga 13,5 kWh de bater\u00edas. Puede suministrar 7 kW de potencia m\u00e1xima y 5 kW de potencia continua. La Powerwall puede instalarse en el suelo o en la pared, en interiores o exteriores. Puede conectar hasta 10 Powerwalls entre s\u00ed, por lo que tambi\u00e9n son posibles soluciones para instalaciones m\u00e1s grandes. Entre -20 \u00b0C y +50 \u00b0C, la Powerwall es segura de usar. Adem\u00e1s, tienes 10 a\u00f1os de garant\u00eda.<\/p>\n<h2>Casi sin botones<\/h2>\n<p>Lo que destaca es la cantidad m\u00ednima de botones. No se ven cables ni el m\u00f3dulo tiene conductos de ventilaci\u00f3n. Para que los ni\u00f1os y las mascotas no puedan hacerse da\u00f1o.<\/p>\n<h2>Precio del Tesla Powerwall<\/h2>\n<p>Y lo m\u00e1s importante: el precio. Bueno, Tesla a\u00fan no tiene uno. Pero en Estados Unidos, Tesla lleva a\u00f1os suministrando muros de contenci\u00f3n. Para bater\u00edas de unos 14 kWh, pagar\u00e1 entre 9.500 y 11.500 euros, IVA e instalaci\u00f3n incluidos. Pero esto es puramente una estimaci\u00f3n. Tesla anunciar\u00e1 <a href=\"https:\/\/www.tesla.com\/nl_nl\/powerwall\" target=\"_blank\" rel=\"noreferrer noopener\">m\u00e1s informaci\u00f3n<\/a> sobre la entrega y el precio a su debido tiempo.<\/p>\n","protected":false},"excerpt":{"rendered":"Tesla Powerwall en los Pa\u00edses Bajos El coche es cada vez m\u00e1s inteligente, y el hogar tambi\u00e9n. En el futuro,&hellip;","protected":false},"author":0,"featured_media":132020,"comment_status":"open","ping_status":"open","sticky":false,"template":"","format":"standard","meta":{"footnotes":""},"categories":[129,204,126,181],"tags":[],"class_list":["post-132045","post","type-post","status-publish","format-standard","has-post-thumbnail","hentry","category-fondo","category-gadgets-es","category-noticias-de-autos","category-tecnologia"],"acf":[],"yoast_head":"<!-- This site is optimized with the Yoast SEO plugin v21.2 - https:\/\/yoast.com\/wordpress\/plugins\/seo\/ -->\n<title>Tesla Powerwall: una bater\u00eda Tesla para la pared de tu casa - AutoRAI TV - All cars news<\/title>\n<meta name=\"robots\" content=\"index, follow, max-snippet:-1, max-image-preview:large, max-video-preview:-1\" \/>\n<link rel=\"canonical\" href=\"https:\/\/all-car-news.com\/es\/tesla-powerwall-una-bateria-tesla-para-la-pared-de-tu-casa-autorai-tv\/\" \/>\n<meta property=\"og:locale\" content=\"es_ES\" \/>\n<meta property=\"og:type\" content=\"article\" \/>\n<meta property=\"og:title\" content=\"Tesla Powerwall: una bater\u00eda Tesla para la pared de tu casa - AutoRAI TV - All cars news\" \/>\n<meta property=\"og:description\" content=\"Tesla Powerwall en los Pa\u00edses Bajos El coche es cada vez m\u00e1s inteligente, y el hogar tambi\u00e9n. En el futuro, un coche el\u00e9ctrico de bater\u00eda podr\u00eda cooperar con tu propia casa, por ejemplo, funcionando como una fuente de energ\u00eda adicional. Cada vez m\u00e1s BEV disponen de la funci\u00f3n &quot;veh\u00edculo a casa&quot;, por la que la energ\u00eda para los electrodom\u00e9sticos, pero tambi\u00e9n para la iluminaci\u00f3n, procede de la bater\u00eda del [...].\" \/>\n<meta property=\"og:url\" content=\"https:\/\/all-car-news.com\/es\/tesla-powerwall-una-bateria-tesla-para-la-pared-de-tu-casa-autorai-tv\/\" \/>\n<meta property=\"og:site_name\" content=\"All cars news\" \/>\n<meta property=\"article:published_time\" content=\"2023-02-16T14:55:00+00:00\" \/>\n<meta property=\"og:image\" content=\"https:\/\/autorai.nl\/wp-content\/uploads\/2023\/02\/tesla-powerwall-2023-foto1-1140x735.jpg\" \/>\n<meta name=\"twitter:card\" content=\"summary_large_image\" \/>\n<meta name=\"twitter:label1\" content=\"Tiempo de lectura\" \/>\n\t<meta name=\"twitter:data1\" content=\"4 minutos\" \/>\n<script type=\"application\/ld+json\" class=\"yoast-schema-graph\">{\"@context\":\"https:\/\/schema.org\",\"@graph\":[{\"@type\":\"Article\",\"@id\":\"https:\/\/all-car-news.com\/es\/tesla-powerwall-una-bateria-tesla-para-la-pared-de-tu-casa-autorai-tv\/#article\",\"isPartOf\":{\"@id\":\"https:\/\/all-car-news.com\/es\/tesla-powerwall-una-bateria-tesla-para-la-pared-de-tu-casa-autorai-tv\/\"},\"author\":{\"name\":\"\",\"@id\":\"\"},\"headline\":\"Tesla Powerwall: una bater\u00eda Tesla para la pared de tu casa &#8211; AutoRAI TV\",\"datePublished\":\"2023-02-16T14:55:00+00:00\",\"dateModified\":\"2023-02-16T14:55:00+00:00\",\"mainEntityOfPage\":{\"@id\":\"https:\/\/all-car-news.com\/es\/tesla-powerwall-una-bateria-tesla-para-la-pared-de-tu-casa-autorai-tv\/\"},\"wordCount\":749,\"commentCount\":0,\"publisher\":{\"@id\":\"https:\/\/all-car-news.com\/es\/#organization\"},\"articleSection\":[\"Fondo\",\"Gadgets\",\"noticias de autos\",\"Tecnolog\u00eda\"],\"inLanguage\":\"es\",\"potentialAction\":[{\"@type\":\"CommentAction\",\"name\":\"Comment\",\"target\":[\"https:\/\/all-car-news.com\/es\/tesla-powerwall-una-bateria-tesla-para-la-pared-de-tu-casa-autorai-tv\/#respond\"]}]},{\"@type\":\"WebPage\",\"@id\":\"https:\/\/all-car-news.com\/es\/tesla-powerwall-una-bateria-tesla-para-la-pared-de-tu-casa-autorai-tv\/\",\"url\":\"https:\/\/all-car-news.com\/es\/tesla-powerwall-una-bateria-tesla-para-la-pared-de-tu-casa-autorai-tv\/\",\"name\":\"Tesla Powerwall: una bater\u00eda Tesla para la pared de tu casa - AutoRAI TV - All cars news\",\"isPartOf\":{\"@id\":\"https:\/\/all-car-news.com\/es\/#website\"},\"datePublished\":\"2023-02-16T14:55:00+00:00\",\"dateModified\":\"2023-02-16T14:55:00+00:00\",\"breadcrumb\":{\"@id\":\"https:\/\/all-car-news.com\/es\/tesla-powerwall-una-bateria-tesla-para-la-pared-de-tu-casa-autorai-tv\/#breadcrumb\"},\"inLanguage\":\"es\",\"potentialAction\":[{\"@type\":\"ReadAction\",\"target\":[\"https:\/\/all-car-news.com\/es\/tesla-powerwall-una-bateria-tesla-para-la-pared-de-tu-casa-autorai-tv\/\"]}]},{\"@type\":\"BreadcrumbList\",\"@id\":\"https:\/\/all-car-news.com\/es\/tesla-powerwall-una-bateria-tesla-para-la-pared-de-tu-casa-autorai-tv\/#breadcrumb\",\"itemListElement\":[{\"@type\":\"ListItem\",\"position\":1,\"name\":\"Home\",\"item\":\"https:\/\/all-car-news.com\/es\/\"},{\"@type\":\"ListItem\",\"position\":2,\"name\":\"Tesla Powerwall: una bater\u00eda Tesla para la pared de tu casa &#8211; AutoRAI TV\"}]},{\"@type\":\"WebSite\",\"@id\":\"https:\/\/all-car-news.com\/es\/#website\",\"url\":\"https:\/\/all-car-news.com\/es\/\",\"name\":\"All cars news\",\"description\":\"\",\"publisher\":{\"@id\":\"https:\/\/all-car-news.com\/es\/#organization\"},\"potentialAction\":[{\"@type\":\"SearchAction\",\"target\":{\"@type\":\"EntryPoint\",\"urlTemplate\":\"https:\/\/all-car-news.com\/es\/?s={search_term_string}\"},\"query-input\":\"required name=search_term_string\"}],\"inLanguage\":\"es\"},{\"@type\":\"Organization\",\"@id\":\"https:\/\/all-car-news.com\/es\/#organization\",\"name\":\"All cars news\",\"url\":\"https:\/\/all-car-news.com\/es\/\",\"logo\":{\"@type\":\"ImageObject\",\"inLanguage\":\"es\",\"@id\":\"https:\/\/all-car-news.com\/es\/#\/schema\/logo\/image\/\",\"url\":\"https:\/\/all-car-news.com\/wp-content\/uploads\/2022\/02\/CMYK-AllCarNews_LANDSCAPE_300px-1.png\",\"contentUrl\":\"https:\/\/all-car-news.com\/wp-content\/uploads\/2022\/02\/CMYK-AllCarNews_LANDSCAPE_300px-1.png\",\"width\":300,\"height\":100,\"caption\":\"All cars news\"},\"image\":{\"@id\":\"https:\/\/all-car-news.com\/es\/#\/schema\/logo\/image\/\"}}]}<\/script>\n<!-- \/ Yoast SEO plugin. -->","yoast_head_json":{"title":"Tesla Powerwall: una bater\u00eda Tesla para la pared de tu casa - AutoRAI TV - All cars news","robots":{"index":"index","follow":"follow","max-snippet":"max-snippet:-1","max-image-preview":"max-image-preview:large","max-video-preview":"max-video-preview:-1"},"canonical":"https:\/\/all-car-news.com\/es\/tesla-powerwall-una-bateria-tesla-para-la-pared-de-tu-casa-autorai-tv\/","og_locale":"es_ES","og_type":"article","og_title":"Tesla Powerwall: una bater\u00eda Tesla para la pared de tu casa - AutoRAI TV - All cars news","og_description":"Tesla Powerwall en los Pa\u00edses Bajos El coche es cada vez m\u00e1s inteligente, y el hogar tambi\u00e9n. En el futuro, un coche el\u00e9ctrico de bater\u00eda podr\u00eda cooperar con tu propia casa, por ejemplo, funcionando como una fuente de energ\u00eda adicional. Cada vez m\u00e1s BEV disponen de la funci\u00f3n \"veh\u00edculo a casa\", por la que la energ\u00eda para los electrodom\u00e9sticos, pero tambi\u00e9n para la iluminaci\u00f3n, procede de la bater\u00eda del [...].","og_url":"https:\/\/all-car-news.com\/es\/tesla-powerwall-una-bateria-tesla-para-la-pared-de-tu-casa-autorai-tv\/","og_site_name":"All cars news","article_published_time":"2023-02-16T14:55:00+00:00","og_image":[{"url":"https:\/\/autorai.nl\/wp-content\/uploads\/2023\/02\/tesla-powerwall-2023-foto1-1140x735.jpg"}],"twitter_card":"summary_large_image","twitter_misc":{"Tiempo de lectura":"4 minutos"},"schema":{"@context":"https:\/\/schema.org","@graph":[{"@type":"Article","@id":"https:\/\/all-car-news.com\/es\/tesla-powerwall-una-bateria-tesla-para-la-pared-de-tu-casa-autorai-tv\/#article","isPartOf":{"@id":"https:\/\/all-car-news.com\/es\/tesla-powerwall-una-bateria-tesla-para-la-pared-de-tu-casa-autorai-tv\/"},"author":{"name":"","@id":""},"headline":"Tesla Powerwall: una bater\u00eda Tesla para la pared de tu casa &#8211; AutoRAI TV","datePublished":"2023-02-16T14:55:00+00:00","dateModified":"2023-02-16T14:55:00+00:00","mainEntityOfPage":{"@id":"https:\/\/all-car-news.com\/es\/tesla-powerwall-una-bateria-tesla-para-la-pared-de-tu-casa-autorai-tv\/"},"wordCount":749,"commentCount":0,"publisher":{"@id":"https:\/\/all-car-news.com\/es\/#organization"},"articleSection":["Fondo","Gadgets","noticias de autos","Tecnolog\u00eda"],"inLanguage":"es","potentialAction":[{"@type":"CommentAction","name":"Comment","target":["https:\/\/all-car-news.com\/es\/tesla-powerwall-una-bateria-tesla-para-la-pared-de-tu-casa-autorai-tv\/#respond"]}]},{"@type":"WebPage","@id":"https:\/\/all-car-news.com\/es\/tesla-powerwall-una-bateria-tesla-para-la-pared-de-tu-casa-autorai-tv\/","url":"https:\/\/all-car-news.com\/es\/tesla-powerwall-una-bateria-tesla-para-la-pared-de-tu-casa-autorai-tv\/","name":"Tesla Powerwall: una bater\u00eda Tesla para la pared de tu casa - AutoRAI TV - All cars news","isPartOf":{"@id":"https:\/\/all-car-news.com\/es\/#website"},"datePublished":"2023-02-16T14:55:00+00:00","dateModified":"2023-02-16T14:55:00+00:00","breadcrumb":{"@id":"https:\/\/all-car-news.com\/es\/tesla-powerwall-una-bateria-tesla-para-la-pared-de-tu-casa-autorai-tv\/#breadcrumb"},"inLanguage":"es","potentialAction":[{"@type":"ReadAction","target":["https:\/\/all-car-news.com\/es\/tesla-powerwall-una-bateria-tesla-para-la-pared-de-tu-casa-autorai-tv\/"]}]},{"@type":"BreadcrumbList","@id":"https:\/\/all-car-news.com\/es\/tesla-powerwall-una-bateria-tesla-para-la-pared-de-tu-casa-autorai-tv\/#breadcrumb","itemListElement":[{"@type":"ListItem","position":1,"name":"Home","item":"https:\/\/all-car-news.com\/es\/"},{"@type":"ListItem","position":2,"name":"Tesla Powerwall: una bater\u00eda Tesla para la pared de tu casa &#8211; AutoRAI TV"}]},{"@type":"WebSite","@id":"https:\/\/all-car-news.com\/es\/#website","url":"https:\/\/all-car-news.com\/es\/","name":"All cars news","description":"","publisher":{"@id":"https:\/\/all-car-news.com\/es\/#organization"},"potentialAction":[{"@type":"SearchAction","target":{"@type":"EntryPoint","urlTemplate":"https:\/\/all-car-news.com\/es\/?s={search_term_string}"},"query-input":"required name=search_term_string"}],"inLanguage":"es"},{"@type":"Organization","@id":"https:\/\/all-car-news.com\/es\/#organization","name":"All cars news","url":"https:\/\/all-car-news.com\/es\/","logo":{"@type":"ImageObject","inLanguage":"es","@id":"https:\/\/all-car-news.com\/es\/#\/schema\/logo\/image\/","url":"https:\/\/all-car-news.com\/wp-content\/uploads\/2022\/02\/CMYK-AllCarNews_LANDSCAPE_300px-1.png","contentUrl":"https:\/\/all-car-news.com\/wp-content\/uploads\/2022\/02\/CMYK-AllCarNews_LANDSCAPE_300px-1.png","width":300,"height":100,"caption":"All cars news"},"image":{"@id":"https:\/\/all-car-news.com\/es\/#\/schema\/logo\/image\/"}}]}},"_links":{"self":[{"href":"https:\/\/all-car-news.com\/es\/wp-json\/wp\/v2\/posts\/132045","targetHints":{"allow":["GET"]}}],"collection":[{"href":"https:\/\/all-car-news.com\/es\/wp-json\/wp\/v2\/posts"}],"about":[{"href":"https:\/\/all-car-news.com\/es\/wp-json\/wp\/v2\/types\/post"}],"replies":[{"embeddable":true,"href":"https:\/\/all-car-news.com\/es\/wp-json\/wp\/v2\/comments?post=132045"}],"version-history":[{"count":0,"href":"https:\/\/all-car-news.com\/es\/wp-json\/wp\/v2\/posts\/132045\/revisions"}],"wp:featuredmedia":[{"embeddable":true,"href":"https:\/\/all-car-news.com\/es\/wp-json\/wp\/v2\/media\/132020"}],"wp:attachment":[{"href":"https:\/\/all-car-news.com\/es\/wp-json\/wp\/v2\/media?parent=132045"}],"wp:term":[{"taxonomy":"category","embeddable":true,"href":"https:\/\/all-car-news.com\/es\/wp-json\/wp\/v2\/categories?post=132045"},{"taxonomy":"post_tag","embeddable":true,"href":"https:\/\/all-car-news.com\/es\/wp-json\/wp\/v2\/tags?post=132045"}],"curies":[{"name":"wp","href":"https:\/\/api.w.org\/{rel}","templated":true}]}}