{"id":130117,"date":"2023-01-17T16:05:47","date_gmt":"2023-01-17T16:05:47","guid":{"rendered":"https:\/\/all-car-news.com\/jeremy-clarkson-despedido-de-nuevo-por-los-disturbios-amazon-abandona-the-grand-tour\/"},"modified":"2023-01-17T16:05:47","modified_gmt":"2023-01-17T16:05:47","slug":"jeremy-clarkson-despedido-de-nuevo-por-los-disturbios-amazon-abandona-the-grand-tour","status":"publish","type":"post","link":"https:\/\/all-car-news.com\/es\/jeremy-clarkson-despedido-de-nuevo-por-los-disturbios-amazon-abandona-the-grand-tour\/","title":{"rendered":"Jeremy Clarkson despedido de nuevo por los disturbios &#8211; \u00abAmazon abandona The Grand Tour\u00bb"},"content":{"rendered":"<h2><em>El Gran Tour<\/em><\/h2>\n<p>Parece que Clarkson, Hammond y May tendr\u00e1n que volver a buscar un nuevo empleador. Una vez m\u00e1s, Jeremy Clarkson es la raz\u00f3n por la que el tr\u00edo acaba desempleado en casa. En 2015, <em>Top Gear<\/em> y su famoso tr\u00edo dejaron de existir porque la BBC no quiso renovar el contrato de Clarkson, que expiraba. Presuntamente golpe\u00f3 a un <em>productor de Top Gear<\/em>. Seg\u00fan la habitualmente bien informada revista Variety, ni siquiera en Amazon Prime quieren seguir trabajando con el brit\u00e1nico de 62 a\u00f1os.<\/p>\n<h2><strong>\u00bfQu\u00e9 est\u00e1 pasando?<\/strong><\/h2>\n<p>A finales de diciembre, Clarkson escribi\u00f3 en su columna semanal en  <em>El Sol<\/em>  que odiaba a Megan Markle, la esposa del pr\u00edncipe Harry de Gran Breta\u00f1a, y que yac\u00eda en la cama \u00abso\u00f1ando con el d\u00eda en que tenga que desfilar desnuda por las calles de todas las ciudades de Gran Breta\u00f1a mientras la multitud grita \u00ab\u00a1qu\u00e9 verg\u00fcenza!\u00bb y le arroja trozos de excrementos\u00bb|.<\/p>\n<h2>Juego de Tronos<\/h2>\n<p>Clarkson se refer\u00eda a una <em>escena de Juego de Tronos<\/em> en la que la reina Cersei se somet\u00eda a este tratamiento. No todos los lectores se dieron cuenta de ello, o s\u00ed, pero se limitaron a pensar que se trataba de un texto repugnante. Clarkson recibi\u00f3 montones de cr\u00edticas casi de inmediato. El peri\u00f3dico recibi\u00f3 6.000 quejas y m\u00e1s de 60 pol\u00edticos brit\u00e1nicos exigieron que se tomaran medidas contra el brit\u00e1nico. Se disculp\u00f3 r\u00e1pidamente en Internet, pero no fue suficiente. Por ello, el domingo public\u00f3 otra nota de disculpa en Instagram.<\/p>\n<p><em>El texto contin\u00faa debajo del post de Instagram<\/em><\/p>\n<blockquote class=\"instagram-media\" data-instgrm-captioned=\"\" data-instgrm-permalink=\"https:\/\/www.instagram.com\/p\/Cnep9lSsnie\/?utm_source=ig_embed&amp;utm_campaign=loading\" data-instgrm-version=\"14\" style=\"background:#FFF;border:0;border-radius:3px;margin: 1px;max-width:540px;min-width:326px;padding:0;width:99.375%;width:-webkit-calc(100% - 2px);width:calc(100% - 2px)\">\n<div style=\"padding:16px\"> <a href=\"https:\/\/www.instagram.com\/p\/Cnep9lSsnie\/?utm_source=ig_embed&amp;utm_campaign=loading\" style=\"background:#FFFFFF;line-height:0;padding:0 0;text-align:center;text-decoration:none;width:100%\" target=\"_blank\" rel=\"noopener\"> <\/p>\n<div style=\"flex-direction: row;align-items: center\">\n<div style=\"background-color: #F4F4F4;border-radius: 50%;flex-grow: 0;height: 40px;margin-right: 14px;width: 40px\"><\/div>\n<div style=\"flex-direction: column;flex-grow: 1;justify-content: center\">\n<div style=\"background-color: #F4F4F4;border-radius: 4px;flex-grow: 0;height: 14px;margin-bottom: 6px;width: 100px\"><\/div>\n<div style=\"background-color: #F4F4F4;border-radius: 4px;flex-grow: 0;height: 14px;width: 60px\"><\/div>\n<\/div>\n<\/div>\n<div style=\"padding: 19% 0\"><\/div>\n<div style=\"height:50px;margin:0 auto 12px;width:50px\"><\/div>\n<div style=\"padding-top: 8px\">\n<div style=\"color:#3897f0;font-family:Arial,sans-serif;font-size:14px;font-style:normal;font-weight:550;line-height:18px\">Ver esta publicaci\u00f3n en Instagram<\/div>\n<\/div>\n<div style=\"padding: 12.5% 0\"><\/div>\n<div style=\"flex-direction: row;margin-bottom: 14px;align-items: center\">\n<div>\n<div style=\"background-color: #F4F4F4;border-radius: 50%;height: 12.5px;width: 12.5px\"><\/div>\n<div style=\"background-color: #F4F4F4;height: 12.5px;width: 12.5px;flex-grow: 0;margin-right: 14px;margin-left: 2px\"><\/div>\n<div style=\"background-color: #F4F4F4;border-radius: 50%;height: 12.5px;width: 12.5px\"><\/div>\n<\/div>\n<div style=\"margin-left: 8px\">\n<div style=\"background-color: #F4F4F4;border-radius: 50%;flex-grow: 0;height: 20px;width: 20px\"><\/div>\n<div style=\"width: 0;height: 0;border-top: 2px solid transparent;border-left: 6px solid #f4f4f4;border-bottom: 2px solid transparent\"><\/div>\n<\/div>\n<div style=\"margin-left: auto\">\n<div style=\"width: 0px;border-top: 8px solid #F4F4F4;border-right: 8px solid transparent\"><\/div>\n<div style=\"background-color: #F4F4F4;flex-grow: 0;height: 12px;width: 16px\"><\/div>\n<div style=\"width: 0;height: 0;border-top: 8px solid #F4F4F4;border-left: 8px solid transparent\"><\/div>\n<\/div>\n<\/div>\n<div style=\"flex-direction: column;flex-grow: 1;justify-content: center;margin-bottom: 24px\">\n<div style=\"background-color: #F4F4F4;border-radius: 4px;flex-grow: 0;height: 14px;margin-bottom: 6px;width: 224px\"><\/div>\n<div style=\"background-color: #F4F4F4;border-radius: 4px;flex-grow: 0;height: 14px;width: 144px\"><\/div>\n<\/div>\n<p><\/a><\/p>\n<p style=\"color:#c9c8cd;font-family:Arial,sans-serif;font-size:14px;line-height:17px;margin-bottom:0;margin-top:8px;overflow:hidden;padding:8px 0 7px;text-align:center\"><a href=\"https:\/\/www.instagram.com\/p\/Cnep9lSsnie\/?utm_source=ig_embed&amp;utm_campaign=loading\" style=\"color:#c9c8cd;font-family:Arial,sans-serif;font-size:14px;font-style:normal;font-weight:normal;line-height:17px;text-decoration:none\" target=\"_blank\" rel=\"noopener\">Una publicaci\u00f3n compartida por Jeremy Clarkson (@jeremyclarkson1)<\/a><\/p>\n<\/div>\n<\/blockquote>\n<h2><strong>Amazon Prime<\/strong><\/h2>\n<p>A pesar de su declaraci\u00f3n de culpabilidad, Amazon Prime quiere poner fin a los dos programas que Clarkson realiza para el servicio de streaming: <em>The Grand Tour<\/em> y <em>Clarkson&#8217;s Farm<\/em>. Los programas ya grabados y anunciados -incluidas dos temporadas de Clarkson&#8217;s Farm y cuatro especiales de The Grand Tour- seguir\u00e1n apareciendo en el servicio. A partir de 2024, los programas dejar\u00e1n de emitirse por Prime Video. As\u00ed que han terminado con Clarkson, pero s\u00f3lo cuando todo el contenido est\u00e9 creado y en l\u00ednea. Amazon a\u00fan no ha respondido a los rumores <a href=\"https:\/\/variety.com\/2023\/tv\/global\/jeremy-clarkson-amazon-grand-tour-canceled-1235490701\/\" target=\"_blank\" rel=\"noreferrer noopener\">de Variety<\/a>.<\/p>\n<p>Lee tambi\u00e9n: <a href=\"https:\/\/autorai.nl\/hoelang-kun-je-met-een-elektrische-auto-in-de-file-staan-voordat-de-batterij-leeg-raakt\/\">\u00bfCu\u00e1nto tiempo puedes pasar en un atasco con un coche el\u00e9ctrico?<\/a><\/p>\n<figure class=\"wp-block-embed is-type-wp-embed is-provider-autorai-nl wp-block-embed-autorai-nl\">\n<div class=\"wp-block-embed__wrapper\">\n<blockquote class=\"wp-embedded-content\" data-secret=\"oOtaIOEzIw\"><p><a href=\"https:\/\/autorai.nl\/hoelang-kun-je-met-een-elektrische-auto-in-de-file-staan-voordat-de-batterij-leeg-raakt\/\">\u00bfCu\u00e1nto tiempo se puede conducir un coche el\u00e9ctrico en un atasco antes de que se agote la bater\u00eda?<\/a><\/p><\/blockquote>\n<\/div>\n<\/figure>\n","protected":false},"excerpt":{"rendered":"The Grand Tour Parece que Clarkson, Hammond y May tendr\u00e1n que volver a buscar un nuevo empleador. Una vez m\u00e1s,&hellip;","protected":false},"author":0,"featured_media":130081,"comment_status":"open","ping_status":"open","sticky":false,"template":"","format":"standard","meta":{"footnotes":""},"categories":[178,129],"tags":[],"class_list":["post-130117","post","type-post","status-publish","format-standard","has-post-thumbnail","hentry","category-diversion","category-fondo"],"acf":[],"yoast_head":"<!-- This site is optimized with the Yoast SEO plugin v21.2 - https:\/\/yoast.com\/wordpress\/plugins\/seo\/ -->\n<title>Jeremy Clarkson despedido de nuevo por los disturbios - &quot;Amazon abandona The Grand Tour&quot; - All cars news<\/title>\n<meta name=\"robots\" content=\"index, follow, max-snippet:-1, max-image-preview:large, max-video-preview:-1\" \/>\n<link rel=\"canonical\" href=\"https:\/\/all-car-news.com\/es\/jeremy-clarkson-despedido-de-nuevo-por-los-disturbios-amazon-abandona-the-grand-tour\/\" \/>\n<meta property=\"og:locale\" content=\"es_ES\" \/>\n<meta property=\"og:type\" content=\"article\" \/>\n<meta property=\"og:title\" content=\"Jeremy Clarkson despedido de nuevo por los disturbios - &quot;Amazon abandona The Grand Tour&quot; - All cars news\" \/>\n<meta property=\"og:description\" content=\"The Grand Tour Parece que Clarkson, Hammond y May tendr\u00e1n que volver a buscar un nuevo empleador. Una vez m\u00e1s, Jeremy Clarkson es la raz\u00f3n por la que el tr\u00edo acaba desempleado en casa. En 2015, Top Gear y su famoso tr\u00edo dejaron de existir porque la BBC no [...] el contrato de Clarkson que expiraba.\" \/>\n<meta property=\"og:url\" content=\"https:\/\/all-car-news.com\/es\/jeremy-clarkson-despedido-de-nuevo-por-los-disturbios-amazon-abandona-the-grand-tour\/\" \/>\n<meta property=\"og:site_name\" content=\"All cars news\" \/>\n<meta property=\"article:published_time\" content=\"2023-01-17T16:05:47+00:00\" \/>\n<meta name=\"twitter:card\" content=\"summary_large_image\" \/>\n<meta name=\"twitter:label1\" content=\"Tiempo de lectura\" \/>\n\t<meta name=\"twitter:data1\" content=\"2 minutos\" \/>\n<script type=\"application\/ld+json\" class=\"yoast-schema-graph\">{\"@context\":\"https:\/\/schema.org\",\"@graph\":[{\"@type\":\"Article\",\"@id\":\"https:\/\/all-car-news.com\/es\/jeremy-clarkson-despedido-de-nuevo-por-los-disturbios-amazon-abandona-the-grand-tour\/#article\",\"isPartOf\":{\"@id\":\"https:\/\/all-car-news.com\/es\/jeremy-clarkson-despedido-de-nuevo-por-los-disturbios-amazon-abandona-the-grand-tour\/\"},\"author\":{\"name\":\"\",\"@id\":\"\"},\"headline\":\"Jeremy Clarkson despedido de nuevo por los disturbios &#8211; \u00abAmazon abandona The Grand Tour\u00bb\",\"datePublished\":\"2023-01-17T16:05:47+00:00\",\"dateModified\":\"2023-01-17T16:05:47+00:00\",\"mainEntityOfPage\":{\"@id\":\"https:\/\/all-car-news.com\/es\/jeremy-clarkson-despedido-de-nuevo-por-los-disturbios-amazon-abandona-the-grand-tour\/\"},\"wordCount\":441,\"commentCount\":0,\"publisher\":{\"@id\":\"https:\/\/all-car-news.com\/es\/#organization\"},\"articleSection\":[\"Diversi\u00f3n\",\"Fondo\"],\"inLanguage\":\"es\",\"potentialAction\":[{\"@type\":\"CommentAction\",\"name\":\"Comment\",\"target\":[\"https:\/\/all-car-news.com\/es\/jeremy-clarkson-despedido-de-nuevo-por-los-disturbios-amazon-abandona-the-grand-tour\/#respond\"]}]},{\"@type\":\"WebPage\",\"@id\":\"https:\/\/all-car-news.com\/es\/jeremy-clarkson-despedido-de-nuevo-por-los-disturbios-amazon-abandona-the-grand-tour\/\",\"url\":\"https:\/\/all-car-news.com\/es\/jeremy-clarkson-despedido-de-nuevo-por-los-disturbios-amazon-abandona-the-grand-tour\/\",\"name\":\"Jeremy Clarkson despedido de nuevo por los disturbios - \\\"Amazon abandona The Grand Tour\\\" - All cars news\",\"isPartOf\":{\"@id\":\"https:\/\/all-car-news.com\/es\/#website\"},\"datePublished\":\"2023-01-17T16:05:47+00:00\",\"dateModified\":\"2023-01-17T16:05:47+00:00\",\"breadcrumb\":{\"@id\":\"https:\/\/all-car-news.com\/es\/jeremy-clarkson-despedido-de-nuevo-por-los-disturbios-amazon-abandona-the-grand-tour\/#breadcrumb\"},\"inLanguage\":\"es\",\"potentialAction\":[{\"@type\":\"ReadAction\",\"target\":[\"https:\/\/all-car-news.com\/es\/jeremy-clarkson-despedido-de-nuevo-por-los-disturbios-amazon-abandona-the-grand-tour\/\"]}]},{\"@type\":\"BreadcrumbList\",\"@id\":\"https:\/\/all-car-news.com\/es\/jeremy-clarkson-despedido-de-nuevo-por-los-disturbios-amazon-abandona-the-grand-tour\/#breadcrumb\",\"itemListElement\":[{\"@type\":\"ListItem\",\"position\":1,\"name\":\"Home\",\"item\":\"https:\/\/all-car-news.com\/es\/\"},{\"@type\":\"ListItem\",\"position\":2,\"name\":\"Jeremy Clarkson despedido de nuevo por los disturbios &#8211; \u00abAmazon abandona The Grand Tour\u00bb\"}]},{\"@type\":\"WebSite\",\"@id\":\"https:\/\/all-car-news.com\/es\/#website\",\"url\":\"https:\/\/all-car-news.com\/es\/\",\"name\":\"All cars news\",\"description\":\"\",\"publisher\":{\"@id\":\"https:\/\/all-car-news.com\/es\/#organization\"},\"potentialAction\":[{\"@type\":\"SearchAction\",\"target\":{\"@type\":\"EntryPoint\",\"urlTemplate\":\"https:\/\/all-car-news.com\/es\/?s={search_term_string}\"},\"query-input\":\"required name=search_term_string\"}],\"inLanguage\":\"es\"},{\"@type\":\"Organization\",\"@id\":\"https:\/\/all-car-news.com\/es\/#organization\",\"name\":\"All cars news\",\"url\":\"https:\/\/all-car-news.com\/es\/\",\"logo\":{\"@type\":\"ImageObject\",\"inLanguage\":\"es\",\"@id\":\"https:\/\/all-car-news.com\/es\/#\/schema\/logo\/image\/\",\"url\":\"https:\/\/all-car-news.com\/wp-content\/uploads\/2022\/02\/CMYK-AllCarNews_LANDSCAPE_300px-1.png\",\"contentUrl\":\"https:\/\/all-car-news.com\/wp-content\/uploads\/2022\/02\/CMYK-AllCarNews_LANDSCAPE_300px-1.png\",\"width\":300,\"height\":100,\"caption\":\"All cars news\"},\"image\":{\"@id\":\"https:\/\/all-car-news.com\/es\/#\/schema\/logo\/image\/\"}}]}<\/script>\n<!-- \/ Yoast SEO plugin. -->","yoast_head_json":{"title":"Jeremy Clarkson despedido de nuevo por los disturbios - \"Amazon abandona The Grand Tour\" - All cars news","robots":{"index":"index","follow":"follow","max-snippet":"max-snippet:-1","max-image-preview":"max-image-preview:large","max-video-preview":"max-video-preview:-1"},"canonical":"https:\/\/all-car-news.com\/es\/jeremy-clarkson-despedido-de-nuevo-por-los-disturbios-amazon-abandona-the-grand-tour\/","og_locale":"es_ES","og_type":"article","og_title":"Jeremy Clarkson despedido de nuevo por los disturbios - \"Amazon abandona The Grand Tour\" - All cars news","og_description":"The Grand Tour Parece que Clarkson, Hammond y May tendr\u00e1n que volver a buscar un nuevo empleador. Una vez m\u00e1s, Jeremy Clarkson es la raz\u00f3n por la que el tr\u00edo acaba desempleado en casa. En 2015, Top Gear y su famoso tr\u00edo dejaron de existir porque la BBC no [...] el contrato de Clarkson que expiraba.","og_url":"https:\/\/all-car-news.com\/es\/jeremy-clarkson-despedido-de-nuevo-por-los-disturbios-amazon-abandona-the-grand-tour\/","og_site_name":"All cars news","article_published_time":"2023-01-17T16:05:47+00:00","twitter_card":"summary_large_image","twitter_misc":{"Tiempo de lectura":"2 minutos"},"schema":{"@context":"https:\/\/schema.org","@graph":[{"@type":"Article","@id":"https:\/\/all-car-news.com\/es\/jeremy-clarkson-despedido-de-nuevo-por-los-disturbios-amazon-abandona-the-grand-tour\/#article","isPartOf":{"@id":"https:\/\/all-car-news.com\/es\/jeremy-clarkson-despedido-de-nuevo-por-los-disturbios-amazon-abandona-the-grand-tour\/"},"author":{"name":"","@id":""},"headline":"Jeremy Clarkson despedido de nuevo por los disturbios &#8211; \u00abAmazon abandona The Grand Tour\u00bb","datePublished":"2023-01-17T16:05:47+00:00","dateModified":"2023-01-17T16:05:47+00:00","mainEntityOfPage":{"@id":"https:\/\/all-car-news.com\/es\/jeremy-clarkson-despedido-de-nuevo-por-los-disturbios-amazon-abandona-the-grand-tour\/"},"wordCount":441,"commentCount":0,"publisher":{"@id":"https:\/\/all-car-news.com\/es\/#organization"},"articleSection":["Diversi\u00f3n","Fondo"],"inLanguage":"es","potentialAction":[{"@type":"CommentAction","name":"Comment","target":["https:\/\/all-car-news.com\/es\/jeremy-clarkson-despedido-de-nuevo-por-los-disturbios-amazon-abandona-the-grand-tour\/#respond"]}]},{"@type":"WebPage","@id":"https:\/\/all-car-news.com\/es\/jeremy-clarkson-despedido-de-nuevo-por-los-disturbios-amazon-abandona-the-grand-tour\/","url":"https:\/\/all-car-news.com\/es\/jeremy-clarkson-despedido-de-nuevo-por-los-disturbios-amazon-abandona-the-grand-tour\/","name":"Jeremy Clarkson despedido de nuevo por los disturbios - \"Amazon abandona The Grand Tour\" - All cars news","isPartOf":{"@id":"https:\/\/all-car-news.com\/es\/#website"},"datePublished":"2023-01-17T16:05:47+00:00","dateModified":"2023-01-17T16:05:47+00:00","breadcrumb":{"@id":"https:\/\/all-car-news.com\/es\/jeremy-clarkson-despedido-de-nuevo-por-los-disturbios-amazon-abandona-the-grand-tour\/#breadcrumb"},"inLanguage":"es","potentialAction":[{"@type":"ReadAction","target":["https:\/\/all-car-news.com\/es\/jeremy-clarkson-despedido-de-nuevo-por-los-disturbios-amazon-abandona-the-grand-tour\/"]}]},{"@type":"BreadcrumbList","@id":"https:\/\/all-car-news.com\/es\/jeremy-clarkson-despedido-de-nuevo-por-los-disturbios-amazon-abandona-the-grand-tour\/#breadcrumb","itemListElement":[{"@type":"ListItem","position":1,"name":"Home","item":"https:\/\/all-car-news.com\/es\/"},{"@type":"ListItem","position":2,"name":"Jeremy Clarkson despedido de nuevo por los disturbios &#8211; \u00abAmazon abandona The Grand Tour\u00bb"}]},{"@type":"WebSite","@id":"https:\/\/all-car-news.com\/es\/#website","url":"https:\/\/all-car-news.com\/es\/","name":"All cars news","description":"","publisher":{"@id":"https:\/\/all-car-news.com\/es\/#organization"},"potentialAction":[{"@type":"SearchAction","target":{"@type":"EntryPoint","urlTemplate":"https:\/\/all-car-news.com\/es\/?s={search_term_string}"},"query-input":"required name=search_term_string"}],"inLanguage":"es"},{"@type":"Organization","@id":"https:\/\/all-car-news.com\/es\/#organization","name":"All cars news","url":"https:\/\/all-car-news.com\/es\/","logo":{"@type":"ImageObject","inLanguage":"es","@id":"https:\/\/all-car-news.com\/es\/#\/schema\/logo\/image\/","url":"https:\/\/all-car-news.com\/wp-content\/uploads\/2022\/02\/CMYK-AllCarNews_LANDSCAPE_300px-1.png","contentUrl":"https:\/\/all-car-news.com\/wp-content\/uploads\/2022\/02\/CMYK-AllCarNews_LANDSCAPE_300px-1.png","width":300,"height":100,"caption":"All cars news"},"image":{"@id":"https:\/\/all-car-news.com\/es\/#\/schema\/logo\/image\/"}}]}},"_links":{"self":[{"href":"https:\/\/all-car-news.com\/es\/wp-json\/wp\/v2\/posts\/130117","targetHints":{"allow":["GET"]}}],"collection":[{"href":"https:\/\/all-car-news.com\/es\/wp-json\/wp\/v2\/posts"}],"about":[{"href":"https:\/\/all-car-news.com\/es\/wp-json\/wp\/v2\/types\/post"}],"replies":[{"embeddable":true,"href":"https:\/\/all-car-news.com\/es\/wp-json\/wp\/v2\/comments?post=130117"}],"version-history":[{"count":0,"href":"https:\/\/all-car-news.com\/es\/wp-json\/wp\/v2\/posts\/130117\/revisions"}],"wp:featuredmedia":[{"embeddable":true,"href":"https:\/\/all-car-news.com\/es\/wp-json\/wp\/v2\/media\/130081"}],"wp:attachment":[{"href":"https:\/\/all-car-news.com\/es\/wp-json\/wp\/v2\/media?parent=130117"}],"wp:term":[{"taxonomy":"category","embeddable":true,"href":"https:\/\/all-car-news.com\/es\/wp-json\/wp\/v2\/categories?post=130117"},{"taxonomy":"post_tag","embeddable":true,"href":"https:\/\/all-car-news.com\/es\/wp-json\/wp\/v2\/tags?post=130117"}],"curies":[{"name":"wp","href":"https:\/\/api.w.org\/{rel}","templated":true}]}}