{"id":129254,"date":"2022-12-23T15:18:00","date_gmt":"2022-12-23T15:18:00","guid":{"rendered":"https:\/\/all-car-news.com\/visto-un-jeep-gladiator-en-los-paises-bajos\/"},"modified":"2022-12-23T15:18:00","modified_gmt":"2022-12-23T15:18:00","slug":"visto-un-jeep-gladiator-en-los-paises-bajos","status":"publish","type":"post","link":"https:\/\/all-car-news.com\/es\/visto-un-jeep-gladiator-en-los-paises-bajos\/","title":{"rendered":"Visto: un Jeep Gladiator en los Pa\u00edses Bajos"},"content":{"rendered":"<p>Las camionetas son cada vez m\u00e1s populares. En Norteam\u00e9rica, donde el mercado de pick-ups iba en serio, pero tambi\u00e9n en Europa. Jeep, por su parte, hac\u00eda tiempo que no ten\u00eda un pick-up en su programa de entregas, pero quer\u00eda aprovechar la creciente demanda. As\u00ed que desarroll\u00f3 un pick-up basado en el <a href=\"https:\/\/autorai.nl\/autotest-jeep-wrangler-2-0t-unlimited-sahara-2019\/\" target=\"_blank\" rel=\"noreferrer noopener\">Wrangler<\/a>. El resultado final lleg\u00f3 al mercado en 2019 -como modelo del a\u00f1o 2020- bajo el nombre de Jeep Gladiator. Un nombre de tipo hist\u00f3ricamente exacto.<\/p>\n<h2><strong>El Jeep Gladiator no fue el primer Jeep pick-up<\/strong><\/h2>\n<p>Despu\u00e9s de todo, no es la primera vez que Jeep presenta un pick-up. As\u00ed, ya exist\u00edan variantes pick-up de los modelos Jeep CJ, los desarrollos posteriores del emblem\u00e1tico Willys Jeep. Un pick-up seg\u00fan el concepto actual apareci\u00f3 en 1962, bajo la forma del Gladiator. Se trataba de un pick-up de dos puertas basado en los Jeep Cherokee y Wagoneer, m\u00e1s conocidos por los aficionados como los modelos Jeep SJ. A partir del a\u00f1o modelo 1971, el Jeep Gladiator serie J pas\u00f3 a mejor vida. Su producci\u00f3n finaliz\u00f3 en 1988.<\/p>\n<div class=\"galery shuffle galery-0\">\n<figure>\n\t\t\t\t\t<span style=\"cursor: pointer\" data-src=\"https:\/\/autorai.nl\/wp-content\/uploads\/2022\/12\/Jeep-Gladiator-1600x1200.jpg\" data-fancybox=\"galery-0\" title=\"\"><br \/>\n\t\t\t\t\t\t\t<img decoding=\"async\" width=\"640\" height=\"480\" src=\"https:\/\/autorai.nl\/wp-content\/uploads\/2022\/12\/Jeep-Gladiator-640x480.jpg\" class=\"attachment-medium size-medium\" alt=\"\" loading=\"lazy\"><i class=\"fa fa-search-plus\" aria-hidden=\"true\"><\/i><br \/>\n\t\t\t\t\t\t<\/span><br \/>\n\t\t\t\t\t<\/figure>\n<figure>\n\t\t\t\t\t<span style=\"cursor: pointer\" data-src=\"https:\/\/autorai.nl\/wp-content\/uploads\/2022\/12\/Jeep-CJ-10.jpg\" data-fancybox=\"galery-0\" title=\"\"><br \/>\n\t\t\t\t\t\t\t<img decoding=\"async\" width=\"360\" height=\"270\" src=\"https:\/\/autorai.nl\/wp-content\/uploads\/2022\/12\/Jeep-CJ-10-360x270.jpg\" class=\"attachment-small size-small\" alt=\"\" loading=\"lazy\"><i class=\"fa fa-search-plus\" aria-hidden=\"true\"><\/i><br \/>\n\t\t\t\t\t\t<\/span><br \/>\n\t\t\t\t\t<\/figure>\n<figure>\n\t\t\t\t\t<span style=\"cursor: pointer\" data-src=\"https:\/\/autorai.nl\/wp-content\/uploads\/2022\/12\/Jeep-J20.jpg\" data-fancybox=\"galery-0\" title=\"\"><br \/>\n\t\t\t\t\t\t\t<img decoding=\"async\" width=\"360\" height=\"270\" src=\"https:\/\/autorai.nl\/wp-content\/uploads\/2022\/12\/Jeep-J20-360x270.jpg\" class=\"attachment-small size-small\" alt=\"\" loading=\"lazy\"><i class=\"fa fa-search-plus\" aria-hidden=\"true\"><\/i><br \/>\n\t\t\t\t\t\t<\/span><br \/>\n\t\t\t\t\t<\/figure>\n<div class=\"clear\"><\/div>\n<\/div>\n<h2><strong>Una talla menos<\/strong><\/h2>\n<p>En 1985, Jeep tambi\u00e9n introdujo un modelo pick-up m\u00e1s peque\u00f1o, el Comanche, para el a\u00f1o modelo 1986. Se trataba de una versi\u00f3n pick-up de dos puertas del reci\u00e9n presentado Jeep Cherokee de la generaci\u00f3n XJ. Con ello, Jeep tambi\u00e9n ofrec\u00eda un pick-up en el segmento compacto para los est\u00e1ndares estadounidenses de la \u00e9poca. El Jeep Comanche se mantuvo en producci\u00f3n hasta el a\u00f1o modelo 1992.<\/p>\n<figure class=\"wp-block-image size-content\"><img decoding=\"async\" loading=\"lazy\" width=\"1140\" height=\"641\" src=\"https:\/\/autorai.nl\/wp-content\/uploads\/2022\/12\/Jeep-Comanche-1-1140x641.jpg\" alt=\"\" class=\"wp-image-142933\"><\/figure>\n<h2><strong>El Jeep Gladiator reaparece<\/strong><\/h2>\n<p>Volvamos a los \u00faltimos tiempos. As\u00ed que para el a\u00f1o modelo 2020, el Jeep Gladiator hizo <a href=\"https:\/\/autorai.nl\/?s=Jeep+Gladiator\" target=\"_blank\" rel=\"noreferrer noopener\">una reaparici\u00f3n<\/a>. Sin embargo, el concepto b\u00e1sico de anta\u00f1o no ha cambiado: el nuevo Gladiator es un derivado de un modelo Jeep ya existente. En sentido estricto, sin embargo, es m\u00e1s un sucesor de los pick-ups Jeep CJ que del anterior Gladiator (o el Comanche). Tambi\u00e9n es una primicia para Jeep el lanzamiento de un pick-up de cuatro puertas.<\/p>\n<p>Aunque el Jeep Gladiator se posiciona como un modelo independiente, sigue siendo, por supuesto, simplemente un \u00abWrangler Pick-Up\u00bb. Por lo tanto, en t\u00e9rminos de equipamiento y gama de motores, los dos modelos son muy similares. Esto convierte al Gladiator en el \u00fanico pick-up disponible recientemente con techo desmontable. Sin embargo, el Gladiator s\u00f3lo est\u00e1 disponible con el motor de gasolina V6 de 3,6 litros y el turbodi\u00e9sel V6 de 3,0 litros. Desde el frontal, el Gladiator se reconoce por las aberturas ligeramente m\u00e1s grandes de la rejilla de la parrilla.<\/p>\n<h2><strong>El esp\u00e9cimen manchado<\/strong><\/h2>\n<p>El <a href=\"https:\/\/www.jeep.nl\/\" target=\"_blank\" rel=\"noreferrer noopener\">Jeep<\/a> Gladiator que hemos visto parece haber sido matriculado en julio de 2021 y lleva circulando por los Pa\u00edses Bajos desde septiembre de este a\u00f1o. Seg\u00fan RDW Data, actualmente hay 27 ejemplares del Gladiator actual en las matr\u00edculas holandesas. Por cierto, ya hab\u00edamos visto uno similar, pero ahora hemos tenido la oportunidad de admirar el modelo m\u00e1s de cerca. Detalle destacado: francamente, la caja de carga no se a\u00f1adi\u00f3 al dise\u00f1o del Wrangler de forma muy armoniosa. Aun as\u00ed, sigue siendo una de las camionetas m\u00e1s bonitas y resistentes del momento. As\u00ed que podemos entender por qu\u00e9 este empresario se enamor\u00f3 de (\u00bflos encantos de?) este distintivo coche de empresa.<\/p>\n<div class=\"galery galery-1\">\n<figure>\n\t\t\t\t\t<span style=\"cursor: pointer\" data-src=\"https:\/\/autorai.nl\/wp-content\/uploads\/2022\/12\/Gespot-Jeep-Gladiator-2-1600x1200.jpg\" data-fancybox=\"galery-1\" title=\"\"><br \/>\n\t\t\t\t\t\t\t<img decoding=\"async\" width=\"360\" height=\"270\" src=\"https:\/\/autorai.nl\/wp-content\/uploads\/2022\/12\/Gespot-Jeep-Gladiator-2-360x270.jpg\" class=\"attachment-small size-small\" alt=\"\" loading=\"lazy\"><i class=\"fa fa-search-plus\" aria-hidden=\"true\"><\/i><br \/>\n\t\t\t\t\t\t<\/span><br \/>\n\t\t\t\t\t<\/figure>\n<figure>\n\t\t\t\t\t<span style=\"cursor: pointer\" data-src=\"https:\/\/autorai.nl\/wp-content\/uploads\/2022\/12\/Gespot-Jeep-Gladiator-1-1600x1200.jpg\" data-fancybox=\"galery-1\" title=\"\"><br \/>\n\t\t\t\t\t\t\t<img decoding=\"async\" width=\"360\" height=\"270\" src=\"https:\/\/autorai.nl\/wp-content\/uploads\/2022\/12\/Gespot-Jeep-Gladiator-1-360x270.jpg\" class=\"attachment-small size-small\" alt=\"\" loading=\"lazy\"><i class=\"fa fa-search-plus\" aria-hidden=\"true\"><\/i><br \/>\n\t\t\t\t\t\t<\/span><br \/>\n\t\t\t\t\t<\/figure>\n<div class=\"clear\"><\/div>\n<\/div>\n","protected":false},"excerpt":{"rendered":"Las camionetas son cada vez m\u00e1s populares. En Norteam\u00e9rica, donde el mercado de pick-ups iba en serio, pero tambi\u00e9n en&hellip;","protected":false},"author":0,"featured_media":129225,"comment_status":"open","ping_status":"open","sticky":false,"template":"","format":"standard","meta":{"footnotes":""},"categories":[178,126],"tags":[],"class_list":["post-129254","post","type-post","status-publish","format-standard","has-post-thumbnail","hentry","category-diversion","category-noticias-de-autos"],"acf":[],"yoast_head":"<!-- This site is optimized with the Yoast SEO plugin v21.2 - https:\/\/yoast.com\/wordpress\/plugins\/seo\/ -->\n<title>Visto: un Jeep Gladiator en los Pa\u00edses Bajos - All cars news<\/title>\n<meta name=\"robots\" content=\"index, follow, max-snippet:-1, max-image-preview:large, max-video-preview:-1\" \/>\n<link rel=\"canonical\" href=\"https:\/\/all-car-news.com\/es\/visto-un-jeep-gladiator-en-los-paises-bajos\/\" \/>\n<meta property=\"og:locale\" content=\"es_ES\" \/>\n<meta property=\"og:type\" content=\"article\" \/>\n<meta property=\"og:title\" content=\"Visto: un Jeep Gladiator en los Pa\u00edses Bajos - All cars news\" \/>\n<meta property=\"og:description\" content=\"Las camionetas son cada vez m\u00e1s populares. En Norteam\u00e9rica, donde el mercado de pick-ups iba en serio, pero tambi\u00e9n en Europa. Jeep, por su parte, hac\u00eda tiempo que no ten\u00eda un pick-up en su programa de entregas, pero quer\u00eda aprovechar la creciente demanda. As\u00ed que desarroll\u00f3 un pick-up basado en el Wrangler. El resultado final lleg\u00f3 en 2019 - [...]\" \/>\n<meta property=\"og:url\" content=\"https:\/\/all-car-news.com\/es\/visto-un-jeep-gladiator-en-los-paises-bajos\/\" \/>\n<meta property=\"og:site_name\" content=\"All cars news\" \/>\n<meta property=\"article:published_time\" content=\"2022-12-23T15:18:00+00:00\" \/>\n<meta property=\"og:image\" content=\"https:\/\/autorai.nl\/wp-content\/uploads\/2022\/12\/Jeep-Gladiator-640x480.jpg\" \/>\n<meta name=\"twitter:card\" content=\"summary_large_image\" \/>\n<meta name=\"twitter:label1\" content=\"Tiempo de lectura\" \/>\n\t<meta name=\"twitter:data1\" content=\"3 minutos\" \/>\n<script type=\"application\/ld+json\" class=\"yoast-schema-graph\">{\"@context\":\"https:\/\/schema.org\",\"@graph\":[{\"@type\":\"Article\",\"@id\":\"https:\/\/all-car-news.com\/es\/visto-un-jeep-gladiator-en-los-paises-bajos\/#article\",\"isPartOf\":{\"@id\":\"https:\/\/all-car-news.com\/es\/visto-un-jeep-gladiator-en-los-paises-bajos\/\"},\"author\":{\"name\":\"\",\"@id\":\"\"},\"headline\":\"Visto: un Jeep Gladiator en los Pa\u00edses Bajos\",\"datePublished\":\"2022-12-23T15:18:00+00:00\",\"dateModified\":\"2022-12-23T15:18:00+00:00\",\"mainEntityOfPage\":{\"@id\":\"https:\/\/all-car-news.com\/es\/visto-un-jeep-gladiator-en-los-paises-bajos\/\"},\"wordCount\":570,\"commentCount\":0,\"publisher\":{\"@id\":\"https:\/\/all-car-news.com\/es\/#organization\"},\"articleSection\":[\"Diversi\u00f3n\",\"noticias de autos\"],\"inLanguage\":\"es\",\"potentialAction\":[{\"@type\":\"CommentAction\",\"name\":\"Comment\",\"target\":[\"https:\/\/all-car-news.com\/es\/visto-un-jeep-gladiator-en-los-paises-bajos\/#respond\"]}]},{\"@type\":\"WebPage\",\"@id\":\"https:\/\/all-car-news.com\/es\/visto-un-jeep-gladiator-en-los-paises-bajos\/\",\"url\":\"https:\/\/all-car-news.com\/es\/visto-un-jeep-gladiator-en-los-paises-bajos\/\",\"name\":\"Visto: un Jeep Gladiator en los Pa\u00edses Bajos - All cars news\",\"isPartOf\":{\"@id\":\"https:\/\/all-car-news.com\/es\/#website\"},\"datePublished\":\"2022-12-23T15:18:00+00:00\",\"dateModified\":\"2022-12-23T15:18:00+00:00\",\"breadcrumb\":{\"@id\":\"https:\/\/all-car-news.com\/es\/visto-un-jeep-gladiator-en-los-paises-bajos\/#breadcrumb\"},\"inLanguage\":\"es\",\"potentialAction\":[{\"@type\":\"ReadAction\",\"target\":[\"https:\/\/all-car-news.com\/es\/visto-un-jeep-gladiator-en-los-paises-bajos\/\"]}]},{\"@type\":\"BreadcrumbList\",\"@id\":\"https:\/\/all-car-news.com\/es\/visto-un-jeep-gladiator-en-los-paises-bajos\/#breadcrumb\",\"itemListElement\":[{\"@type\":\"ListItem\",\"position\":1,\"name\":\"Home\",\"item\":\"https:\/\/all-car-news.com\/es\/\"},{\"@type\":\"ListItem\",\"position\":2,\"name\":\"Visto: un Jeep Gladiator en los Pa\u00edses Bajos\"}]},{\"@type\":\"WebSite\",\"@id\":\"https:\/\/all-car-news.com\/es\/#website\",\"url\":\"https:\/\/all-car-news.com\/es\/\",\"name\":\"All cars news\",\"description\":\"\",\"publisher\":{\"@id\":\"https:\/\/all-car-news.com\/es\/#organization\"},\"potentialAction\":[{\"@type\":\"SearchAction\",\"target\":{\"@type\":\"EntryPoint\",\"urlTemplate\":\"https:\/\/all-car-news.com\/es\/?s={search_term_string}\"},\"query-input\":\"required name=search_term_string\"}],\"inLanguage\":\"es\"},{\"@type\":\"Organization\",\"@id\":\"https:\/\/all-car-news.com\/es\/#organization\",\"name\":\"All cars news\",\"url\":\"https:\/\/all-car-news.com\/es\/\",\"logo\":{\"@type\":\"ImageObject\",\"inLanguage\":\"es\",\"@id\":\"https:\/\/all-car-news.com\/es\/#\/schema\/logo\/image\/\",\"url\":\"https:\/\/all-car-news.com\/wp-content\/uploads\/2022\/02\/CMYK-AllCarNews_LANDSCAPE_300px-1.png\",\"contentUrl\":\"https:\/\/all-car-news.com\/wp-content\/uploads\/2022\/02\/CMYK-AllCarNews_LANDSCAPE_300px-1.png\",\"width\":300,\"height\":100,\"caption\":\"All cars news\"},\"image\":{\"@id\":\"https:\/\/all-car-news.com\/es\/#\/schema\/logo\/image\/\"}}]}<\/script>\n<!-- \/ Yoast SEO plugin. -->","yoast_head_json":{"title":"Visto: un Jeep Gladiator en los Pa\u00edses Bajos - All cars news","robots":{"index":"index","follow":"follow","max-snippet":"max-snippet:-1","max-image-preview":"max-image-preview:large","max-video-preview":"max-video-preview:-1"},"canonical":"https:\/\/all-car-news.com\/es\/visto-un-jeep-gladiator-en-los-paises-bajos\/","og_locale":"es_ES","og_type":"article","og_title":"Visto: un Jeep Gladiator en los Pa\u00edses Bajos - All cars news","og_description":"Las camionetas son cada vez m\u00e1s populares. En Norteam\u00e9rica, donde el mercado de pick-ups iba en serio, pero tambi\u00e9n en Europa. Jeep, por su parte, hac\u00eda tiempo que no ten\u00eda un pick-up en su programa de entregas, pero quer\u00eda aprovechar la creciente demanda. As\u00ed que desarroll\u00f3 un pick-up basado en el Wrangler. El resultado final lleg\u00f3 en 2019 - [...]","og_url":"https:\/\/all-car-news.com\/es\/visto-un-jeep-gladiator-en-los-paises-bajos\/","og_site_name":"All cars news","article_published_time":"2022-12-23T15:18:00+00:00","og_image":[{"url":"https:\/\/autorai.nl\/wp-content\/uploads\/2022\/12\/Jeep-Gladiator-640x480.jpg"}],"twitter_card":"summary_large_image","twitter_misc":{"Tiempo de lectura":"3 minutos"},"schema":{"@context":"https:\/\/schema.org","@graph":[{"@type":"Article","@id":"https:\/\/all-car-news.com\/es\/visto-un-jeep-gladiator-en-los-paises-bajos\/#article","isPartOf":{"@id":"https:\/\/all-car-news.com\/es\/visto-un-jeep-gladiator-en-los-paises-bajos\/"},"author":{"name":"","@id":""},"headline":"Visto: un Jeep Gladiator en los Pa\u00edses Bajos","datePublished":"2022-12-23T15:18:00+00:00","dateModified":"2022-12-23T15:18:00+00:00","mainEntityOfPage":{"@id":"https:\/\/all-car-news.com\/es\/visto-un-jeep-gladiator-en-los-paises-bajos\/"},"wordCount":570,"commentCount":0,"publisher":{"@id":"https:\/\/all-car-news.com\/es\/#organization"},"articleSection":["Diversi\u00f3n","noticias de autos"],"inLanguage":"es","potentialAction":[{"@type":"CommentAction","name":"Comment","target":["https:\/\/all-car-news.com\/es\/visto-un-jeep-gladiator-en-los-paises-bajos\/#respond"]}]},{"@type":"WebPage","@id":"https:\/\/all-car-news.com\/es\/visto-un-jeep-gladiator-en-los-paises-bajos\/","url":"https:\/\/all-car-news.com\/es\/visto-un-jeep-gladiator-en-los-paises-bajos\/","name":"Visto: un Jeep Gladiator en los Pa\u00edses Bajos - All cars news","isPartOf":{"@id":"https:\/\/all-car-news.com\/es\/#website"},"datePublished":"2022-12-23T15:18:00+00:00","dateModified":"2022-12-23T15:18:00+00:00","breadcrumb":{"@id":"https:\/\/all-car-news.com\/es\/visto-un-jeep-gladiator-en-los-paises-bajos\/#breadcrumb"},"inLanguage":"es","potentialAction":[{"@type":"ReadAction","target":["https:\/\/all-car-news.com\/es\/visto-un-jeep-gladiator-en-los-paises-bajos\/"]}]},{"@type":"BreadcrumbList","@id":"https:\/\/all-car-news.com\/es\/visto-un-jeep-gladiator-en-los-paises-bajos\/#breadcrumb","itemListElement":[{"@type":"ListItem","position":1,"name":"Home","item":"https:\/\/all-car-news.com\/es\/"},{"@type":"ListItem","position":2,"name":"Visto: un Jeep Gladiator en los Pa\u00edses Bajos"}]},{"@type":"WebSite","@id":"https:\/\/all-car-news.com\/es\/#website","url":"https:\/\/all-car-news.com\/es\/","name":"All cars news","description":"","publisher":{"@id":"https:\/\/all-car-news.com\/es\/#organization"},"potentialAction":[{"@type":"SearchAction","target":{"@type":"EntryPoint","urlTemplate":"https:\/\/all-car-news.com\/es\/?s={search_term_string}"},"query-input":"required name=search_term_string"}],"inLanguage":"es"},{"@type":"Organization","@id":"https:\/\/all-car-news.com\/es\/#organization","name":"All cars news","url":"https:\/\/all-car-news.com\/es\/","logo":{"@type":"ImageObject","inLanguage":"es","@id":"https:\/\/all-car-news.com\/es\/#\/schema\/logo\/image\/","url":"https:\/\/all-car-news.com\/wp-content\/uploads\/2022\/02\/CMYK-AllCarNews_LANDSCAPE_300px-1.png","contentUrl":"https:\/\/all-car-news.com\/wp-content\/uploads\/2022\/02\/CMYK-AllCarNews_LANDSCAPE_300px-1.png","width":300,"height":100,"caption":"All cars news"},"image":{"@id":"https:\/\/all-car-news.com\/es\/#\/schema\/logo\/image\/"}}]}},"_links":{"self":[{"href":"https:\/\/all-car-news.com\/es\/wp-json\/wp\/v2\/posts\/129254","targetHints":{"allow":["GET"]}}],"collection":[{"href":"https:\/\/all-car-news.com\/es\/wp-json\/wp\/v2\/posts"}],"about":[{"href":"https:\/\/all-car-news.com\/es\/wp-json\/wp\/v2\/types\/post"}],"replies":[{"embeddable":true,"href":"https:\/\/all-car-news.com\/es\/wp-json\/wp\/v2\/comments?post=129254"}],"version-history":[{"count":0,"href":"https:\/\/all-car-news.com\/es\/wp-json\/wp\/v2\/posts\/129254\/revisions"}],"wp:featuredmedia":[{"embeddable":true,"href":"https:\/\/all-car-news.com\/es\/wp-json\/wp\/v2\/media\/129225"}],"wp:attachment":[{"href":"https:\/\/all-car-news.com\/es\/wp-json\/wp\/v2\/media?parent=129254"}],"wp:term":[{"taxonomy":"category","embeddable":true,"href":"https:\/\/all-car-news.com\/es\/wp-json\/wp\/v2\/categories?post=129254"},{"taxonomy":"post_tag","embeddable":true,"href":"https:\/\/all-car-news.com\/es\/wp-json\/wp\/v2\/tags?post=129254"}],"curies":[{"name":"wp","href":"https:\/\/api.w.org\/{rel}","templated":true}]}}