{"id":128673,"date":"2022-12-14T15:10:53","date_gmt":"2022-12-14T15:10:53","guid":{"rendered":"https:\/\/all-car-news.com\/byd-recoge-han-que-pedir-inmediatamente\/"},"modified":"2022-12-14T15:10:53","modified_gmt":"2022-12-14T15:10:53","slug":"byd-recoge-han-que-pedir-inmediatamente","status":"publish","type":"post","link":"https:\/\/all-car-news.com\/es\/byd-recoge-han-que-pedir-inmediatamente\/","title":{"rendered":"BYD recoge: Han que pedir inmediatamente"},"content":{"rendered":"<h2>Tercer modelo<\/h2>\n<p>El BYD Han es el tercer modelo de la marca que el importador Louwman lanza en el mercado holand\u00e9s. El <a href=\"https:\/\/autorai.nl\/byd-atto-3-blijkt-behoorlijk-veilig-in-crashtest\/\" target=\"_blank\" rel=\"noreferrer noopener\">Atto 3<\/a>, un crossover compacto, y el <a href=\"https:\/\/autorai.nl\/byd-tang-dit-zijn-de-prijzen-en-mogelijkheden\/\" target=\"_blank\" rel=\"noreferrer noopener\">Tang<\/a>, un SUV de siete plazas, precedieron al Han. Con el Han, BYD abre el ataque a ofertas europeas de lujo como el Mercedes-Benz EQE.  <\/p>\n<div class=\"galery galery-0\">\n<figure>\n\t\t\t\t\t<span style=\"cursor: pointer\" data-src=\"https:\/\/autorai.nl\/wp-content\/uploads\/2022\/10\/BYD-ATTO-3-50-1600x1068.jpg\" data-fancybox=\"galery-0\" title=\"BYD ATTO 3\"><br \/>\n\t\t\t\t\t\t\t<img decoding=\"async\" width=\"360\" height=\"270\" src=\"https:\/\/autorai.nl\/wp-content\/uploads\/2022\/10\/BYD-ATTO-3-50-360x270.jpg\" class=\"attachment-small size-small\" alt=\"BYD ATTO 3\" loading=\"lazy\"><i class=\"fa fa-search-plus\" aria-hidden=\"true\"><\/i><br \/>\n\t\t\t\t\t\t<\/span><br \/>\n\t\t\t\t\t<\/figure>\n<figure>\n\t\t\t\t\t<span style=\"cursor: pointer\" data-src=\"https:\/\/autorai.nl\/wp-content\/uploads\/2022\/12\/BYD_Brouwersdam_Versie_2-14-1.jpg\" data-fancybox=\"galery-0\" title=\"BYD Tang\"><br \/>\n\t\t\t\t\t\t\t<img decoding=\"async\" width=\"360\" height=\"270\" src=\"https:\/\/autorai.nl\/wp-content\/uploads\/2022\/12\/BYD_Brouwersdam_Versie_2-14-1-360x270.jpg\" class=\"attachment-small size-small\" alt=\"BYD Tang\" loading=\"lazy\"><i class=\"fa fa-search-plus\" aria-hidden=\"true\"><\/i><br \/>\n\t\t\t\t\t\t<\/span><br \/>\n\t\t\t\t\t<\/figure>\n<div class=\"clear\"><\/div>\n<\/div>\n<h2>Forma de gota<\/h2>\n<p>Al igual que ese competidor antes mencionado -y que los coches el\u00e9ctricos en general-, vemos que BYD tambi\u00e9n se est\u00e1 desmarcando de la tendencia que se centra principalmente en hacer los coches m\u00e1s aerodin\u00e1micos para conseguir m\u00e1s autonom\u00eda. Con el cap\u00f3 bajo, las aletas elevadas, los contornos c\u00f3nicos de la carrocer\u00eda y los tiradores planos de las puertas, se ha logrado un coeficiente de resistencia al aire de 0,233. Esto contribuye a la autonom\u00eda WLTP de 521 kil\u00f3metros.  <\/p>\n<div class=\"galery shuffle galery-1\">\n<figure>\n\t\t\t\t\t<span style=\"cursor: pointer\" data-src=\"https:\/\/autorai.nl\/wp-content\/uploads\/2022\/12\/BYD-HAN-4-1600x959.jpg\" data-fancybox=\"galery-1\" title=\"\"><br \/>\n\t\t\t\t\t\t\t<img decoding=\"async\" width=\"640\" height=\"480\" src=\"https:\/\/autorai.nl\/wp-content\/uploads\/2022\/12\/BYD-HAN-4-640x480.jpg\" class=\"attachment-medium size-medium\" alt=\"BYD Han\" loading=\"lazy\"><i class=\"fa fa-search-plus\" aria-hidden=\"true\"><\/i><br \/>\n\t\t\t\t\t\t<\/span><br \/>\n\t\t\t\t\t<\/figure>\n<figure>\n\t\t\t\t\t<span style=\"cursor: pointer\" data-src=\"https:\/\/autorai.nl\/wp-content\/uploads\/2022\/12\/BYD-HAN-6-1600x959.jpg\" data-fancybox=\"galery-1\" title=\"\"><br \/>\n\t\t\t\t\t\t\t<img decoding=\"async\" width=\"360\" height=\"270\" src=\"https:\/\/autorai.nl\/wp-content\/uploads\/2022\/12\/BYD-HAN-6-360x270.jpg\" class=\"attachment-small size-small\" alt=\"BYD Han\" loading=\"lazy\"><i class=\"fa fa-search-plus\" aria-hidden=\"true\"><\/i><br \/>\n\t\t\t\t\t\t<\/span><br \/>\n\t\t\t\t\t<\/figure>\n<figure>\n\t\t\t\t\t<span style=\"cursor: pointer\" data-src=\"https:\/\/autorai.nl\/wp-content\/uploads\/2022\/12\/BYD-HAN-5-1600x959.jpg\" data-fancybox=\"galery-1\" title=\"\"><br \/>\n\t\t\t\t\t\t\t<img decoding=\"async\" width=\"360\" height=\"270\" src=\"https:\/\/autorai.nl\/wp-content\/uploads\/2022\/12\/BYD-HAN-5-360x270.jpg\" class=\"attachment-small size-small\" alt=\"BYD Han\" loading=\"lazy\"><i class=\"fa fa-search-plus\" aria-hidden=\"true\"><\/i><br \/>\n\t\t\t\t\t\t<\/span><br \/>\n\t\t\t\t\t<\/figure>\n<div class=\"clear\"><\/div>\n<\/div>\n<h2>Bater\u00eda BYD Han<\/h2>\n<p>En el piso del Han hay un paquete de bater\u00edas de 85,4 kWh. Dos motores el\u00e9ctricos se combinan para una potencia de 517 CV, que se distribuye a las cuatro ruedas. El resultado es una aceleraci\u00f3n de 0 a 100 km\/h en 3,9 segundos. No est\u00e1 mal para una berlina de cinco metros de largo. Los frenos Brembo vuelven a detener al monstruo.  <\/p>\n<p>La carga del BYD Han puede realizarse con carga r\u00e1pida de 120 kW CC, que puede cargar el paquete de bater\u00edas del 30 al 80% en 30 minutos. Adem\u00e1s, el Han est\u00e1 equipado con la tecnolog\u00eda Vehicle to Load (V2L), que permite cargar dispositivos el\u00e9ctricos.  <\/p>\n<figure class=\"wp-block-image size-content\"><img decoding=\"async\" loading=\"lazy\" width=\"1140\" height=\"534\" src=\"https:\/\/autorai.nl\/wp-content\/uploads\/2022\/12\/BYD-HAN-3-1140x534.jpg\" alt=\"BYD Han\" class=\"wp-image-142749\"><\/figure>\n<h2>Equipamiento de lujo<\/h2>\n<p>El BYD Han no tiene una ejecuci\u00f3n infantil. Entre otras cosas, la limusina viene con asientos de cuero Nappa perforado, calefactables y ventilados tanto delante como detr\u00e1s. Los pasajeros traseros tambi\u00e9n disponen de una funci\u00f3n de reclinaci\u00f3n el\u00e9ctrica y de su propio \u00abmedia pad\u00bb de 7 pulgadas en el reposabrazos central. Te permite controlar la temperatura y el caudal de aire, accionar el techo solar panor\u00e1mico y elegir tu color favorito entre las 31 combinaciones de iluminaci\u00f3n ambiental. Tambi\u00e9n vemos cuero cosido con diamantes en las puertas y cuero negro en el salpicadero y los paneles de las puertas. Tambi\u00e9n se ha utilizado madera aut\u00e9ntica y aluminio, y en todo el interior hay 12 altavoces.<\/p>\n<div class=\"galery galery-2\">\n<figure>\n\t\t\t\t\t<span style=\"cursor: pointer\" data-src=\"https:\/\/autorai.nl\/wp-content\/uploads\/2022\/12\/interieur2-1600x887.jpg\" data-fancybox=\"galery-2\" title=\"\"><br \/>\n\t\t\t\t\t\t\t<img decoding=\"async\" width=\"360\" height=\"270\" src=\"https:\/\/autorai.nl\/wp-content\/uploads\/2022\/12\/interieur2-360x270.jpg\" class=\"attachment-small size-small\" alt=\"Interior BYD Han\" loading=\"lazy\"><i class=\"fa fa-search-plus\" aria-hidden=\"true\"><\/i><br \/>\n\t\t\t\t\t\t<\/span><br \/>\n\t\t\t\t\t<\/figure>\n<figure>\n\t\t\t\t\t<span style=\"cursor: pointer\" data-src=\"https:\/\/autorai.nl\/wp-content\/uploads\/2022\/12\/interieur.jpg\" data-fancybox=\"galery-2\" title=\"\"><br \/>\n\t\t\t\t\t\t\t<img decoding=\"async\" width=\"360\" height=\"270\" src=\"https:\/\/autorai.nl\/wp-content\/uploads\/2022\/12\/interieur-360x270.jpg\" class=\"attachment-small size-small\" alt=\"Interior BYD Han\" loading=\"lazy\"><i class=\"fa fa-search-plus\" aria-hidden=\"true\"><\/i><br \/>\n\t\t\t\t\t\t<\/span><br \/>\n\t\t\t\t\t<\/figure>\n<div class=\"clear\"><\/div>\n<\/div>\n<h2>La seguridad<\/h2>\n<p>El BYD Han incorpora el sistema inteligente de asistencia a la conducci\u00f3n DiPilot. Este sistema ofrece una serie de ayudas electr\u00f3nicas, como la detecci\u00f3n de \u00e1ngulo muerto, el aviso de colisi\u00f3n frontal, la frenada autom\u00e1tica de emergencia, el aviso de colisi\u00f3n trasera, la alerta de tr\u00e1fico cruzado trasero y la asistencia de cambio de carril. La bater\u00eda del BYD Han, denominada BYD Blade Battery, no contiene cobalto y utiliza fosfato de hierro y litio (LFP) como material cat\u00f3dico, lo que ofrece un nivel de seguridad muy superior al de las bater\u00edas de iones de litio convencionales. El LFP tiene una excelente estabilidad t\u00e9rmica. Adem\u00e1s, la construcci\u00f3n de la bater\u00eda resiste la prueba de penetraci\u00f3n de clavos (Nail Penetration Test).  <\/p>\n<h2>\u00bfCu\u00e1nto cuesta el BYD Han?<\/h2>\n<p>Los precios de la lujosa limusina china empiezan en 72.490 euros para el Executive 4&#215;4. El AWD Emerald Edition puede costar 75.990 euros. Ambas versiones tienen el mismo tren motriz antes mencionado, con 517 CV. Esto hace que el Han sea un pu\u00f1etazo m\u00e1s barato que su rival directo, el EQE 43 AMG (476 CV y 532 km de autonom\u00eda), que figura en el folleto por 111.000 euros.<\/p>\n<figure class=\"wp-block-image size-content\"><img decoding=\"async\" loading=\"lazy\" width=\"1140\" height=\"618\" src=\"https:\/\/autorai.nl\/wp-content\/uploads\/2022\/12\/BYD-HAN-2-1140x618.jpg\" alt=\"BYD Han\" class=\"wp-image-142748\"><\/figure>\n","protected":false},"excerpt":{"rendered":"Tercer modelo El BYD Han es el tercer modelo de la marca que el importador Louwman lanza en el mercado&hellip;","protected":false},"author":0,"featured_media":128643,"comment_status":"open","ping_status":"open","sticky":false,"template":"","format":"standard","meta":{"footnotes":""},"categories":[158,126],"tags":[],"class_list":["post-128673","post","type-post","status-publish","format-standard","has-post-thumbnail","hentry","category-electrico","category-noticias-de-autos"],"acf":[],"yoast_head":"<!-- This site is optimized with the Yoast SEO plugin v21.2 - https:\/\/yoast.com\/wordpress\/plugins\/seo\/ -->\n<title>BYD recoge: Han que pedir inmediatamente - All cars news<\/title>\n<meta name=\"robots\" content=\"index, follow, max-snippet:-1, max-image-preview:large, max-video-preview:-1\" \/>\n<link rel=\"canonical\" href=\"https:\/\/all-car-news.com\/es\/byd-recoge-han-que-pedir-inmediatamente\/\" \/>\n<meta property=\"og:locale\" content=\"es_ES\" \/>\n<meta property=\"og:type\" content=\"article\" \/>\n<meta property=\"og:title\" content=\"BYD recoge: Han que pedir inmediatamente - All cars news\" \/>\n<meta property=\"og:description\" content=\"Tercer modelo El BYD Han es el tercer modelo de la marca que el importador Louwman lanza en el mercado holand\u00e9s. El Atto 3, un crossover compacto, y el Tang, un SUV de siete plazas, precedieron al Han. Con el Han, BYD abre el ataque a ofertas europeas de lujo como el Mercedes-Benz [...]\" \/>\n<meta property=\"og:url\" content=\"https:\/\/all-car-news.com\/es\/byd-recoge-han-que-pedir-inmediatamente\/\" \/>\n<meta property=\"og:site_name\" content=\"All cars news\" \/>\n<meta property=\"article:published_time\" content=\"2022-12-14T15:10:53+00:00\" \/>\n<meta property=\"og:image\" content=\"https:\/\/autorai.nl\/wp-content\/uploads\/2022\/10\/BYD-ATTO-3-50-360x270.jpg\" \/>\n<meta name=\"twitter:card\" content=\"summary_large_image\" \/>\n<meta name=\"twitter:label1\" content=\"Tiempo de lectura\" \/>\n\t<meta name=\"twitter:data1\" content=\"3 minutos\" \/>\n<script type=\"application\/ld+json\" class=\"yoast-schema-graph\">{\"@context\":\"https:\/\/schema.org\",\"@graph\":[{\"@type\":\"Article\",\"@id\":\"https:\/\/all-car-news.com\/es\/byd-recoge-han-que-pedir-inmediatamente\/#article\",\"isPartOf\":{\"@id\":\"https:\/\/all-car-news.com\/es\/byd-recoge-han-que-pedir-inmediatamente\/\"},\"author\":{\"name\":\"\",\"@id\":\"\"},\"headline\":\"BYD recoge: Han que pedir inmediatamente\",\"datePublished\":\"2022-12-14T15:10:53+00:00\",\"dateModified\":\"2022-12-14T15:10:53+00:00\",\"mainEntityOfPage\":{\"@id\":\"https:\/\/all-car-news.com\/es\/byd-recoge-han-que-pedir-inmediatamente\/\"},\"wordCount\":594,\"commentCount\":0,\"publisher\":{\"@id\":\"https:\/\/all-car-news.com\/es\/#organization\"},\"articleSection\":[\"El\u00e9ctrico\",\"noticias de autos\"],\"inLanguage\":\"es\",\"potentialAction\":[{\"@type\":\"CommentAction\",\"name\":\"Comment\",\"target\":[\"https:\/\/all-car-news.com\/es\/byd-recoge-han-que-pedir-inmediatamente\/#respond\"]}]},{\"@type\":\"WebPage\",\"@id\":\"https:\/\/all-car-news.com\/es\/byd-recoge-han-que-pedir-inmediatamente\/\",\"url\":\"https:\/\/all-car-news.com\/es\/byd-recoge-han-que-pedir-inmediatamente\/\",\"name\":\"BYD recoge: Han que pedir inmediatamente - All cars news\",\"isPartOf\":{\"@id\":\"https:\/\/all-car-news.com\/es\/#website\"},\"datePublished\":\"2022-12-14T15:10:53+00:00\",\"dateModified\":\"2022-12-14T15:10:53+00:00\",\"breadcrumb\":{\"@id\":\"https:\/\/all-car-news.com\/es\/byd-recoge-han-que-pedir-inmediatamente\/#breadcrumb\"},\"inLanguage\":\"es\",\"potentialAction\":[{\"@type\":\"ReadAction\",\"target\":[\"https:\/\/all-car-news.com\/es\/byd-recoge-han-que-pedir-inmediatamente\/\"]}]},{\"@type\":\"BreadcrumbList\",\"@id\":\"https:\/\/all-car-news.com\/es\/byd-recoge-han-que-pedir-inmediatamente\/#breadcrumb\",\"itemListElement\":[{\"@type\":\"ListItem\",\"position\":1,\"name\":\"Home\",\"item\":\"https:\/\/all-car-news.com\/es\/\"},{\"@type\":\"ListItem\",\"position\":2,\"name\":\"BYD recoge: Han que pedir inmediatamente\"}]},{\"@type\":\"WebSite\",\"@id\":\"https:\/\/all-car-news.com\/es\/#website\",\"url\":\"https:\/\/all-car-news.com\/es\/\",\"name\":\"All cars news\",\"description\":\"\",\"publisher\":{\"@id\":\"https:\/\/all-car-news.com\/es\/#organization\"},\"potentialAction\":[{\"@type\":\"SearchAction\",\"target\":{\"@type\":\"EntryPoint\",\"urlTemplate\":\"https:\/\/all-car-news.com\/es\/?s={search_term_string}\"},\"query-input\":\"required name=search_term_string\"}],\"inLanguage\":\"es\"},{\"@type\":\"Organization\",\"@id\":\"https:\/\/all-car-news.com\/es\/#organization\",\"name\":\"All cars news\",\"url\":\"https:\/\/all-car-news.com\/es\/\",\"logo\":{\"@type\":\"ImageObject\",\"inLanguage\":\"es\",\"@id\":\"https:\/\/all-car-news.com\/es\/#\/schema\/logo\/image\/\",\"url\":\"https:\/\/all-car-news.com\/wp-content\/uploads\/2022\/02\/CMYK-AllCarNews_LANDSCAPE_300px-1.png\",\"contentUrl\":\"https:\/\/all-car-news.com\/wp-content\/uploads\/2022\/02\/CMYK-AllCarNews_LANDSCAPE_300px-1.png\",\"width\":300,\"height\":100,\"caption\":\"All cars news\"},\"image\":{\"@id\":\"https:\/\/all-car-news.com\/es\/#\/schema\/logo\/image\/\"}}]}<\/script>\n<!-- \/ Yoast SEO plugin. -->","yoast_head_json":{"title":"BYD recoge: Han que pedir inmediatamente - All cars news","robots":{"index":"index","follow":"follow","max-snippet":"max-snippet:-1","max-image-preview":"max-image-preview:large","max-video-preview":"max-video-preview:-1"},"canonical":"https:\/\/all-car-news.com\/es\/byd-recoge-han-que-pedir-inmediatamente\/","og_locale":"es_ES","og_type":"article","og_title":"BYD recoge: Han que pedir inmediatamente - All cars news","og_description":"Tercer modelo El BYD Han es el tercer modelo de la marca que el importador Louwman lanza en el mercado holand\u00e9s. El Atto 3, un crossover compacto, y el Tang, un SUV de siete plazas, precedieron al Han. Con el Han, BYD abre el ataque a ofertas europeas de lujo como el Mercedes-Benz [...]","og_url":"https:\/\/all-car-news.com\/es\/byd-recoge-han-que-pedir-inmediatamente\/","og_site_name":"All cars news","article_published_time":"2022-12-14T15:10:53+00:00","og_image":[{"url":"https:\/\/autorai.nl\/wp-content\/uploads\/2022\/10\/BYD-ATTO-3-50-360x270.jpg"}],"twitter_card":"summary_large_image","twitter_misc":{"Tiempo de lectura":"3 minutos"},"schema":{"@context":"https:\/\/schema.org","@graph":[{"@type":"Article","@id":"https:\/\/all-car-news.com\/es\/byd-recoge-han-que-pedir-inmediatamente\/#article","isPartOf":{"@id":"https:\/\/all-car-news.com\/es\/byd-recoge-han-que-pedir-inmediatamente\/"},"author":{"name":"","@id":""},"headline":"BYD recoge: Han que pedir inmediatamente","datePublished":"2022-12-14T15:10:53+00:00","dateModified":"2022-12-14T15:10:53+00:00","mainEntityOfPage":{"@id":"https:\/\/all-car-news.com\/es\/byd-recoge-han-que-pedir-inmediatamente\/"},"wordCount":594,"commentCount":0,"publisher":{"@id":"https:\/\/all-car-news.com\/es\/#organization"},"articleSection":["El\u00e9ctrico","noticias de autos"],"inLanguage":"es","potentialAction":[{"@type":"CommentAction","name":"Comment","target":["https:\/\/all-car-news.com\/es\/byd-recoge-han-que-pedir-inmediatamente\/#respond"]}]},{"@type":"WebPage","@id":"https:\/\/all-car-news.com\/es\/byd-recoge-han-que-pedir-inmediatamente\/","url":"https:\/\/all-car-news.com\/es\/byd-recoge-han-que-pedir-inmediatamente\/","name":"BYD recoge: Han que pedir inmediatamente - All cars news","isPartOf":{"@id":"https:\/\/all-car-news.com\/es\/#website"},"datePublished":"2022-12-14T15:10:53+00:00","dateModified":"2022-12-14T15:10:53+00:00","breadcrumb":{"@id":"https:\/\/all-car-news.com\/es\/byd-recoge-han-que-pedir-inmediatamente\/#breadcrumb"},"inLanguage":"es","potentialAction":[{"@type":"ReadAction","target":["https:\/\/all-car-news.com\/es\/byd-recoge-han-que-pedir-inmediatamente\/"]}]},{"@type":"BreadcrumbList","@id":"https:\/\/all-car-news.com\/es\/byd-recoge-han-que-pedir-inmediatamente\/#breadcrumb","itemListElement":[{"@type":"ListItem","position":1,"name":"Home","item":"https:\/\/all-car-news.com\/es\/"},{"@type":"ListItem","position":2,"name":"BYD recoge: Han que pedir inmediatamente"}]},{"@type":"WebSite","@id":"https:\/\/all-car-news.com\/es\/#website","url":"https:\/\/all-car-news.com\/es\/","name":"All cars news","description":"","publisher":{"@id":"https:\/\/all-car-news.com\/es\/#organization"},"potentialAction":[{"@type":"SearchAction","target":{"@type":"EntryPoint","urlTemplate":"https:\/\/all-car-news.com\/es\/?s={search_term_string}"},"query-input":"required name=search_term_string"}],"inLanguage":"es"},{"@type":"Organization","@id":"https:\/\/all-car-news.com\/es\/#organization","name":"All cars news","url":"https:\/\/all-car-news.com\/es\/","logo":{"@type":"ImageObject","inLanguage":"es","@id":"https:\/\/all-car-news.com\/es\/#\/schema\/logo\/image\/","url":"https:\/\/all-car-news.com\/wp-content\/uploads\/2022\/02\/CMYK-AllCarNews_LANDSCAPE_300px-1.png","contentUrl":"https:\/\/all-car-news.com\/wp-content\/uploads\/2022\/02\/CMYK-AllCarNews_LANDSCAPE_300px-1.png","width":300,"height":100,"caption":"All cars news"},"image":{"@id":"https:\/\/all-car-news.com\/es\/#\/schema\/logo\/image\/"}}]}},"_links":{"self":[{"href":"https:\/\/all-car-news.com\/es\/wp-json\/wp\/v2\/posts\/128673","targetHints":{"allow":["GET"]}}],"collection":[{"href":"https:\/\/all-car-news.com\/es\/wp-json\/wp\/v2\/posts"}],"about":[{"href":"https:\/\/all-car-news.com\/es\/wp-json\/wp\/v2\/types\/post"}],"replies":[{"embeddable":true,"href":"https:\/\/all-car-news.com\/es\/wp-json\/wp\/v2\/comments?post=128673"}],"version-history":[{"count":0,"href":"https:\/\/all-car-news.com\/es\/wp-json\/wp\/v2\/posts\/128673\/revisions"}],"wp:featuredmedia":[{"embeddable":true,"href":"https:\/\/all-car-news.com\/es\/wp-json\/wp\/v2\/media\/128643"}],"wp:attachment":[{"href":"https:\/\/all-car-news.com\/es\/wp-json\/wp\/v2\/media?parent=128673"}],"wp:term":[{"taxonomy":"category","embeddable":true,"href":"https:\/\/all-car-news.com\/es\/wp-json\/wp\/v2\/categories?post=128673"},{"taxonomy":"post_tag","embeddable":true,"href":"https:\/\/all-car-news.com\/es\/wp-json\/wp\/v2\/tags?post=128673"}],"curies":[{"name":"wp","href":"https:\/\/api.w.org\/{rel}","templated":true}]}}