{"id":128330,"date":"2022-12-09T08:58:19","date_gmt":"2022-12-09T08:58:19","guid":{"rendered":"https:\/\/all-car-news.com\/impresion-de-ambiente-exposicion-james-bond-bond-in-motion-en-bruselas\/"},"modified":"2022-12-09T08:58:19","modified_gmt":"2022-12-09T08:58:19","slug":"impresion-de-ambiente-exposicion-james-bond-bond-in-motion-en-bruselas","status":"publish","type":"post","link":"https:\/\/all-car-news.com\/es\/impresion-de-ambiente-exposicion-james-bond-bond-in-motion-en-bruselas\/","title":{"rendered":"Impresi\u00f3n de ambiente: exposici\u00f3n James Bond Bond in Motion en Bruselas"},"content":{"rendered":"<h2>Bono en movimiento<\/h2>\n<p>La exposici\u00f3n Bond in Motion puede visitarse hasta el 14 de mayo en el Palacio 1 de Bruselas Expo (Heysel). Con una superficie de 6.000 metros cuadrados, la exposici\u00f3n Bond in Motion lleva a los visitantes tras las bambalinas de 007. La exposici\u00f3n se divide en cuatro mundos: aire, agua, tierra y fuego.<\/p>\n<h2>Varios modelos emblem\u00e1ticos<\/h2>\n<p>Por supuesto, hay un gran n\u00famero de Aston Martin t\u00edpicos expuestos, desde el DB5 de los a\u00f1os 60 hasta el DB10 que nunca lleg\u00f3 a fabricarse. Adem\u00e1s, muchos otros coches ic\u00f3nicos y m\u00e1s o menos maltrechos de Bond, como el Lotus Esprit, el BMW Z8, el Jaguar C-X75, el (medio) Renault 11, los Land Rover y los Rolls-Royce. Pero tambi\u00e9n motos, aviones y barcos, motos de nieve, un coche subterr\u00e1neo completo de Skyfall y mucho m\u00e1s. En el bar central 007 se puede pedir un Martini (agitado, no revuelto) y, por supuesto, no puede faltar el merchandising oficial de Bond.&nbsp;<\/p>\n<h2>60 a\u00f1os, 25 pel\u00edculas, seis actores: Bond sigue vivito y coleando<\/h2>\n<p>Todos los veh\u00edculos emblem\u00e1ticos que los visitantes pueden admirar en la exposici\u00f3n Bond in Motion son objetos 100% originales de las pel\u00edculas. Eso significa que todas las piezas expuestas en los \u00faltimos 60&nbsp;a\u00f1os fueron utilizadas durante el rodaje por alguno de los int\u00e9rpretes de James Bond, desde Sean Connery hasta Daniel Craig, u otro personaje.<\/p>\n<figure class=\"wp-block-image size-content\"><img decoding=\"async\" loading=\"lazy\" width=\"760\" height=\"1140\" src=\"https:\/\/autorai.nl\/wp-content\/uploads\/2022\/12\/Aston-Martin-1-760x1140.jpeg\" alt=\"\" class=\"wp-image-142235\"><\/figure>\n<h2>Actores y actrices holandeses<\/h2>\n<p>Desde una perspectiva holandesa, son interesantes los veh\u00edculos de las pel\u00edculas \u00abThe Living Daylights\u00bb, con Jeroen Krabb\u00e9, \u00abGoldenEye\u00bb, con Famke Janssen, y \u00abEl ma\u00f1ana nunca muere\u00bb, con Daphne Deckers, que tambi\u00e9n se exponen en la muestra. La impresionante colecci\u00f3n incluye coches, motos, barcos, aviones, helic\u00f3pteros, aerodeslizadores e incluso un coche subterr\u00e1neo de m\u00e1s de 11&nbsp;metros de largo, conocido por <em>Skyfall<\/em>. Algunos coches muestran incluso impresionantes huellas de las acrobacias realizadas durante los rodajes.<\/p>\n<h2>Pasee con nosotros<\/h2>\n<p>La pista de Bond in Motion incluye el coche Lotus Esprit S1 que se transforma en un submarino de  <em>La esp\u00eda que me am\u00f3<\/em>  (1977), el Aston Martin V8 de 1985 de  <em>Las luces del d\u00eda<\/em>  (1987), el BMW Z8 de  <em>El mundo no basta<\/em>  (1999) y el Aston Martin DB10 de  <em>Spectre<\/em>  (2015). Por supuesto, tampoco falta el Aston Martin DB5 como coche cl\u00e1sico y t\u00edpico de Bond.<\/p>\n<h2>Gadgets, por supuesto que tambi\u00e9n est\u00e1n ah\u00ed<\/h2>\n<p>Tambi\u00e9n hay documentos de identidad falsos, walkie-talkies, armas y otros accesorios que aparecen en las distintas pel\u00edculas. En resumen, un sue\u00f1o para los fans del agente secreto brit\u00e1nico. Gracias a los modelos a escala y a las explicaciones sobre los efectos especiales, los visitantes tambi\u00e9n pueden ver entre bastidores las acrobacias y las escenas de culto m\u00e1s famosas de James Bond.<\/p>\n<figure class=\"wp-block-image size-content\"><img decoding=\"async\" loading=\"lazy\" width=\"1140\" height=\"760\" src=\"https:\/\/autorai.nl\/wp-content\/uploads\/2022\/12\/Aston-Martin-DBS-Superleggera-1140x760.jpeg\" alt=\"Aston Martin DBS Superleggera\" class=\"wp-image-142252\"><\/figure>\n<h2>De Londres a Los \u00c1ngeles y a Bruselas<\/h2>\n<p>La exposici\u00f3n Bond In Motion vio la luz en 2012 en el Museo Nacional del Motor de Beaulieu (Reino Unido) con motivo del 50 cumplea\u00f1os del agente secreto. La exposici\u00f3n se traslad\u00f3 al Museo del Cine de Londres, donde permaneci\u00f3 seis a\u00f1os y atrajo a m\u00e1s de nueve millones de visitantes.  <\/p>\n<p>Despu\u00e9s se expuso en el Petersen Automotive Museum de Los \u00c1ngeles hasta finales del verano de 2022. Bruselas es ahora la primera oportunidad de descubrir este acontecimiento en la Europa continental, y es tambi\u00e9n la primera vez que esta exposici\u00f3n no se encuentra en un museo, sino en una planta enteramente dedicada al mundo de James Bond.  <\/p>\n<h2><em>Agitado, no revuelto<\/em><\/h2>\n<p>Quienes siempre hayan so\u00f1ado con meterse en el traje del esp\u00eda m\u00e1s famoso del planeta o encarnar por una noche a la sexy Chica Bond pueden visitar el bar 007 que forma parte de la exposici\u00f3n. Para tomar una copa de champ\u00e1n o el famoso \u00bb <em>agitado, no revuelto<\/em> \u00bb en un decorado glamuroso familiar de las pel\u00edculas.  <\/p>\n<figure class=\"wp-block-image size-content\"><img decoding=\"async\" loading=\"lazy\" width=\"1140\" height=\"760\" src=\"https:\/\/autorai.nl\/wp-content\/uploads\/2022\/12\/bar007-cocktail-1140x760.jpeg\" alt=\"\" class=\"wp-image-142240\"><\/figure>\n<h2>Sobre James Bond<\/h2>\n<p>James Bond es un personaje de ficci\u00f3n creado por el escritor Ian Fleming en 1953. Existen innumerables biograf\u00edas ficticias porque el autor nunca hubiera imaginado que su personaje vivir\u00eda tanto tiempo. El agente secreto brit\u00e1nico trabaja para el MI6, tiene el n\u00famero de c\u00f3digo 007 y ha sido el h\u00e9roe de 25 pel\u00edculas de acci\u00f3n. En la gran pantalla, lo encarnan seis actores legendarios de&nbsp;:<\/p>\n<ul>\n<li><strong>Sean Connery<\/strong>:  <em>Dr. No<\/em>  (1962), <em>Desde Rusia con amor<\/em> (1963), <em>Goldfinger <\/em>(1964), <em>Thunderball<\/em> (1965), <em>S\u00f3lo se vive dos veces<\/em> (1967), <em>Los diamantes son para siempre<\/em> (1971).<\/li>\n<li><strong>George Lazenby<\/strong>: <em>Al servicio secreto de Su Majestad<\/em> (1969).<\/li>\n<li><strong>Roger Moore<\/strong>: <em>Vive y deja morir<\/em> (1973), El <em>hombre de la pistola de<\/em> oro (1974), La <em>esp\u00eda que me am\u00f3<\/em> (1977), <em>Moonraker<\/em> (1979), <em>S\u00f3lo para tus ojos<\/em> (1981), <em>Octopussy<\/em> (1983), <em>A View to a Kill<\/em> (1985).<\/li>\n<li><strong>Timothy Dalton<\/strong>: <em>The Living Daylights<\/em> (1987), <em>Licencia para matar<\/em> (1989).<\/li>\n<li><strong>Pierce Brosnan<\/strong>: <em>GoldenEye<\/em> (1995), <em>El ma\u00f1ana nunca muere<\/em> (1997), <em>El mundo no es suficiente<\/em> (1999), <em>Muere otro d\u00eda<\/em> (2002).<\/li>\n<li><strong>Daniel Craig<\/strong>: <em>Casino Royale<\/em> (2006), <em>Quantum of Solace<\/em> (2008), <em>Skyfall<\/em> (2012), <em>Spectre<\/em> (2015), <em>No Time to<\/em> Die (2021).<\/li>\n<\/ul>\n<h2><em>Doble O siete<\/em><\/h2>\n<p>James Bond es un esp\u00eda del servicio secreto brit\u00e1nico con el n\u00famero 007 <em>(\u00abdoble O siete\u00bb)<\/em>. El primer cero significa que tiene permiso para matar, el segundo que ya lo ha hecho y el 7 que es el s\u00e9ptimo agente con esa autorizaci\u00f3n.<\/p>\n<h2>Sobre Ian Fleming, creador de 007<\/h2>\n<p>Ian Fleming, nacido en 1908, fue un escritor brit\u00e1nico de novelas de espionaje, periodista y oficial de inteligencia naval. Proced\u00eda de una familia adinerada, afiliada al banco mercantil Robert Fleming &amp; Co. Su servicio durante la Segunda Guerra Mundial y su experiencia como periodista influyeron profundamente en la creaci\u00f3n del estilo de vida de James Bond. Para el nombre de su personaje, Fleming se inspir\u00f3 en un ornit\u00f3logo.<\/p>\n<p>Ian Fleming escribi\u00f3 su primer libro <em>sobre James Bond, Casino Royale<\/em>, en 1953. Tuvo tanto \u00e9xito que se necesitaron tres tiradas para satisfacer la demanda. Entre 1953 y 1966 siguieron otras once novelas en&nbsp;y dos colecciones de relatos en&nbsp;. Todas las novelas tratan de James Bond, un oficial del Servicio Secreto de Inteligencia, m\u00e1s conocido como MI6. Bond, tambi\u00e9n conocido por su n\u00famero de c\u00f3digo&nbsp;007, es comandante de la Real Reserva Naval. Con 100 millones de ejemplares vendidos, las historias del agente 007 figuran entre los libros de ficci\u00f3n m\u00e1s le\u00eddos de todos los tiempos.<\/p>\n<p>El padre espiritual de James Bond era mujeriego, beb\u00eda mucho, fumaba mucho y sufr\u00eda del coraz\u00f3n. Muri\u00f3 de un infarto en 1964, a los 56 a\u00f1os. Dos de sus libros se publicaron p\u00f3stumamente. Tras la muerte de Fleming, su personaje fue adoptado por otros escritores.<\/p>\n<h2>Informaci\u00f3n pr\u00e1ctica Bond in Motion<\/h2>\n<p><strong>Bono en movimiento<br \/>Palacio 1 &#8211; Bruselas Expo<br \/>B\u00e9lgica Plaza 1<br \/>1020 Bruselas<\/p>\n<p>Del 09-12-2022 al 14-05-2023<\/strong><\/p>\n<p>Abierto los lunes, mi\u00e9rcoles, viernes y domingos de 11.00 a 18.00 y los s\u00e1bados de 11.00 a 21.00 <em>(durante las vacaciones escolares, abierto todos los d\u00edas de 11.00 a 18.00).<\/p>\n<p> Precio de la entrada<\/em>a partir de 19 euros (IVA incl.)<\/p>\n<p>M\u00e1s informaci\u00f3n en <a href=\"https:\/\/007brussels.com\/nl\/\" target=\"_blank\" rel=\"noreferrer noopener\">www.007brussels.com<\/a><\/p>\n<\/p>\n<div class=\"galery galery-0\">\n<figure>\n\t\t\t\t\t<span style=\"cursor: pointer\" data-src=\"https:\/\/autorai.nl\/wp-content\/uploads\/2022\/12\/vliegtuig-1600x1067.jpeg\" data-fancybox=\"galery-0\" title=\"\"><br \/>\n\t\t\t\t\t\t\t<img decoding=\"async\" width=\"360\" height=\"270\" src=\"https:\/\/autorai.nl\/wp-content\/uploads\/2022\/12\/vliegtuig-360x270.jpeg\" class=\"attachment-small size-small\" alt=\"Aviones\" loading=\"lazy\"><i class=\"fa fa-search-plus\" aria-hidden=\"true\"><\/i><br \/>\n\t\t\t\t\t\t<\/span><br \/>\n\t\t\t\t\t<\/figure>\n<figure>\n\t\t\t\t\t<span style=\"cursor: pointer\" data-src=\"https:\/\/autorai.nl\/wp-content\/uploads\/2022\/12\/sneeuwscooter-1600x1067.jpeg\" data-fancybox=\"galery-0\" title=\"\"><br \/>\n\t\t\t\t\t\t\t<img decoding=\"async\" width=\"360\" height=\"270\" src=\"https:\/\/autorai.nl\/wp-content\/uploads\/2022\/12\/sneeuwscooter-360x270.jpeg\" class=\"attachment-small size-small\" alt=\"Motos de nieve\" loading=\"lazy\"><i class=\"fa fa-search-plus\" aria-hidden=\"true\"><\/i><br \/>\n\t\t\t\t\t\t<\/span><br \/>\n\t\t\t\t\t<\/figure>\n<figure>\n\t\t\t\t\t<span style=\"cursor: pointer\" data-src=\"https:\/\/autorai.nl\/wp-content\/uploads\/2022\/12\/overzicht-1600x1067.jpeg\" data-fancybox=\"galery-0\" title=\"\"><br \/>\n\t\t\t\t\t\t\t<img decoding=\"async\" width=\"360\" height=\"270\" src=\"https:\/\/autorai.nl\/wp-content\/uploads\/2022\/12\/overzicht-360x270.jpeg\" class=\"attachment-small size-small\" alt=\"Bond in Motion Bruselas\" loading=\"lazy\"><i class=\"fa fa-search-plus\" aria-hidden=\"true\"><\/i><br \/>\n\t\t\t\t\t\t<\/span><br \/>\n\t\t\t\t\t<\/figure>\n<figure>\n\t\t\t\t\t<span style=\"cursor: pointer\" data-src=\"https:\/\/autorai.nl\/wp-content\/uploads\/2022\/12\/motorfietsen-1067x1600.jpeg\" data-fancybox=\"galery-0\" title=\"\"><br \/>\n\t\t\t\t\t\t\t<img decoding=\"async\" width=\"360\" height=\"270\" src=\"https:\/\/autorai.nl\/wp-content\/uploads\/2022\/12\/motorfietsen-360x270.jpeg\" class=\"attachment-small size-small\" alt=\"Motos\" loading=\"lazy\"><i class=\"fa fa-search-plus\" aria-hidden=\"true\"><\/i><br \/>\n\t\t\t\t\t\t<\/span><br \/>\n\t\t\t\t\t<\/figure>\n<figure>\n\t\t\t\t\t<span style=\"cursor: pointer\" data-src=\"https:\/\/autorai.nl\/wp-content\/uploads\/2022\/12\/Lotus-Esprit-Toyota-Landcruiser-1067x1600.jpeg\" data-fancybox=\"galery-0\" title=\"\"><br \/>\n\t\t\t\t\t\t\t<img decoding=\"async\" width=\"360\" height=\"270\" src=\"https:\/\/autorai.nl\/wp-content\/uploads\/2022\/12\/Lotus-Esprit-Toyota-Landcruiser-360x270.jpeg\" class=\"attachment-small size-small\" alt=\"Lotus Esprit y Toyota Land Cruiser\" loading=\"lazy\"><i class=\"fa fa-search-plus\" aria-hidden=\"true\"><\/i><br \/>\n\t\t\t\t\t\t<\/span><br \/>\n\t\t\t\t\t<\/figure>\n<figure>\n\t\t\t\t\t<span style=\"cursor: pointer\" data-src=\"https:\/\/autorai.nl\/wp-content\/uploads\/2022\/12\/capsule-Living-Daylights-Jeroen-Krabbe\u0301-2-1600x1067.jpeg\" data-fancybox=\"galery-0\" title=\"\"><br \/>\n\t\t\t\t\t\t\t<img decoding=\"async\" width=\"360\" height=\"270\" src=\"https:\/\/autorai.nl\/wp-content\/uploads\/2022\/12\/capsule-Living-Daylights-Jeroen-Krabbe%CC%81-2-360x270.jpeg\" class=\"attachment-small size-small\" alt=\"c\u00e1psula Living Daylights Jeroen Krabb\u00e9\" loading=\"lazy\"><i class=\"fa fa-search-plus\" aria-hidden=\"true\"><\/i><br \/>\n\t\t\t\t\t\t<\/span><br \/>\n\t\t\t\t\t<\/figure>\n<figure>\n\t\t\t\t\t<span style=\"cursor: pointer\" data-src=\"https:\/\/autorai.nl\/wp-content\/uploads\/2022\/12\/capsule-Living-Daylights-Jeroen-Krabbe\u0301-1-1600x1067.jpeg\" data-fancybox=\"galery-0\" title=\"\"><br \/>\n\t\t\t\t\t\t\t<img decoding=\"async\" width=\"360\" height=\"270\" src=\"https:\/\/autorai.nl\/wp-content\/uploads\/2022\/12\/capsule-Living-Daylights-Jeroen-Krabbe%CC%81-1-360x270.jpeg\" class=\"attachment-small size-small\" alt=\"\" loading=\"lazy\"><i class=\"fa fa-search-plus\" aria-hidden=\"true\"><\/i><br \/>\n\t\t\t\t\t\t<\/span><br \/>\n\t\t\t\t\t<\/figure>\n<figure>\n\t\t\t\t\t<span style=\"cursor: pointer\" data-src=\"https:\/\/autorai.nl\/wp-content\/uploads\/2022\/12\/bar007-cocktail-1600x1067.jpeg\" data-fancybox=\"galery-0\" title=\"\"><br \/>\n\t\t\t\t\t\t\t<img decoding=\"async\" width=\"360\" height=\"270\" src=\"https:\/\/autorai.nl\/wp-content\/uploads\/2022\/12\/bar007-cocktail-360x270.jpeg\" class=\"attachment-small size-small\" alt=\"Agitado, no revuelto\" loading=\"lazy\"><i class=\"fa fa-search-plus\" aria-hidden=\"true\"><\/i><br \/>\n\t\t\t\t\t\t<\/span><br \/>\n\t\t\t\t\t<\/figure>\n<figure>\n\t\t\t\t\t<span style=\"cursor: pointer\" data-src=\"https:\/\/autorai.nl\/wp-content\/uploads\/2022\/12\/Aston-Martin-V8-Living-Daylights-1600x1067.jpeg\" data-fancybox=\"galery-0\" title=\"\"><br \/>\n\t\t\t\t\t\t\t<img decoding=\"async\" width=\"360\" height=\"270\" src=\"https:\/\/autorai.nl\/wp-content\/uploads\/2022\/12\/Aston-Martin-V8-Living-Daylights-360x270.jpeg\" class=\"attachment-small size-small\" alt=\"Aston Martin V8 Living Daylights\" loading=\"lazy\"><i class=\"fa fa-search-plus\" aria-hidden=\"true\"><\/i><br \/>\n\t\t\t\t\t\t<\/span><br \/>\n\t\t\t\t\t<\/figure>\n<figure>\n\t\t\t\t\t<span style=\"cursor: pointer\" data-src=\"https:\/\/autorai.nl\/wp-content\/uploads\/2022\/12\/Aston-Martin-DB5-Spectre-1600x1067.jpeg\" data-fancybox=\"galery-0\" title=\"\"><br \/>\n\t\t\t\t\t\t\t<img decoding=\"async\" width=\"360\" height=\"270\" src=\"https:\/\/autorai.nl\/wp-content\/uploads\/2022\/12\/Aston-Martin-DB5-Spectre-360x270.jpeg\" class=\"attachment-small size-small\" alt=\"Aston Martin DB5 Spectre\" loading=\"lazy\"><i class=\"fa fa-search-plus\" aria-hidden=\"true\"><\/i><br \/>\n\t\t\t\t\t\t<\/span><br \/>\n\t\t\t\t\t<\/figure>\n<figure>\n\t\t\t\t\t<span style=\"cursor: pointer\" data-src=\"https:\/\/autorai.nl\/wp-content\/uploads\/2022\/12\/Aston-Martin-DB5-Lotus-Esprit-Aston-Martin-V8-1600x1067.jpeg\" data-fancybox=\"galery-0\" title=\"\"><br \/>\n\t\t\t\t\t\t\t<img decoding=\"async\" width=\"360\" height=\"270\" src=\"https:\/\/autorai.nl\/wp-content\/uploads\/2022\/12\/Aston-Martin-DB5-Lotus-Esprit-Aston-Martin-V8-360x270.jpeg\" class=\"attachment-small size-small\" alt=\"Aston Martin DB5 Lotus Esprit y Aston Martin V8\" loading=\"lazy\"><i class=\"fa fa-search-plus\" aria-hidden=\"true\"><\/i><br \/>\n\t\t\t\t\t\t<\/span><br \/>\n\t\t\t\t\t<\/figure>\n<figure>\n\t\t\t\t\t<span style=\"cursor: pointer\" data-src=\"https:\/\/autorai.nl\/wp-content\/uploads\/2022\/12\/Aston-Martin-1-1067x1600.jpeg\" data-fancybox=\"galery-0\" title=\"\"><br \/>\n\t\t\t\t\t\t\t<img decoding=\"async\" width=\"360\" height=\"270\" src=\"https:\/\/autorai.nl\/wp-content\/uploads\/2022\/12\/Aston-Martin-1-360x270.jpeg\" class=\"attachment-small size-small\" alt=\"Aston Martin Vanquish\" loading=\"lazy\"><i class=\"fa fa-search-plus\" aria-hidden=\"true\"><\/i><br \/>\n\t\t\t\t\t\t<\/span><br \/>\n\t\t\t\t\t<\/figure>\n<figure>\n\t\t\t\t\t<span style=\"cursor: pointer\" data-src=\"https:\/\/autorai.nl\/wp-content\/uploads\/2022\/12\/007-1600x1067.jpeg\" data-fancybox=\"galery-0\" title=\"\"><br \/>\n\t\t\t\t\t\t\t<img decoding=\"async\" width=\"360\" height=\"270\" src=\"https:\/\/autorai.nl\/wp-content\/uploads\/2022\/12\/007-360x270.jpeg\" class=\"attachment-small size-small\" alt=\"007\" loading=\"lazy\"><i class=\"fa fa-search-plus\" aria-hidden=\"true\"><\/i><br \/>\n\t\t\t\t\t\t<\/span><br \/>\n\t\t\t\t\t<\/figure>\n<figure>\n\t\t\t\t\t<span style=\"cursor: pointer\" data-src=\"https:\/\/autorai.nl\/wp-content\/uploads\/2022\/12\/Aston-Martin-DBS-Superleggera-1600x1067.jpeg\" data-fancybox=\"galery-0\" title=\"\"><br \/>\n\t\t\t\t\t\t\t<img decoding=\"async\" width=\"360\" height=\"270\" src=\"https:\/\/autorai.nl\/wp-content\/uploads\/2022\/12\/Aston-Martin-DBS-Superleggera-360x270.jpeg\" class=\"attachment-small size-small\" alt=\"Aston Martin DBS Superleggera\" loading=\"lazy\"><i class=\"fa fa-search-plus\" aria-hidden=\"true\"><\/i><br \/>\n\t\t\t\t\t\t<\/span><br \/>\n\t\t\t\t\t<\/figure>\n<div class=\"clear\"><\/div>\n<\/div>\n","protected":false},"excerpt":{"rendered":"Bond en movimiento La exposici\u00f3n Bond en movimiento puede visitarse hasta el 14 de mayo en el Palacio 1 de&hellip;","protected":false},"author":0,"featured_media":128258,"comment_status":"open","ping_status":"open","sticky":false,"template":"","format":"standard","meta":{"footnotes":""},"categories":[126],"tags":[],"class_list":["post-128330","post","type-post","status-publish","format-standard","has-post-thumbnail","hentry","category-noticias-de-autos"],"acf":[],"yoast_head":"<!-- This site is optimized with the Yoast SEO plugin v21.2 - https:\/\/yoast.com\/wordpress\/plugins\/seo\/ -->\n<title>Impresi\u00f3n de ambiente: exposici\u00f3n James Bond Bond in Motion en Bruselas - All cars news<\/title>\n<meta name=\"robots\" content=\"index, follow, max-snippet:-1, max-image-preview:large, max-video-preview:-1\" \/>\n<link rel=\"canonical\" href=\"https:\/\/all-car-news.com\/es\/impresion-de-ambiente-exposicion-james-bond-bond-in-motion-en-bruselas\/\" \/>\n<meta property=\"og:locale\" content=\"es_ES\" \/>\n<meta property=\"og:type\" content=\"article\" \/>\n<meta property=\"og:title\" content=\"Impresi\u00f3n de ambiente: exposici\u00f3n James Bond Bond in Motion en Bruselas - All cars news\" \/>\n<meta property=\"og:description\" content=\"Bond en movimiento La exposici\u00f3n Bond en movimiento puede visitarse hasta el 14 de mayo en el Palacio 1 de Bruselas Expo (Heysel). Con una superficie de 6.000 metros cuadrados, la exposici\u00f3n Bond in Motion lleva a los visitantes tras las bambalinas de 007. La exposici\u00f3n se divide en cuatro mundos: aire, agua, tierra y [...].\" \/>\n<meta property=\"og:url\" content=\"https:\/\/all-car-news.com\/es\/impresion-de-ambiente-exposicion-james-bond-bond-in-motion-en-bruselas\/\" \/>\n<meta property=\"og:site_name\" content=\"All cars news\" \/>\n<meta property=\"article:published_time\" content=\"2022-12-09T08:58:19+00:00\" \/>\n<meta property=\"og:image\" content=\"https:\/\/autorai.nl\/wp-content\/uploads\/2022\/12\/Aston-Martin-1-760x1140.jpeg\" \/>\n<meta name=\"twitter:card\" content=\"summary_large_image\" \/>\n<meta name=\"twitter:label1\" content=\"Tiempo de lectura\" \/>\n\t<meta name=\"twitter:data1\" content=\"6 minutos\" \/>\n<script type=\"application\/ld+json\" class=\"yoast-schema-graph\">{\"@context\":\"https:\/\/schema.org\",\"@graph\":[{\"@type\":\"Article\",\"@id\":\"https:\/\/all-car-news.com\/es\/impresion-de-ambiente-exposicion-james-bond-bond-in-motion-en-bruselas\/#article\",\"isPartOf\":{\"@id\":\"https:\/\/all-car-news.com\/es\/impresion-de-ambiente-exposicion-james-bond-bond-in-motion-en-bruselas\/\"},\"author\":{\"name\":\"\",\"@id\":\"\"},\"headline\":\"Impresi\u00f3n de ambiente: exposici\u00f3n James Bond Bond in Motion en Bruselas\",\"datePublished\":\"2022-12-09T08:58:19+00:00\",\"dateModified\":\"2022-12-09T08:58:19+00:00\",\"mainEntityOfPage\":{\"@id\":\"https:\/\/all-car-news.com\/es\/impresion-de-ambiente-exposicion-james-bond-bond-in-motion-en-bruselas\/\"},\"wordCount\":1182,\"commentCount\":0,\"publisher\":{\"@id\":\"https:\/\/all-car-news.com\/es\/#organization\"},\"articleSection\":[\"noticias de autos\"],\"inLanguage\":\"es\",\"potentialAction\":[{\"@type\":\"CommentAction\",\"name\":\"Comment\",\"target\":[\"https:\/\/all-car-news.com\/es\/impresion-de-ambiente-exposicion-james-bond-bond-in-motion-en-bruselas\/#respond\"]}]},{\"@type\":\"WebPage\",\"@id\":\"https:\/\/all-car-news.com\/es\/impresion-de-ambiente-exposicion-james-bond-bond-in-motion-en-bruselas\/\",\"url\":\"https:\/\/all-car-news.com\/es\/impresion-de-ambiente-exposicion-james-bond-bond-in-motion-en-bruselas\/\",\"name\":\"Impresi\u00f3n de ambiente: exposici\u00f3n James Bond Bond in Motion en Bruselas - All cars news\",\"isPartOf\":{\"@id\":\"https:\/\/all-car-news.com\/es\/#website\"},\"datePublished\":\"2022-12-09T08:58:19+00:00\",\"dateModified\":\"2022-12-09T08:58:19+00:00\",\"breadcrumb\":{\"@id\":\"https:\/\/all-car-news.com\/es\/impresion-de-ambiente-exposicion-james-bond-bond-in-motion-en-bruselas\/#breadcrumb\"},\"inLanguage\":\"es\",\"potentialAction\":[{\"@type\":\"ReadAction\",\"target\":[\"https:\/\/all-car-news.com\/es\/impresion-de-ambiente-exposicion-james-bond-bond-in-motion-en-bruselas\/\"]}]},{\"@type\":\"BreadcrumbList\",\"@id\":\"https:\/\/all-car-news.com\/es\/impresion-de-ambiente-exposicion-james-bond-bond-in-motion-en-bruselas\/#breadcrumb\",\"itemListElement\":[{\"@type\":\"ListItem\",\"position\":1,\"name\":\"Home\",\"item\":\"https:\/\/all-car-news.com\/es\/\"},{\"@type\":\"ListItem\",\"position\":2,\"name\":\"Impresi\u00f3n de ambiente: exposici\u00f3n James Bond Bond in Motion en Bruselas\"}]},{\"@type\":\"WebSite\",\"@id\":\"https:\/\/all-car-news.com\/es\/#website\",\"url\":\"https:\/\/all-car-news.com\/es\/\",\"name\":\"All cars news\",\"description\":\"\",\"publisher\":{\"@id\":\"https:\/\/all-car-news.com\/es\/#organization\"},\"potentialAction\":[{\"@type\":\"SearchAction\",\"target\":{\"@type\":\"EntryPoint\",\"urlTemplate\":\"https:\/\/all-car-news.com\/es\/?s={search_term_string}\"},\"query-input\":\"required name=search_term_string\"}],\"inLanguage\":\"es\"},{\"@type\":\"Organization\",\"@id\":\"https:\/\/all-car-news.com\/es\/#organization\",\"name\":\"All cars news\",\"url\":\"https:\/\/all-car-news.com\/es\/\",\"logo\":{\"@type\":\"ImageObject\",\"inLanguage\":\"es\",\"@id\":\"https:\/\/all-car-news.com\/es\/#\/schema\/logo\/image\/\",\"url\":\"https:\/\/all-car-news.com\/wp-content\/uploads\/2022\/02\/CMYK-AllCarNews_LANDSCAPE_300px-1.png\",\"contentUrl\":\"https:\/\/all-car-news.com\/wp-content\/uploads\/2022\/02\/CMYK-AllCarNews_LANDSCAPE_300px-1.png\",\"width\":300,\"height\":100,\"caption\":\"All cars news\"},\"image\":{\"@id\":\"https:\/\/all-car-news.com\/es\/#\/schema\/logo\/image\/\"}}]}<\/script>\n<!-- \/ Yoast SEO plugin. -->","yoast_head_json":{"title":"Impresi\u00f3n de ambiente: exposici\u00f3n James Bond Bond in Motion en Bruselas - All cars news","robots":{"index":"index","follow":"follow","max-snippet":"max-snippet:-1","max-image-preview":"max-image-preview:large","max-video-preview":"max-video-preview:-1"},"canonical":"https:\/\/all-car-news.com\/es\/impresion-de-ambiente-exposicion-james-bond-bond-in-motion-en-bruselas\/","og_locale":"es_ES","og_type":"article","og_title":"Impresi\u00f3n de ambiente: exposici\u00f3n James Bond Bond in Motion en Bruselas - All cars news","og_description":"Bond en movimiento La exposici\u00f3n Bond en movimiento puede visitarse hasta el 14 de mayo en el Palacio 1 de Bruselas Expo (Heysel). Con una superficie de 6.000 metros cuadrados, la exposici\u00f3n Bond in Motion lleva a los visitantes tras las bambalinas de 007. La exposici\u00f3n se divide en cuatro mundos: aire, agua, tierra y [...].","og_url":"https:\/\/all-car-news.com\/es\/impresion-de-ambiente-exposicion-james-bond-bond-in-motion-en-bruselas\/","og_site_name":"All cars news","article_published_time":"2022-12-09T08:58:19+00:00","og_image":[{"url":"https:\/\/autorai.nl\/wp-content\/uploads\/2022\/12\/Aston-Martin-1-760x1140.jpeg"}],"twitter_card":"summary_large_image","twitter_misc":{"Tiempo de lectura":"6 minutos"},"schema":{"@context":"https:\/\/schema.org","@graph":[{"@type":"Article","@id":"https:\/\/all-car-news.com\/es\/impresion-de-ambiente-exposicion-james-bond-bond-in-motion-en-bruselas\/#article","isPartOf":{"@id":"https:\/\/all-car-news.com\/es\/impresion-de-ambiente-exposicion-james-bond-bond-in-motion-en-bruselas\/"},"author":{"name":"","@id":""},"headline":"Impresi\u00f3n de ambiente: exposici\u00f3n James Bond Bond in Motion en Bruselas","datePublished":"2022-12-09T08:58:19+00:00","dateModified":"2022-12-09T08:58:19+00:00","mainEntityOfPage":{"@id":"https:\/\/all-car-news.com\/es\/impresion-de-ambiente-exposicion-james-bond-bond-in-motion-en-bruselas\/"},"wordCount":1182,"commentCount":0,"publisher":{"@id":"https:\/\/all-car-news.com\/es\/#organization"},"articleSection":["noticias de autos"],"inLanguage":"es","potentialAction":[{"@type":"CommentAction","name":"Comment","target":["https:\/\/all-car-news.com\/es\/impresion-de-ambiente-exposicion-james-bond-bond-in-motion-en-bruselas\/#respond"]}]},{"@type":"WebPage","@id":"https:\/\/all-car-news.com\/es\/impresion-de-ambiente-exposicion-james-bond-bond-in-motion-en-bruselas\/","url":"https:\/\/all-car-news.com\/es\/impresion-de-ambiente-exposicion-james-bond-bond-in-motion-en-bruselas\/","name":"Impresi\u00f3n de ambiente: exposici\u00f3n James Bond Bond in Motion en Bruselas - All cars news","isPartOf":{"@id":"https:\/\/all-car-news.com\/es\/#website"},"datePublished":"2022-12-09T08:58:19+00:00","dateModified":"2022-12-09T08:58:19+00:00","breadcrumb":{"@id":"https:\/\/all-car-news.com\/es\/impresion-de-ambiente-exposicion-james-bond-bond-in-motion-en-bruselas\/#breadcrumb"},"inLanguage":"es","potentialAction":[{"@type":"ReadAction","target":["https:\/\/all-car-news.com\/es\/impresion-de-ambiente-exposicion-james-bond-bond-in-motion-en-bruselas\/"]}]},{"@type":"BreadcrumbList","@id":"https:\/\/all-car-news.com\/es\/impresion-de-ambiente-exposicion-james-bond-bond-in-motion-en-bruselas\/#breadcrumb","itemListElement":[{"@type":"ListItem","position":1,"name":"Home","item":"https:\/\/all-car-news.com\/es\/"},{"@type":"ListItem","position":2,"name":"Impresi\u00f3n de ambiente: exposici\u00f3n James Bond Bond in Motion en Bruselas"}]},{"@type":"WebSite","@id":"https:\/\/all-car-news.com\/es\/#website","url":"https:\/\/all-car-news.com\/es\/","name":"All cars news","description":"","publisher":{"@id":"https:\/\/all-car-news.com\/es\/#organization"},"potentialAction":[{"@type":"SearchAction","target":{"@type":"EntryPoint","urlTemplate":"https:\/\/all-car-news.com\/es\/?s={search_term_string}"},"query-input":"required name=search_term_string"}],"inLanguage":"es"},{"@type":"Organization","@id":"https:\/\/all-car-news.com\/es\/#organization","name":"All cars news","url":"https:\/\/all-car-news.com\/es\/","logo":{"@type":"ImageObject","inLanguage":"es","@id":"https:\/\/all-car-news.com\/es\/#\/schema\/logo\/image\/","url":"https:\/\/all-car-news.com\/wp-content\/uploads\/2022\/02\/CMYK-AllCarNews_LANDSCAPE_300px-1.png","contentUrl":"https:\/\/all-car-news.com\/wp-content\/uploads\/2022\/02\/CMYK-AllCarNews_LANDSCAPE_300px-1.png","width":300,"height":100,"caption":"All cars news"},"image":{"@id":"https:\/\/all-car-news.com\/es\/#\/schema\/logo\/image\/"}}]}},"_links":{"self":[{"href":"https:\/\/all-car-news.com\/es\/wp-json\/wp\/v2\/posts\/128330","targetHints":{"allow":["GET"]}}],"collection":[{"href":"https:\/\/all-car-news.com\/es\/wp-json\/wp\/v2\/posts"}],"about":[{"href":"https:\/\/all-car-news.com\/es\/wp-json\/wp\/v2\/types\/post"}],"replies":[{"embeddable":true,"href":"https:\/\/all-car-news.com\/es\/wp-json\/wp\/v2\/comments?post=128330"}],"version-history":[{"count":0,"href":"https:\/\/all-car-news.com\/es\/wp-json\/wp\/v2\/posts\/128330\/revisions"}],"wp:featuredmedia":[{"embeddable":true,"href":"https:\/\/all-car-news.com\/es\/wp-json\/wp\/v2\/media\/128258"}],"wp:attachment":[{"href":"https:\/\/all-car-news.com\/es\/wp-json\/wp\/v2\/media?parent=128330"}],"wp:term":[{"taxonomy":"category","embeddable":true,"href":"https:\/\/all-car-news.com\/es\/wp-json\/wp\/v2\/categories?post=128330"},{"taxonomy":"post_tag","embeddable":true,"href":"https:\/\/all-car-news.com\/es\/wp-json\/wp\/v2\/tags?post=128330"}],"curies":[{"name":"wp","href":"https:\/\/api.w.org\/{rel}","templated":true}]}}