{"id":127881,"date":"2022-12-01T16:54:42","date_gmt":"2022-12-01T16:54:42","guid":{"rendered":"https:\/\/all-car-news.com\/el-opel-rocks-e-xtreme-explora-los-caminos-inexplorados\/"},"modified":"2022-12-01T16:54:42","modified_gmt":"2022-12-01T16:54:42","slug":"el-opel-rocks-e-xtreme-explora-los-caminos-inexplorados","status":"publish","type":"post","link":"https:\/\/all-car-news.com\/es\/el-opel-rocks-e-xtreme-explora-los-caminos-inexplorados\/","title":{"rendered":"El Opel Rocks e-xtreme explora los caminos inexplorados"},"content":{"rendered":"<p>El Opel Rocks-e se desarroll\u00f3 como un carro compacto para la ciudad, pero el \u00abciclomotor\u00bb el\u00e9ctrico es m\u00e1s vers\u00e1til de lo que se piensa. As\u00ed, ya comprobamos por nosotros mismos que el Rocks-e no es una mala opci\u00f3n incluso <a href=\"https:\/\/autorai.nl\/opel-rocks-e-op-het-platteland-autorai-tv\/\" target=\"_blank\" rel=\"noreferrer noopener\">en el campo<\/a>. Pronto, el muy compacto Vauxhall tambi\u00e9n ser\u00e1 excelente para conducir por terrenos dif\u00edciles.<\/p>\n<h2>Hack de dise\u00f1o del Opel Rocks-e<\/h2>\n<p>Opel invit\u00f3 a j\u00f3venes talentos creativos y estudiantes de dise\u00f1o a participar en el Opel Rocks-e <a href=\"https:\/\/www.media.stellantis.com\/nl-nl\/opel\/press\/opel-nodigt-jonge-ontwerpers-uit-om-unieke-opel-rocks-e-concept-te-creeren\" target=\"_blank\" rel=\"noreferrer noopener\">Design Hack<\/a>. El objetivo era dar a los Rocks-e un aspecto completamente \u00fanico. La respuesta fue abrumadora. El jurado, compuesto por Florian Huettl (Director General de Opel), Mark Adams (Vicepresidente de Dise\u00f1o) y Jessica Th\u00f6n (influencer y probadora de coches), qued\u00f3 muy impresionado por las numerosas ideas y dise\u00f1os.<\/p>\n<figure class=\"wp-block-image size-content\"><img decoding=\"async\" loading=\"lazy\" width=\"1140\" height=\"641\" src=\"https:\/\/autorai.nl\/wp-content\/uploads\/2022\/12\/Opel-Rocks-e-xtreme-5-1140x641.jpg\" alt=\"\" class=\"wp-image-141381\"><\/figure>\n<h2>Y el ganador es&#8230; \u00a1el Rocks e-xtreme!<\/h2>\n<p>Lukas Wenzh\u00f6fer, de H\u00fcnfelden (Hesse), puede considerarse el afortunado ganador. Estudiando en la Universidad de Dise\u00f1o de Pforzheim\/Baden-W\u00fcrttemberg, conquist\u00f3 al jurado con su \u00abRocks e-xtreme\u00bb, un Rocks-e como \u00abfunmobile\u00bb el\u00e9ctrico para uso off-road.<\/p>\n<p>Wenzh\u00f6fer sobre su dise\u00f1o ganador: \u00abEl Opel Rocks-e permite a los j\u00f3venes moverse y disfrutar de una experiencia de conducci\u00f3n sin filtros. Mi concepto lleva esos dos elementos al extremo. Las cualidades todoterreno encarnan la sensaci\u00f3n de libertad. Todos los destinos son accesibles. La deportividad a\u00f1adida tambi\u00e9n promete m\u00e1s placer de conducci\u00f3n y demuestra que la conducci\u00f3n el\u00e9ctrica es algo m\u00e1s que una soluci\u00f3n sensata\u00bb.<\/p>\n<div class=\"galery galery-0\">\n<figure>\n\t\t\t\t\t<span style=\"cursor: pointer\" data-src=\"https:\/\/autorai.nl\/wp-content\/uploads\/2022\/12\/Opel-Rocks-e-xtreme-3-1600x900.jpg\" data-fancybox=\"galery-0\" title=\"\"><br \/>\n\t\t\t\t\t\t\t<img decoding=\"async\" width=\"360\" height=\"270\" src=\"https:\/\/autorai.nl\/wp-content\/uploads\/2022\/12\/Opel-Rocks-e-xtreme-3-360x270.jpg\" class=\"attachment-small size-small\" alt=\"\" loading=\"lazy\"><i class=\"fa fa-search-plus\" aria-hidden=\"true\"><\/i><br \/>\n\t\t\t\t\t\t<\/span><br \/>\n\t\t\t\t\t<\/figure>\n<figure>\n\t\t\t\t\t<span style=\"cursor: pointer\" data-src=\"https:\/\/autorai.nl\/wp-content\/uploads\/2022\/12\/Opel-Rocks-e-xtreme-4-1600x900.jpg\" data-fancybox=\"galery-0\" title=\"\"><br \/>\n\t\t\t\t\t\t\t<img decoding=\"async\" width=\"360\" height=\"270\" src=\"https:\/\/autorai.nl\/wp-content\/uploads\/2022\/12\/Opel-Rocks-e-xtreme-4-360x270.jpg\" class=\"attachment-small size-small\" alt=\"\" loading=\"lazy\"><i class=\"fa fa-search-plus\" aria-hidden=\"true\"><\/i><br \/>\n\t\t\t\t\t\t<\/span><br \/>\n\t\t\t\t\t<\/figure>\n<div class=\"clear\"><\/div>\n<\/div>\n<h2>Construido realmente<\/h2>\n<p>Al comienzo del Opel Rocks-e Design Hack, la marca prometi\u00f3 que el dise\u00f1o ganador se construir\u00eda realmente. Los alemanes cumplen su palabra: el Opel Rocks e-xtreme entra en producci\u00f3n. Por cierto, estamos hablando de una pieza \u00fanica; la producci\u00f3n en serie es obviamente ir demasiado lejos. El proceso de construcci\u00f3n podr\u00e1 seguirse pr\u00f3ximamente a trav\u00e9s de las redes sociales.<\/p>\n<figure class=\"wp-block-image size-content\"><img decoding=\"async\" loading=\"lazy\" width=\"1140\" height=\"641\" src=\"https:\/\/autorai.nl\/wp-content\/uploads\/2022\/12\/Opel-Rocks-e-xtreme-2-1140x641.jpg\" alt=\"\" class=\"wp-image-141378\"><\/figure>\n","protected":false},"excerpt":{"rendered":"El Opel Rocks-e se desarroll\u00f3 como un carro compacto para la ciudad, pero el \"ciclomotor\" el\u00e9ctrico es m\u00e1s vers\u00e1til de&hellip;","protected":false},"author":0,"featured_media":127864,"comment_status":"open","ping_status":"open","sticky":false,"template":"","format":"standard","meta":{"footnotes":""},"categories":[178,126],"tags":[],"class_list":["post-127881","post","type-post","status-publish","format-standard","has-post-thumbnail","hentry","category-diversion","category-noticias-de-autos"],"acf":[],"yoast_head":"<!-- This site is optimized with the Yoast SEO plugin v21.2 - https:\/\/yoast.com\/wordpress\/plugins\/seo\/ -->\n<title>El Opel Rocks e-xtreme explora los caminos inexplorados - All cars news<\/title>\n<meta name=\"robots\" content=\"index, follow, max-snippet:-1, max-image-preview:large, max-video-preview:-1\" \/>\n<link rel=\"canonical\" href=\"https:\/\/all-car-news.com\/es\/el-opel-rocks-e-xtreme-explora-los-caminos-inexplorados\/\" \/>\n<meta property=\"og:locale\" content=\"es_ES\" \/>\n<meta property=\"og:type\" content=\"article\" \/>\n<meta property=\"og:title\" content=\"El Opel Rocks e-xtreme explora los caminos inexplorados - All cars news\" \/>\n<meta property=\"og:description\" content=\"El Opel Rocks-e se desarroll\u00f3 como un carro compacto para la ciudad, pero el &quot;ciclomotor&quot; el\u00e9ctrico es m\u00e1s vers\u00e1til de lo que se piensa. As\u00ed, ya comprobamos por nosotros mismos que el Rocks-e no es una mala opci\u00f3n incluso en el campo. Pronto, el muy compacto Vauxhall tambi\u00e9n ser\u00e1 excelente para conducir [...]\" \/>\n<meta property=\"og:url\" content=\"https:\/\/all-car-news.com\/es\/el-opel-rocks-e-xtreme-explora-los-caminos-inexplorados\/\" \/>\n<meta property=\"og:site_name\" content=\"All cars news\" \/>\n<meta property=\"article:published_time\" content=\"2022-12-01T16:54:42+00:00\" \/>\n<meta property=\"og:image\" content=\"https:\/\/autorai.nl\/wp-content\/uploads\/2022\/12\/Opel-Rocks-e-xtreme-5-1140x641.jpg\" \/>\n<meta name=\"twitter:card\" content=\"summary_large_image\" \/>\n<meta name=\"twitter:label1\" content=\"Tiempo de lectura\" \/>\n\t<meta name=\"twitter:data1\" content=\"2 minutos\" \/>\n<script type=\"application\/ld+json\" class=\"yoast-schema-graph\">{\"@context\":\"https:\/\/schema.org\",\"@graph\":[{\"@type\":\"Article\",\"@id\":\"https:\/\/all-car-news.com\/es\/el-opel-rocks-e-xtreme-explora-los-caminos-inexplorados\/#article\",\"isPartOf\":{\"@id\":\"https:\/\/all-car-news.com\/es\/el-opel-rocks-e-xtreme-explora-los-caminos-inexplorados\/\"},\"author\":{\"name\":\"\",\"@id\":\"\"},\"headline\":\"El Opel Rocks e-xtreme explora los caminos inexplorados\",\"datePublished\":\"2022-12-01T16:54:42+00:00\",\"dateModified\":\"2022-12-01T16:54:42+00:00\",\"mainEntityOfPage\":{\"@id\":\"https:\/\/all-car-news.com\/es\/el-opel-rocks-e-xtreme-explora-los-caminos-inexplorados\/\"},\"wordCount\":338,\"commentCount\":0,\"publisher\":{\"@id\":\"https:\/\/all-car-news.com\/es\/#organization\"},\"articleSection\":[\"Diversi\u00f3n\",\"noticias de autos\"],\"inLanguage\":\"es\",\"potentialAction\":[{\"@type\":\"CommentAction\",\"name\":\"Comment\",\"target\":[\"https:\/\/all-car-news.com\/es\/el-opel-rocks-e-xtreme-explora-los-caminos-inexplorados\/#respond\"]}]},{\"@type\":\"WebPage\",\"@id\":\"https:\/\/all-car-news.com\/es\/el-opel-rocks-e-xtreme-explora-los-caminos-inexplorados\/\",\"url\":\"https:\/\/all-car-news.com\/es\/el-opel-rocks-e-xtreme-explora-los-caminos-inexplorados\/\",\"name\":\"El Opel Rocks e-xtreme explora los caminos inexplorados - All cars news\",\"isPartOf\":{\"@id\":\"https:\/\/all-car-news.com\/es\/#website\"},\"datePublished\":\"2022-12-01T16:54:42+00:00\",\"dateModified\":\"2022-12-01T16:54:42+00:00\",\"breadcrumb\":{\"@id\":\"https:\/\/all-car-news.com\/es\/el-opel-rocks-e-xtreme-explora-los-caminos-inexplorados\/#breadcrumb\"},\"inLanguage\":\"es\",\"potentialAction\":[{\"@type\":\"ReadAction\",\"target\":[\"https:\/\/all-car-news.com\/es\/el-opel-rocks-e-xtreme-explora-los-caminos-inexplorados\/\"]}]},{\"@type\":\"BreadcrumbList\",\"@id\":\"https:\/\/all-car-news.com\/es\/el-opel-rocks-e-xtreme-explora-los-caminos-inexplorados\/#breadcrumb\",\"itemListElement\":[{\"@type\":\"ListItem\",\"position\":1,\"name\":\"Home\",\"item\":\"https:\/\/all-car-news.com\/es\/\"},{\"@type\":\"ListItem\",\"position\":2,\"name\":\"El Opel Rocks e-xtreme explora los caminos inexplorados\"}]},{\"@type\":\"WebSite\",\"@id\":\"https:\/\/all-car-news.com\/es\/#website\",\"url\":\"https:\/\/all-car-news.com\/es\/\",\"name\":\"All cars news\",\"description\":\"\",\"publisher\":{\"@id\":\"https:\/\/all-car-news.com\/es\/#organization\"},\"potentialAction\":[{\"@type\":\"SearchAction\",\"target\":{\"@type\":\"EntryPoint\",\"urlTemplate\":\"https:\/\/all-car-news.com\/es\/?s={search_term_string}\"},\"query-input\":\"required name=search_term_string\"}],\"inLanguage\":\"es\"},{\"@type\":\"Organization\",\"@id\":\"https:\/\/all-car-news.com\/es\/#organization\",\"name\":\"All cars news\",\"url\":\"https:\/\/all-car-news.com\/es\/\",\"logo\":{\"@type\":\"ImageObject\",\"inLanguage\":\"es\",\"@id\":\"https:\/\/all-car-news.com\/es\/#\/schema\/logo\/image\/\",\"url\":\"https:\/\/all-car-news.com\/wp-content\/uploads\/2022\/02\/CMYK-AllCarNews_LANDSCAPE_300px-1.png\",\"contentUrl\":\"https:\/\/all-car-news.com\/wp-content\/uploads\/2022\/02\/CMYK-AllCarNews_LANDSCAPE_300px-1.png\",\"width\":300,\"height\":100,\"caption\":\"All cars news\"},\"image\":{\"@id\":\"https:\/\/all-car-news.com\/es\/#\/schema\/logo\/image\/\"}}]}<\/script>\n<!-- \/ Yoast SEO plugin. -->","yoast_head_json":{"title":"El Opel Rocks e-xtreme explora los caminos inexplorados - All cars news","robots":{"index":"index","follow":"follow","max-snippet":"max-snippet:-1","max-image-preview":"max-image-preview:large","max-video-preview":"max-video-preview:-1"},"canonical":"https:\/\/all-car-news.com\/es\/el-opel-rocks-e-xtreme-explora-los-caminos-inexplorados\/","og_locale":"es_ES","og_type":"article","og_title":"El Opel Rocks e-xtreme explora los caminos inexplorados - All cars news","og_description":"El Opel Rocks-e se desarroll\u00f3 como un carro compacto para la ciudad, pero el \"ciclomotor\" el\u00e9ctrico es m\u00e1s vers\u00e1til de lo que se piensa. As\u00ed, ya comprobamos por nosotros mismos que el Rocks-e no es una mala opci\u00f3n incluso en el campo. Pronto, el muy compacto Vauxhall tambi\u00e9n ser\u00e1 excelente para conducir [...]","og_url":"https:\/\/all-car-news.com\/es\/el-opel-rocks-e-xtreme-explora-los-caminos-inexplorados\/","og_site_name":"All cars news","article_published_time":"2022-12-01T16:54:42+00:00","og_image":[{"url":"https:\/\/autorai.nl\/wp-content\/uploads\/2022\/12\/Opel-Rocks-e-xtreme-5-1140x641.jpg"}],"twitter_card":"summary_large_image","twitter_misc":{"Tiempo de lectura":"2 minutos"},"schema":{"@context":"https:\/\/schema.org","@graph":[{"@type":"Article","@id":"https:\/\/all-car-news.com\/es\/el-opel-rocks-e-xtreme-explora-los-caminos-inexplorados\/#article","isPartOf":{"@id":"https:\/\/all-car-news.com\/es\/el-opel-rocks-e-xtreme-explora-los-caminos-inexplorados\/"},"author":{"name":"","@id":""},"headline":"El Opel Rocks e-xtreme explora los caminos inexplorados","datePublished":"2022-12-01T16:54:42+00:00","dateModified":"2022-12-01T16:54:42+00:00","mainEntityOfPage":{"@id":"https:\/\/all-car-news.com\/es\/el-opel-rocks-e-xtreme-explora-los-caminos-inexplorados\/"},"wordCount":338,"commentCount":0,"publisher":{"@id":"https:\/\/all-car-news.com\/es\/#organization"},"articleSection":["Diversi\u00f3n","noticias de autos"],"inLanguage":"es","potentialAction":[{"@type":"CommentAction","name":"Comment","target":["https:\/\/all-car-news.com\/es\/el-opel-rocks-e-xtreme-explora-los-caminos-inexplorados\/#respond"]}]},{"@type":"WebPage","@id":"https:\/\/all-car-news.com\/es\/el-opel-rocks-e-xtreme-explora-los-caminos-inexplorados\/","url":"https:\/\/all-car-news.com\/es\/el-opel-rocks-e-xtreme-explora-los-caminos-inexplorados\/","name":"El Opel Rocks e-xtreme explora los caminos inexplorados - All cars news","isPartOf":{"@id":"https:\/\/all-car-news.com\/es\/#website"},"datePublished":"2022-12-01T16:54:42+00:00","dateModified":"2022-12-01T16:54:42+00:00","breadcrumb":{"@id":"https:\/\/all-car-news.com\/es\/el-opel-rocks-e-xtreme-explora-los-caminos-inexplorados\/#breadcrumb"},"inLanguage":"es","potentialAction":[{"@type":"ReadAction","target":["https:\/\/all-car-news.com\/es\/el-opel-rocks-e-xtreme-explora-los-caminos-inexplorados\/"]}]},{"@type":"BreadcrumbList","@id":"https:\/\/all-car-news.com\/es\/el-opel-rocks-e-xtreme-explora-los-caminos-inexplorados\/#breadcrumb","itemListElement":[{"@type":"ListItem","position":1,"name":"Home","item":"https:\/\/all-car-news.com\/es\/"},{"@type":"ListItem","position":2,"name":"El Opel Rocks e-xtreme explora los caminos inexplorados"}]},{"@type":"WebSite","@id":"https:\/\/all-car-news.com\/es\/#website","url":"https:\/\/all-car-news.com\/es\/","name":"All cars news","description":"","publisher":{"@id":"https:\/\/all-car-news.com\/es\/#organization"},"potentialAction":[{"@type":"SearchAction","target":{"@type":"EntryPoint","urlTemplate":"https:\/\/all-car-news.com\/es\/?s={search_term_string}"},"query-input":"required name=search_term_string"}],"inLanguage":"es"},{"@type":"Organization","@id":"https:\/\/all-car-news.com\/es\/#organization","name":"All cars news","url":"https:\/\/all-car-news.com\/es\/","logo":{"@type":"ImageObject","inLanguage":"es","@id":"https:\/\/all-car-news.com\/es\/#\/schema\/logo\/image\/","url":"https:\/\/all-car-news.com\/wp-content\/uploads\/2022\/02\/CMYK-AllCarNews_LANDSCAPE_300px-1.png","contentUrl":"https:\/\/all-car-news.com\/wp-content\/uploads\/2022\/02\/CMYK-AllCarNews_LANDSCAPE_300px-1.png","width":300,"height":100,"caption":"All cars news"},"image":{"@id":"https:\/\/all-car-news.com\/es\/#\/schema\/logo\/image\/"}}]}},"_links":{"self":[{"href":"https:\/\/all-car-news.com\/es\/wp-json\/wp\/v2\/posts\/127881","targetHints":{"allow":["GET"]}}],"collection":[{"href":"https:\/\/all-car-news.com\/es\/wp-json\/wp\/v2\/posts"}],"about":[{"href":"https:\/\/all-car-news.com\/es\/wp-json\/wp\/v2\/types\/post"}],"replies":[{"embeddable":true,"href":"https:\/\/all-car-news.com\/es\/wp-json\/wp\/v2\/comments?post=127881"}],"version-history":[{"count":0,"href":"https:\/\/all-car-news.com\/es\/wp-json\/wp\/v2\/posts\/127881\/revisions"}],"wp:featuredmedia":[{"embeddable":true,"href":"https:\/\/all-car-news.com\/es\/wp-json\/wp\/v2\/media\/127864"}],"wp:attachment":[{"href":"https:\/\/all-car-news.com\/es\/wp-json\/wp\/v2\/media?parent=127881"}],"wp:term":[{"taxonomy":"category","embeddable":true,"href":"https:\/\/all-car-news.com\/es\/wp-json\/wp\/v2\/categories?post=127881"},{"taxonomy":"post_tag","embeddable":true,"href":"https:\/\/all-car-news.com\/es\/wp-json\/wp\/v2\/tags?post=127881"}],"curies":[{"name":"wp","href":"https:\/\/api.w.org\/{rel}","templated":true}]}}