{"id":126715,"date":"2022-11-11T08:23:00","date_gmt":"2022-11-11T08:23:00","guid":{"rendered":"https:\/\/all-car-news.com\/vistos-los-primeros-nio-en-la-naturaleza\/"},"modified":"2022-11-11T08:23:00","modified_gmt":"2022-11-11T08:23:00","slug":"vistos-los-primeros-nio-en-la-naturaleza","status":"publish","type":"post","link":"https:\/\/all-car-news.com\/es\/vistos-los-primeros-nio-en-la-naturaleza\/","title":{"rendered":"Vistos: los primeros NIO en la naturaleza"},"content":{"rendered":"<p>NIO Netherlands tiene su sede en \u00c1msterdam, cerca del Amsterdam ArenA. En esa sede holandesa, AutoRAI.nl se encontr\u00f3 el otro d\u00eda con unos cuantos ejemplares del NIO ET7.<\/p>\n<h2><strong>Los primeros NIO ET7 en la naturaleza<\/strong><\/h2>\n<p>Ya hab\u00edamos podido <a href=\"https:\/\/autorai.nl\/review-nio-et7-2023-moeten-mercedes-bmw-en-tesla-zich-zorgen-maken\/\" target=\"_blank\" rel=\"noreferrer noopener\">conducir<\/a> el coche en Alemania, pero en los Pa\u00edses Bajos no lo hab\u00edamos encontrado antes. As\u00ed pues, con estos ejemplares hemos avistado los primeros NIO \u00aben libertad\u00bb, aunque lo m\u00e1s probable es que sigan siendo ejemplares de la propia marca.<\/p>\n<p>En el caso del blanco, esto es obvio ya que hay grandes pegatinas de NIO en las puertas delanteras. Adem\u00e1s, se est\u00e1 cargando literalmente en la puerta de la sede. El de color gris oscuro estaba aparcado un poco m\u00e1s adelante y parece que ya es un particular, si no fuera porque est\u00e1 registrado desde agosto. Por aquel entonces, no se entregaban coches a los clientes.<\/p>\n<div class=\"galery shuffle galery-0\">\n<figure>\n\t\t\t\t\t<span style=\"cursor: pointer\" data-src=\"https:\/\/autorai.nl\/wp-content\/uploads\/2022\/11\/Gespot-NIO-ET7-3-1600x1200.jpg\" data-fancybox=\"galery-0\" title=\"\"><br \/>\n\t\t\t\t\t\t\t<img decoding=\"async\" width=\"640\" height=\"480\" src=\"https:\/\/autorai.nl\/wp-content\/uploads\/2022\/11\/Gespot-NIO-ET7-3-640x480.jpg\" class=\"attachment-medium size-medium\" alt=\"\" loading=\"lazy\"><i class=\"fa fa-search-plus\" aria-hidden=\"true\"><\/i><br \/>\n\t\t\t\t\t\t<\/span><br \/>\n\t\t\t\t\t<\/figure>\n<figure>\n\t\t\t\t\t<span style=\"cursor: pointer\" data-src=\"https:\/\/autorai.nl\/wp-content\/uploads\/2022\/11\/Gespot-NIO-ET7-4-1600x1200.jpg\" data-fancybox=\"galery-0\" title=\"\"><br \/>\n\t\t\t\t\t\t\t<img decoding=\"async\" width=\"360\" height=\"270\" src=\"https:\/\/autorai.nl\/wp-content\/uploads\/2022\/11\/Gespot-NIO-ET7-4-360x270.jpg\" class=\"attachment-small size-small\" alt=\"\" loading=\"lazy\"><i class=\"fa fa-search-plus\" aria-hidden=\"true\"><\/i><br \/>\n\t\t\t\t\t\t<\/span><br \/>\n\t\t\t\t\t<\/figure>\n<figure>\n\t\t\t\t\t<span style=\"cursor: pointer\" data-src=\"https:\/\/autorai.nl\/wp-content\/uploads\/2022\/11\/Gespot-NIO-ET7-5-1600x1200.jpg\" data-fancybox=\"galery-0\" title=\"\"><br \/>\n\t\t\t\t\t\t\t<img decoding=\"async\" width=\"360\" height=\"270\" src=\"https:\/\/autorai.nl\/wp-content\/uploads\/2022\/11\/Gespot-NIO-ET7-5-360x270.jpg\" class=\"attachment-small size-small\" alt=\"\" loading=\"lazy\"><i class=\"fa fa-search-plus\" aria-hidden=\"true\"><\/i><br \/>\n\t\t\t\t\t\t<\/span><br \/>\n\t\t\t\t\t<\/figure>\n<div class=\"clear\"><\/div>\n<\/div>\n<div class=\"galery galery-1\">\n<figure>\n\t\t\t\t\t<span style=\"cursor: pointer\" data-src=\"https:\/\/autorai.nl\/wp-content\/uploads\/2022\/11\/Gespot-NIO-ET7-1-1600x1200.jpg\" data-fancybox=\"galery-1\" title=\"\"><br \/>\n\t\t\t\t\t\t\t<img decoding=\"async\" width=\"360\" height=\"270\" src=\"https:\/\/autorai.nl\/wp-content\/uploads\/2022\/11\/Gespot-NIO-ET7-1-360x270.jpg\" class=\"attachment-small size-small\" alt=\"\" loading=\"lazy\"><i class=\"fa fa-search-plus\" aria-hidden=\"true\"><\/i><br \/>\n\t\t\t\t\t\t<\/span><br \/>\n\t\t\t\t\t<\/figure>\n<figure>\n\t\t\t\t\t<span style=\"cursor: pointer\" data-src=\"https:\/\/autorai.nl\/wp-content\/uploads\/2022\/11\/Gespot-NIO-ET7-2-1600x1200.jpg\" data-fancybox=\"galery-1\" title=\"\"><br \/>\n\t\t\t\t\t\t\t<img decoding=\"async\" width=\"360\" height=\"270\" src=\"https:\/\/autorai.nl\/wp-content\/uploads\/2022\/11\/Gespot-NIO-ET7-2-360x270.jpg\" class=\"attachment-small size-small\" alt=\"\" loading=\"lazy\"><i class=\"fa fa-search-plus\" aria-hidden=\"true\"><\/i><br \/>\n\t\t\t\t\t\t<\/span><br \/>\n\t\t\t\t\t<\/figure>\n<div class=\"clear\"><\/div>\n<\/div>\n<p>Al verlos en un aparcamiento holand\u00e9s, llama la atenci\u00f3n que el ET7 es en realidad un coche bastante grande. S\u00f3lo hay que compararlo con los Tesla junto a los que est\u00e1 el gris claro, o el Renault Twingo junto al gris oscuro. Con 5,1 metros de longitud, el ET7 es incluso ligeramente m\u00e1s grande que un Tesla Model S, uno de sus competidores directos. As\u00ed, el ET7 es el nuevo modelo insignia de la marca. Para los que prefieren un coche de dimensiones m\u00e1s modestas, NIO tambi\u00e9n sacar\u00e1 pronto el <a href=\"https:\/\/autorai.nl\/de-nio-et5-komt-dit-jaar-op-de-markt-en-komt-1-000-kilometer-ver\/\" target=\"_blank\" rel=\"noreferrer noopener\">ET5, ligeramente m\u00e1s peque\u00f1o<\/a>.<\/p>\n<h2><strong>Esto es especial: un NIO ES8<\/strong><\/h2>\n<p>Hace unas semanas, tambi\u00e9n pasamos por delante de la sede de NIO y en el aparcamiento hab\u00eda algo mucho m\u00e1s especial: un NIO ES8. Se trata del primer modelo de producci\u00f3n en serie regular de la marca, presentado en 2018 y sutilmente renovado en 2020. Puedes ver ese modelo facelift aqu\u00ed. \u00c9ste est\u00e1 registrado desde mediados de septiembre.<\/p>\n<p>\u00bfQu\u00e9 hace que este ES8 sea un foco tan especial? Pues bien, aunque NIO tiene previsto llegar al mercado holand\u00e9s con <a href=\"https:\/\/autorai.nl\/nio-et7-komt-dit-jaar-nog-naar-nederland\/\" target=\"_blank\" rel=\"noreferrer noopener\">varios modelos<\/a>, el ES8 <a href=\"https:\/\/www.nio.com\/nl_NL\" target=\"_blank\" rel=\"noreferrer noopener\">no<\/a> est\u00e1 precisamente <a href=\"https:\/\/www.nio.com\/nl_NL\" target=\"_blank\" rel=\"noreferrer noopener\">entre<\/a> ellos por el momento. Por cierto, suministran el ES8 en Noruega, el a\u00f1o pasado el primer pa\u00eds europeo en el que NIO estuvo activo.<\/p>\n<div class=\"galery shuffle galery-2\">\n<figure>\n\t\t\t\t\t<span style=\"cursor: pointer\" data-src=\"https:\/\/autorai.nl\/wp-content\/uploads\/2022\/11\/Gespot-NIO-ES8-header-1600x1200.jpg\" data-fancybox=\"galery-2\" title=\"\"><br \/>\n\t\t\t\t\t\t\t<img decoding=\"async\" width=\"640\" height=\"480\" src=\"https:\/\/autorai.nl\/wp-content\/uploads\/2022\/11\/Gespot-NIO-ES8-header-640x480.jpg\" class=\"attachment-medium size-medium\" alt=\"\" loading=\"lazy\"><i class=\"fa fa-search-plus\" aria-hidden=\"true\"><\/i><br \/>\n\t\t\t\t\t\t<\/span><br \/>\n\t\t\t\t\t<\/figure>\n<figure>\n\t\t\t\t\t<span style=\"cursor: pointer\" data-src=\"https:\/\/autorai.nl\/wp-content\/uploads\/2022\/11\/Gespot-NIO-ES8-2-1600x1200.jpg\" data-fancybox=\"galery-2\" title=\"\"><br \/>\n\t\t\t\t\t\t\t<img decoding=\"async\" width=\"360\" height=\"270\" src=\"https:\/\/autorai.nl\/wp-content\/uploads\/2022\/11\/Gespot-NIO-ES8-2-360x270.jpg\" class=\"attachment-small size-small\" alt=\"\" loading=\"lazy\"><i class=\"fa fa-search-plus\" aria-hidden=\"true\"><\/i><br \/>\n\t\t\t\t\t\t<\/span><br \/>\n\t\t\t\t\t<\/figure>\n<figure>\n\t\t\t\t\t<span style=\"cursor: pointer\" data-src=\"https:\/\/autorai.nl\/wp-content\/uploads\/2022\/11\/Gespot-NIO-ES8-3-1600x1200.jpg\" data-fancybox=\"galery-2\" title=\"\"><br \/>\n\t\t\t\t\t\t\t<img decoding=\"async\" width=\"360\" height=\"270\" src=\"https:\/\/autorai.nl\/wp-content\/uploads\/2022\/11\/Gespot-NIO-ES8-3-360x270.jpg\" class=\"attachment-small size-small\" alt=\"\" loading=\"lazy\"><i class=\"fa fa-search-plus\" aria-hidden=\"true\"><\/i><br \/>\n\t\t\t\t\t\t<\/span><br \/>\n\t\t\t\t\t<\/figure>\n<div class=\"clear\"><\/div>\n<\/div>\n","protected":false},"excerpt":{"rendered":"NIO Netherlands tiene su sede en \u00c1msterdam, cerca del Amsterdam ArenA. En esa sede holandesa, AutoRAI.nl se encontr\u00f3 el otro&hellip;","protected":false},"author":0,"featured_media":126694,"comment_status":"open","ping_status":"open","sticky":false,"template":"","format":"standard","meta":{"footnotes":""},"categories":[178],"tags":[],"class_list":["post-126715","post","type-post","status-publish","format-standard","has-post-thumbnail","hentry","category-diversion"],"acf":[],"yoast_head":"<!-- This site is optimized with the Yoast SEO plugin v21.2 - https:\/\/yoast.com\/wordpress\/plugins\/seo\/ -->\n<title>Vistos: los primeros NIO en la naturaleza - All cars news<\/title>\n<meta name=\"robots\" content=\"index, follow, max-snippet:-1, max-image-preview:large, max-video-preview:-1\" \/>\n<link rel=\"canonical\" href=\"https:\/\/all-car-news.com\/es\/vistos-los-primeros-nio-en-la-naturaleza\/\" \/>\n<meta property=\"og:locale\" content=\"es_ES\" \/>\n<meta property=\"og:type\" content=\"article\" \/>\n<meta property=\"og:title\" content=\"Vistos: los primeros NIO en la naturaleza - All cars news\" \/>\n<meta property=\"og:description\" content=\"NIO Netherlands tiene su sede en \u00c1msterdam, cerca del Amsterdam ArenA. En esa sede holandesa, AutoRAI.nl se encontr\u00f3 el otro d\u00eda con unos cuantos ejemplares del NIO ET7. Los primeros NIO ET7 en la naturaleza En Alemania ya hab\u00edamos podido conducir el coche, pero en los Pa\u00edses Bajos no nos hab\u00edamos topado con \u00e9l antes. Con estos ejemplares [...]\" \/>\n<meta property=\"og:url\" content=\"https:\/\/all-car-news.com\/es\/vistos-los-primeros-nio-en-la-naturaleza\/\" \/>\n<meta property=\"og:site_name\" content=\"All cars news\" \/>\n<meta property=\"article:published_time\" content=\"2022-11-11T08:23:00+00:00\" \/>\n<meta property=\"og:image\" content=\"https:\/\/autorai.nl\/wp-content\/uploads\/2022\/11\/Gespot-NIO-ET7-3-640x480.jpg\" \/>\n<meta name=\"twitter:card\" content=\"summary_large_image\" \/>\n<meta name=\"twitter:label1\" content=\"Tiempo de lectura\" \/>\n\t<meta name=\"twitter:data1\" content=\"2 minutos\" \/>\n<script type=\"application\/ld+json\" class=\"yoast-schema-graph\">{\"@context\":\"https:\/\/schema.org\",\"@graph\":[{\"@type\":\"Article\",\"@id\":\"https:\/\/all-car-news.com\/es\/vistos-los-primeros-nio-en-la-naturaleza\/#article\",\"isPartOf\":{\"@id\":\"https:\/\/all-car-news.com\/es\/vistos-los-primeros-nio-en-la-naturaleza\/\"},\"author\":{\"name\":\"\",\"@id\":\"\"},\"headline\":\"Vistos: los primeros NIO en la naturaleza\",\"datePublished\":\"2022-11-11T08:23:00+00:00\",\"dateModified\":\"2022-11-11T08:23:00+00:00\",\"mainEntityOfPage\":{\"@id\":\"https:\/\/all-car-news.com\/es\/vistos-los-primeros-nio-en-la-naturaleza\/\"},\"wordCount\":382,\"commentCount\":0,\"publisher\":{\"@id\":\"https:\/\/all-car-news.com\/es\/#organization\"},\"articleSection\":[\"Diversi\u00f3n\"],\"inLanguage\":\"es\",\"potentialAction\":[{\"@type\":\"CommentAction\",\"name\":\"Comment\",\"target\":[\"https:\/\/all-car-news.com\/es\/vistos-los-primeros-nio-en-la-naturaleza\/#respond\"]}]},{\"@type\":\"WebPage\",\"@id\":\"https:\/\/all-car-news.com\/es\/vistos-los-primeros-nio-en-la-naturaleza\/\",\"url\":\"https:\/\/all-car-news.com\/es\/vistos-los-primeros-nio-en-la-naturaleza\/\",\"name\":\"Vistos: los primeros NIO en la naturaleza - All cars news\",\"isPartOf\":{\"@id\":\"https:\/\/all-car-news.com\/es\/#website\"},\"datePublished\":\"2022-11-11T08:23:00+00:00\",\"dateModified\":\"2022-11-11T08:23:00+00:00\",\"breadcrumb\":{\"@id\":\"https:\/\/all-car-news.com\/es\/vistos-los-primeros-nio-en-la-naturaleza\/#breadcrumb\"},\"inLanguage\":\"es\",\"potentialAction\":[{\"@type\":\"ReadAction\",\"target\":[\"https:\/\/all-car-news.com\/es\/vistos-los-primeros-nio-en-la-naturaleza\/\"]}]},{\"@type\":\"BreadcrumbList\",\"@id\":\"https:\/\/all-car-news.com\/es\/vistos-los-primeros-nio-en-la-naturaleza\/#breadcrumb\",\"itemListElement\":[{\"@type\":\"ListItem\",\"position\":1,\"name\":\"Home\",\"item\":\"https:\/\/all-car-news.com\/es\/\"},{\"@type\":\"ListItem\",\"position\":2,\"name\":\"Vistos: los primeros NIO en la naturaleza\"}]},{\"@type\":\"WebSite\",\"@id\":\"https:\/\/all-car-news.com\/es\/#website\",\"url\":\"https:\/\/all-car-news.com\/es\/\",\"name\":\"All cars news\",\"description\":\"\",\"publisher\":{\"@id\":\"https:\/\/all-car-news.com\/es\/#organization\"},\"potentialAction\":[{\"@type\":\"SearchAction\",\"target\":{\"@type\":\"EntryPoint\",\"urlTemplate\":\"https:\/\/all-car-news.com\/es\/?s={search_term_string}\"},\"query-input\":\"required name=search_term_string\"}],\"inLanguage\":\"es\"},{\"@type\":\"Organization\",\"@id\":\"https:\/\/all-car-news.com\/es\/#organization\",\"name\":\"All cars news\",\"url\":\"https:\/\/all-car-news.com\/es\/\",\"logo\":{\"@type\":\"ImageObject\",\"inLanguage\":\"es\",\"@id\":\"https:\/\/all-car-news.com\/es\/#\/schema\/logo\/image\/\",\"url\":\"https:\/\/all-car-news.com\/wp-content\/uploads\/2022\/02\/CMYK-AllCarNews_LANDSCAPE_300px-1.png\",\"contentUrl\":\"https:\/\/all-car-news.com\/wp-content\/uploads\/2022\/02\/CMYK-AllCarNews_LANDSCAPE_300px-1.png\",\"width\":300,\"height\":100,\"caption\":\"All cars news\"},\"image\":{\"@id\":\"https:\/\/all-car-news.com\/es\/#\/schema\/logo\/image\/\"}}]}<\/script>\n<!-- \/ Yoast SEO plugin. -->","yoast_head_json":{"title":"Vistos: los primeros NIO en la naturaleza - All cars news","robots":{"index":"index","follow":"follow","max-snippet":"max-snippet:-1","max-image-preview":"max-image-preview:large","max-video-preview":"max-video-preview:-1"},"canonical":"https:\/\/all-car-news.com\/es\/vistos-los-primeros-nio-en-la-naturaleza\/","og_locale":"es_ES","og_type":"article","og_title":"Vistos: los primeros NIO en la naturaleza - All cars news","og_description":"NIO Netherlands tiene su sede en \u00c1msterdam, cerca del Amsterdam ArenA. En esa sede holandesa, AutoRAI.nl se encontr\u00f3 el otro d\u00eda con unos cuantos ejemplares del NIO ET7. Los primeros NIO ET7 en la naturaleza En Alemania ya hab\u00edamos podido conducir el coche, pero en los Pa\u00edses Bajos no nos hab\u00edamos topado con \u00e9l antes. Con estos ejemplares [...]","og_url":"https:\/\/all-car-news.com\/es\/vistos-los-primeros-nio-en-la-naturaleza\/","og_site_name":"All cars news","article_published_time":"2022-11-11T08:23:00+00:00","og_image":[{"url":"https:\/\/autorai.nl\/wp-content\/uploads\/2022\/11\/Gespot-NIO-ET7-3-640x480.jpg"}],"twitter_card":"summary_large_image","twitter_misc":{"Tiempo de lectura":"2 minutos"},"schema":{"@context":"https:\/\/schema.org","@graph":[{"@type":"Article","@id":"https:\/\/all-car-news.com\/es\/vistos-los-primeros-nio-en-la-naturaleza\/#article","isPartOf":{"@id":"https:\/\/all-car-news.com\/es\/vistos-los-primeros-nio-en-la-naturaleza\/"},"author":{"name":"","@id":""},"headline":"Vistos: los primeros NIO en la naturaleza","datePublished":"2022-11-11T08:23:00+00:00","dateModified":"2022-11-11T08:23:00+00:00","mainEntityOfPage":{"@id":"https:\/\/all-car-news.com\/es\/vistos-los-primeros-nio-en-la-naturaleza\/"},"wordCount":382,"commentCount":0,"publisher":{"@id":"https:\/\/all-car-news.com\/es\/#organization"},"articleSection":["Diversi\u00f3n"],"inLanguage":"es","potentialAction":[{"@type":"CommentAction","name":"Comment","target":["https:\/\/all-car-news.com\/es\/vistos-los-primeros-nio-en-la-naturaleza\/#respond"]}]},{"@type":"WebPage","@id":"https:\/\/all-car-news.com\/es\/vistos-los-primeros-nio-en-la-naturaleza\/","url":"https:\/\/all-car-news.com\/es\/vistos-los-primeros-nio-en-la-naturaleza\/","name":"Vistos: los primeros NIO en la naturaleza - All cars news","isPartOf":{"@id":"https:\/\/all-car-news.com\/es\/#website"},"datePublished":"2022-11-11T08:23:00+00:00","dateModified":"2022-11-11T08:23:00+00:00","breadcrumb":{"@id":"https:\/\/all-car-news.com\/es\/vistos-los-primeros-nio-en-la-naturaleza\/#breadcrumb"},"inLanguage":"es","potentialAction":[{"@type":"ReadAction","target":["https:\/\/all-car-news.com\/es\/vistos-los-primeros-nio-en-la-naturaleza\/"]}]},{"@type":"BreadcrumbList","@id":"https:\/\/all-car-news.com\/es\/vistos-los-primeros-nio-en-la-naturaleza\/#breadcrumb","itemListElement":[{"@type":"ListItem","position":1,"name":"Home","item":"https:\/\/all-car-news.com\/es\/"},{"@type":"ListItem","position":2,"name":"Vistos: los primeros NIO en la naturaleza"}]},{"@type":"WebSite","@id":"https:\/\/all-car-news.com\/es\/#website","url":"https:\/\/all-car-news.com\/es\/","name":"All cars news","description":"","publisher":{"@id":"https:\/\/all-car-news.com\/es\/#organization"},"potentialAction":[{"@type":"SearchAction","target":{"@type":"EntryPoint","urlTemplate":"https:\/\/all-car-news.com\/es\/?s={search_term_string}"},"query-input":"required name=search_term_string"}],"inLanguage":"es"},{"@type":"Organization","@id":"https:\/\/all-car-news.com\/es\/#organization","name":"All cars news","url":"https:\/\/all-car-news.com\/es\/","logo":{"@type":"ImageObject","inLanguage":"es","@id":"https:\/\/all-car-news.com\/es\/#\/schema\/logo\/image\/","url":"https:\/\/all-car-news.com\/wp-content\/uploads\/2022\/02\/CMYK-AllCarNews_LANDSCAPE_300px-1.png","contentUrl":"https:\/\/all-car-news.com\/wp-content\/uploads\/2022\/02\/CMYK-AllCarNews_LANDSCAPE_300px-1.png","width":300,"height":100,"caption":"All cars news"},"image":{"@id":"https:\/\/all-car-news.com\/es\/#\/schema\/logo\/image\/"}}]}},"_links":{"self":[{"href":"https:\/\/all-car-news.com\/es\/wp-json\/wp\/v2\/posts\/126715","targetHints":{"allow":["GET"]}}],"collection":[{"href":"https:\/\/all-car-news.com\/es\/wp-json\/wp\/v2\/posts"}],"about":[{"href":"https:\/\/all-car-news.com\/es\/wp-json\/wp\/v2\/types\/post"}],"replies":[{"embeddable":true,"href":"https:\/\/all-car-news.com\/es\/wp-json\/wp\/v2\/comments?post=126715"}],"version-history":[{"count":0,"href":"https:\/\/all-car-news.com\/es\/wp-json\/wp\/v2\/posts\/126715\/revisions"}],"wp:featuredmedia":[{"embeddable":true,"href":"https:\/\/all-car-news.com\/es\/wp-json\/wp\/v2\/media\/126694"}],"wp:attachment":[{"href":"https:\/\/all-car-news.com\/es\/wp-json\/wp\/v2\/media?parent=126715"}],"wp:term":[{"taxonomy":"category","embeddable":true,"href":"https:\/\/all-car-news.com\/es\/wp-json\/wp\/v2\/categories?post=126715"},{"taxonomy":"post_tag","embeddable":true,"href":"https:\/\/all-car-news.com\/es\/wp-json\/wp\/v2\/tags?post=126715"}],"curies":[{"name":"wp","href":"https:\/\/api.w.org\/{rel}","templated":true}]}}