{"id":126592,"date":"2022-11-09T07:10:00","date_gmt":"2022-11-09T07:10:00","guid":{"rendered":"https:\/\/all-car-news.com\/alpine-presenta-un-hatchback-del-segmento-b\/"},"modified":"2022-11-09T07:10:00","modified_gmt":"2022-11-09T07:10:00","slug":"alpine-presenta-un-hatchback-del-segmento-b","status":"publish","type":"post","link":"https:\/\/all-car-news.com\/es\/alpine-presenta-un-hatchback-del-segmento-b\/","title":{"rendered":"Alpine presenta un hatchback del segmento B."},"content":{"rendered":"<h2>\u00a1Varios modelos de Alpine en camino!<\/h2>\n<p>Alpine est\u00e1 desarrollando una nueva l\u00ednea de modelos, de acuerdo con <a href=\"https:\/\/media.renault-group.nl\/renaulution-nu-revolution\/\" target=\"_blank\" rel=\"noreferrer noopener\">el plan Revolution del Grupo Renault<\/a>. A partir de 2026, Alpine ser\u00e1 totalmente el\u00e9ctrica. Para entonces, Alpine tambi\u00e9n presentar\u00e1 la nueva generaci\u00f3n del A110 y dos nuevos modelos: un hatchback del segmento B y un crossover para el segmento C superior. Por supuesto, todo con una salsa deportiva. As\u00ed que cuente con modelos el\u00e9ctricos superr\u00e1pidos.  <\/p>\n<h2>Renault 5 Alpine Turbo<\/h2>\n<p>El coche del segmento B sugiere que Alpine est\u00e1 trabajando en un sucesor espiritual del Renault 5 Alpine Turbo, probablemente basado en el nuevo Renault 5 totalmente el\u00e9ctrico que est\u00e1 en camino.<\/p>\n<h2>M\u00e1s modelos a\u00fan.<\/h2>\n<p>A continuaci\u00f3n, Alpine tiene previsto lanzar dos coches avanzados posicionados en los segmentos D y E para apoyar el impulso de expansi\u00f3n internacional de Alpine. Alpine tiene como objetivo principal crecer en los mercados fuera de Europa, posiblemente incluyendo Am\u00e9rica del Norte y China.<\/p>\n<h2>\u00a1Alpine en Steam!<\/h2>\n<p>Alpine es ahora una marca de alta gama, un OEM de pleno derecho con un fuerte enfoque en la tecnolog\u00eda. El equipo de Alpine est\u00e1 formado actualmente por 2.000 personas, el 50% de las cuales son ingenieros. Actualmente, el Alpine A110 es el \u00fanico modelo del fabricante franc\u00e9s.  <a href=\"https:\/\/autorai.nl\/fotos-waarom-de-alpine-fabriek-anders-is-dan-andere-autofabrieken\/\">Por cierto, el deportivo A110 se fabrica as\u00ed.<\/a><\/p>\n","protected":false},"excerpt":{"rendered":"\u00a1Varios modelos de Alpine en camino! Alpine est\u00e1 desarrollando una nueva l\u00ednea de modelos, de acuerdo con el plan Revolution&hellip;","protected":false},"author":0,"featured_media":126542,"comment_status":"open","ping_status":"open","sticky":false,"template":"","format":"standard","meta":{"footnotes":""},"categories":[126],"tags":[],"class_list":["post-126592","post","type-post","status-publish","format-standard","has-post-thumbnail","hentry","category-noticias-de-autos"],"acf":[],"yoast_head":"<!-- This site is optimized with the Yoast SEO plugin v21.2 - https:\/\/yoast.com\/wordpress\/plugins\/seo\/ -->\n<title>Alpine presenta un hatchback del segmento B. - All cars news<\/title>\n<meta name=\"robots\" content=\"index, follow, max-snippet:-1, max-image-preview:large, max-video-preview:-1\" \/>\n<link rel=\"canonical\" href=\"https:\/\/all-car-news.com\/es\/alpine-presenta-un-hatchback-del-segmento-b\/\" \/>\n<meta property=\"og:locale\" content=\"es_ES\" \/>\n<meta property=\"og:type\" content=\"article\" \/>\n<meta property=\"og:title\" content=\"Alpine presenta un hatchback del segmento B. - All cars news\" \/>\n<meta property=\"og:description\" content=\"\u00a1Varios modelos de Alpine en camino! Alpine est\u00e1 desarrollando una nueva l\u00ednea de modelos, de acuerdo con el plan Revolution del Grupo Renault. A partir de 2026, Alpine ser\u00e1 totalmente el\u00e9ctrica. Para entonces, Alpine tambi\u00e9n presentar\u00e1 la nueva generaci\u00f3n del A110 y dos nuevos modelos: un hatchback del segmento B y un crossover para el segmento C superior. Obviamente [...]\" \/>\n<meta property=\"og:url\" content=\"https:\/\/all-car-news.com\/es\/alpine-presenta-un-hatchback-del-segmento-b\/\" \/>\n<meta property=\"og:site_name\" content=\"All cars news\" \/>\n<meta property=\"article:published_time\" content=\"2022-11-09T07:10:00+00:00\" \/>\n<meta name=\"twitter:card\" content=\"summary_large_image\" \/>\n<meta name=\"twitter:label1\" content=\"Tiempo de lectura\" \/>\n\t<meta name=\"twitter:data1\" content=\"1 minuto\" \/>\n<script type=\"application\/ld+json\" class=\"yoast-schema-graph\">{\"@context\":\"https:\/\/schema.org\",\"@graph\":[{\"@type\":\"Article\",\"@id\":\"https:\/\/all-car-news.com\/es\/alpine-presenta-un-hatchback-del-segmento-b\/#article\",\"isPartOf\":{\"@id\":\"https:\/\/all-car-news.com\/es\/alpine-presenta-un-hatchback-del-segmento-b\/\"},\"author\":{\"name\":\"\",\"@id\":\"\"},\"headline\":\"Alpine presenta un hatchback del segmento B.\",\"datePublished\":\"2022-11-09T07:10:00+00:00\",\"dateModified\":\"2022-11-09T07:10:00+00:00\",\"mainEntityOfPage\":{\"@id\":\"https:\/\/all-car-news.com\/es\/alpine-presenta-un-hatchback-del-segmento-b\/\"},\"wordCount\":229,\"commentCount\":0,\"publisher\":{\"@id\":\"https:\/\/all-car-news.com\/es\/#organization\"},\"articleSection\":[\"noticias de autos\"],\"inLanguage\":\"es\",\"potentialAction\":[{\"@type\":\"CommentAction\",\"name\":\"Comment\",\"target\":[\"https:\/\/all-car-news.com\/es\/alpine-presenta-un-hatchback-del-segmento-b\/#respond\"]}]},{\"@type\":\"WebPage\",\"@id\":\"https:\/\/all-car-news.com\/es\/alpine-presenta-un-hatchback-del-segmento-b\/\",\"url\":\"https:\/\/all-car-news.com\/es\/alpine-presenta-un-hatchback-del-segmento-b\/\",\"name\":\"Alpine presenta un hatchback del segmento B. - All cars news\",\"isPartOf\":{\"@id\":\"https:\/\/all-car-news.com\/es\/#website\"},\"datePublished\":\"2022-11-09T07:10:00+00:00\",\"dateModified\":\"2022-11-09T07:10:00+00:00\",\"breadcrumb\":{\"@id\":\"https:\/\/all-car-news.com\/es\/alpine-presenta-un-hatchback-del-segmento-b\/#breadcrumb\"},\"inLanguage\":\"es\",\"potentialAction\":[{\"@type\":\"ReadAction\",\"target\":[\"https:\/\/all-car-news.com\/es\/alpine-presenta-un-hatchback-del-segmento-b\/\"]}]},{\"@type\":\"BreadcrumbList\",\"@id\":\"https:\/\/all-car-news.com\/es\/alpine-presenta-un-hatchback-del-segmento-b\/#breadcrumb\",\"itemListElement\":[{\"@type\":\"ListItem\",\"position\":1,\"name\":\"Home\",\"item\":\"https:\/\/all-car-news.com\/es\/\"},{\"@type\":\"ListItem\",\"position\":2,\"name\":\"Alpine presenta un hatchback del segmento B.\"}]},{\"@type\":\"WebSite\",\"@id\":\"https:\/\/all-car-news.com\/es\/#website\",\"url\":\"https:\/\/all-car-news.com\/es\/\",\"name\":\"All cars news\",\"description\":\"\",\"publisher\":{\"@id\":\"https:\/\/all-car-news.com\/es\/#organization\"},\"potentialAction\":[{\"@type\":\"SearchAction\",\"target\":{\"@type\":\"EntryPoint\",\"urlTemplate\":\"https:\/\/all-car-news.com\/es\/?s={search_term_string}\"},\"query-input\":\"required name=search_term_string\"}],\"inLanguage\":\"es\"},{\"@type\":\"Organization\",\"@id\":\"https:\/\/all-car-news.com\/es\/#organization\",\"name\":\"All cars news\",\"url\":\"https:\/\/all-car-news.com\/es\/\",\"logo\":{\"@type\":\"ImageObject\",\"inLanguage\":\"es\",\"@id\":\"https:\/\/all-car-news.com\/es\/#\/schema\/logo\/image\/\",\"url\":\"https:\/\/all-car-news.com\/wp-content\/uploads\/2022\/02\/CMYK-AllCarNews_LANDSCAPE_300px-1.png\",\"contentUrl\":\"https:\/\/all-car-news.com\/wp-content\/uploads\/2022\/02\/CMYK-AllCarNews_LANDSCAPE_300px-1.png\",\"width\":300,\"height\":100,\"caption\":\"All cars news\"},\"image\":{\"@id\":\"https:\/\/all-car-news.com\/es\/#\/schema\/logo\/image\/\"}}]}<\/script>\n<!-- \/ Yoast SEO plugin. -->","yoast_head_json":{"title":"Alpine presenta un hatchback del segmento B. - All cars news","robots":{"index":"index","follow":"follow","max-snippet":"max-snippet:-1","max-image-preview":"max-image-preview:large","max-video-preview":"max-video-preview:-1"},"canonical":"https:\/\/all-car-news.com\/es\/alpine-presenta-un-hatchback-del-segmento-b\/","og_locale":"es_ES","og_type":"article","og_title":"Alpine presenta un hatchback del segmento B. - All cars news","og_description":"\u00a1Varios modelos de Alpine en camino! Alpine est\u00e1 desarrollando una nueva l\u00ednea de modelos, de acuerdo con el plan Revolution del Grupo Renault. A partir de 2026, Alpine ser\u00e1 totalmente el\u00e9ctrica. Para entonces, Alpine tambi\u00e9n presentar\u00e1 la nueva generaci\u00f3n del A110 y dos nuevos modelos: un hatchback del segmento B y un crossover para el segmento C superior. Obviamente [...]","og_url":"https:\/\/all-car-news.com\/es\/alpine-presenta-un-hatchback-del-segmento-b\/","og_site_name":"All cars news","article_published_time":"2022-11-09T07:10:00+00:00","twitter_card":"summary_large_image","twitter_misc":{"Tiempo de lectura":"1 minuto"},"schema":{"@context":"https:\/\/schema.org","@graph":[{"@type":"Article","@id":"https:\/\/all-car-news.com\/es\/alpine-presenta-un-hatchback-del-segmento-b\/#article","isPartOf":{"@id":"https:\/\/all-car-news.com\/es\/alpine-presenta-un-hatchback-del-segmento-b\/"},"author":{"name":"","@id":""},"headline":"Alpine presenta un hatchback del segmento B.","datePublished":"2022-11-09T07:10:00+00:00","dateModified":"2022-11-09T07:10:00+00:00","mainEntityOfPage":{"@id":"https:\/\/all-car-news.com\/es\/alpine-presenta-un-hatchback-del-segmento-b\/"},"wordCount":229,"commentCount":0,"publisher":{"@id":"https:\/\/all-car-news.com\/es\/#organization"},"articleSection":["noticias de autos"],"inLanguage":"es","potentialAction":[{"@type":"CommentAction","name":"Comment","target":["https:\/\/all-car-news.com\/es\/alpine-presenta-un-hatchback-del-segmento-b\/#respond"]}]},{"@type":"WebPage","@id":"https:\/\/all-car-news.com\/es\/alpine-presenta-un-hatchback-del-segmento-b\/","url":"https:\/\/all-car-news.com\/es\/alpine-presenta-un-hatchback-del-segmento-b\/","name":"Alpine presenta un hatchback del segmento B. - All cars news","isPartOf":{"@id":"https:\/\/all-car-news.com\/es\/#website"},"datePublished":"2022-11-09T07:10:00+00:00","dateModified":"2022-11-09T07:10:00+00:00","breadcrumb":{"@id":"https:\/\/all-car-news.com\/es\/alpine-presenta-un-hatchback-del-segmento-b\/#breadcrumb"},"inLanguage":"es","potentialAction":[{"@type":"ReadAction","target":["https:\/\/all-car-news.com\/es\/alpine-presenta-un-hatchback-del-segmento-b\/"]}]},{"@type":"BreadcrumbList","@id":"https:\/\/all-car-news.com\/es\/alpine-presenta-un-hatchback-del-segmento-b\/#breadcrumb","itemListElement":[{"@type":"ListItem","position":1,"name":"Home","item":"https:\/\/all-car-news.com\/es\/"},{"@type":"ListItem","position":2,"name":"Alpine presenta un hatchback del segmento B."}]},{"@type":"WebSite","@id":"https:\/\/all-car-news.com\/es\/#website","url":"https:\/\/all-car-news.com\/es\/","name":"All cars news","description":"","publisher":{"@id":"https:\/\/all-car-news.com\/es\/#organization"},"potentialAction":[{"@type":"SearchAction","target":{"@type":"EntryPoint","urlTemplate":"https:\/\/all-car-news.com\/es\/?s={search_term_string}"},"query-input":"required name=search_term_string"}],"inLanguage":"es"},{"@type":"Organization","@id":"https:\/\/all-car-news.com\/es\/#organization","name":"All cars news","url":"https:\/\/all-car-news.com\/es\/","logo":{"@type":"ImageObject","inLanguage":"es","@id":"https:\/\/all-car-news.com\/es\/#\/schema\/logo\/image\/","url":"https:\/\/all-car-news.com\/wp-content\/uploads\/2022\/02\/CMYK-AllCarNews_LANDSCAPE_300px-1.png","contentUrl":"https:\/\/all-car-news.com\/wp-content\/uploads\/2022\/02\/CMYK-AllCarNews_LANDSCAPE_300px-1.png","width":300,"height":100,"caption":"All cars news"},"image":{"@id":"https:\/\/all-car-news.com\/es\/#\/schema\/logo\/image\/"}}]}},"_links":{"self":[{"href":"https:\/\/all-car-news.com\/es\/wp-json\/wp\/v2\/posts\/126592","targetHints":{"allow":["GET"]}}],"collection":[{"href":"https:\/\/all-car-news.com\/es\/wp-json\/wp\/v2\/posts"}],"about":[{"href":"https:\/\/all-car-news.com\/es\/wp-json\/wp\/v2\/types\/post"}],"replies":[{"embeddable":true,"href":"https:\/\/all-car-news.com\/es\/wp-json\/wp\/v2\/comments?post=126592"}],"version-history":[{"count":0,"href":"https:\/\/all-car-news.com\/es\/wp-json\/wp\/v2\/posts\/126592\/revisions"}],"wp:featuredmedia":[{"embeddable":true,"href":"https:\/\/all-car-news.com\/es\/wp-json\/wp\/v2\/media\/126542"}],"wp:attachment":[{"href":"https:\/\/all-car-news.com\/es\/wp-json\/wp\/v2\/media?parent=126592"}],"wp:term":[{"taxonomy":"category","embeddable":true,"href":"https:\/\/all-car-news.com\/es\/wp-json\/wp\/v2\/categories?post=126592"},{"taxonomy":"post_tag","embeddable":true,"href":"https:\/\/all-car-news.com\/es\/wp-json\/wp\/v2\/tags?post=126592"}],"curies":[{"name":"wp","href":"https:\/\/api.w.org\/{rel}","templated":true}]}}