{"id":126590,"date":"2022-11-09T11:19:11","date_gmt":"2022-11-09T11:19:11","guid":{"rendered":"https:\/\/all-car-news.com\/audi-q8-e-tron-misma-receta-mejores-ingredientes\/"},"modified":"2022-11-09T11:19:11","modified_gmt":"2022-11-09T11:19:11","slug":"audi-q8-e-tron-misma-receta-mejores-ingredientes","status":"publish","type":"post","link":"https:\/\/all-car-news.com\/es\/audi-q8-e-tron-misma-receta-mejores-ingredientes\/","title":{"rendered":"Audi Q8 e-tron: misma receta, mejores ingredientes"},"content":{"rendered":"<h2>estiramiento facial<\/h2>\n<p>Audi aprovecha el cambio de nombre a Q8 e-tron para realizar algunos cambios en el modelo. Esto comienza en el frontal con la parrilla, que -seg\u00fan la versi\u00f3n elegida- es en parte del color de la carrocer\u00eda o del color plata y cuya parte superior es un panel plano. Por encima de ese panel hay una tira de LED que sirve como una especie de foco adicional para el logotipo de Audi en la parte delantera.<\/p>\n<div class=\"galery shuffle galery-0\">\n<figure>\n\t\t\t\t\t<span style=\"cursor: pointer\" data-src=\"https:\/\/autorai.nl\/wp-content\/uploads\/2022\/11\/a226145-large-1.jpg\" data-fancybox=\"galery-0\" title=\"Foto est\u00e1tica, Color: Gris Chronos met\u00e1lico.\"><br \/>\n\t\t\t\t\t\t\t<img decoding=\"async\" width=\"640\" height=\"480\" src=\"https:\/\/autorai.nl\/wp-content\/uploads\/2022\/11\/a226145-large-1-640x480.jpg\" class=\"attachment-medium size-medium\" alt=\"\" loading=\"lazy\"><i class=\"fa fa-search-plus\" aria-hidden=\"true\"><\/i><br \/>\n\t\t\t\t\t\t<\/span><br \/>\n\t\t\t\t\t<\/figure>\n<figure>\n\t\t\t\t\t<span style=\"cursor: pointer\" data-src=\"https:\/\/autorai.nl\/wp-content\/uploads\/2022\/11\/a226142-large-1.jpg\" data-fancybox=\"galery-0\" title=\"Foto est\u00e1tica, Color: Gris Chronos met\u00e1lico.\"><br \/>\n\t\t\t\t\t\t\t<img decoding=\"async\" width=\"360\" height=\"270\" src=\"https:\/\/autorai.nl\/wp-content\/uploads\/2022\/11\/a226142-large-1-360x270.jpg\" class=\"attachment-small size-small\" alt=\"\" loading=\"lazy\"><i class=\"fa fa-search-plus\" aria-hidden=\"true\"><\/i><br \/>\n\t\t\t\t\t\t<\/span><br \/>\n\t\t\t\t\t<\/figure>\n<figure>\n\t\t\t\t\t<span style=\"cursor: pointer\" data-src=\"https:\/\/autorai.nl\/wp-content\/uploads\/2022\/11\/a226144-large-1.jpg\" data-fancybox=\"galery-0\" title=\"Foto est\u00e1tica, Color: Gris Chronos met\u00e1lico.\"><br \/>\n\t\t\t\t\t\t\t<img decoding=\"async\" width=\"360\" height=\"270\" src=\"https:\/\/autorai.nl\/wp-content\/uploads\/2022\/11\/a226144-large-1-360x270.jpg\" class=\"attachment-small size-small\" alt=\"\" loading=\"lazy\"><i class=\"fa fa-search-plus\" aria-hidden=\"true\"><\/i><br \/>\n\t\t\t\t\t\t<\/span><br \/>\n\t\t\t\t\t<\/figure>\n<div class=\"clear\"><\/div>\n<\/div>\n<p>Por cierto, ese logotipo de Audi s\u00ed merece ser protagonista durante un tiempo, ya que es la primera vez que la marca aplica su nuevo logotipo bidimensional al exterior de un modelo. En la parte trasera del Q8 e-tron se mantienen m\u00e1s cosas, aparte de una inserci\u00f3n ligeramente modificada en el parachoques trasero y la fuente de la denominaci\u00f3n del modelo. De hecho, Audi est\u00e1 cambiando a un nuevo tipo de letra m\u00e1s elegante para todos sus modelos, y el Q8 e-tron da el pistoletazo de salida.<\/p>\n<figure class=\"wp-block-image size-content\"><img decoding=\"async\" loading=\"lazy\" width=\"1140\" height=\"641\" src=\"https:\/\/autorai.nl\/wp-content\/uploads\/2022\/11\/q8e-tron1-1-1140x641.jpg\" alt=\"Audi Q8 e-tron\" class=\"wp-image-138146\"><figcaption>La nueva fuente en la parte trasera del Audi Q8 e-tron<\/figcaption><\/figure>\n<h2>M\u00e1s autonom\u00eda para el Audi Q8 e-tron<\/h2>\n<p>Mucho ha cambiado el mercado de los veh\u00edculos el\u00e9ctricos desde la presentaci\u00f3n del <a href=\"https:\/\/zerauto.nl\/audi-e-tron-details-prijs\/\" target=\"_blank\" rel=\"noreferrer noopener\">primer e-tron<\/a>. Especialmente en la gama alta, con una autonom\u00eda de unos 400 kil\u00f3metros, ya no se compite. Afortunadamente, el modelo base, el Q8 e-tron 50, ya est\u00e1 mejorando mucho. Esto se debe a que recibe un paquete de bater\u00edas con una capacidad neta de 89 kWh en la parte inferior y dos motores el\u00e9ctricos m\u00e1s potentes con una potencia de sistema de 340 CV. Esto permitir\u00e1 ahora al Q8 e-tron 50 recorrer 491 kil\u00f3metros con una sola carga de bater\u00eda, mientras que el Sportback es a\u00fan m\u00e1s eficiente gracias a su carrocer\u00eda m\u00e1s estilizada, logrando 505 kil\u00f3metros con el mismo paquete de bater\u00edas. En comparaci\u00f3n, antes esa autonom\u00eda era de apenas 300 kil\u00f3metros.<\/p>\n<div class=\"galery galery-1\">\n<figure>\n\t\t\t\t\t<span style=\"cursor: pointer\" data-src=\"https:\/\/autorai.nl\/wp-content\/uploads\/2022\/11\/q8sportbacke-tron4.jpg\" data-fancybox=\"galery-1\" title=\"Foto est\u00e1tica, Color: Marr\u00f3n Madeira met\u00e1lico.\"><br \/>\n\t\t\t\t\t\t\t<img decoding=\"async\" width=\"360\" height=\"270\" src=\"https:\/\/autorai.nl\/wp-content\/uploads\/2022\/11\/q8sportbacke-tron4-360x270.jpg\" class=\"attachment-small size-small\" alt=\"\" loading=\"lazy\"><i class=\"fa fa-search-plus\" aria-hidden=\"true\"><\/i><br \/>\n\t\t\t\t\t\t<\/span><br \/>\n\t\t\t\t\t<\/figure>\n<figure>\n\t\t\t\t\t<span style=\"cursor: pointer\" data-src=\"https:\/\/autorai.nl\/wp-content\/uploads\/2022\/11\/q8sportbacke-tron5.jpg\" data-fancybox=\"galery-1\" title=\"Foto est\u00e1tica, Color: Marr\u00f3n Madeira met\u00e1lico.\"><br \/>\n\t\t\t\t\t\t\t<img decoding=\"async\" width=\"360\" height=\"270\" src=\"https:\/\/autorai.nl\/wp-content\/uploads\/2022\/11\/q8sportbacke-tron5-360x270.jpg\" class=\"attachment-small size-small\" alt=\"\" loading=\"lazy\"><i class=\"fa fa-search-plus\" aria-hidden=\"true\"><\/i><br \/>\n\t\t\t\t\t\t<\/span><br \/>\n\t\t\t\t\t<\/figure>\n<figure>\n\t\t\t\t\t<span style=\"cursor: pointer\" data-src=\"https:\/\/autorai.nl\/wp-content\/uploads\/2022\/11\/q8sportbacke-tron6.jpg\" data-fancybox=\"galery-1\" title=\"Foto est\u00e1tica, Color: Marr\u00f3n Madeira met\u00e1lico.\"><br \/>\n\t\t\t\t\t\t\t<img decoding=\"async\" width=\"360\" height=\"270\" src=\"https:\/\/autorai.nl\/wp-content\/uploads\/2022\/11\/q8sportbacke-tron6-360x270.jpg\" class=\"attachment-small size-small\" alt=\"\" loading=\"lazy\"><i class=\"fa fa-search-plus\" aria-hidden=\"true\"><\/i><br \/>\n\t\t\t\t\t\t<\/span><br \/>\n\t\t\t\t\t<\/figure>\n<figure>\n\t\t\t\t\t<span style=\"cursor: pointer\" data-src=\"https:\/\/autorai.nl\/wp-content\/uploads\/2022\/11\/q8sportbacke-tron2.jpg\" data-fancybox=\"galery-1\" title=\"Foto din\u00e1mica, Color: Marr\u00f3n Madeira met\u00e1lico.\"><br \/>\n\t\t\t\t\t\t\t<img decoding=\"async\" width=\"360\" height=\"270\" src=\"https:\/\/autorai.nl\/wp-content\/uploads\/2022\/11\/q8sportbacke-tron2-360x270.jpg\" class=\"attachment-small size-small\" alt=\"\" loading=\"lazy\"><i class=\"fa fa-search-plus\" aria-hidden=\"true\"><\/i><br \/>\n\t\t\t\t\t\t<\/span><br \/>\n\t\t\t\t\t<\/figure>\n<div class=\"clear\"><\/div>\n<\/div>\n<p>Por encima del Q8 e-tron 50 hay dos versiones m\u00e1s: el Q8 e-tron 55 y el SQ8 e-tron. El Q8 e-tron 55 tiene una potencia de 408 CV y un paquete de bater\u00edas con una capacidad neta de 106 kWh, que deber\u00eda permitirle recorrer 582 kil\u00f3metros con una sola carga de bater\u00eda. El Sportback llega incluso a los 600 kil\u00f3metros. En el caso del SQ8 e-tron, gracias a sus tres motores el\u00e9ctricos (503 CV), la autonom\u00eda es, sin embargo, un poco menor. De hecho, est\u00e1 en 494 kil\u00f3metros para el SUV y 513 kil\u00f3metros para el Sportback.<\/p>\n<h2>Otras mejoras<\/h2>\n<p>El aumento de la autonom\u00eda se debe no s\u00f3lo a un paquete de bater\u00edas m\u00e1s grande, sino tambi\u00e9n a la mejora de la aerodin\u00e1mica. As\u00ed, el Q8 e-tron tiene un valor cW de 0,27 (era: 0,28) y el Sportback es a\u00fan m\u00e1s suave (0,24 frente a 0,26). Esta mejora se debe a las gu\u00edas de aire adicionales alrededor de los pasos de rueda y a las <em>persianas<\/em> bloqueables en la parrilla. Audi tambi\u00e9n ha mejorado la eficiencia de los motores el\u00e9ctricos, haciendo que consuman menos energ\u00eda.<\/p>\n<div class=\"galery galery-2\">\n<figure>\n\t\t\t\t\t<span style=\"cursor: pointer\" data-src=\"https:\/\/autorai.nl\/wp-content\/uploads\/2022\/11\/sq8e-tron2.jpg\" data-fancybox=\"galery-2\" title=\"Foto est\u00e1tica, Color: Negro Mythos met\u00e1lico.\"><br \/>\n\t\t\t\t\t\t\t<img decoding=\"async\" width=\"360\" height=\"270\" src=\"https:\/\/autorai.nl\/wp-content\/uploads\/2022\/11\/sq8e-tron2-360x270.jpg\" class=\"attachment-small size-small\" alt=\"\" loading=\"lazy\"><i class=\"fa fa-search-plus\" aria-hidden=\"true\"><\/i><br \/>\n\t\t\t\t\t\t<\/span><br \/>\n\t\t\t\t\t<\/figure>\n<figure>\n\t\t\t\t\t<span style=\"cursor: pointer\" data-src=\"https:\/\/autorai.nl\/wp-content\/uploads\/2022\/11\/sq8e-tron1.jpg\" data-fancybox=\"galery-2\" title=\"Foto est\u00e1tica, Color: Negro Mythos met\u00e1lico.\"><br \/>\n\t\t\t\t\t\t\t<img decoding=\"async\" width=\"360\" height=\"270\" src=\"https:\/\/autorai.nl\/wp-content\/uploads\/2022\/11\/sq8e-tron1-360x270.jpg\" class=\"attachment-small size-small\" alt=\"\" loading=\"lazy\"><i class=\"fa fa-search-plus\" aria-hidden=\"true\"><\/i><br \/>\n\t\t\t\t\t\t<\/span><br \/>\n\t\t\t\t\t<\/figure>\n<figure>\n\t\t\t\t\t<span style=\"cursor: pointer\" data-src=\"https:\/\/autorai.nl\/wp-content\/uploads\/2022\/11\/sq8e-tron5.jpg\" data-fancybox=\"galery-2\" title=\"Foto din\u00e1mica, Color: Negro Mythos met\u00e1lico.\"><br \/>\n\t\t\t\t\t\t\t<img decoding=\"async\" width=\"360\" height=\"270\" src=\"https:\/\/autorai.nl\/wp-content\/uploads\/2022\/11\/sq8e-tron5-360x270.jpg\" class=\"attachment-small size-small\" alt=\"\" loading=\"lazy\"><i class=\"fa fa-search-plus\" aria-hidden=\"true\"><\/i><br \/>\n\t\t\t\t\t\t<\/span><br \/>\n\t\t\t\t\t<\/figure>\n<figure>\n\t\t\t\t\t<span style=\"cursor: pointer\" data-src=\"https:\/\/autorai.nl\/wp-content\/uploads\/2022\/11\/sq8e-tron4.jpg\" data-fancybox=\"galery-2\" title=\"Foto din\u00e1mica, Color: Negro Mythos met\u00e1lico.\"><br \/>\n\t\t\t\t\t\t\t<img decoding=\"async\" width=\"360\" height=\"270\" src=\"https:\/\/autorai.nl\/wp-content\/uploads\/2022\/11\/sq8e-tron4-360x270.jpg\" class=\"attachment-small size-small\" alt=\"\" loading=\"lazy\"><i class=\"fa fa-search-plus\" aria-hidden=\"true\"><\/i><br \/>\n\t\t\t\t\t\t<\/span><br \/>\n\t\t\t\t\t<\/figure>\n<div class=\"clear\"><\/div>\n<\/div>\n<h2>Lanzamiento al mercado del Audi Q8 e-tron<\/h2>\n<p>El lanzamiento al mercado del Audi Q8 e-tron est\u00e1 previsto para febrero de 2023. A finales de este mes, los nuevos modelos Q8 e-tron ya se pueden encargar. Los precios se anunciar\u00e1n para entonces.<\/p>\n","protected":false},"excerpt":{"rendered":"Facelift Audi aprovecha el cambio de nombre a Q8 e-tron para realizar algunos cambios en el modelo. Comienza en el&hellip;","protected":false},"author":0,"featured_media":126536,"comment_status":"open","ping_status":"open","sticky":false,"template":"","format":"standard","meta":{"footnotes":""},"categories":[126],"tags":[],"class_list":["post-126590","post","type-post","status-publish","format-standard","has-post-thumbnail","hentry","category-noticias-de-autos"],"acf":[],"yoast_head":"<!-- This site is optimized with the Yoast SEO plugin v21.2 - https:\/\/yoast.com\/wordpress\/plugins\/seo\/ -->\n<title>Audi Q8 e-tron: misma receta, mejores ingredientes - All cars news<\/title>\n<meta name=\"robots\" content=\"index, follow, max-snippet:-1, max-image-preview:large, max-video-preview:-1\" \/>\n<link rel=\"canonical\" href=\"https:\/\/all-car-news.com\/es\/audi-q8-e-tron-misma-receta-mejores-ingredientes\/\" \/>\n<meta property=\"og:locale\" content=\"es_ES\" \/>\n<meta property=\"og:type\" content=\"article\" \/>\n<meta property=\"og:title\" content=\"Audi Q8 e-tron: misma receta, mejores ingredientes - All cars news\" \/>\n<meta property=\"og:description\" content=\"Facelift Audi aprovecha el cambio de nombre a Q8 e-tron para realizar algunos cambios en el modelo. Comienza en el frontal con la parrilla, que -seg\u00fan la versi\u00f3n elegida- es en parte del color de la carrocer\u00eda o plateada y cuya parte superior es un panel plano. Encima de ese panel hay una tira de LEDs [...]\" \/>\n<meta property=\"og:url\" content=\"https:\/\/all-car-news.com\/es\/audi-q8-e-tron-misma-receta-mejores-ingredientes\/\" \/>\n<meta property=\"og:site_name\" content=\"All cars news\" \/>\n<meta property=\"article:published_time\" content=\"2022-11-09T11:19:11+00:00\" \/>\n<meta property=\"og:image\" content=\"https:\/\/autorai.nl\/wp-content\/uploads\/2022\/11\/a226145-large-1-640x480.jpg\" \/>\n<meta name=\"twitter:card\" content=\"summary_large_image\" \/>\n<meta name=\"twitter:label1\" content=\"Tiempo de lectura\" \/>\n\t<meta name=\"twitter:data1\" content=\"3 minutos\" \/>\n<script type=\"application\/ld+json\" class=\"yoast-schema-graph\">{\"@context\":\"https:\/\/schema.org\",\"@graph\":[{\"@type\":\"Article\",\"@id\":\"https:\/\/all-car-news.com\/es\/audi-q8-e-tron-misma-receta-mejores-ingredientes\/#article\",\"isPartOf\":{\"@id\":\"https:\/\/all-car-news.com\/es\/audi-q8-e-tron-misma-receta-mejores-ingredientes\/\"},\"author\":{\"name\":\"\",\"@id\":\"\"},\"headline\":\"Audi Q8 e-tron: misma receta, mejores ingredientes\",\"datePublished\":\"2022-11-09T11:19:11+00:00\",\"dateModified\":\"2022-11-09T11:19:11+00:00\",\"mainEntityOfPage\":{\"@id\":\"https:\/\/all-car-news.com\/es\/audi-q8-e-tron-misma-receta-mejores-ingredientes\/\"},\"wordCount\":571,\"commentCount\":0,\"publisher\":{\"@id\":\"https:\/\/all-car-news.com\/es\/#organization\"},\"articleSection\":[\"noticias de autos\"],\"inLanguage\":\"es\",\"potentialAction\":[{\"@type\":\"CommentAction\",\"name\":\"Comment\",\"target\":[\"https:\/\/all-car-news.com\/es\/audi-q8-e-tron-misma-receta-mejores-ingredientes\/#respond\"]}]},{\"@type\":\"WebPage\",\"@id\":\"https:\/\/all-car-news.com\/es\/audi-q8-e-tron-misma-receta-mejores-ingredientes\/\",\"url\":\"https:\/\/all-car-news.com\/es\/audi-q8-e-tron-misma-receta-mejores-ingredientes\/\",\"name\":\"Audi Q8 e-tron: misma receta, mejores ingredientes - All cars news\",\"isPartOf\":{\"@id\":\"https:\/\/all-car-news.com\/es\/#website\"},\"datePublished\":\"2022-11-09T11:19:11+00:00\",\"dateModified\":\"2022-11-09T11:19:11+00:00\",\"breadcrumb\":{\"@id\":\"https:\/\/all-car-news.com\/es\/audi-q8-e-tron-misma-receta-mejores-ingredientes\/#breadcrumb\"},\"inLanguage\":\"es\",\"potentialAction\":[{\"@type\":\"ReadAction\",\"target\":[\"https:\/\/all-car-news.com\/es\/audi-q8-e-tron-misma-receta-mejores-ingredientes\/\"]}]},{\"@type\":\"BreadcrumbList\",\"@id\":\"https:\/\/all-car-news.com\/es\/audi-q8-e-tron-misma-receta-mejores-ingredientes\/#breadcrumb\",\"itemListElement\":[{\"@type\":\"ListItem\",\"position\":1,\"name\":\"Home\",\"item\":\"https:\/\/all-car-news.com\/es\/\"},{\"@type\":\"ListItem\",\"position\":2,\"name\":\"Audi Q8 e-tron: misma receta, mejores ingredientes\"}]},{\"@type\":\"WebSite\",\"@id\":\"https:\/\/all-car-news.com\/es\/#website\",\"url\":\"https:\/\/all-car-news.com\/es\/\",\"name\":\"All cars news\",\"description\":\"\",\"publisher\":{\"@id\":\"https:\/\/all-car-news.com\/es\/#organization\"},\"potentialAction\":[{\"@type\":\"SearchAction\",\"target\":{\"@type\":\"EntryPoint\",\"urlTemplate\":\"https:\/\/all-car-news.com\/es\/?s={search_term_string}\"},\"query-input\":\"required name=search_term_string\"}],\"inLanguage\":\"es\"},{\"@type\":\"Organization\",\"@id\":\"https:\/\/all-car-news.com\/es\/#organization\",\"name\":\"All cars news\",\"url\":\"https:\/\/all-car-news.com\/es\/\",\"logo\":{\"@type\":\"ImageObject\",\"inLanguage\":\"es\",\"@id\":\"https:\/\/all-car-news.com\/es\/#\/schema\/logo\/image\/\",\"url\":\"https:\/\/all-car-news.com\/wp-content\/uploads\/2022\/02\/CMYK-AllCarNews_LANDSCAPE_300px-1.png\",\"contentUrl\":\"https:\/\/all-car-news.com\/wp-content\/uploads\/2022\/02\/CMYK-AllCarNews_LANDSCAPE_300px-1.png\",\"width\":300,\"height\":100,\"caption\":\"All cars news\"},\"image\":{\"@id\":\"https:\/\/all-car-news.com\/es\/#\/schema\/logo\/image\/\"}}]}<\/script>\n<!-- \/ Yoast SEO plugin. -->","yoast_head_json":{"title":"Audi Q8 e-tron: misma receta, mejores ingredientes - All cars news","robots":{"index":"index","follow":"follow","max-snippet":"max-snippet:-1","max-image-preview":"max-image-preview:large","max-video-preview":"max-video-preview:-1"},"canonical":"https:\/\/all-car-news.com\/es\/audi-q8-e-tron-misma-receta-mejores-ingredientes\/","og_locale":"es_ES","og_type":"article","og_title":"Audi Q8 e-tron: misma receta, mejores ingredientes - All cars news","og_description":"Facelift Audi aprovecha el cambio de nombre a Q8 e-tron para realizar algunos cambios en el modelo. Comienza en el frontal con la parrilla, que -seg\u00fan la versi\u00f3n elegida- es en parte del color de la carrocer\u00eda o plateada y cuya parte superior es un panel plano. Encima de ese panel hay una tira de LEDs [...]","og_url":"https:\/\/all-car-news.com\/es\/audi-q8-e-tron-misma-receta-mejores-ingredientes\/","og_site_name":"All cars news","article_published_time":"2022-11-09T11:19:11+00:00","og_image":[{"url":"https:\/\/autorai.nl\/wp-content\/uploads\/2022\/11\/a226145-large-1-640x480.jpg"}],"twitter_card":"summary_large_image","twitter_misc":{"Tiempo de lectura":"3 minutos"},"schema":{"@context":"https:\/\/schema.org","@graph":[{"@type":"Article","@id":"https:\/\/all-car-news.com\/es\/audi-q8-e-tron-misma-receta-mejores-ingredientes\/#article","isPartOf":{"@id":"https:\/\/all-car-news.com\/es\/audi-q8-e-tron-misma-receta-mejores-ingredientes\/"},"author":{"name":"","@id":""},"headline":"Audi Q8 e-tron: misma receta, mejores ingredientes","datePublished":"2022-11-09T11:19:11+00:00","dateModified":"2022-11-09T11:19:11+00:00","mainEntityOfPage":{"@id":"https:\/\/all-car-news.com\/es\/audi-q8-e-tron-misma-receta-mejores-ingredientes\/"},"wordCount":571,"commentCount":0,"publisher":{"@id":"https:\/\/all-car-news.com\/es\/#organization"},"articleSection":["noticias de autos"],"inLanguage":"es","potentialAction":[{"@type":"CommentAction","name":"Comment","target":["https:\/\/all-car-news.com\/es\/audi-q8-e-tron-misma-receta-mejores-ingredientes\/#respond"]}]},{"@type":"WebPage","@id":"https:\/\/all-car-news.com\/es\/audi-q8-e-tron-misma-receta-mejores-ingredientes\/","url":"https:\/\/all-car-news.com\/es\/audi-q8-e-tron-misma-receta-mejores-ingredientes\/","name":"Audi Q8 e-tron: misma receta, mejores ingredientes - All cars news","isPartOf":{"@id":"https:\/\/all-car-news.com\/es\/#website"},"datePublished":"2022-11-09T11:19:11+00:00","dateModified":"2022-11-09T11:19:11+00:00","breadcrumb":{"@id":"https:\/\/all-car-news.com\/es\/audi-q8-e-tron-misma-receta-mejores-ingredientes\/#breadcrumb"},"inLanguage":"es","potentialAction":[{"@type":"ReadAction","target":["https:\/\/all-car-news.com\/es\/audi-q8-e-tron-misma-receta-mejores-ingredientes\/"]}]},{"@type":"BreadcrumbList","@id":"https:\/\/all-car-news.com\/es\/audi-q8-e-tron-misma-receta-mejores-ingredientes\/#breadcrumb","itemListElement":[{"@type":"ListItem","position":1,"name":"Home","item":"https:\/\/all-car-news.com\/es\/"},{"@type":"ListItem","position":2,"name":"Audi Q8 e-tron: misma receta, mejores ingredientes"}]},{"@type":"WebSite","@id":"https:\/\/all-car-news.com\/es\/#website","url":"https:\/\/all-car-news.com\/es\/","name":"All cars news","description":"","publisher":{"@id":"https:\/\/all-car-news.com\/es\/#organization"},"potentialAction":[{"@type":"SearchAction","target":{"@type":"EntryPoint","urlTemplate":"https:\/\/all-car-news.com\/es\/?s={search_term_string}"},"query-input":"required name=search_term_string"}],"inLanguage":"es"},{"@type":"Organization","@id":"https:\/\/all-car-news.com\/es\/#organization","name":"All cars news","url":"https:\/\/all-car-news.com\/es\/","logo":{"@type":"ImageObject","inLanguage":"es","@id":"https:\/\/all-car-news.com\/es\/#\/schema\/logo\/image\/","url":"https:\/\/all-car-news.com\/wp-content\/uploads\/2022\/02\/CMYK-AllCarNews_LANDSCAPE_300px-1.png","contentUrl":"https:\/\/all-car-news.com\/wp-content\/uploads\/2022\/02\/CMYK-AllCarNews_LANDSCAPE_300px-1.png","width":300,"height":100,"caption":"All cars news"},"image":{"@id":"https:\/\/all-car-news.com\/es\/#\/schema\/logo\/image\/"}}]}},"_links":{"self":[{"href":"https:\/\/all-car-news.com\/es\/wp-json\/wp\/v2\/posts\/126590","targetHints":{"allow":["GET"]}}],"collection":[{"href":"https:\/\/all-car-news.com\/es\/wp-json\/wp\/v2\/posts"}],"about":[{"href":"https:\/\/all-car-news.com\/es\/wp-json\/wp\/v2\/types\/post"}],"replies":[{"embeddable":true,"href":"https:\/\/all-car-news.com\/es\/wp-json\/wp\/v2\/comments?post=126590"}],"version-history":[{"count":0,"href":"https:\/\/all-car-news.com\/es\/wp-json\/wp\/v2\/posts\/126590\/revisions"}],"wp:featuredmedia":[{"embeddable":true,"href":"https:\/\/all-car-news.com\/es\/wp-json\/wp\/v2\/media\/126536"}],"wp:attachment":[{"href":"https:\/\/all-car-news.com\/es\/wp-json\/wp\/v2\/media?parent=126590"}],"wp:term":[{"taxonomy":"category","embeddable":true,"href":"https:\/\/all-car-news.com\/es\/wp-json\/wp\/v2\/categories?post=126590"},{"taxonomy":"post_tag","embeddable":true,"href":"https:\/\/all-car-news.com\/es\/wp-json\/wp\/v2\/tags?post=126590"}],"curies":[{"name":"wp","href":"https:\/\/api.w.org\/{rel}","templated":true}]}}