{"id":125348,"date":"2022-10-19T15:39:00","date_gmt":"2022-10-19T15:39:00","guid":{"rendered":"https:\/\/all-car-news.com\/seat-se-apunta-un-tanto-con-los-suv-pero-su-futuro-es-incierto\/"},"modified":"2022-10-19T15:39:00","modified_gmt":"2022-10-19T15:39:00","slug":"seat-se-apunta-un-tanto-con-los-suv-pero-su-futuro-es-incierto","status":"publish","type":"post","link":"https:\/\/all-car-news.com\/es\/seat-se-apunta-un-tanto-con-los-suv-pero-su-futuro-es-incierto\/","title":{"rendered":"SEAT se apunta un tanto con los SUV, pero su futuro es incierto"},"content":{"rendered":"<h2>Tres SUV de SEAT<\/h2>\n<p>El a\u00f1o pasado, con 192.100 unidades, los SEAT Arona, Ateca y Tarraco ya representaron el 49% de las ventas mundiales de SEAT. El Arona es el superventas absoluto de la gama SUV de SEAT. As\u00ed que no te sorprender\u00e1 que el SUV de SEAT n\u00famero 1 mill\u00f3n que ha salido recientemente de la l\u00ednea de producci\u00f3n haya sido un SEAT Arona.<\/p>\n<h2>SEAT Arona<\/h2>\n<p>Desde su lanzamiento en 2017, el <a href=\"https:\/\/autorai.nl\/review-seat-arona-2022-aangescherpt-en-verbeterd\/\">SEAT Arona<\/a> se ha convertido en el coche m\u00e1s popular de la marca, con 481.585 unidades vendidas en todo el mundo. Especialmente en su pa\u00eds de origen, Espa\u00f1a, el Arona es un \u00e9xito de ventas. De hecho, en 2021 fue la primera vez que un SUV fue el coche m\u00e1s vendido del pa\u00eds.<\/p>\n<figure class=\"wp-block-image size-content\"><img decoding=\"async\" loading=\"lazy\" width=\"1140\" height=\"761\" src=\"https:\/\/autorai.nl\/wp-content\/uploads\/2022\/10\/suvseat3-1140x761.jpg\" alt=\"SEAT Arona\" class=\"wp-image-134918\"><\/figure>\n<h2>SEAT Ateca<\/h2>\n<p>El <a href=\"https:\/\/autorai.nl\/autotest-seat-ateca-xperience-1-5-tsi-2021\/\">SEAT Ateca<\/a>, presentado en 2017, ya ha vendido 435.443 unidades hasta la fecha. El Ateca obtiene resultados especialmente buenos en la vecina Alemania, donde ya se han vendido m\u00e1s de 108.000 unidades.<\/p>\n<figure class=\"wp-block-image size-content\"><img decoding=\"async\" loading=\"lazy\" width=\"1140\" height=\"761\" src=\"https:\/\/autorai.nl\/wp-content\/uploads\/2022\/10\/suvseat4-1140x761.jpg\" alt=\"SEAT Ateca\" class=\"wp-image-134919\"><\/figure>\n<h2>SEAT Tarraco<\/h2>\n<p>El SEAT Tarraco es el tercer pilar de la ofensiva SUV de SEAT desde 2018. De este modelo, la marca ha vendido hasta ahora 88.820 unidades en todo el mundo. Al igual que con el Ateca, Alemania es el mayor mercado; 29.000 orientales optaron por el modelo.<\/p>\n<figure class=\"wp-block-image size-content\"><img decoding=\"async\" loading=\"lazy\" width=\"1140\" height=\"761\" src=\"https:\/\/autorai.nl\/wp-content\/uploads\/2022\/10\/suvseat5-1140x761.jpg\" alt=\"SEAT Tarraco\" class=\"wp-image-134920\"><\/figure>\n<h2>El futuro de SEAT es incierto<\/h2>\n<p>Qu\u00e9 bien, ese \u00e9xito del SUV para SEAT. Sin embargo, esta marca de autom\u00f3viles a\u00fan no ha comunicado sus planes concretos para el futuro. De hecho, SEAT es la \u00fanica marca del Grupo Volkswagen que todav\u00eda no tiene un coche el\u00e9ctrico en su gama. \u00bfQu\u00e9 pasa con Cupra? Hoy en d\u00eda, es una marca de coches independiente con sus propios modelos. As\u00ed que Cupra es independiente de SEAT. Ya hay rumores de que se sacrificar\u00e1 a SEAT y se centrar\u00e1 totalmente en Cupra. El futuro traer\u00e1 claridad.<\/p>\n","protected":false},"excerpt":{"rendered":"Tres SUV de SEAT El a\u00f1o pasado, los SEAT Arona, Ateca y Tarraco ya representaron el 49% de las ventas&hellip;","protected":false},"author":0,"featured_media":125321,"comment_status":"open","ping_status":"open","sticky":false,"template":"","format":"standard","meta":{"footnotes":""},"categories":[126],"tags":[],"class_list":["post-125348","post","type-post","status-publish","format-standard","has-post-thumbnail","hentry","category-noticias-de-autos"],"acf":[],"yoast_head":"<!-- This site is optimized with the Yoast SEO plugin v21.2 - https:\/\/yoast.com\/wordpress\/plugins\/seo\/ -->\n<title>SEAT se apunta un tanto con los SUV, pero su futuro es incierto - All cars news<\/title>\n<meta name=\"robots\" content=\"index, follow, max-snippet:-1, max-image-preview:large, max-video-preview:-1\" \/>\n<link rel=\"canonical\" href=\"https:\/\/all-car-news.com\/es\/seat-se-apunta-un-tanto-con-los-suv-pero-su-futuro-es-incierto\/\" \/>\n<meta property=\"og:locale\" content=\"es_ES\" \/>\n<meta property=\"og:type\" content=\"article\" \/>\n<meta property=\"og:title\" content=\"SEAT se apunta un tanto con los SUV, pero su futuro es incierto - All cars news\" \/>\n<meta property=\"og:description\" content=\"Tres SUV de SEAT El a\u00f1o pasado, los SEAT Arona, Ateca y Tarraco ya representaron el 49% de las ventas mundiales de SEAT, con 192.100 unidades. El Arona es el superventas absoluto de la gama SUV de SEAT. No te sorprender\u00e1, pues, que el SUV de SEAT n\u00famero 1 mill\u00f3n que recientemente ha salido [...]\" \/>\n<meta property=\"og:url\" content=\"https:\/\/all-car-news.com\/es\/seat-se-apunta-un-tanto-con-los-suv-pero-su-futuro-es-incierto\/\" \/>\n<meta property=\"og:site_name\" content=\"All cars news\" \/>\n<meta property=\"article:published_time\" content=\"2022-10-19T15:39:00+00:00\" \/>\n<meta property=\"og:image\" content=\"https:\/\/autorai.nl\/wp-content\/uploads\/2022\/10\/suvseat3-1140x761.jpg\" \/>\n<meta name=\"twitter:card\" content=\"summary_large_image\" \/>\n<meta name=\"twitter:label1\" content=\"Tiempo de lectura\" \/>\n\t<meta name=\"twitter:data1\" content=\"2 minutos\" \/>\n<script type=\"application\/ld+json\" class=\"yoast-schema-graph\">{\"@context\":\"https:\/\/schema.org\",\"@graph\":[{\"@type\":\"Article\",\"@id\":\"https:\/\/all-car-news.com\/es\/seat-se-apunta-un-tanto-con-los-suv-pero-su-futuro-es-incierto\/#article\",\"isPartOf\":{\"@id\":\"https:\/\/all-car-news.com\/es\/seat-se-apunta-un-tanto-con-los-suv-pero-su-futuro-es-incierto\/\"},\"author\":{\"name\":\"\",\"@id\":\"\"},\"headline\":\"SEAT se apunta un tanto con los SUV, pero su futuro es incierto\",\"datePublished\":\"2022-10-19T15:39:00+00:00\",\"dateModified\":\"2022-10-19T15:39:00+00:00\",\"mainEntityOfPage\":{\"@id\":\"https:\/\/all-car-news.com\/es\/seat-se-apunta-un-tanto-con-los-suv-pero-su-futuro-es-incierto\/\"},\"wordCount\":320,\"commentCount\":0,\"publisher\":{\"@id\":\"https:\/\/all-car-news.com\/es\/#organization\"},\"articleSection\":[\"noticias de autos\"],\"inLanguage\":\"es\",\"potentialAction\":[{\"@type\":\"CommentAction\",\"name\":\"Comment\",\"target\":[\"https:\/\/all-car-news.com\/es\/seat-se-apunta-un-tanto-con-los-suv-pero-su-futuro-es-incierto\/#respond\"]}]},{\"@type\":\"WebPage\",\"@id\":\"https:\/\/all-car-news.com\/es\/seat-se-apunta-un-tanto-con-los-suv-pero-su-futuro-es-incierto\/\",\"url\":\"https:\/\/all-car-news.com\/es\/seat-se-apunta-un-tanto-con-los-suv-pero-su-futuro-es-incierto\/\",\"name\":\"SEAT se apunta un tanto con los SUV, pero su futuro es incierto - All cars news\",\"isPartOf\":{\"@id\":\"https:\/\/all-car-news.com\/es\/#website\"},\"datePublished\":\"2022-10-19T15:39:00+00:00\",\"dateModified\":\"2022-10-19T15:39:00+00:00\",\"breadcrumb\":{\"@id\":\"https:\/\/all-car-news.com\/es\/seat-se-apunta-un-tanto-con-los-suv-pero-su-futuro-es-incierto\/#breadcrumb\"},\"inLanguage\":\"es\",\"potentialAction\":[{\"@type\":\"ReadAction\",\"target\":[\"https:\/\/all-car-news.com\/es\/seat-se-apunta-un-tanto-con-los-suv-pero-su-futuro-es-incierto\/\"]}]},{\"@type\":\"BreadcrumbList\",\"@id\":\"https:\/\/all-car-news.com\/es\/seat-se-apunta-un-tanto-con-los-suv-pero-su-futuro-es-incierto\/#breadcrumb\",\"itemListElement\":[{\"@type\":\"ListItem\",\"position\":1,\"name\":\"Home\",\"item\":\"https:\/\/all-car-news.com\/es\/\"},{\"@type\":\"ListItem\",\"position\":2,\"name\":\"SEAT se apunta un tanto con los SUV, pero su futuro es incierto\"}]},{\"@type\":\"WebSite\",\"@id\":\"https:\/\/all-car-news.com\/es\/#website\",\"url\":\"https:\/\/all-car-news.com\/es\/\",\"name\":\"All cars news\",\"description\":\"\",\"publisher\":{\"@id\":\"https:\/\/all-car-news.com\/es\/#organization\"},\"potentialAction\":[{\"@type\":\"SearchAction\",\"target\":{\"@type\":\"EntryPoint\",\"urlTemplate\":\"https:\/\/all-car-news.com\/es\/?s={search_term_string}\"},\"query-input\":\"required name=search_term_string\"}],\"inLanguage\":\"es\"},{\"@type\":\"Organization\",\"@id\":\"https:\/\/all-car-news.com\/es\/#organization\",\"name\":\"All cars news\",\"url\":\"https:\/\/all-car-news.com\/es\/\",\"logo\":{\"@type\":\"ImageObject\",\"inLanguage\":\"es\",\"@id\":\"https:\/\/all-car-news.com\/es\/#\/schema\/logo\/image\/\",\"url\":\"https:\/\/all-car-news.com\/wp-content\/uploads\/2022\/02\/CMYK-AllCarNews_LANDSCAPE_300px-1.png\",\"contentUrl\":\"https:\/\/all-car-news.com\/wp-content\/uploads\/2022\/02\/CMYK-AllCarNews_LANDSCAPE_300px-1.png\",\"width\":300,\"height\":100,\"caption\":\"All cars news\"},\"image\":{\"@id\":\"https:\/\/all-car-news.com\/es\/#\/schema\/logo\/image\/\"}}]}<\/script>\n<!-- \/ Yoast SEO plugin. -->","yoast_head_json":{"title":"SEAT se apunta un tanto con los SUV, pero su futuro es incierto - All cars news","robots":{"index":"index","follow":"follow","max-snippet":"max-snippet:-1","max-image-preview":"max-image-preview:large","max-video-preview":"max-video-preview:-1"},"canonical":"https:\/\/all-car-news.com\/es\/seat-se-apunta-un-tanto-con-los-suv-pero-su-futuro-es-incierto\/","og_locale":"es_ES","og_type":"article","og_title":"SEAT se apunta un tanto con los SUV, pero su futuro es incierto - All cars news","og_description":"Tres SUV de SEAT El a\u00f1o pasado, los SEAT Arona, Ateca y Tarraco ya representaron el 49% de las ventas mundiales de SEAT, con 192.100 unidades. El Arona es el superventas absoluto de la gama SUV de SEAT. No te sorprender\u00e1, pues, que el SUV de SEAT n\u00famero 1 mill\u00f3n que recientemente ha salido [...]","og_url":"https:\/\/all-car-news.com\/es\/seat-se-apunta-un-tanto-con-los-suv-pero-su-futuro-es-incierto\/","og_site_name":"All cars news","article_published_time":"2022-10-19T15:39:00+00:00","og_image":[{"url":"https:\/\/autorai.nl\/wp-content\/uploads\/2022\/10\/suvseat3-1140x761.jpg"}],"twitter_card":"summary_large_image","twitter_misc":{"Tiempo de lectura":"2 minutos"},"schema":{"@context":"https:\/\/schema.org","@graph":[{"@type":"Article","@id":"https:\/\/all-car-news.com\/es\/seat-se-apunta-un-tanto-con-los-suv-pero-su-futuro-es-incierto\/#article","isPartOf":{"@id":"https:\/\/all-car-news.com\/es\/seat-se-apunta-un-tanto-con-los-suv-pero-su-futuro-es-incierto\/"},"author":{"name":"","@id":""},"headline":"SEAT se apunta un tanto con los SUV, pero su futuro es incierto","datePublished":"2022-10-19T15:39:00+00:00","dateModified":"2022-10-19T15:39:00+00:00","mainEntityOfPage":{"@id":"https:\/\/all-car-news.com\/es\/seat-se-apunta-un-tanto-con-los-suv-pero-su-futuro-es-incierto\/"},"wordCount":320,"commentCount":0,"publisher":{"@id":"https:\/\/all-car-news.com\/es\/#organization"},"articleSection":["noticias de autos"],"inLanguage":"es","potentialAction":[{"@type":"CommentAction","name":"Comment","target":["https:\/\/all-car-news.com\/es\/seat-se-apunta-un-tanto-con-los-suv-pero-su-futuro-es-incierto\/#respond"]}]},{"@type":"WebPage","@id":"https:\/\/all-car-news.com\/es\/seat-se-apunta-un-tanto-con-los-suv-pero-su-futuro-es-incierto\/","url":"https:\/\/all-car-news.com\/es\/seat-se-apunta-un-tanto-con-los-suv-pero-su-futuro-es-incierto\/","name":"SEAT se apunta un tanto con los SUV, pero su futuro es incierto - All cars news","isPartOf":{"@id":"https:\/\/all-car-news.com\/es\/#website"},"datePublished":"2022-10-19T15:39:00+00:00","dateModified":"2022-10-19T15:39:00+00:00","breadcrumb":{"@id":"https:\/\/all-car-news.com\/es\/seat-se-apunta-un-tanto-con-los-suv-pero-su-futuro-es-incierto\/#breadcrumb"},"inLanguage":"es","potentialAction":[{"@type":"ReadAction","target":["https:\/\/all-car-news.com\/es\/seat-se-apunta-un-tanto-con-los-suv-pero-su-futuro-es-incierto\/"]}]},{"@type":"BreadcrumbList","@id":"https:\/\/all-car-news.com\/es\/seat-se-apunta-un-tanto-con-los-suv-pero-su-futuro-es-incierto\/#breadcrumb","itemListElement":[{"@type":"ListItem","position":1,"name":"Home","item":"https:\/\/all-car-news.com\/es\/"},{"@type":"ListItem","position":2,"name":"SEAT se apunta un tanto con los SUV, pero su futuro es incierto"}]},{"@type":"WebSite","@id":"https:\/\/all-car-news.com\/es\/#website","url":"https:\/\/all-car-news.com\/es\/","name":"All cars news","description":"","publisher":{"@id":"https:\/\/all-car-news.com\/es\/#organization"},"potentialAction":[{"@type":"SearchAction","target":{"@type":"EntryPoint","urlTemplate":"https:\/\/all-car-news.com\/es\/?s={search_term_string}"},"query-input":"required name=search_term_string"}],"inLanguage":"es"},{"@type":"Organization","@id":"https:\/\/all-car-news.com\/es\/#organization","name":"All cars news","url":"https:\/\/all-car-news.com\/es\/","logo":{"@type":"ImageObject","inLanguage":"es","@id":"https:\/\/all-car-news.com\/es\/#\/schema\/logo\/image\/","url":"https:\/\/all-car-news.com\/wp-content\/uploads\/2022\/02\/CMYK-AllCarNews_LANDSCAPE_300px-1.png","contentUrl":"https:\/\/all-car-news.com\/wp-content\/uploads\/2022\/02\/CMYK-AllCarNews_LANDSCAPE_300px-1.png","width":300,"height":100,"caption":"All cars news"},"image":{"@id":"https:\/\/all-car-news.com\/es\/#\/schema\/logo\/image\/"}}]}},"_links":{"self":[{"href":"https:\/\/all-car-news.com\/es\/wp-json\/wp\/v2\/posts\/125348","targetHints":{"allow":["GET"]}}],"collection":[{"href":"https:\/\/all-car-news.com\/es\/wp-json\/wp\/v2\/posts"}],"about":[{"href":"https:\/\/all-car-news.com\/es\/wp-json\/wp\/v2\/types\/post"}],"replies":[{"embeddable":true,"href":"https:\/\/all-car-news.com\/es\/wp-json\/wp\/v2\/comments?post=125348"}],"version-history":[{"count":0,"href":"https:\/\/all-car-news.com\/es\/wp-json\/wp\/v2\/posts\/125348\/revisions"}],"wp:featuredmedia":[{"embeddable":true,"href":"https:\/\/all-car-news.com\/es\/wp-json\/wp\/v2\/media\/125321"}],"wp:attachment":[{"href":"https:\/\/all-car-news.com\/es\/wp-json\/wp\/v2\/media?parent=125348"}],"wp:term":[{"taxonomy":"category","embeddable":true,"href":"https:\/\/all-car-news.com\/es\/wp-json\/wp\/v2\/categories?post=125348"},{"taxonomy":"post_tag","embeddable":true,"href":"https:\/\/all-car-news.com\/es\/wp-json\/wp\/v2\/tags?post=125348"}],"curies":[{"name":"wp","href":"https:\/\/api.w.org\/{rel}","templated":true}]}}