{"id":125245,"date":"2022-10-19T09:55:03","date_gmt":"2022-10-19T09:55:03","guid":{"rendered":"https:\/\/all-car-news.com\/audiencia-ocon-viene-a-traer-el-balon-de-oro-con-el-coche-de-f1\/"},"modified":"2022-10-19T09:55:03","modified_gmt":"2022-10-19T09:55:03","slug":"audiencia-ocon-viene-a-traer-el-balon-de-oro-con-el-coche-de-f1","status":"publish","type":"post","link":"https:\/\/all-car-news.com\/es\/audiencia-ocon-viene-a-traer-el-balon-de-oro-con-el-coche-de-f1\/","title":{"rendered":"Audiencia: Ocon viene a traer el Bal\u00f3n de Oro con el coche de F1"},"content":{"rendered":"<h2>Bal\u00f3n de Oro<\/h2>\n<p>Cada a\u00f1o, el Bal\u00f3n de Oro se otorga al mejor futbolista de la temporada anterior. Para los futbolistas, es el premio individual m\u00e1s importante que se puede ganar. Esta vez, el delantero del Real Madrid Karim Benzema, que por cierto tiene una <a href=\"https:\/\/autorai.nl\/video-deze-autos-heeft-de-spits-van-real-madrid\/\" target=\"_blank\" rel=\"noreferrer noopener\">bonita colecci\u00f3n de coches<\/a>, recibi\u00f3 el premio por su actuaci\u00f3n en la temporada m\u00e1s prol\u00edfica de su historia.  <\/p>\n<h2>Gran entrada<\/h2>\n<p>De todos modos, buzz que se convirti\u00f3 en el mejor futbolista del a\u00f1o. Estamos aqu\u00ed por los coches, <em>\u00bfverdad<\/em>? Si es as\u00ed, seguro que podemos hacerte feliz con el siguiente v\u00eddeo. En el clip, vemos al piloto de F1 Esteban Ocon llegando a la fiesta del f\u00fatbol con mucho ruido. La ceremonia tuvo lugar en Par\u00eds, por lo que el v\u00ednculo con el alpino y el piloto franc\u00e9s se establece r\u00e1pidamente.  <\/p>\n<div class=\"galery galery-0\">\n<figure>\n\t\t\t\t\t<span style=\"cursor: pointer\" data-src=\"https:\/\/autorai.nl\/wp-content\/uploads\/2022\/10\/Esteban-Ocon_1.jpg\" data-fancybox=\"galery-0\" title=\"\"><br \/>\n\t\t\t\t\t\t\t<img decoding=\"async\" width=\"360\" height=\"270\" src=\"https:\/\/autorai.nl\/wp-content\/uploads\/2022\/10\/Esteban-Ocon_1-360x270.jpg\" class=\"attachment-small size-small\" alt=\"Esteban-Ocon_1\" loading=\"lazy\"><i class=\"fa fa-search-plus\" aria-hidden=\"true\"><\/i><br \/>\n\t\t\t\t\t\t<\/span><br \/>\n\t\t\t\t\t<\/figure>\n<figure>\n\t\t\t\t\t<span style=\"cursor: pointer\" data-src=\"https:\/\/autorai.nl\/wp-content\/uploads\/2022\/10\/Esteban-Ocon_2.jpg\" data-fancybox=\"galery-0\" title=\"\"><br \/>\n\t\t\t\t\t\t\t<img decoding=\"async\" width=\"360\" height=\"270\" src=\"https:\/\/autorai.nl\/wp-content\/uploads\/2022\/10\/Esteban-Ocon_2-360x270.jpg\" class=\"attachment-small size-small\" alt=\"Esteban-Ocon_2\" loading=\"lazy\"><i class=\"fa fa-search-plus\" aria-hidden=\"true\"><\/i><br \/>\n\t\t\t\t\t\t<\/span><br \/>\n\t\t\t\t\t<\/figure>\n<div class=\"clear\"><\/div>\n<\/div>\n<h2>Transporte especial<\/h2>\n<p>Se ha pedido a Ocon que traiga el premio al evento en persona. Lo hizo no en su <a href=\"https:\/\/autorai.nl\/formule-1-in-2022-dit-moet-je-weten-over-de-autos\/\" target=\"_blank\" rel=\"noreferrer noopener\">coche<\/a> V6 <a href=\"https:\/\/autorai.nl\/formule-1-in-2022-dit-moet-je-weten-over-de-autos\/\" target=\"_blank\" rel=\"noreferrer noopener\">de 2022<\/a>, sino en uno m\u00e1s antiguo con V8 chill\u00f3n. \u00a1Delicioso! Con el \u00abbal\u00f3n de oro\u00bb bien atado a su Alpine, Ocon puso goma a las calles parisinas durante un rato antes de salir para llevar el premio al Th\u00e9\u00e2tre du Ch\u00e2telet.<\/p>\n<p>Sube el volumen y escucha la entrada de Esteban Ocon aqu\u00ed.<\/p>\n<figure class=\"wp-block-embed is-type-rich is-provider-twitter wp-block-embed-twitter\">\n<div class=\"wp-block-embed__wrapper\">\n<blockquote class=\"twitter-tweet\" data-width=\"500\" data-dnt=\"true\">\n<p lang=\"nl\" dir=\"ltr\">\ud835\udc15\ud835\udc11\ud835\udc0e\ud835\udc04\ud835\udc04\ud835\udc04\ud835\udc04\ud835\udc04\ud835\udc04\ud835\udc04\ud835\udc0c&#8230; \u00a1est\u00e1 el Bal\u00f3n de Oro! \ud83c\udfc6<br \/>Y nada menos que Esteban Ocon lo traer\u00e1 en persona con su coche de F1 \u26a1<\/p>\n<p>\u26bd Bal\u00f3n de Oro<br \/>\u23f0 \u00a1Ahora en directo!<br \/>\ud83c\udf7f Ziggo Sport Football#ZiggoSport <a href=\"https:\/\/twitter.com\/hashtag\/BallonDor?src=hash&amp;ref_src=twsrc%5Etfw\">#BallonDor<\/a> <a href=\"https:\/\/t.co\/3Qsdy2VxO1\">pic.twitter.com\/3Qsdy2VxO1<\/a><\/p>\n<p>&#8211; Ziggo Sport Football (@ZS_Voetbal)  <a href=\"https:\/\/twitter.com\/ZS_Voetbal\/status\/1582073586293952512?ref_src=twsrc%5Etfw\">17 de octubre de 2022<\/a><\/p><\/blockquote>\n<\/div>\n<\/figure>\n","protected":false},"excerpt":{"rendered":"Bal\u00f3n de Oro Cada a\u00f1o se concede el Bal\u00f3n de Oro al mejor futbolista de la temporada anterior. Para los&hellip;","protected":false},"author":0,"featured_media":125207,"comment_status":"open","ping_status":"open","sticky":false,"template":"","format":"standard","meta":{"footnotes":""},"categories":[130,178,176,140,134,126],"tags":[],"class_list":["post-125245","post","type-post","status-publish","format-standard","has-post-thumbnail","hentry","category-automovilismo","category-diversion","category-estilo-de-vida","category-estilo-de-vida-y-diversion","category-formula-1-es","category-noticias-de-autos"],"acf":[],"yoast_head":"<!-- This site is optimized with the Yoast SEO plugin v21.2 - https:\/\/yoast.com\/wordpress\/plugins\/seo\/ -->\n<title>Audiencia: Ocon viene a traer el Bal\u00f3n de Oro con el coche de F1 - All cars news<\/title>\n<meta name=\"robots\" content=\"index, follow, max-snippet:-1, max-image-preview:large, max-video-preview:-1\" \/>\n<link rel=\"canonical\" href=\"https:\/\/all-car-news.com\/es\/audiencia-ocon-viene-a-traer-el-balon-de-oro-con-el-coche-de-f1\/\" \/>\n<meta property=\"og:locale\" content=\"es_ES\" \/>\n<meta property=\"og:type\" content=\"article\" \/>\n<meta property=\"og:title\" content=\"Audiencia: Ocon viene a traer el Bal\u00f3n de Oro con el coche de F1 - All cars news\" \/>\n<meta property=\"og:description\" content=\"Bal\u00f3n de Oro Cada a\u00f1o se concede el Bal\u00f3n de Oro al mejor futbolista de la temporada anterior. Para los futbolistas, es el premio individual m\u00e1s importante que se puede ganar. Esta vez, el delantero del Real Madrid Karim Benzema, que por cierto tiene una bonita colecci\u00f3n de coches, recibi\u00f3 el premio por su actuaci\u00f3n en su [...]\" \/>\n<meta property=\"og:url\" content=\"https:\/\/all-car-news.com\/es\/audiencia-ocon-viene-a-traer-el-balon-de-oro-con-el-coche-de-f1\/\" \/>\n<meta property=\"og:site_name\" content=\"All cars news\" \/>\n<meta property=\"article:published_time\" content=\"2022-10-19T09:55:03+00:00\" \/>\n<meta property=\"og:image\" content=\"https:\/\/autorai.nl\/wp-content\/uploads\/2022\/10\/Esteban-Ocon_1-360x270.jpg\" \/>\n<meta name=\"twitter:card\" content=\"summary_large_image\" \/>\n<meta name=\"twitter:label1\" content=\"Tiempo de lectura\" \/>\n\t<meta name=\"twitter:data1\" content=\"1 minuto\" \/>\n<script type=\"application\/ld+json\" class=\"yoast-schema-graph\">{\"@context\":\"https:\/\/schema.org\",\"@graph\":[{\"@type\":\"Article\",\"@id\":\"https:\/\/all-car-news.com\/es\/audiencia-ocon-viene-a-traer-el-balon-de-oro-con-el-coche-de-f1\/#article\",\"isPartOf\":{\"@id\":\"https:\/\/all-car-news.com\/es\/audiencia-ocon-viene-a-traer-el-balon-de-oro-con-el-coche-de-f1\/\"},\"author\":{\"name\":\"\",\"@id\":\"\"},\"headline\":\"Audiencia: Ocon viene a traer el Bal\u00f3n de Oro con el coche de F1\",\"datePublished\":\"2022-10-19T09:55:03+00:00\",\"dateModified\":\"2022-10-19T09:55:03+00:00\",\"mainEntityOfPage\":{\"@id\":\"https:\/\/all-car-news.com\/es\/audiencia-ocon-viene-a-traer-el-balon-de-oro-con-el-coche-de-f1\/\"},\"wordCount\":292,\"commentCount\":0,\"publisher\":{\"@id\":\"https:\/\/all-car-news.com\/es\/#organization\"},\"articleSection\":[\"automovilismo\",\"Diversi\u00f3n\",\"Estilo de vida\",\"Estilo de vida y diversi\u00f3n\",\"F\u00f3rmula 1\",\"noticias de autos\"],\"inLanguage\":\"es\",\"potentialAction\":[{\"@type\":\"CommentAction\",\"name\":\"Comment\",\"target\":[\"https:\/\/all-car-news.com\/es\/audiencia-ocon-viene-a-traer-el-balon-de-oro-con-el-coche-de-f1\/#respond\"]}]},{\"@type\":\"WebPage\",\"@id\":\"https:\/\/all-car-news.com\/es\/audiencia-ocon-viene-a-traer-el-balon-de-oro-con-el-coche-de-f1\/\",\"url\":\"https:\/\/all-car-news.com\/es\/audiencia-ocon-viene-a-traer-el-balon-de-oro-con-el-coche-de-f1\/\",\"name\":\"Audiencia: Ocon viene a traer el Bal\u00f3n de Oro con el coche de F1 - All cars news\",\"isPartOf\":{\"@id\":\"https:\/\/all-car-news.com\/es\/#website\"},\"datePublished\":\"2022-10-19T09:55:03+00:00\",\"dateModified\":\"2022-10-19T09:55:03+00:00\",\"breadcrumb\":{\"@id\":\"https:\/\/all-car-news.com\/es\/audiencia-ocon-viene-a-traer-el-balon-de-oro-con-el-coche-de-f1\/#breadcrumb\"},\"inLanguage\":\"es\",\"potentialAction\":[{\"@type\":\"ReadAction\",\"target\":[\"https:\/\/all-car-news.com\/es\/audiencia-ocon-viene-a-traer-el-balon-de-oro-con-el-coche-de-f1\/\"]}]},{\"@type\":\"BreadcrumbList\",\"@id\":\"https:\/\/all-car-news.com\/es\/audiencia-ocon-viene-a-traer-el-balon-de-oro-con-el-coche-de-f1\/#breadcrumb\",\"itemListElement\":[{\"@type\":\"ListItem\",\"position\":1,\"name\":\"Home\",\"item\":\"https:\/\/all-car-news.com\/es\/\"},{\"@type\":\"ListItem\",\"position\":2,\"name\":\"Audiencia: Ocon viene a traer el Bal\u00f3n de Oro con el coche de F1\"}]},{\"@type\":\"WebSite\",\"@id\":\"https:\/\/all-car-news.com\/es\/#website\",\"url\":\"https:\/\/all-car-news.com\/es\/\",\"name\":\"All cars news\",\"description\":\"\",\"publisher\":{\"@id\":\"https:\/\/all-car-news.com\/es\/#organization\"},\"potentialAction\":[{\"@type\":\"SearchAction\",\"target\":{\"@type\":\"EntryPoint\",\"urlTemplate\":\"https:\/\/all-car-news.com\/es\/?s={search_term_string}\"},\"query-input\":\"required name=search_term_string\"}],\"inLanguage\":\"es\"},{\"@type\":\"Organization\",\"@id\":\"https:\/\/all-car-news.com\/es\/#organization\",\"name\":\"All cars news\",\"url\":\"https:\/\/all-car-news.com\/es\/\",\"logo\":{\"@type\":\"ImageObject\",\"inLanguage\":\"es\",\"@id\":\"https:\/\/all-car-news.com\/es\/#\/schema\/logo\/image\/\",\"url\":\"https:\/\/all-car-news.com\/wp-content\/uploads\/2022\/02\/CMYK-AllCarNews_LANDSCAPE_300px-1.png\",\"contentUrl\":\"https:\/\/all-car-news.com\/wp-content\/uploads\/2022\/02\/CMYK-AllCarNews_LANDSCAPE_300px-1.png\",\"width\":300,\"height\":100,\"caption\":\"All cars news\"},\"image\":{\"@id\":\"https:\/\/all-car-news.com\/es\/#\/schema\/logo\/image\/\"}}]}<\/script>\n<!-- \/ Yoast SEO plugin. -->","yoast_head_json":{"title":"Audiencia: Ocon viene a traer el Bal\u00f3n de Oro con el coche de F1 - All cars news","robots":{"index":"index","follow":"follow","max-snippet":"max-snippet:-1","max-image-preview":"max-image-preview:large","max-video-preview":"max-video-preview:-1"},"canonical":"https:\/\/all-car-news.com\/es\/audiencia-ocon-viene-a-traer-el-balon-de-oro-con-el-coche-de-f1\/","og_locale":"es_ES","og_type":"article","og_title":"Audiencia: Ocon viene a traer el Bal\u00f3n de Oro con el coche de F1 - All cars news","og_description":"Bal\u00f3n de Oro Cada a\u00f1o se concede el Bal\u00f3n de Oro al mejor futbolista de la temporada anterior. Para los futbolistas, es el premio individual m\u00e1s importante que se puede ganar. Esta vez, el delantero del Real Madrid Karim Benzema, que por cierto tiene una bonita colecci\u00f3n de coches, recibi\u00f3 el premio por su actuaci\u00f3n en su [...]","og_url":"https:\/\/all-car-news.com\/es\/audiencia-ocon-viene-a-traer-el-balon-de-oro-con-el-coche-de-f1\/","og_site_name":"All cars news","article_published_time":"2022-10-19T09:55:03+00:00","og_image":[{"url":"https:\/\/autorai.nl\/wp-content\/uploads\/2022\/10\/Esteban-Ocon_1-360x270.jpg"}],"twitter_card":"summary_large_image","twitter_misc":{"Tiempo de lectura":"1 minuto"},"schema":{"@context":"https:\/\/schema.org","@graph":[{"@type":"Article","@id":"https:\/\/all-car-news.com\/es\/audiencia-ocon-viene-a-traer-el-balon-de-oro-con-el-coche-de-f1\/#article","isPartOf":{"@id":"https:\/\/all-car-news.com\/es\/audiencia-ocon-viene-a-traer-el-balon-de-oro-con-el-coche-de-f1\/"},"author":{"name":"","@id":""},"headline":"Audiencia: Ocon viene a traer el Bal\u00f3n de Oro con el coche de F1","datePublished":"2022-10-19T09:55:03+00:00","dateModified":"2022-10-19T09:55:03+00:00","mainEntityOfPage":{"@id":"https:\/\/all-car-news.com\/es\/audiencia-ocon-viene-a-traer-el-balon-de-oro-con-el-coche-de-f1\/"},"wordCount":292,"commentCount":0,"publisher":{"@id":"https:\/\/all-car-news.com\/es\/#organization"},"articleSection":["automovilismo","Diversi\u00f3n","Estilo de vida","Estilo de vida y diversi\u00f3n","F\u00f3rmula 1","noticias de autos"],"inLanguage":"es","potentialAction":[{"@type":"CommentAction","name":"Comment","target":["https:\/\/all-car-news.com\/es\/audiencia-ocon-viene-a-traer-el-balon-de-oro-con-el-coche-de-f1\/#respond"]}]},{"@type":"WebPage","@id":"https:\/\/all-car-news.com\/es\/audiencia-ocon-viene-a-traer-el-balon-de-oro-con-el-coche-de-f1\/","url":"https:\/\/all-car-news.com\/es\/audiencia-ocon-viene-a-traer-el-balon-de-oro-con-el-coche-de-f1\/","name":"Audiencia: Ocon viene a traer el Bal\u00f3n de Oro con el coche de F1 - All cars news","isPartOf":{"@id":"https:\/\/all-car-news.com\/es\/#website"},"datePublished":"2022-10-19T09:55:03+00:00","dateModified":"2022-10-19T09:55:03+00:00","breadcrumb":{"@id":"https:\/\/all-car-news.com\/es\/audiencia-ocon-viene-a-traer-el-balon-de-oro-con-el-coche-de-f1\/#breadcrumb"},"inLanguage":"es","potentialAction":[{"@type":"ReadAction","target":["https:\/\/all-car-news.com\/es\/audiencia-ocon-viene-a-traer-el-balon-de-oro-con-el-coche-de-f1\/"]}]},{"@type":"BreadcrumbList","@id":"https:\/\/all-car-news.com\/es\/audiencia-ocon-viene-a-traer-el-balon-de-oro-con-el-coche-de-f1\/#breadcrumb","itemListElement":[{"@type":"ListItem","position":1,"name":"Home","item":"https:\/\/all-car-news.com\/es\/"},{"@type":"ListItem","position":2,"name":"Audiencia: Ocon viene a traer el Bal\u00f3n de Oro con el coche de F1"}]},{"@type":"WebSite","@id":"https:\/\/all-car-news.com\/es\/#website","url":"https:\/\/all-car-news.com\/es\/","name":"All cars news","description":"","publisher":{"@id":"https:\/\/all-car-news.com\/es\/#organization"},"potentialAction":[{"@type":"SearchAction","target":{"@type":"EntryPoint","urlTemplate":"https:\/\/all-car-news.com\/es\/?s={search_term_string}"},"query-input":"required name=search_term_string"}],"inLanguage":"es"},{"@type":"Organization","@id":"https:\/\/all-car-news.com\/es\/#organization","name":"All cars news","url":"https:\/\/all-car-news.com\/es\/","logo":{"@type":"ImageObject","inLanguage":"es","@id":"https:\/\/all-car-news.com\/es\/#\/schema\/logo\/image\/","url":"https:\/\/all-car-news.com\/wp-content\/uploads\/2022\/02\/CMYK-AllCarNews_LANDSCAPE_300px-1.png","contentUrl":"https:\/\/all-car-news.com\/wp-content\/uploads\/2022\/02\/CMYK-AllCarNews_LANDSCAPE_300px-1.png","width":300,"height":100,"caption":"All cars news"},"image":{"@id":"https:\/\/all-car-news.com\/es\/#\/schema\/logo\/image\/"}}]}},"_links":{"self":[{"href":"https:\/\/all-car-news.com\/es\/wp-json\/wp\/v2\/posts\/125245","targetHints":{"allow":["GET"]}}],"collection":[{"href":"https:\/\/all-car-news.com\/es\/wp-json\/wp\/v2\/posts"}],"about":[{"href":"https:\/\/all-car-news.com\/es\/wp-json\/wp\/v2\/types\/post"}],"replies":[{"embeddable":true,"href":"https:\/\/all-car-news.com\/es\/wp-json\/wp\/v2\/comments?post=125245"}],"version-history":[{"count":0,"href":"https:\/\/all-car-news.com\/es\/wp-json\/wp\/v2\/posts\/125245\/revisions"}],"wp:featuredmedia":[{"embeddable":true,"href":"https:\/\/all-car-news.com\/es\/wp-json\/wp\/v2\/media\/125207"}],"wp:attachment":[{"href":"https:\/\/all-car-news.com\/es\/wp-json\/wp\/v2\/media?parent=125245"}],"wp:term":[{"taxonomy":"category","embeddable":true,"href":"https:\/\/all-car-news.com\/es\/wp-json\/wp\/v2\/categories?post=125245"},{"taxonomy":"post_tag","embeddable":true,"href":"https:\/\/all-car-news.com\/es\/wp-json\/wp\/v2\/tags?post=125245"}],"curies":[{"name":"wp","href":"https:\/\/api.w.org\/{rel}","templated":true}]}}