{"id":124877,"date":"2022-10-11T10:33:55","date_gmt":"2022-10-11T10:33:55","guid":{"rendered":"https:\/\/all-car-news.com\/jaguar-f-type-75-el-fin-del-f-type-a-la-vista\/"},"modified":"2022-10-11T10:33:55","modified_gmt":"2022-10-11T10:33:55","slug":"jaguar-f-type-75-el-fin-del-f-type-a-la-vista","status":"publish","type":"post","link":"https:\/\/all-car-news.com\/es\/jaguar-f-type-75-el-fin-del-f-type-a-la-vista\/","title":{"rendered":"Jaguar F-Type 75: el fin del F-Type a la vista"},"content":{"rendered":"<h2>El modelo de 2024 pone fin a la carrera del Jaguar F-Type<\/h2>\n<p>Para conmemorar el \u00faltimo a\u00f1o de modelo del Jaguar F-Type y los 75 a\u00f1os de veh\u00edculos deportivos Jaguar, los clientes pueden elegir entre nuevas ediciones especiales para el a\u00f1o de modelo 2024: el Jaguar F-Type 75 y el F-Type R 75. Estas versiones son exclusivas de los sutiles distintivos en las pantallas laterales y del color verde Giola metalizado.<\/p>\n<h2>Llantas de 20 pulgadas<\/h2>\n<p>Cada versi\u00f3n viene con llantas de 20 pulgadas de serie. Las versiones F-Type 75 y F-Type R 75 destacan por sus llantas de cinco radios en color Gloss Black y de diez radios en Gloss Black &amp; Contrast Diamond Turned Finish, respectivamente. El F-Type R 75 est\u00e1 equipado con neum\u00e1ticos Pirelli P Zero especialmente desarrollados en tama\u00f1o 265\/35 ZR 20 delante y 305\/30 ZR 20 detr\u00e1s.<\/p>\n<figure class=\"wp-block-image size-content\"><img decoding=\"async\" loading=\"lazy\" width=\"1140\" height=\"854\" src=\"https:\/\/autorai.nl\/wp-content\/uploads\/2022\/10\/002_Jag_F-TYPE_24MY_Convertible_Exterior_Side_025_PR_111022-1140x854.jpg\" alt=\"\" class=\"wp-image-133730\"><\/figure>\n<h2>Tren de rodaje optimizado<\/h2>\n<p>El chasis del Jaguar F-Type 75 y del F-Type R 75 se ha mejorado a\u00fan m\u00e1s con los soportes de las ruedas traseras fabricados en aluminio fundido ligero y con forma. Estos, junto con los cojinetes de rueda m\u00e1s grandes, garantizan un mejor contacto con la superficie de la carretera. Para el F-Type R 75, este aspecto se ha optimizado a\u00fan m\u00e1s mediante el uso de nuevas r\u00f3tulas superiores, que mejoran a\u00fan m\u00e1s la inclinaci\u00f3n y la convergencia de las ruedas. Ambas versiones cuentan con un diferencial trasero controlado electr\u00f3nicamente (EAD).<\/p>\n<h2>Otros colores para las insignias<\/h2>\n<p>Jaguar tambi\u00e9n ha retocado algunas cosas sobre las insignias para el \u00faltimo a\u00f1o de modelo del F-Type, a partir de principios de 2023. El color del tapacubos de las llantas y el distintivo de la parrilla son ahora negros en lugar de rojos. Los distintivos R y R-Dynamic son ahora negros y grises en lugar de rojos y verdes.<\/p>\n<figure class=\"wp-block-image size-content\"><img decoding=\"async\" loading=\"lazy\" width=\"1140\" height=\"678\" src=\"https:\/\/autorai.nl\/wp-content\/uploads\/2022\/10\/010_Jag_F-TYPE_24MY_Interior_Detail_034_PR_111022-1140x678.jpg\" alt=\"\" class=\"wp-image-133741\"><\/figure>\n<h2>Sistema de escape activo<\/h2>\n<p>Todas las variantes de motor tienen un sistema de escape activo conmutable de serie, incluido <a href=\"https:\/\/autorai.nl\/autotest-jaguar-f-type-p300-2021\/\">el F-Type de cuatro cilindros<\/a>. El sonido del escape caracter\u00edstico del Jaguar F-Type a altas revoluciones y con el acelerador se ha mantenido.  <\/p>\n<h2><em>Funci\u00f3n de arranque silencioso<\/em><\/h2>\n<p>Los clientes que optan por el V8 se benefician de la <em>funci\u00f3n Quiet Start<\/em>. Con ello, el motor emite un sonido m\u00e1s sutil y refinado durante el arranque. Las v\u00e1lvulas de derivaci\u00f3n controladas electr\u00f3nicamente en el silenciador trasero s\u00f3lo se abren a una determinada presi\u00f3n y entonces dejan salir el caracter\u00edstico rugido. Si se desea, la <em>funci\u00f3n Quiet Start<\/em> puede desconectarse conectando el modo din\u00e1mico o pulsando el bot\u00f3n del sistema de escape activo antes de arrancar.<\/p>\n<figure class=\"wp-block-image size-content\"><img decoding=\"async\" loading=\"lazy\" width=\"1140\" height=\"641\" src=\"https:\/\/autorai.nl\/wp-content\/uploads\/2022\/10\/013_Jag_F-TYPE_24MY_Exterior_Detail_008_PR_111022-1140x641.jpg\" alt=\"\" class=\"wp-image-133747\"><\/figure>\n<h2>La entrega del Jaguar F-Type 75 comienza en enero de 2023<\/h2>\n<p>Los primeros ejemplares del F-Type del a\u00f1o 2024 se entregar\u00e1n en enero de 2023. Este a\u00f1o se cumplen 75 a\u00f1os desde que Jaguar present\u00f3 su primer deportivo, el XK120. Entonces, Jaguar tambi\u00e9n se acerca a un punto de inflexi\u00f3n en su historia, produciendo modelos totalmente el\u00e9ctricos exclusivamente a partir de 2025. Jaguar producir\u00e1 el F-TYPE del a\u00f1o 2024 en su planta de Castle Bromwich (Reino Unido).  <\/p>\n<p><strong>Las versiones disponibles del Jaguar F-Type en los Pa\u00edses Bajos son:<\/strong><\/p>\n<ul>\n<li>R-Dynamic: cuatro cilindros de 221 kW (300 CV), tracci\u00f3n trasera<\/li>\n<li>75: V8 de 331 kW (450 CV), tracci\u00f3n trasera o total<\/li>\n<li>R 75: V8 de 423 kW (575 CV), tracci\u00f3n total<\/li>\n<\/ul>\n<p>El F-Type est\u00e1 disponible desde 106.686 euros. El F-Type 75 est\u00e1 disponible desde 150.688 euros.<\/p>\n<div class=\"galery shuffle galery-0\">\n<figure>\n\t\t\t\t\t<span style=\"cursor: pointer\" data-src=\"https:\/\/autorai.nl\/wp-content\/uploads\/2022\/10\/005_Jag_F-TYPE_24MY_Convertible_Exterior_Rear_018_PR_DX_111022-1600x1085.jpg\" data-fancybox=\"galery-0\" title=\"\"><br \/>\n\t\t\t\t\t\t\t<img decoding=\"async\" width=\"640\" height=\"480\" src=\"https:\/\/autorai.nl\/wp-content\/uploads\/2022\/10\/005_Jag_F-TYPE_24MY_Convertible_Exterior_Rear_018_PR_DX_111022-640x480.jpg\" class=\"attachment-medium size-medium\" alt=\"\" loading=\"lazy\"><i class=\"fa fa-search-plus\" aria-hidden=\"true\"><\/i><br \/>\n\t\t\t\t\t\t<\/span><br \/>\n\t\t\t\t\t<\/figure>\n<figure>\n\t\t\t\t\t<span style=\"cursor: pointer\" data-src=\"https:\/\/autorai.nl\/wp-content\/uploads\/2022\/10\/004_Jag_F-TYPE_24MY_Coupe_Exterior_Rear_3Qr_026_PR_DX_111022-1600x1062.jpg\" data-fancybox=\"galery-0\" title=\"\"><br \/>\n\t\t\t\t\t\t\t<img decoding=\"async\" width=\"360\" height=\"270\" src=\"https:\/\/autorai.nl\/wp-content\/uploads\/2022\/10\/004_Jag_F-TYPE_24MY_Coupe_Exterior_Rear_3Qr_026_PR_DX_111022-360x270.jpg\" class=\"attachment-small size-small\" alt=\"\" loading=\"lazy\"><i class=\"fa fa-search-plus\" aria-hidden=\"true\"><\/i><br \/>\n\t\t\t\t\t\t<\/span><br \/>\n\t\t\t\t\t<\/figure>\n<figure>\n\t\t\t\t\t<span style=\"cursor: pointer\" data-src=\"https:\/\/autorai.nl\/wp-content\/uploads\/2022\/10\/001_Jag_F-TYPE_24MY_Convertible_Exterior_Front_3Qr_024_PR_111022-1600x1200.jpg\" data-fancybox=\"galery-0\" title=\"\"><br \/>\n\t\t\t\t\t\t\t<img decoding=\"async\" width=\"360\" height=\"270\" src=\"https:\/\/autorai.nl\/wp-content\/uploads\/2022\/10\/001_Jag_F-TYPE_24MY_Convertible_Exterior_Front_3Qr_024_PR_111022-360x270.jpg\" class=\"attachment-small size-small\" alt=\"\" loading=\"lazy\"><i class=\"fa fa-search-plus\" aria-hidden=\"true\"><\/i><br \/>\n\t\t\t\t\t\t<\/span><br \/>\n\t\t\t\t\t<\/figure>\n<figure>\n\t\t\t\t\t<span style=\"cursor: pointer\" data-src=\"https:\/\/autorai.nl\/wp-content\/uploads\/2022\/10\/001_Jag_F-TYPE_24MY_Coupe_Exterior_Front_3Qr_022_PR_111022-1600x899.jpg\" data-fancybox=\"galery-0\" title=\"\"><br \/>\n\t\t\t\t\t\t\t<img decoding=\"async\" width=\"640\" height=\"480\" src=\"https:\/\/autorai.nl\/wp-content\/uploads\/2022\/10\/001_Jag_F-TYPE_24MY_Coupe_Exterior_Front_3Qr_022_PR_111022-640x480.jpg\" class=\"attachment-medium size-medium\" alt=\"\" loading=\"lazy\"><i class=\"fa fa-search-plus\" aria-hidden=\"true\"><\/i><br \/>\n\t\t\t\t\t\t<\/span><br \/>\n\t\t\t\t\t<\/figure>\n<figure>\n\t\t\t\t\t<span style=\"cursor: pointer\" data-src=\"https:\/\/autorai.nl\/wp-content\/uploads\/2022\/10\/008_Jag_F-TYPE_24MY_Interior_048_111022-1600x962.jpg\" data-fancybox=\"galery-0\" title=\"\"><br \/>\n\t\t\t\t\t\t\t<img decoding=\"async\" width=\"360\" height=\"270\" src=\"https:\/\/autorai.nl\/wp-content\/uploads\/2022\/10\/008_Jag_F-TYPE_24MY_Interior_048_111022-360x270.jpg\" class=\"attachment-small size-small\" alt=\"\" loading=\"lazy\"><i class=\"fa fa-search-plus\" aria-hidden=\"true\"><\/i><br \/>\n\t\t\t\t\t\t<\/span><br \/>\n\t\t\t\t\t<\/figure>\n<figure>\n\t\t\t\t\t<span style=\"cursor: pointer\" data-src=\"https:\/\/autorai.nl\/wp-content\/uploads\/2022\/10\/009-Jag_F-TYPE_24MY_Interior_Detail_014_111022-1600x1194.jpg\" data-fancybox=\"galery-0\" title=\"\"><br \/>\n\t\t\t\t\t\t\t<img decoding=\"async\" width=\"360\" height=\"270\" src=\"https:\/\/autorai.nl\/wp-content\/uploads\/2022\/10\/009-Jag_F-TYPE_24MY_Interior_Detail_014_111022-360x270.jpg\" class=\"attachment-small size-small\" alt=\"\" loading=\"lazy\"><i class=\"fa fa-search-plus\" aria-hidden=\"true\"><\/i><br \/>\n\t\t\t\t\t\t<\/span><br \/>\n\t\t\t\t\t<\/figure>\n<figure>\n\t\t\t\t\t<span style=\"cursor: pointer\" data-src=\"https:\/\/autorai.nl\/wp-content\/uploads\/2022\/10\/011-Jag_F-TYPE_24MY_Interior_Detail_019_111022-1600x903.jpg\" data-fancybox=\"galery-0\" title=\"\"><br \/>\n\t\t\t\t\t\t\t<img decoding=\"async\" width=\"640\" height=\"480\" src=\"https:\/\/autorai.nl\/wp-content\/uploads\/2022\/10\/011-Jag_F-TYPE_24MY_Interior_Detail_019_111022-640x480.jpg\" class=\"attachment-medium size-medium\" alt=\"\" loading=\"lazy\"><i class=\"fa fa-search-plus\" aria-hidden=\"true\"><\/i><br \/>\n\t\t\t\t\t\t<\/span><br \/>\n\t\t\t\t\t<\/figure>\n<figure>\n\t\t\t\t\t<span style=\"cursor: pointer\" data-src=\"https:\/\/autorai.nl\/wp-content\/uploads\/2022\/10\/012-Jag_F-TYPE_24MY_Interior_Detail_031_111022-1600x901.jpg\" data-fancybox=\"galery-0\" title=\"\"><br \/>\n\t\t\t\t\t\t\t<img decoding=\"async\" width=\"360\" height=\"270\" src=\"https:\/\/autorai.nl\/wp-content\/uploads\/2022\/10\/012-Jag_F-TYPE_24MY_Interior_Detail_031_111022-360x270.jpg\" class=\"attachment-small size-small\" alt=\"\" loading=\"lazy\"><i class=\"fa fa-search-plus\" aria-hidden=\"true\"><\/i><br \/>\n\t\t\t\t\t\t<\/span><br \/>\n\t\t\t\t\t<\/figure>\n<figure>\n\t\t\t\t\t<span style=\"cursor: pointer\" data-src=\"https:\/\/autorai.nl\/wp-content\/uploads\/2022\/10\/014_Jag_F-TYPE_24MY_Exterior_Detail_006_111022-1600x900.jpg\" data-fancybox=\"galery-0\" title=\"\"><br \/>\n\t\t\t\t\t\t\t<img decoding=\"async\" width=\"360\" height=\"270\" src=\"https:\/\/autorai.nl\/wp-content\/uploads\/2022\/10\/014_Jag_F-TYPE_24MY_Exterior_Detail_006_111022-360x270.jpg\" class=\"attachment-small size-small\" alt=\"\" loading=\"lazy\"><i class=\"fa fa-search-plus\" aria-hidden=\"true\"><\/i><br \/>\n\t\t\t\t\t\t<\/span><br \/>\n\t\t\t\t\t<\/figure>\n<figure>\n\t\t\t\t\t<span style=\"cursor: pointer\" data-src=\"https:\/\/autorai.nl\/wp-content\/uploads\/2022\/10\/017_Jag_F-TYPE_24MY_Exterior_Detail_007_111022-1600x900.jpg\" data-fancybox=\"galery-0\" title=\"\"><br \/>\n\t\t\t\t\t\t\t<img decoding=\"async\" width=\"640\" height=\"480\" src=\"https:\/\/autorai.nl\/wp-content\/uploads\/2022\/10\/017_Jag_F-TYPE_24MY_Exterior_Detail_007_111022-640x480.jpg\" class=\"attachment-medium size-medium\" alt=\"\" loading=\"lazy\"><i class=\"fa fa-search-plus\" aria-hidden=\"true\"><\/i><br \/>\n\t\t\t\t\t\t<\/span><br \/>\n\t\t\t\t\t<\/figure>\n<figure>\n\t\t\t\t\t<span style=\"cursor: pointer\" data-src=\"https:\/\/autorai.nl\/wp-content\/uploads\/2022\/10\/019_Jag_F-TYPE_24MY_Exterior_Detail_009_111022-1600x900.jpg\" data-fancybox=\"galery-0\" title=\"\"><br \/>\n\t\t\t\t\t\t\t<img decoding=\"async\" width=\"360\" height=\"270\" src=\"https:\/\/autorai.nl\/wp-content\/uploads\/2022\/10\/019_Jag_F-TYPE_24MY_Exterior_Detail_009_111022-360x270.jpg\" class=\"attachment-small size-small\" alt=\"\" loading=\"lazy\"><i class=\"fa fa-search-plus\" aria-hidden=\"true\"><\/i><br \/>\n\t\t\t\t\t\t<\/span><br \/>\n\t\t\t\t\t<\/figure>\n<figure>\n\t\t\t\t\t<span style=\"cursor: pointer\" data-src=\"https:\/\/autorai.nl\/wp-content\/uploads\/2022\/10\/020_Jag_F-TYPE_24MY_Exterior_Detail_045_111022-1600x900.jpg\" data-fancybox=\"galery-0\" title=\"\"><br \/>\n\t\t\t\t\t\t\t<img decoding=\"async\" width=\"360\" height=\"270\" src=\"https:\/\/autorai.nl\/wp-content\/uploads\/2022\/10\/020_Jag_F-TYPE_24MY_Exterior_Detail_045_111022-360x270.jpg\" class=\"attachment-small size-small\" alt=\"\" loading=\"lazy\"><i class=\"fa fa-search-plus\" aria-hidden=\"true\"><\/i><br \/>\n\t\t\t\t\t\t<\/span><br \/>\n\t\t\t\t\t<\/figure>\n<figure>\n\t\t\t\t\t<span style=\"cursor: pointer\" data-src=\"https:\/\/autorai.nl\/wp-content\/uploads\/2022\/10\/021_Jag_F-TYPE_24MY_Interior_Detail_005_110122-1600x900.jpg\" data-fancybox=\"galery-0\" title=\"\"><br \/>\n\t\t\t\t\t\t\t<img decoding=\"async\" width=\"640\" height=\"480\" src=\"https:\/\/autorai.nl\/wp-content\/uploads\/2022\/10\/021_Jag_F-TYPE_24MY_Interior_Detail_005_110122-640x480.jpg\" class=\"attachment-medium size-medium\" alt=\"\" loading=\"lazy\"><i class=\"fa fa-search-plus\" aria-hidden=\"true\"><\/i><br \/>\n\t\t\t\t\t\t<\/span><br \/>\n\t\t\t\t\t<\/figure>\n<figure>\n\t\t\t\t\t<span style=\"cursor: pointer\" data-src=\"https:\/\/autorai.nl\/wp-content\/uploads\/2022\/10\/024_Jag_F-TYPE_24MY_Interior_Detail_020_111022-1600x901.jpg\" data-fancybox=\"galery-0\" title=\"\"><br \/>\n\t\t\t\t\t\t\t<img decoding=\"async\" width=\"360\" height=\"270\" src=\"https:\/\/autorai.nl\/wp-content\/uploads\/2022\/10\/024_Jag_F-TYPE_24MY_Interior_Detail_020_111022-360x270.jpg\" class=\"attachment-small size-small\" alt=\"\" loading=\"lazy\"><i class=\"fa fa-search-plus\" aria-hidden=\"true\"><\/i><br \/>\n\t\t\t\t\t\t<\/span><br \/>\n\t\t\t\t\t<\/figure>\n<figure>\n\t\t\t\t\t<span style=\"cursor: pointer\" data-src=\"https:\/\/autorai.nl\/wp-content\/uploads\/2022\/10\/023_Jag_F-TYPE_24MY_Interior_Detail_015_111022-1600x900.jpg\" data-fancybox=\"galery-0\" title=\"\"><br \/>\n\t\t\t\t\t\t\t<img decoding=\"async\" width=\"360\" height=\"270\" src=\"https:\/\/autorai.nl\/wp-content\/uploads\/2022\/10\/023_Jag_F-TYPE_24MY_Interior_Detail_015_111022-360x270.jpg\" class=\"attachment-small size-small\" alt=\"\" loading=\"lazy\"><i class=\"fa fa-search-plus\" aria-hidden=\"true\"><\/i><br \/>\n\t\t\t\t\t\t<\/span><br \/>\n\t\t\t\t\t<\/figure>\n<div class=\"clear\"><\/div>\n<\/div>\n","protected":false},"excerpt":{"rendered":"El a\u00f1o modelo 2024 cierra la carrera del Jaguar F-Type Para conmemorar el \u00faltimo a\u00f1o modelo del Jaguar F-Type y&hellip;","protected":false},"author":0,"featured_media":124852,"comment_status":"open","ping_status":"open","sticky":false,"template":"","format":"standard","meta":{"footnotes":""},"categories":[126],"tags":[],"class_list":["post-124877","post","type-post","status-publish","format-standard","has-post-thumbnail","hentry","category-noticias-de-autos"],"acf":[],"yoast_head":"<!-- This site is optimized with the Yoast SEO plugin v21.2 - https:\/\/yoast.com\/wordpress\/plugins\/seo\/ -->\n<title>Jaguar F-Type 75: el fin del F-Type a la vista - All cars news<\/title>\n<meta name=\"robots\" content=\"index, follow, max-snippet:-1, max-image-preview:large, max-video-preview:-1\" \/>\n<link rel=\"canonical\" href=\"https:\/\/all-car-news.com\/es\/jaguar-f-type-75-el-fin-del-f-type-a-la-vista\/\" \/>\n<meta property=\"og:locale\" content=\"es_ES\" \/>\n<meta property=\"og:type\" content=\"article\" \/>\n<meta property=\"og:title\" content=\"Jaguar F-Type 75: el fin del F-Type a la vista - All cars news\" \/>\n<meta property=\"og:description\" content=\"El a\u00f1o modelo 2024 cierra la carrera del Jaguar F-Type Para conmemorar el \u00faltimo a\u00f1o modelo del Jaguar F-Type y los 75 a\u00f1os de veh\u00edculos deportivos Jaguar, los clientes pueden elegir entre nuevas ediciones especiales para el a\u00f1o modelo 2024: el Jaguar F-Type 75 y el F-Type R 75. Estas versiones son exclusivas de los sutiles distintivos en las pantallas laterales y del color verde Giola metalizado. \u2020\" \/>\n<meta property=\"og:url\" content=\"https:\/\/all-car-news.com\/es\/jaguar-f-type-75-el-fin-del-f-type-a-la-vista\/\" \/>\n<meta property=\"og:site_name\" content=\"All cars news\" \/>\n<meta property=\"article:published_time\" content=\"2022-10-11T10:33:55+00:00\" \/>\n<meta property=\"og:image\" content=\"https:\/\/autorai.nl\/wp-content\/uploads\/2022\/10\/002_Jag_F-TYPE_24MY_Convertible_Exterior_Side_025_PR_111022-1140x854.jpg\" \/>\n<meta name=\"twitter:card\" content=\"summary_large_image\" \/>\n<meta name=\"twitter:label1\" content=\"Tiempo de lectura\" \/>\n\t<meta name=\"twitter:data1\" content=\"3 minutos\" \/>\n<script type=\"application\/ld+json\" class=\"yoast-schema-graph\">{\"@context\":\"https:\/\/schema.org\",\"@graph\":[{\"@type\":\"Article\",\"@id\":\"https:\/\/all-car-news.com\/es\/jaguar-f-type-75-el-fin-del-f-type-a-la-vista\/#article\",\"isPartOf\":{\"@id\":\"https:\/\/all-car-news.com\/es\/jaguar-f-type-75-el-fin-del-f-type-a-la-vista\/\"},\"author\":{\"name\":\"\",\"@id\":\"\"},\"headline\":\"Jaguar F-Type 75: el fin del F-Type a la vista\",\"datePublished\":\"2022-10-11T10:33:55+00:00\",\"dateModified\":\"2022-10-11T10:33:55+00:00\",\"mainEntityOfPage\":{\"@id\":\"https:\/\/all-car-news.com\/es\/jaguar-f-type-75-el-fin-del-f-type-a-la-vista\/\"},\"wordCount\":575,\"commentCount\":0,\"publisher\":{\"@id\":\"https:\/\/all-car-news.com\/es\/#organization\"},\"articleSection\":[\"noticias de autos\"],\"inLanguage\":\"es\",\"potentialAction\":[{\"@type\":\"CommentAction\",\"name\":\"Comment\",\"target\":[\"https:\/\/all-car-news.com\/es\/jaguar-f-type-75-el-fin-del-f-type-a-la-vista\/#respond\"]}]},{\"@type\":\"WebPage\",\"@id\":\"https:\/\/all-car-news.com\/es\/jaguar-f-type-75-el-fin-del-f-type-a-la-vista\/\",\"url\":\"https:\/\/all-car-news.com\/es\/jaguar-f-type-75-el-fin-del-f-type-a-la-vista\/\",\"name\":\"Jaguar F-Type 75: el fin del F-Type a la vista - All cars news\",\"isPartOf\":{\"@id\":\"https:\/\/all-car-news.com\/es\/#website\"},\"datePublished\":\"2022-10-11T10:33:55+00:00\",\"dateModified\":\"2022-10-11T10:33:55+00:00\",\"breadcrumb\":{\"@id\":\"https:\/\/all-car-news.com\/es\/jaguar-f-type-75-el-fin-del-f-type-a-la-vista\/#breadcrumb\"},\"inLanguage\":\"es\",\"potentialAction\":[{\"@type\":\"ReadAction\",\"target\":[\"https:\/\/all-car-news.com\/es\/jaguar-f-type-75-el-fin-del-f-type-a-la-vista\/\"]}]},{\"@type\":\"BreadcrumbList\",\"@id\":\"https:\/\/all-car-news.com\/es\/jaguar-f-type-75-el-fin-del-f-type-a-la-vista\/#breadcrumb\",\"itemListElement\":[{\"@type\":\"ListItem\",\"position\":1,\"name\":\"Home\",\"item\":\"https:\/\/all-car-news.com\/es\/\"},{\"@type\":\"ListItem\",\"position\":2,\"name\":\"Jaguar F-Type 75: el fin del F-Type a la vista\"}]},{\"@type\":\"WebSite\",\"@id\":\"https:\/\/all-car-news.com\/es\/#website\",\"url\":\"https:\/\/all-car-news.com\/es\/\",\"name\":\"All cars news\",\"description\":\"\",\"publisher\":{\"@id\":\"https:\/\/all-car-news.com\/es\/#organization\"},\"potentialAction\":[{\"@type\":\"SearchAction\",\"target\":{\"@type\":\"EntryPoint\",\"urlTemplate\":\"https:\/\/all-car-news.com\/es\/?s={search_term_string}\"},\"query-input\":\"required name=search_term_string\"}],\"inLanguage\":\"es\"},{\"@type\":\"Organization\",\"@id\":\"https:\/\/all-car-news.com\/es\/#organization\",\"name\":\"All cars news\",\"url\":\"https:\/\/all-car-news.com\/es\/\",\"logo\":{\"@type\":\"ImageObject\",\"inLanguage\":\"es\",\"@id\":\"https:\/\/all-car-news.com\/es\/#\/schema\/logo\/image\/\",\"url\":\"https:\/\/all-car-news.com\/wp-content\/uploads\/2022\/02\/CMYK-AllCarNews_LANDSCAPE_300px-1.png\",\"contentUrl\":\"https:\/\/all-car-news.com\/wp-content\/uploads\/2022\/02\/CMYK-AllCarNews_LANDSCAPE_300px-1.png\",\"width\":300,\"height\":100,\"caption\":\"All cars news\"},\"image\":{\"@id\":\"https:\/\/all-car-news.com\/es\/#\/schema\/logo\/image\/\"}}]}<\/script>\n<!-- \/ Yoast SEO plugin. -->","yoast_head_json":{"title":"Jaguar F-Type 75: el fin del F-Type a la vista - All cars news","robots":{"index":"index","follow":"follow","max-snippet":"max-snippet:-1","max-image-preview":"max-image-preview:large","max-video-preview":"max-video-preview:-1"},"canonical":"https:\/\/all-car-news.com\/es\/jaguar-f-type-75-el-fin-del-f-type-a-la-vista\/","og_locale":"es_ES","og_type":"article","og_title":"Jaguar F-Type 75: el fin del F-Type a la vista - All cars news","og_description":"El a\u00f1o modelo 2024 cierra la carrera del Jaguar F-Type Para conmemorar el \u00faltimo a\u00f1o modelo del Jaguar F-Type y los 75 a\u00f1os de veh\u00edculos deportivos Jaguar, los clientes pueden elegir entre nuevas ediciones especiales para el a\u00f1o modelo 2024: el Jaguar F-Type 75 y el F-Type R 75. Estas versiones son exclusivas de los sutiles distintivos en las pantallas laterales y del color verde Giola metalizado. \u2020","og_url":"https:\/\/all-car-news.com\/es\/jaguar-f-type-75-el-fin-del-f-type-a-la-vista\/","og_site_name":"All cars news","article_published_time":"2022-10-11T10:33:55+00:00","og_image":[{"url":"https:\/\/autorai.nl\/wp-content\/uploads\/2022\/10\/002_Jag_F-TYPE_24MY_Convertible_Exterior_Side_025_PR_111022-1140x854.jpg"}],"twitter_card":"summary_large_image","twitter_misc":{"Tiempo de lectura":"3 minutos"},"schema":{"@context":"https:\/\/schema.org","@graph":[{"@type":"Article","@id":"https:\/\/all-car-news.com\/es\/jaguar-f-type-75-el-fin-del-f-type-a-la-vista\/#article","isPartOf":{"@id":"https:\/\/all-car-news.com\/es\/jaguar-f-type-75-el-fin-del-f-type-a-la-vista\/"},"author":{"name":"","@id":""},"headline":"Jaguar F-Type 75: el fin del F-Type a la vista","datePublished":"2022-10-11T10:33:55+00:00","dateModified":"2022-10-11T10:33:55+00:00","mainEntityOfPage":{"@id":"https:\/\/all-car-news.com\/es\/jaguar-f-type-75-el-fin-del-f-type-a-la-vista\/"},"wordCount":575,"commentCount":0,"publisher":{"@id":"https:\/\/all-car-news.com\/es\/#organization"},"articleSection":["noticias de autos"],"inLanguage":"es","potentialAction":[{"@type":"CommentAction","name":"Comment","target":["https:\/\/all-car-news.com\/es\/jaguar-f-type-75-el-fin-del-f-type-a-la-vista\/#respond"]}]},{"@type":"WebPage","@id":"https:\/\/all-car-news.com\/es\/jaguar-f-type-75-el-fin-del-f-type-a-la-vista\/","url":"https:\/\/all-car-news.com\/es\/jaguar-f-type-75-el-fin-del-f-type-a-la-vista\/","name":"Jaguar F-Type 75: el fin del F-Type a la vista - All cars news","isPartOf":{"@id":"https:\/\/all-car-news.com\/es\/#website"},"datePublished":"2022-10-11T10:33:55+00:00","dateModified":"2022-10-11T10:33:55+00:00","breadcrumb":{"@id":"https:\/\/all-car-news.com\/es\/jaguar-f-type-75-el-fin-del-f-type-a-la-vista\/#breadcrumb"},"inLanguage":"es","potentialAction":[{"@type":"ReadAction","target":["https:\/\/all-car-news.com\/es\/jaguar-f-type-75-el-fin-del-f-type-a-la-vista\/"]}]},{"@type":"BreadcrumbList","@id":"https:\/\/all-car-news.com\/es\/jaguar-f-type-75-el-fin-del-f-type-a-la-vista\/#breadcrumb","itemListElement":[{"@type":"ListItem","position":1,"name":"Home","item":"https:\/\/all-car-news.com\/es\/"},{"@type":"ListItem","position":2,"name":"Jaguar F-Type 75: el fin del F-Type a la vista"}]},{"@type":"WebSite","@id":"https:\/\/all-car-news.com\/es\/#website","url":"https:\/\/all-car-news.com\/es\/","name":"All cars news","description":"","publisher":{"@id":"https:\/\/all-car-news.com\/es\/#organization"},"potentialAction":[{"@type":"SearchAction","target":{"@type":"EntryPoint","urlTemplate":"https:\/\/all-car-news.com\/es\/?s={search_term_string}"},"query-input":"required name=search_term_string"}],"inLanguage":"es"},{"@type":"Organization","@id":"https:\/\/all-car-news.com\/es\/#organization","name":"All cars news","url":"https:\/\/all-car-news.com\/es\/","logo":{"@type":"ImageObject","inLanguage":"es","@id":"https:\/\/all-car-news.com\/es\/#\/schema\/logo\/image\/","url":"https:\/\/all-car-news.com\/wp-content\/uploads\/2022\/02\/CMYK-AllCarNews_LANDSCAPE_300px-1.png","contentUrl":"https:\/\/all-car-news.com\/wp-content\/uploads\/2022\/02\/CMYK-AllCarNews_LANDSCAPE_300px-1.png","width":300,"height":100,"caption":"All cars news"},"image":{"@id":"https:\/\/all-car-news.com\/es\/#\/schema\/logo\/image\/"}}]}},"_links":{"self":[{"href":"https:\/\/all-car-news.com\/es\/wp-json\/wp\/v2\/posts\/124877","targetHints":{"allow":["GET"]}}],"collection":[{"href":"https:\/\/all-car-news.com\/es\/wp-json\/wp\/v2\/posts"}],"about":[{"href":"https:\/\/all-car-news.com\/es\/wp-json\/wp\/v2\/types\/post"}],"replies":[{"embeddable":true,"href":"https:\/\/all-car-news.com\/es\/wp-json\/wp\/v2\/comments?post=124877"}],"version-history":[{"count":0,"href":"https:\/\/all-car-news.com\/es\/wp-json\/wp\/v2\/posts\/124877\/revisions"}],"wp:featuredmedia":[{"embeddable":true,"href":"https:\/\/all-car-news.com\/es\/wp-json\/wp\/v2\/media\/124852"}],"wp:attachment":[{"href":"https:\/\/all-car-news.com\/es\/wp-json\/wp\/v2\/media?parent=124877"}],"wp:term":[{"taxonomy":"category","embeddable":true,"href":"https:\/\/all-car-news.com\/es\/wp-json\/wp\/v2\/categories?post=124877"},{"taxonomy":"post_tag","embeddable":true,"href":"https:\/\/all-car-news.com\/es\/wp-json\/wp\/v2\/tags?post=124877"}],"curies":[{"name":"wp","href":"https:\/\/api.w.org\/{rel}","templated":true}]}}