{"id":124331,"date":"2022-09-28T14:52:27","date_gmt":"2022-09-28T14:52:27","guid":{"rendered":"https:\/\/all-car-news.com\/mash-black-side-nuevo-clasico\/"},"modified":"2022-09-28T14:52:27","modified_gmt":"2022-09-28T14:52:27","slug":"mash-black-side-nuevo-clasico","status":"publish","type":"post","link":"https:\/\/all-car-news.com\/es\/mash-black-side-nuevo-clasico\/","title":{"rendered":"Mash Black Side: nuevo cl\u00e1sico"},"content":{"rendered":"<div id=\"container_9ESopm2BMv2\" class=\"container color_TextBackgroundBg \">\n<div id=\"container_JAHMUXpuy4C\" class=\"container \">\n<div id=\"container_7HvimHq3pM3\" class=\"container \">\n<div class=\"text_wrapper TextBodySpecial color_TextUnemph\">\n<p dir=\"ltr\">El Mash Black Side es el primer sidecar completo en a\u00f1os que se puede comprar nuevo y que adem\u00e1s es asequible. 11.499 euros cuesta y entonces tienes un vano de aspecto muy aut\u00e9ntico. Totalmente nuevo pero siguiendo una f\u00f3rmula cl\u00e1sica: una moto con un sidecar acoplado.<\/p>\n<p dir=\"ltr\"><img decoding=\"async\" loading=\"lazy\" width=\"1140\" height=\"760\" class=\"alignnone size-medium wp-image-25809\" src=\"https:\/\/motorrai.nl\/wp-content\/uploads\/2022\/09\/Mash-Black-Side-16-1140x760.jpg\" alt=\"\"><\/p>\n<h2 dir=\"ltr\">La caja del sidecar ha estado ah\u00ed durante a\u00f1os<\/h2>\n<p dir=\"ltr\">Hasta ahora, pod\u00edas comprar sidecares, pero luego la bandeja y eso lo fijaba el proveedor de forma experta a tu moto. Ese tambi\u00e9n fue objeto de las modificaciones necesarias, como la instalaci\u00f3n de un chasis especial y de neum\u00e1ticos de coche. <a href=\"https:\/\/emltrike.com\/sidecars\/\">La empresa EML<\/a> de Neede (Pa\u00edses Bajos) est\u00e1 especializada en ello.<\/p>\n<h2 dir=\"ltr\">Mash Five Hunderd plus span<\/h2>\n<p dir=\"ltr\">Para la Black Side, Mash ha dotado a su moto Five Hunderd 400cc de una carrocer\u00eda simple de l\u00edneas cl\u00e1sicas con una rueda sidecar equipada con freno de disco (con neum\u00e1tico de moto).<\/p>\n<div class=\"galery galery-25793\">\n<figure>\n\t\t\t<a href=\"https:\/\/motorrai.nl\/wp-content\/uploads\/2022\/09\/Mash-Black-Side-14.jpg\" data-fancybox=\"galery-25793\" title=\"\"><br \/>\n\t\t\t\t<img decoding=\"async\" src=\"https:\/\/motorrai.nl\/wp-content\/uploads\/2022\/09\/Mash-Black-Side-14-360x270.jpg\" alt=\"\"><i class=\"fa fa-search-plus\" aria-hidden=\"true\"><\/i><br \/>\n\t\t\t<\/a><br \/>\n\t\t<\/figure>\n<figure>\n\t\t\t<a href=\"https:\/\/motorrai.nl\/wp-content\/uploads\/2022\/09\/Mash-Black-Side-12.jpg\" data-fancybox=\"galery-25793\" title=\"\"><br \/>\n\t\t\t\t<img decoding=\"async\" src=\"https:\/\/motorrai.nl\/wp-content\/uploads\/2022\/09\/Mash-Black-Side-12-360x270.jpg\" alt=\"\"><i class=\"fa fa-search-plus\" aria-hidden=\"true\"><\/i><br \/>\n\t\t\t<\/a><br \/>\n\t\t<\/figure>\n<div class=\"clear\"><\/div>\n<\/div>\n<h2 dir=\"ltr\">Basado en Mash Force Side<\/h2>\n<p dir=\"ltr\">El Black Side se basa en la versi\u00f3n Force Side en verde militar, que Mash present\u00f3 anteriormente y que ahora tambi\u00e9n est\u00e1 disponible en los Pa\u00edses Bajos. Ese tiene una rueda de repuesto en la parte trasera del vano y un portaequipajes en la parte delantera. Esta variante es mil euros m\u00e1s cara que la Black Side.<\/p>\n<h2 dir=\"ltr\">Horquilla delantera de brazo oscilante<\/h2>\n<\/div>\n<\/div>\n<\/div>\n<\/div>\n<div id=\"container_yKSopmIBMv2\" class=\"container color_TextBackgroundBg \">\n<div id=\"container_sUtFwrZ-Sj7\" class=\"container \">\n<div id=\"container_ABzXeBUiKp8\" class=\"container \">\n<div class=\"text_wrapper TextBodyNone color_TextUnemph\">\n<p id=\"paragraph_-JlOVUbEnT5\" dir=\"ltr\"><span id=\"text_Q2uOXVb4oX2\" class=\"\">Para adaptar el sidecar, la moto Five Hunderd ha sido dotada de una horquilla delantera de brazo oscilante para una direcci\u00f3n precisa, ligera y estable, y la moto dispone ahora de marcha atr\u00e1s.<\/span><\/p>\n<div class=\"galery shuffle galery-25793\">\n<figure>\n\t\t\t<a href=\"https:\/\/motorrai.nl\/wp-content\/uploads\/2022\/09\/Mash-Black-Side-13.jpg\" data-fancybox=\"galery-25793\" title=\"\"><br \/>\n\t\t\t\t<img decoding=\"async\" src=\"https:\/\/motorrai.nl\/wp-content\/uploads\/2022\/09\/Mash-Black-Side-13-640x480.jpg\" alt=\"\"><i class=\"fa fa-search-plus\" aria-hidden=\"true\"><\/i><br \/>\n\t\t\t<\/a><br \/>\n\t\t<\/figure>\n<figure>\n\t\t\t<a href=\"https:\/\/motorrai.nl\/wp-content\/uploads\/2022\/09\/Mash-Black-Side-15.jpg\" data-fancybox=\"galery-25793\" title=\"\"><br \/>\n\t\t\t\t<img decoding=\"async\" src=\"https:\/\/motorrai.nl\/wp-content\/uploads\/2022\/09\/Mash-Black-Side-15-360x270.jpg\" alt=\"\"><i class=\"fa fa-search-plus\" aria-hidden=\"true\"><\/i><br \/>\n\t\t\t<\/a><br \/>\n\t\t<\/figure>\n<figure>\n\t\t\t<a href=\"https:\/\/motorrai.nl\/wp-content\/uploads\/2022\/09\/Mash-Black-Side-10.jpg\" data-fancybox=\"galery-25793\" title=\"\"><br \/>\n\t\t\t\t<img decoding=\"async\" src=\"https:\/\/motorrai.nl\/wp-content\/uploads\/2022\/09\/Mash-Black-Side-10-360x270.jpg\" alt=\"\"><i class=\"fa fa-search-plus\" aria-hidden=\"true\"><\/i><br \/>\n\t\t\t<\/a><br \/>\n\t\t<\/figure>\n<figure>\n\t\t\t<a href=\"https:\/\/motorrai.nl\/wp-content\/uploads\/2022\/09\/Mash-Black-Side-9.jpg\" data-fancybox=\"galery-25793\" title=\"\"><br \/>\n\t\t\t\t<img decoding=\"async\" src=\"https:\/\/motorrai.nl\/wp-content\/uploads\/2022\/09\/Mash-Black-Side-9-640x480.jpg\" alt=\"\"><i class=\"fa fa-search-plus\" aria-hidden=\"true\"><\/i><br \/>\n\t\t\t<\/a><br \/>\n\t\t<\/figure>\n<figure>\n\t\t\t<a href=\"https:\/\/motorrai.nl\/wp-content\/uploads\/2022\/09\/Mash-Black-Side-8.jpg\" data-fancybox=\"galery-25793\" title=\"\"><br \/>\n\t\t\t\t<img decoding=\"async\" src=\"https:\/\/motorrai.nl\/wp-content\/uploads\/2022\/09\/Mash-Black-Side-8-360x270.jpg\" alt=\"\"><i class=\"fa fa-search-plus\" aria-hidden=\"true\"><\/i><br \/>\n\t\t\t<\/a><br \/>\n\t\t<\/figure>\n<figure>\n\t\t\t<a href=\"https:\/\/motorrai.nl\/wp-content\/uploads\/2022\/09\/Mash-Black-Side-6.jpg\" data-fancybox=\"galery-25793\" title=\"\"><br \/>\n\t\t\t\t<img decoding=\"async\" src=\"https:\/\/motorrai.nl\/wp-content\/uploads\/2022\/09\/Mash-Black-Side-6-360x270.jpg\" alt=\"\"><i class=\"fa fa-search-plus\" aria-hidden=\"true\"><\/i><br \/>\n\t\t\t<\/a><br \/>\n\t\t<\/figure>\n<div class=\"clear\"><\/div>\n<\/div>\n<h2 dir=\"ltr\">Pintura negra con rayas<\/h2>\n<p id=\"paragraph_DgkOVU5DnT5\" dir=\"ltr\"><span id=\"text_tvlWeuEBLo2\" class=\"\">El Black Side tiene pintura negra brillante con rayas grises. El dep\u00f3sito tiene una capacidad de 13 litros y el conjunto del sidecar pesa 317 kg en total. El motor monocil\u00edndrico ofrece 21 kW (28 CV). Con esta potencia, el Black Side se comportar\u00e1 con maestr\u00eda y ser\u00e1 controlable.<\/span><\/p>\n<div class=\"galery shuffle galery-25793\">\n<figure>\n\t\t\t<a href=\"https:\/\/motorrai.nl\/wp-content\/uploads\/2022\/09\/Mash-Black-Side-9.jpg\" data-fancybox=\"galery-25793\" title=\"\"><br \/>\n\t\t\t\t<img decoding=\"async\" src=\"https:\/\/motorrai.nl\/wp-content\/uploads\/2022\/09\/Mash-Black-Side-9-640x480.jpg\" alt=\"\"><i class=\"fa fa-search-plus\" aria-hidden=\"true\"><\/i><br \/>\n\t\t\t<\/a><br \/>\n\t\t<\/figure>\n<figure>\n\t\t\t<a href=\"https:\/\/motorrai.nl\/wp-content\/uploads\/2022\/09\/Mash-Black-Side-5.jpg\" data-fancybox=\"galery-25793\" title=\"\"><br \/>\n\t\t\t\t<img decoding=\"async\" src=\"https:\/\/motorrai.nl\/wp-content\/uploads\/2022\/09\/Mash-Black-Side-5-360x270.jpg\" alt=\"\"><i class=\"fa fa-search-plus\" aria-hidden=\"true\"><\/i><br \/>\n\t\t\t<\/a><br \/>\n\t\t<\/figure>\n<figure>\n\t\t\t<a href=\"https:\/\/motorrai.nl\/wp-content\/uploads\/2022\/09\/Mash-Black-Side-4.jpg\" data-fancybox=\"galery-25793\" title=\"\"><br \/>\n\t\t\t\t<img decoding=\"async\" src=\"https:\/\/motorrai.nl\/wp-content\/uploads\/2022\/09\/Mash-Black-Side-4-360x270.jpg\" alt=\"\"><i class=\"fa fa-search-plus\" aria-hidden=\"true\"><\/i><br \/>\n\t\t\t<\/a><br \/>\n\t\t<\/figure>\n<figure>\n\t\t\t<a href=\"https:\/\/motorrai.nl\/wp-content\/uploads\/2022\/09\/Mash-Black-Side-2.jpg\" data-fancybox=\"galery-25793\" title=\"\"><br \/>\n\t\t\t\t<img decoding=\"async\" src=\"https:\/\/motorrai.nl\/wp-content\/uploads\/2022\/09\/Mash-Black-Side-2-640x480.jpg\" alt=\"\"><i class=\"fa fa-search-plus\" aria-hidden=\"true\"><\/i><br \/>\n\t\t\t<\/a><br \/>\n\t\t<\/figure>\n<figure>\n\t\t\t<a href=\"https:\/\/motorrai.nl\/wp-content\/uploads\/2022\/09\/Mash-Black-Side-3.jpg\" data-fancybox=\"galery-25793\" title=\"\"><br \/>\n\t\t\t\t<img decoding=\"async\" src=\"https:\/\/motorrai.nl\/wp-content\/uploads\/2022\/09\/Mash-Black-Side-3-360x270.jpg\" alt=\"\"><i class=\"fa fa-search-plus\" aria-hidden=\"true\"><\/i><br \/>\n\t\t\t<\/a><br \/>\n\t\t<\/figure>\n<figure>\n\t\t\t<a href=\"https:\/\/motorrai.nl\/wp-content\/uploads\/2022\/09\/Mash-Black-Side-17.jpg\" data-fancybox=\"galery-25793\" title=\"\"><br \/>\n\t\t\t\t<img decoding=\"async\" src=\"https:\/\/motorrai.nl\/wp-content\/uploads\/2022\/09\/Mash-Black-Side-17-360x270.jpg\" alt=\"\"><i class=\"fa fa-search-plus\" aria-hidden=\"true\"><\/i><br \/>\n\t\t\t<\/a><br \/>\n\t\t<\/figure>\n<div class=\"clear\"><\/div>\n<\/div>\n<h2 dir=\"ltr\">Rendimiento manejable.<\/h2>\n<p dir=\"ltr\"><span id=\"text_tvlWeuEBLo2\" class=\"\">  No se menciona la velocidad m\u00e1xima, pero suponemos que no ser\u00e1 mucho mayor que el l\u00edmite de velocidad diurno en las autopistas holandesas.<\/span><\/p>\n<p id=\"paragraph_m7vx61mOmp1\" dir=\"ltr\"><span id=\"text_mofnIG_O_74\" class=\"\">El Mash Black Side estar\u00e1 en edici\u00f3n limitada en el mercado a partir de la segunda quincena de septiembre de 2022.<\/span><\/p>\n<\/div>\n<\/div>\n<\/div>\n<\/div>\n","protected":false},"excerpt":{"rendered":"El Mash Black Side es el primer sidecar completo en a\u00f1os que se puede comprar nuevo y que adem\u00e1s es&hellip;","protected":false},"author":0,"featured_media":124247,"comment_status":"open","ping_status":"open","sticky":false,"template":"","format":"standard","meta":{"footnotes":""},"categories":[126],"tags":[],"class_list":["post-124331","post","type-post","status-publish","format-standard","has-post-thumbnail","hentry","category-noticias-de-autos"],"acf":[],"yoast_head":"<!-- This site is optimized with the Yoast SEO plugin v21.2 - https:\/\/yoast.com\/wordpress\/plugins\/seo\/ -->\n<title>Mash Black Side: nuevo cl\u00e1sico - All cars news<\/title>\n<meta name=\"robots\" content=\"index, follow, max-snippet:-1, max-image-preview:large, max-video-preview:-1\" \/>\n<link rel=\"canonical\" href=\"https:\/\/all-car-news.com\/es\/mash-black-side-nuevo-clasico\/\" \/>\n<meta property=\"og:locale\" content=\"es_ES\" \/>\n<meta property=\"og:type\" content=\"article\" \/>\n<meta property=\"og:title\" content=\"Mash Black Side: nuevo cl\u00e1sico - All cars news\" \/>\n<meta property=\"og:description\" content=\"El Mash Black Side es el primer sidecar completo en a\u00f1os que se puede comprar nuevo y que adem\u00e1s es asequible. 11.499 euros cuesta y entonces tienes un vano de aspecto muy aut\u00e9ntico. Totalmente nuevo pero siguiendo una f\u00f3rmula cl\u00e1sica: una moto con un sidecar acoplado. La bandeja del sidecar est\u00e1 all\u00ed [...]\" \/>\n<meta property=\"og:url\" content=\"https:\/\/all-car-news.com\/es\/mash-black-side-nuevo-clasico\/\" \/>\n<meta property=\"og:site_name\" content=\"All cars news\" \/>\n<meta property=\"article:published_time\" content=\"2022-09-28T14:52:27+00:00\" \/>\n<meta property=\"og:image\" content=\"https:\/\/motorrai.nl\/wp-content\/uploads\/2022\/09\/Mash-Black-Side-16-1140x760.jpg\" \/>\n<meta name=\"twitter:card\" content=\"summary_large_image\" \/>\n<meta name=\"twitter:label1\" content=\"Tiempo de lectura\" \/>\n\t<meta name=\"twitter:data1\" content=\"2 minutos\" \/>\n<script type=\"application\/ld+json\" class=\"yoast-schema-graph\">{\"@context\":\"https:\/\/schema.org\",\"@graph\":[{\"@type\":\"Article\",\"@id\":\"https:\/\/all-car-news.com\/es\/mash-black-side-nuevo-clasico\/#article\",\"isPartOf\":{\"@id\":\"https:\/\/all-car-news.com\/es\/mash-black-side-nuevo-clasico\/\"},\"author\":{\"name\":\"\",\"@id\":\"\"},\"headline\":\"Mash Black Side: nuevo cl\u00e1sico\",\"datePublished\":\"2022-09-28T14:52:27+00:00\",\"dateModified\":\"2022-09-28T14:52:27+00:00\",\"mainEntityOfPage\":{\"@id\":\"https:\/\/all-car-news.com\/es\/mash-black-side-nuevo-clasico\/\"},\"wordCount\":371,\"commentCount\":0,\"publisher\":{\"@id\":\"https:\/\/all-car-news.com\/es\/#organization\"},\"articleSection\":[\"noticias de autos\"],\"inLanguage\":\"es\",\"potentialAction\":[{\"@type\":\"CommentAction\",\"name\":\"Comment\",\"target\":[\"https:\/\/all-car-news.com\/es\/mash-black-side-nuevo-clasico\/#respond\"]}]},{\"@type\":\"WebPage\",\"@id\":\"https:\/\/all-car-news.com\/es\/mash-black-side-nuevo-clasico\/\",\"url\":\"https:\/\/all-car-news.com\/es\/mash-black-side-nuevo-clasico\/\",\"name\":\"Mash Black Side: nuevo cl\u00e1sico - All cars news\",\"isPartOf\":{\"@id\":\"https:\/\/all-car-news.com\/es\/#website\"},\"datePublished\":\"2022-09-28T14:52:27+00:00\",\"dateModified\":\"2022-09-28T14:52:27+00:00\",\"breadcrumb\":{\"@id\":\"https:\/\/all-car-news.com\/es\/mash-black-side-nuevo-clasico\/#breadcrumb\"},\"inLanguage\":\"es\",\"potentialAction\":[{\"@type\":\"ReadAction\",\"target\":[\"https:\/\/all-car-news.com\/es\/mash-black-side-nuevo-clasico\/\"]}]},{\"@type\":\"BreadcrumbList\",\"@id\":\"https:\/\/all-car-news.com\/es\/mash-black-side-nuevo-clasico\/#breadcrumb\",\"itemListElement\":[{\"@type\":\"ListItem\",\"position\":1,\"name\":\"Home\",\"item\":\"https:\/\/all-car-news.com\/es\/\"},{\"@type\":\"ListItem\",\"position\":2,\"name\":\"Mash Black Side: nuevo cl\u00e1sico\"}]},{\"@type\":\"WebSite\",\"@id\":\"https:\/\/all-car-news.com\/es\/#website\",\"url\":\"https:\/\/all-car-news.com\/es\/\",\"name\":\"All cars news\",\"description\":\"\",\"publisher\":{\"@id\":\"https:\/\/all-car-news.com\/es\/#organization\"},\"potentialAction\":[{\"@type\":\"SearchAction\",\"target\":{\"@type\":\"EntryPoint\",\"urlTemplate\":\"https:\/\/all-car-news.com\/es\/?s={search_term_string}\"},\"query-input\":\"required name=search_term_string\"}],\"inLanguage\":\"es\"},{\"@type\":\"Organization\",\"@id\":\"https:\/\/all-car-news.com\/es\/#organization\",\"name\":\"All cars news\",\"url\":\"https:\/\/all-car-news.com\/es\/\",\"logo\":{\"@type\":\"ImageObject\",\"inLanguage\":\"es\",\"@id\":\"https:\/\/all-car-news.com\/es\/#\/schema\/logo\/image\/\",\"url\":\"https:\/\/all-car-news.com\/wp-content\/uploads\/2022\/02\/CMYK-AllCarNews_LANDSCAPE_300px-1.png\",\"contentUrl\":\"https:\/\/all-car-news.com\/wp-content\/uploads\/2022\/02\/CMYK-AllCarNews_LANDSCAPE_300px-1.png\",\"width\":300,\"height\":100,\"caption\":\"All cars news\"},\"image\":{\"@id\":\"https:\/\/all-car-news.com\/es\/#\/schema\/logo\/image\/\"}}]}<\/script>\n<!-- \/ Yoast SEO plugin. -->","yoast_head_json":{"title":"Mash Black Side: nuevo cl\u00e1sico - All cars news","robots":{"index":"index","follow":"follow","max-snippet":"max-snippet:-1","max-image-preview":"max-image-preview:large","max-video-preview":"max-video-preview:-1"},"canonical":"https:\/\/all-car-news.com\/es\/mash-black-side-nuevo-clasico\/","og_locale":"es_ES","og_type":"article","og_title":"Mash Black Side: nuevo cl\u00e1sico - All cars news","og_description":"El Mash Black Side es el primer sidecar completo en a\u00f1os que se puede comprar nuevo y que adem\u00e1s es asequible. 11.499 euros cuesta y entonces tienes un vano de aspecto muy aut\u00e9ntico. Totalmente nuevo pero siguiendo una f\u00f3rmula cl\u00e1sica: una moto con un sidecar acoplado. La bandeja del sidecar est\u00e1 all\u00ed [...]","og_url":"https:\/\/all-car-news.com\/es\/mash-black-side-nuevo-clasico\/","og_site_name":"All cars news","article_published_time":"2022-09-28T14:52:27+00:00","og_image":[{"url":"https:\/\/motorrai.nl\/wp-content\/uploads\/2022\/09\/Mash-Black-Side-16-1140x760.jpg"}],"twitter_card":"summary_large_image","twitter_misc":{"Tiempo de lectura":"2 minutos"},"schema":{"@context":"https:\/\/schema.org","@graph":[{"@type":"Article","@id":"https:\/\/all-car-news.com\/es\/mash-black-side-nuevo-clasico\/#article","isPartOf":{"@id":"https:\/\/all-car-news.com\/es\/mash-black-side-nuevo-clasico\/"},"author":{"name":"","@id":""},"headline":"Mash Black Side: nuevo cl\u00e1sico","datePublished":"2022-09-28T14:52:27+00:00","dateModified":"2022-09-28T14:52:27+00:00","mainEntityOfPage":{"@id":"https:\/\/all-car-news.com\/es\/mash-black-side-nuevo-clasico\/"},"wordCount":371,"commentCount":0,"publisher":{"@id":"https:\/\/all-car-news.com\/es\/#organization"},"articleSection":["noticias de autos"],"inLanguage":"es","potentialAction":[{"@type":"CommentAction","name":"Comment","target":["https:\/\/all-car-news.com\/es\/mash-black-side-nuevo-clasico\/#respond"]}]},{"@type":"WebPage","@id":"https:\/\/all-car-news.com\/es\/mash-black-side-nuevo-clasico\/","url":"https:\/\/all-car-news.com\/es\/mash-black-side-nuevo-clasico\/","name":"Mash Black Side: nuevo cl\u00e1sico - All cars news","isPartOf":{"@id":"https:\/\/all-car-news.com\/es\/#website"},"datePublished":"2022-09-28T14:52:27+00:00","dateModified":"2022-09-28T14:52:27+00:00","breadcrumb":{"@id":"https:\/\/all-car-news.com\/es\/mash-black-side-nuevo-clasico\/#breadcrumb"},"inLanguage":"es","potentialAction":[{"@type":"ReadAction","target":["https:\/\/all-car-news.com\/es\/mash-black-side-nuevo-clasico\/"]}]},{"@type":"BreadcrumbList","@id":"https:\/\/all-car-news.com\/es\/mash-black-side-nuevo-clasico\/#breadcrumb","itemListElement":[{"@type":"ListItem","position":1,"name":"Home","item":"https:\/\/all-car-news.com\/es\/"},{"@type":"ListItem","position":2,"name":"Mash Black Side: nuevo cl\u00e1sico"}]},{"@type":"WebSite","@id":"https:\/\/all-car-news.com\/es\/#website","url":"https:\/\/all-car-news.com\/es\/","name":"All cars news","description":"","publisher":{"@id":"https:\/\/all-car-news.com\/es\/#organization"},"potentialAction":[{"@type":"SearchAction","target":{"@type":"EntryPoint","urlTemplate":"https:\/\/all-car-news.com\/es\/?s={search_term_string}"},"query-input":"required name=search_term_string"}],"inLanguage":"es"},{"@type":"Organization","@id":"https:\/\/all-car-news.com\/es\/#organization","name":"All cars news","url":"https:\/\/all-car-news.com\/es\/","logo":{"@type":"ImageObject","inLanguage":"es","@id":"https:\/\/all-car-news.com\/es\/#\/schema\/logo\/image\/","url":"https:\/\/all-car-news.com\/wp-content\/uploads\/2022\/02\/CMYK-AllCarNews_LANDSCAPE_300px-1.png","contentUrl":"https:\/\/all-car-news.com\/wp-content\/uploads\/2022\/02\/CMYK-AllCarNews_LANDSCAPE_300px-1.png","width":300,"height":100,"caption":"All cars news"},"image":{"@id":"https:\/\/all-car-news.com\/es\/#\/schema\/logo\/image\/"}}]}},"_links":{"self":[{"href":"https:\/\/all-car-news.com\/es\/wp-json\/wp\/v2\/posts\/124331","targetHints":{"allow":["GET"]}}],"collection":[{"href":"https:\/\/all-car-news.com\/es\/wp-json\/wp\/v2\/posts"}],"about":[{"href":"https:\/\/all-car-news.com\/es\/wp-json\/wp\/v2\/types\/post"}],"replies":[{"embeddable":true,"href":"https:\/\/all-car-news.com\/es\/wp-json\/wp\/v2\/comments?post=124331"}],"version-history":[{"count":0,"href":"https:\/\/all-car-news.com\/es\/wp-json\/wp\/v2\/posts\/124331\/revisions"}],"wp:featuredmedia":[{"embeddable":true,"href":"https:\/\/all-car-news.com\/es\/wp-json\/wp\/v2\/media\/124247"}],"wp:attachment":[{"href":"https:\/\/all-car-news.com\/es\/wp-json\/wp\/v2\/media?parent=124331"}],"wp:term":[{"taxonomy":"category","embeddable":true,"href":"https:\/\/all-car-news.com\/es\/wp-json\/wp\/v2\/categories?post=124331"},{"taxonomy":"post_tag","embeddable":true,"href":"https:\/\/all-car-news.com\/es\/wp-json\/wp\/v2\/tags?post=124331"}],"curies":[{"name":"wp","href":"https:\/\/api.w.org\/{rel}","templated":true}]}}