{"id":124327,"date":"2022-09-28T08:34:50","date_gmt":"2022-09-28T08:34:50","guid":{"rendered":"https:\/\/all-car-news.com\/el-bmw-xm-de-653-cv-es-solo-un-calentamiento\/"},"modified":"2022-09-28T08:34:50","modified_gmt":"2022-09-28T08:34:50","slug":"el-bmw-xm-de-653-cv-es-solo-un-calentamiento","status":"publish","type":"post","link":"https:\/\/all-car-news.com\/es\/el-bmw-xm-de-653-cv-es-solo-un-calentamiento\/","title":{"rendered":"El BMW XM de 653 CV es s\u00f3lo un calentamiento"},"content":{"rendered":"<h2>Se ve bien<\/h2>\n<p>S\u00ed, bastante \u00aben tu cara\u00bb, \u00bfverdad? El BMW XM destaca. Eso fue incluso ya en <a href=\"https:\/\/autorai.nl\/bmw-xm-eerst-als-mildere-variant\/\">traje de camuflaje<\/a>. Los faros divididos en dos partes, la parrilla de ri\u00f1\u00f3n BMW Iconic Glow con adornos dorados y las grandes tomas de aire son los elementos caracter\u00edsticos del frontal del BMW XM.  <\/p>\n<p>Por cierto, el BMW XM no s\u00f3lo es el punto culminante de la ofensiva de modelos en el a\u00f1o de aniversario de BMW M GmbH, sino que el coche es el primer modelo M dise\u00f1ado completamente por BMW M GmbH desde el BMW M1. As\u00ed, el espectador observador detectar\u00e1 varios detalles que hacen referencia al legendario deportivo de motor central BMW M1.<\/p>\n<figure class=\"wp-block-image size-content\"><img decoding=\"async\" loading=\"lazy\" width=\"1140\" height=\"760\" src=\"https:\/\/autorai.nl\/wp-content\/uploads\/2022\/09\/bmw-xm-2023-foto4-1140x760.jpg\" alt=\"\" class=\"wp-image-132259\"><\/figure>\n<h2>BMW XM con detalles del BMW M1<\/h2>\n<p>La vista lateral hace referencia con la l\u00ednea de acento de color dorado a la franja negra que atraviesa los flancos del BMW M1. Otras referencias a la historia de BMW M son los logotipos de BMW grabados en la luneta trasera y el estilo distintivo de los faros traseros.<\/p>\n<h2>Construido en Estados Unidos<\/h2>\n<p>La producci\u00f3n del BMW XM comenzar\u00e1 en diciembre de 2022 en la planta de BMW Group en Spartanburg, Estados Unidos. El coche aparecer\u00e1 en los concesionarios de todo el mundo en la primavera de 2023. Los principales mercados del BMW XM son Estados Unidos, China y Oriente Medio. Ya conocemos el precio de partida holand\u00e9s del BMW XM: 175.142 euros.<\/p>\n<figure class=\"wp-block-image size-content\"><img decoding=\"async\" loading=\"lazy\" width=\"1140\" height=\"791\" src=\"https:\/\/autorai.nl\/wp-content\/uploads\/2022\/09\/bmw-xm-2023-foto17-1140x791.jpg\" alt=\"\" class=\"wp-image-132272\"><\/figure>\n<h2>Tren de potencia BMW XM Label Rojo<\/h2>\n<p>BMW comienza con una variante con motor de gasolina M TwinPower Turbo V8 y un motor el\u00e9ctrico especialmente potente, que juntos alcanzan una potencia de 480 kW (653 CV). Esta variante es s\u00f3lo un calentamiento, ya que tambi\u00e9n le seguir\u00e1 un BMW XM Label Red, que ser\u00e1 el coche de carretera de producci\u00f3n m\u00e1s potente de la historia de BMW M GmbH.<\/p>\n<p>El BMW XM Label Red tiene una potencia de sistema de 550 kW (748 CV), lograda por un motor de gasolina de 430 kW (585 CV) , un motor el\u00e9ctrico de 145 kW (197 CV) y un par m\u00e1ximo de sistema de 1.000 Nm. El motor de gasolina ofrece hasta 750 Nm y el el\u00e9ctrico 280 Nm. El BMW XM Label Red se incorporar\u00e1 a la gama en oto\u00f1o de 2023.<\/p>\n<figure class=\"wp-block-image size-content\"><img decoding=\"async\" loading=\"lazy\" width=\"1140\" height=\"760\" src=\"https:\/\/autorai.nl\/wp-content\/uploads\/2022\/09\/bmw-xm-2023-foto7-1140x760.jpg\" alt=\"\" class=\"wp-image-132262\"><\/figure>\n<h2>Tren de potencia BMW XM<\/h2>\n<p>Hasta entonces, existe el BMW XM \u00abnormal\u00bb. Pero en realidad no se trata de una \u00abversi\u00f3n b\u00e1sica\u00bb. La cadena cinem\u00e1tica est\u00e1 compuesta por un motor de gasolina V8 de 4,4 litros y 360 kW (489 CV) con tecnolog\u00eda M TwinPower Turbo y un motor el\u00e9ctrico de 145 kW (197 CV). El resultado es una potencia del sistema de 480 kW (653 CV). El motor de 4,4 litros cuenta con el llamado colector de escape de banco cruzado y un proceso de separaci\u00f3n de aceite optimizado.<\/p>\n<p>El motor de gasolina de ocho cilindros se apoya en un motor el\u00e9ctrico integrado en la transmisi\u00f3n deportiva M Steptronic de ocho velocidades. La fuerza de tracci\u00f3n del motor el\u00e9ctrico est\u00e1 disponible desde la parada. La cadena cinem\u00e1tica denominada M Hybrid ofrece un par motor m\u00e1ximo de 800 Nm (motor de gasolina m\u00e1ximo 650 Nm, motor el\u00e9ctrico 280 Nm). Entre marchas, el motor el\u00e9ctrico puede entregar temporalmente un par m\u00e1ximo efectivo de 450 Nm a la caja de cambios.<\/p>\n<figure class=\"wp-block-image size-content\"><img decoding=\"async\" loading=\"lazy\" width=\"1140\" height=\"779\" src=\"https:\/\/autorai.nl\/wp-content\/uploads\/2022\/09\/bmw-xm-2023-foto11-1140x779.jpg\" alt=\"\" class=\"wp-image-132266\"><\/figure>\n<h2>0-100-sprint<\/h2>\n<p>El BMW XM acelera desde la parada hasta los 100 km\/h en 4,3 segundos. Gracias a un sistema de escape deportivo, el sonido debe ser bastante intenso. El sistema de escape cuenta con v\u00e1lvulas de regulaci\u00f3n continua controladas electr\u00f3nicamente y tubos de escape dobles hexagonales. Por primera vez en un modelo M de BMW, los tubos de escape est\u00e1n colocados uno encima del otro.<\/p>\n<h2>Modos de conducci\u00f3n El\u00e9ctrico<\/h2>\n<p>Se puede elegir entre los modos de conducci\u00f3n Road, Sport, Sport Plus y Electric. En el\u00e9ctrico, se puede alcanzar una velocidad m\u00e1xima de 140 km\/h y la autonom\u00eda el\u00e9ctrica pura es de 82 a 88 km (WLTP). Esto es posible gracias a una bater\u00eda de iones de litio, montada en la parte inferior del coche y con una capacidad \u00fatil de 25,7 kWh. La toma de carga del BMW XM permite cargar con corriente alterna (AC) hasta un m\u00e1ximo de 7,4 kW.<\/p>\n<figure class=\"wp-block-image size-content\"><img decoding=\"async\" loading=\"lazy\" width=\"1140\" height=\"760\" src=\"https:\/\/autorai.nl\/wp-content\/uploads\/2022\/09\/bmw-xm-2023-foto3-1140x760.jpg\" alt=\"\" class=\"wp-image-132258\"><\/figure>\n<h2>M Bot\u00f3n h\u00edbrido<\/h2>\n<p>Por primera vez, tambi\u00e9n existe el bot\u00f3n M Hybrid, que permite al conductor seleccionar la combinaci\u00f3n deseada de motor de gasolina y\/o motor el\u00e9ctrico. Se puede elegir entre h\u00edbrido, el\u00e9ctrico y eControl. Adem\u00e1s, hay un bot\u00f3n de configuraci\u00f3n que da acceso directo a los ajustes de la transmisi\u00f3n, el chasis, la direcci\u00f3n, el sistema de frenos, el M xDrive y el grado de regeneraci\u00f3n de energ\u00eda al frenar.<\/p>\n<p>Otro bot\u00f3n se utiliza para seleccionar el modo M. Si el conductor cambia del ajuste por defecto Road a Sport, esto limita el nivel de intervenci\u00f3n de los sistemas de asistencia al conductor a las funciones esenciales para la conducci\u00f3n deportiva &#8211; esto tambi\u00e9n se aplica a la informaci\u00f3n mostrada en el salpicadero.<\/p>\n<p>Se pueden guardar dos ajustes personales del modo M, junto con los ajustes preferidos del sistema M Hybrid, el sonido del motor, el control din\u00e1mico de estabilidad (DSC) y las caracter\u00edsticas del cambio de la transmisi\u00f3n. Se puede acceder a ellas con los dos botones M del volante.<\/p>\n<figure class=\"wp-block-image size-content\"><img decoding=\"async\" loading=\"lazy\" width=\"1140\" height=\"760\" src=\"https:\/\/autorai.nl\/wp-content\/uploads\/2022\/09\/bmw-xm-2023-foto16-1140x760.jpg\" alt=\"\" class=\"wp-image-132271\"><\/figure>\n<h2>Conducci\u00f3n BMW XM<\/h2>\n<p>La potencia de ambos motores se dirige a la carretera a trav\u00e9s del sistema de tracci\u00f3n total M xDrive. El hecho de que la mayor parte de la potencia vaya a las ruedas traseras se nota especialmente en el modo 4WD Sport. Tambi\u00e9n hay un modo 4WD Arena, espec\u00edfico para conducir por caminos de tierra. El diferencial M Sport del eje trasero es totalmente variable. Las ruedas tienen un tama\u00f1o que va desde un m\u00ednimo de 21 pulgadas hasta incluso 23 pulgadas.<\/p>\n<h2>Tecnolog\u00eda del tren de aterrizaje<\/h2>\n<p>El BMW XM cuenta con una suspensi\u00f3n delantera de doble horquilla, una suspensi\u00f3n trasera multilink y propiedades cinem\u00e1ticas y elastocinem\u00e1ticas especialmente ajustadas. El BMW XM viene de serie con la suspensi\u00f3n adaptativa M Professional con amortiguadores controlados electr\u00f3nicamente y estabilizaci\u00f3n activa del balanceo con motores el\u00e9ctricos de 48 voltios y Active Roll Control. Tambi\u00e9n es el primer modelo M de BMW que incorpora la direcci\u00f3n activa integral de serie.<\/p>\n<p>Mediante el uso de un diferencial M Sport en el eje trasero y la cooperaci\u00f3n de todos los sistemas de control, el BMW XM se beneficia en t\u00e9rminos de agarre, agilidad y estabilidad. El sistema de frenos M Sport funciona junto con un sistema de frenado integrado que permite al conductor elegir entre dos niveles de sensaci\u00f3n del pedal de freno.  <\/p>\n<figure class=\"wp-block-image size-content\"><img decoding=\"async\" loading=\"lazy\" width=\"1140\" height=\"760\" src=\"https:\/\/autorai.nl\/wp-content\/uploads\/2022\/09\/bmw-xm-2023-foto5-1140x760.jpg\" alt=\"\" class=\"wp-image-132260\"><\/figure>\n<h2>Equipamiento de serie BMW XM<\/h2>\n<p>El equipamiento de serie incluye asientos multifunci\u00f3n M, almohadillas para las rodillas, un volante M Sport revestido de cuero espec\u00edfico para el modelo y gr\u00e1ficos espec\u00edficos M -incluyendo una luz de advertencia para cuando es el momento de cambiar de marcha- en el BMW Curved Display y el BMW Head-Up Display.<\/p>\n<p>El escultural revestimiento del techo es \u00fanico, con su estructura de prisma tridimensional, los bordes del revestimiento del techo con forma de marco y un centenar de luces LED que lo iluminan todo con los colores de la iluminaci\u00f3n Ambiance crean la sensaci\u00f3n de sal\u00f3n.  <\/p>\n<figure class=\"wp-block-image size-content\"><img decoding=\"async\" loading=\"lazy\" width=\"1140\" height=\"760\" src=\"https:\/\/autorai.nl\/wp-content\/uploads\/2022\/09\/bmw-xm-2023-foto24-1140x760.jpg\" alt=\"\" class=\"wp-image-132279\"><\/figure>\n<h2>Vintage<\/h2>\n<p>Adem\u00e1s de una selecci\u00f3n de cuatro tapizados interiores, tambi\u00e9n hay una nueva tapicer\u00eda de cuero \u00abVintage\u00bb opcional para la parte superior del salpicadero y los paneles de las puertas. La iluminaci\u00f3n ambiental, el aire acondicionado autom\u00e1tico de cuatro zonas, el sistema de sonido envolvente Harman Kardon y el sistema de viaje y confort tambi\u00e9n forman parte del equipamiento de serie. Las opciones incluyen un sistema de sonido envolvente Bowers &amp; Wilkins Diamond con un amplificador de 1.500 vatios y cuatro altavoces adicionales en el techo.<\/p>\n<figure class=\"wp-block-image size-content\"><img decoding=\"async\" loading=\"lazy\" width=\"1140\" height=\"760\" src=\"https:\/\/autorai.nl\/wp-content\/uploads\/2022\/09\/bmw-xm-2023-foto1-1140x760.jpg\" alt=\"\" class=\"wp-image-132294\"><\/figure>\n<h2>Sistemas de asistencia al conductor<\/h2>\n<p>El equipamiento de serie incluye el Asistente de Conducci\u00f3n con Aviso de Colisi\u00f3n Frontal, el Aviso de Cambio de Carril con correcci\u00f3n de la direcci\u00f3n, el Asistente de Evasi\u00f3n, el Asistente de Fatiga y el Info de L\u00edmite de Velocidad. El Driving Assistant Professional opcional combina el Control de Crucero Activo con el Stop&amp;Go y otras muchas funciones. Entre ellos se encuentran el asistente de direcci\u00f3n y control de carril, el reconocimiento de sem\u00e1foros, el asistente de l\u00edmite de velocidad y la navegaci\u00f3n activa. El asistente de aparcamiento Plus tambi\u00e9n es de serie. Adem\u00e1s del asistente de marcha atr\u00e1s, este sistema tambi\u00e9n incluye la vista envolvente, la vista panor\u00e1mica y la vista 3D.<\/p>\n<h2>pantallas de gran tama\u00f1o en BMW XM<\/h2>\n<p>El interior del BMW XM cuenta con unas pantallas de gran tama\u00f1o. O mejor dicho, una pantalla curva, compuesta por una pantalla de informaci\u00f3n de 12,3 pulgadas y una pantalla de control t\u00e1ctil de 14,9 pulgadas. El conocido mando iDrive y los botones multifunci\u00f3n en el volante se complementan con un BMW Head-Up Display y el BMW Gesture Control de serie.<\/p>\n<div class=\"galery shuffle galery-0\">\n<figure>\n\t\t\t\t\t<span style=\"cursor: pointer\" data-src=\"https:\/\/autorai.nl\/wp-content\/uploads\/2022\/09\/bmw-xm-2023-foto37-1600x1067.jpg\" data-fancybox=\"galery-0\" title=\"\"><br \/>\n\t\t\t\t\t\t\t<img decoding=\"async\" width=\"640\" height=\"480\" src=\"https:\/\/autorai.nl\/wp-content\/uploads\/2022\/09\/bmw-xm-2023-foto37-640x480.jpg\" class=\"attachment-medium size-medium\" alt=\"\" loading=\"lazy\"><i class=\"fa fa-search-plus\" aria-hidden=\"true\"><\/i><br \/>\n\t\t\t\t\t\t<\/span><br \/>\n\t\t\t\t\t<\/figure>\n<figure>\n\t\t\t\t\t<span style=\"cursor: pointer\" data-src=\"https:\/\/autorai.nl\/wp-content\/uploads\/2022\/09\/bmw-xm-2023-foto36-1600x1067.jpg\" data-fancybox=\"galery-0\" title=\"\"><br \/>\n\t\t\t\t\t\t\t<img decoding=\"async\" width=\"360\" height=\"270\" src=\"https:\/\/autorai.nl\/wp-content\/uploads\/2022\/09\/bmw-xm-2023-foto36-360x270.jpg\" class=\"attachment-small size-small\" alt=\"\" loading=\"lazy\"><i class=\"fa fa-search-plus\" aria-hidden=\"true\"><\/i><br \/>\n\t\t\t\t\t\t<\/span><br \/>\n\t\t\t\t\t<\/figure>\n<figure>\n\t\t\t\t\t<span style=\"cursor: pointer\" data-src=\"https:\/\/autorai.nl\/wp-content\/uploads\/2022\/09\/bmw-xm-2023-foto35-1600x1067.jpg\" data-fancybox=\"galery-0\" title=\"\"><br \/>\n\t\t\t\t\t\t\t<img decoding=\"async\" width=\"360\" height=\"270\" src=\"https:\/\/autorai.nl\/wp-content\/uploads\/2022\/09\/bmw-xm-2023-foto35-360x270.jpg\" class=\"attachment-small size-small\" alt=\"\" loading=\"lazy\"><i class=\"fa fa-search-plus\" aria-hidden=\"true\"><\/i><br \/>\n\t\t\t\t\t\t<\/span><br \/>\n\t\t\t\t\t<\/figure>\n<figure>\n\t\t\t\t\t<span style=\"cursor: pointer\" data-src=\"https:\/\/autorai.nl\/wp-content\/uploads\/2022\/09\/bmw-xm-2023-foto34-1600x1067.jpg\" data-fancybox=\"galery-0\" title=\"\"><br \/>\n\t\t\t\t\t\t\t<img decoding=\"async\" width=\"640\" height=\"480\" src=\"https:\/\/autorai.nl\/wp-content\/uploads\/2022\/09\/bmw-xm-2023-foto34-640x480.jpg\" class=\"attachment-medium size-medium\" alt=\"\" loading=\"lazy\"><i class=\"fa fa-search-plus\" aria-hidden=\"true\"><\/i><br \/>\n\t\t\t\t\t\t<\/span><br \/>\n\t\t\t\t\t<\/figure>\n<figure>\n\t\t\t\t\t<span style=\"cursor: pointer\" data-src=\"https:\/\/autorai.nl\/wp-content\/uploads\/2022\/09\/bmw-xm-2023-foto25-1600x1067.jpg\" data-fancybox=\"galery-0\" title=\"\"><br \/>\n\t\t\t\t\t\t\t<img decoding=\"async\" width=\"360\" height=\"270\" src=\"https:\/\/autorai.nl\/wp-content\/uploads\/2022\/09\/bmw-xm-2023-foto25-360x270.jpg\" class=\"attachment-small size-small\" alt=\"\" loading=\"lazy\"><i class=\"fa fa-search-plus\" aria-hidden=\"true\"><\/i><br \/>\n\t\t\t\t\t\t<\/span><br \/>\n\t\t\t\t\t<\/figure>\n<figure>\n\t\t\t\t\t<span style=\"cursor: pointer\" data-src=\"https:\/\/autorai.nl\/wp-content\/uploads\/2022\/09\/bmw-xm-2023-foto23-1600x1067.jpg\" data-fancybox=\"galery-0\" title=\"\"><br \/>\n\t\t\t\t\t\t\t<img decoding=\"async\" width=\"360\" height=\"270\" src=\"https:\/\/autorai.nl\/wp-content\/uploads\/2022\/09\/bmw-xm-2023-foto23-360x270.jpg\" class=\"attachment-small size-small\" alt=\"\" loading=\"lazy\"><i class=\"fa fa-search-plus\" aria-hidden=\"true\"><\/i><br \/>\n\t\t\t\t\t\t<\/span><br \/>\n\t\t\t\t\t<\/figure>\n<figure>\n\t\t\t\t\t<span style=\"cursor: pointer\" data-src=\"https:\/\/autorai.nl\/wp-content\/uploads\/2022\/09\/bmw-xm-2023-foto22-1600x1067.jpg\" data-fancybox=\"galery-0\" title=\"\"><br \/>\n\t\t\t\t\t\t\t<img decoding=\"async\" width=\"640\" height=\"480\" src=\"https:\/\/autorai.nl\/wp-content\/uploads\/2022\/09\/bmw-xm-2023-foto22-640x480.jpg\" class=\"attachment-medium size-medium\" alt=\"\" loading=\"lazy\"><i class=\"fa fa-search-plus\" aria-hidden=\"true\"><\/i><br \/>\n\t\t\t\t\t\t<\/span><br \/>\n\t\t\t\t\t<\/figure>\n<figure>\n\t\t\t\t\t<span style=\"cursor: pointer\" data-src=\"https:\/\/autorai.nl\/wp-content\/uploads\/2022\/09\/bmw-xm-2023-foto21-1600x1067.jpg\" data-fancybox=\"galery-0\" title=\"\"><br \/>\n\t\t\t\t\t\t\t<img decoding=\"async\" width=\"360\" height=\"270\" src=\"https:\/\/autorai.nl\/wp-content\/uploads\/2022\/09\/bmw-xm-2023-foto21-360x270.jpg\" class=\"attachment-small size-small\" alt=\"\" loading=\"lazy\"><i class=\"fa fa-search-plus\" aria-hidden=\"true\"><\/i><br \/>\n\t\t\t\t\t\t<\/span><br \/>\n\t\t\t\t\t<\/figure>\n<figure>\n\t\t\t\t\t<span style=\"cursor: pointer\" data-src=\"https:\/\/autorai.nl\/wp-content\/uploads\/2022\/09\/bmw-xm-2023-foto20-1600x1067.jpg\" data-fancybox=\"galery-0\" title=\"\"><br \/>\n\t\t\t\t\t\t\t<img decoding=\"async\" width=\"360\" height=\"270\" src=\"https:\/\/autorai.nl\/wp-content\/uploads\/2022\/09\/bmw-xm-2023-foto20-360x270.jpg\" class=\"attachment-small size-small\" alt=\"\" loading=\"lazy\"><i class=\"fa fa-search-plus\" aria-hidden=\"true\"><\/i><br \/>\n\t\t\t\t\t\t<\/span><br \/>\n\t\t\t\t\t<\/figure>\n<figure>\n\t\t\t\t\t<span style=\"cursor: pointer\" data-src=\"https:\/\/autorai.nl\/wp-content\/uploads\/2022\/09\/bmw-xm-2023-foto19-1600x1067.jpg\" data-fancybox=\"galery-0\" title=\"\"><br \/>\n\t\t\t\t\t\t\t<img decoding=\"async\" width=\"640\" height=\"480\" src=\"https:\/\/autorai.nl\/wp-content\/uploads\/2022\/09\/bmw-xm-2023-foto19-640x480.jpg\" class=\"attachment-medium size-medium\" alt=\"\" loading=\"lazy\"><i class=\"fa fa-search-plus\" aria-hidden=\"true\"><\/i><br \/>\n\t\t\t\t\t\t<\/span><br \/>\n\t\t\t\t\t<\/figure>\n<figure>\n\t\t\t\t\t<span style=\"cursor: pointer\" data-src=\"https:\/\/autorai.nl\/wp-content\/uploads\/2022\/09\/bmw-xm-2023-foto15-1600x1029.jpg\" data-fancybox=\"galery-0\" title=\"\"><br \/>\n\t\t\t\t\t\t\t<img decoding=\"async\" width=\"360\" height=\"270\" src=\"https:\/\/autorai.nl\/wp-content\/uploads\/2022\/09\/bmw-xm-2023-foto15-360x270.jpg\" class=\"attachment-small size-small\" alt=\"\" loading=\"lazy\"><i class=\"fa fa-search-plus\" aria-hidden=\"true\"><\/i><br \/>\n\t\t\t\t\t\t<\/span><br \/>\n\t\t\t\t\t<\/figure>\n<figure>\n\t\t\t\t\t<span style=\"cursor: pointer\" data-src=\"https:\/\/autorai.nl\/wp-content\/uploads\/2022\/09\/bmw-xm-2023-foto14-1600x1088.jpg\" data-fancybox=\"galery-0\" title=\"\"><br \/>\n\t\t\t\t\t\t\t<img decoding=\"async\" width=\"360\" height=\"270\" src=\"https:\/\/autorai.nl\/wp-content\/uploads\/2022\/09\/bmw-xm-2023-foto14-360x270.jpg\" class=\"attachment-small size-small\" alt=\"\" loading=\"lazy\"><i class=\"fa fa-search-plus\" aria-hidden=\"true\"><\/i><br \/>\n\t\t\t\t\t\t<\/span><br \/>\n\t\t\t\t\t<\/figure>\n<figure>\n\t\t\t\t\t<span style=\"cursor: pointer\" data-src=\"https:\/\/autorai.nl\/wp-content\/uploads\/2022\/09\/bmw-xm-2023-foto10-1600x1067.jpg\" data-fancybox=\"galery-0\" title=\"\"><br \/>\n\t\t\t\t\t\t\t<img decoding=\"async\" width=\"640\" height=\"480\" src=\"https:\/\/autorai.nl\/wp-content\/uploads\/2022\/09\/bmw-xm-2023-foto10-640x480.jpg\" class=\"attachment-medium size-medium\" alt=\"\" loading=\"lazy\"><i class=\"fa fa-search-plus\" aria-hidden=\"true\"><\/i><br \/>\n\t\t\t\t\t\t<\/span><br \/>\n\t\t\t\t\t<\/figure>\n<figure>\n\t\t\t\t\t<span style=\"cursor: pointer\" data-src=\"https:\/\/autorai.nl\/wp-content\/uploads\/2022\/09\/bmw-xm-2023-foto4-1600x1067.jpg\" data-fancybox=\"galery-0\" title=\"\"><br \/>\n\t\t\t\t\t\t\t<img decoding=\"async\" width=\"360\" height=\"270\" src=\"https:\/\/autorai.nl\/wp-content\/uploads\/2022\/09\/bmw-xm-2023-foto4-360x270.jpg\" class=\"attachment-small size-small\" alt=\"\" loading=\"lazy\"><i class=\"fa fa-search-plus\" aria-hidden=\"true\"><\/i><br \/>\n\t\t\t\t\t\t<\/span><br \/>\n\t\t\t\t\t<\/figure>\n<figure>\n\t\t\t\t\t<span style=\"cursor: pointer\" data-src=\"https:\/\/autorai.nl\/wp-content\/uploads\/2022\/09\/bmw-xm-2023-foto9-1600x1067.jpg\" data-fancybox=\"galery-0\" title=\"\"><br \/>\n\t\t\t\t\t\t\t<img decoding=\"async\" width=\"360\" height=\"270\" src=\"https:\/\/autorai.nl\/wp-content\/uploads\/2022\/09\/bmw-xm-2023-foto9-360x270.jpg\" class=\"attachment-small size-small\" alt=\"\" loading=\"lazy\"><i class=\"fa fa-search-plus\" aria-hidden=\"true\"><\/i><br \/>\n\t\t\t\t\t\t<\/span><br \/>\n\t\t\t\t\t<\/figure>\n<figure>\n\t\t\t\t\t<span style=\"cursor: pointer\" data-src=\"https:\/\/autorai.nl\/wp-content\/uploads\/2022\/09\/bmw-xm-2023-foto5-1600x1067.jpg\" data-fancybox=\"galery-0\" title=\"\"><br \/>\n\t\t\t\t\t\t\t<img decoding=\"async\" width=\"640\" height=\"480\" src=\"https:\/\/autorai.nl\/wp-content\/uploads\/2022\/09\/bmw-xm-2023-foto5-640x480.jpg\" class=\"attachment-medium size-medium\" alt=\"\" loading=\"lazy\"><i class=\"fa fa-search-plus\" aria-hidden=\"true\"><\/i><br \/>\n\t\t\t\t\t\t<\/span><br \/>\n\t\t\t\t\t<\/figure>\n<figure>\n\t\t\t\t\t<span style=\"cursor: pointer\" data-src=\"https:\/\/autorai.nl\/wp-content\/uploads\/2022\/09\/bmw-xm-2023-foto8-1600x1067.jpg\" data-fancybox=\"galery-0\" title=\"\"><br \/>\n\t\t\t\t\t\t\t<img decoding=\"async\" width=\"360\" height=\"270\" src=\"https:\/\/autorai.nl\/wp-content\/uploads\/2022\/09\/bmw-xm-2023-foto8-360x270.jpg\" class=\"attachment-small size-small\" alt=\"\" loading=\"lazy\"><i class=\"fa fa-search-plus\" aria-hidden=\"true\"><\/i><br \/>\n\t\t\t\t\t\t<\/span><br \/>\n\t\t\t\t\t<\/figure>\n<figure>\n\t\t\t\t\t<span style=\"cursor: pointer\" data-src=\"https:\/\/autorai.nl\/wp-content\/uploads\/2022\/09\/bmw-xm-2023-foto7-1600x1067.jpg\" data-fancybox=\"galery-0\" title=\"\"><br \/>\n\t\t\t\t\t\t\t<img decoding=\"async\" width=\"360\" height=\"270\" src=\"https:\/\/autorai.nl\/wp-content\/uploads\/2022\/09\/bmw-xm-2023-foto7-360x270.jpg\" class=\"attachment-small size-small\" alt=\"\" loading=\"lazy\"><i class=\"fa fa-search-plus\" aria-hidden=\"true\"><\/i><br \/>\n\t\t\t\t\t\t<\/span><br \/>\n\t\t\t\t\t<\/figure>\n<figure>\n\t\t\t\t\t<span style=\"cursor: pointer\" data-src=\"https:\/\/autorai.nl\/wp-content\/uploads\/2022\/09\/bmw-xm-2023-foto6-1600x1067.jpg\" data-fancybox=\"galery-0\" title=\"\"><br \/>\n\t\t\t\t\t\t\t<img decoding=\"async\" width=\"640\" height=\"480\" src=\"https:\/\/autorai.nl\/wp-content\/uploads\/2022\/09\/bmw-xm-2023-foto6-640x480.jpg\" class=\"attachment-medium size-medium\" alt=\"\" loading=\"lazy\"><i class=\"fa fa-search-plus\" aria-hidden=\"true\"><\/i><br \/>\n\t\t\t\t\t\t<\/span><br \/>\n\t\t\t\t\t<\/figure>\n<figure>\n\t\t\t\t\t<span style=\"cursor: pointer\" data-src=\"https:\/\/autorai.nl\/wp-content\/uploads\/2022\/09\/bmw-xm-2023-foto13-1600x1068.jpg\" data-fancybox=\"galery-0\" title=\"\"><br \/>\n\t\t\t\t\t\t\t<img decoding=\"async\" width=\"360\" height=\"270\" src=\"https:\/\/autorai.nl\/wp-content\/uploads\/2022\/09\/bmw-xm-2023-foto13-360x270.jpg\" class=\"attachment-small size-small\" alt=\"\" loading=\"lazy\"><i class=\"fa fa-search-plus\" aria-hidden=\"true\"><\/i><br \/>\n\t\t\t\t\t\t<\/span><br \/>\n\t\t\t\t\t<\/figure>\n<figure>\n\t\t\t\t\t<span style=\"cursor: pointer\" data-src=\"https:\/\/autorai.nl\/wp-content\/uploads\/2022\/09\/bmw-xm-2023-foto2-1600x1067.jpg\" data-fancybox=\"galery-0\" title=\"\"><br \/>\n\t\t\t\t\t\t\t<img decoding=\"async\" width=\"360\" height=\"270\" src=\"https:\/\/autorai.nl\/wp-content\/uploads\/2022\/09\/bmw-xm-2023-foto2-360x270.jpg\" class=\"attachment-small size-small\" alt=\"\" loading=\"lazy\"><i class=\"fa fa-search-plus\" aria-hidden=\"true\"><\/i><br \/>\n\t\t\t\t\t\t<\/span><br \/>\n\t\t\t\t\t<\/figure>\n<div class=\"clear\"><\/div>\n<\/div>\n","protected":false},"excerpt":{"rendered":"Cae muy bien Jaja, bastante \"en tu cara\", \u00bfverdad? El BMW XM destaca. Eso fue incluso ya en traje de&hellip;","protected":false},"author":0,"featured_media":124289,"comment_status":"open","ping_status":"open","sticky":false,"template":"","format":"standard","meta":{"footnotes":""},"categories":[126],"tags":[],"class_list":["post-124327","post","type-post","status-publish","format-standard","has-post-thumbnail","hentry","category-noticias-de-autos"],"acf":[],"yoast_head":"<!-- This site is optimized with the Yoast SEO plugin v21.2 - https:\/\/yoast.com\/wordpress\/plugins\/seo\/ -->\n<title>El BMW XM de 653 CV es s\u00f3lo un calentamiento - All cars news<\/title>\n<meta name=\"robots\" content=\"index, follow, max-snippet:-1, max-image-preview:large, max-video-preview:-1\" \/>\n<link rel=\"canonical\" href=\"https:\/\/all-car-news.com\/es\/el-bmw-xm-de-653-cv-es-solo-un-calentamiento\/\" \/>\n<meta property=\"og:locale\" content=\"es_ES\" \/>\n<meta property=\"og:type\" content=\"article\" \/>\n<meta property=\"og:title\" content=\"El BMW XM de 653 CV es s\u00f3lo un calentamiento - All cars news\" \/>\n<meta property=\"og:description\" content=\"Cae muy bien Jaja, bastante &quot;en tu cara&quot;, \u00bfverdad? El BMW XM destaca. Eso fue incluso ya en traje de camuflaje. Los faros divididos en dos partes, la parrilla de ri\u00f1\u00f3n BMW Iconic Glow con adornos dorados y las grandes tomas de aire son los elementos caracter\u00edsticos del frontal del BMW XM. Por cierto, el BMW XM no es [...]\" \/>\n<meta property=\"og:url\" content=\"https:\/\/all-car-news.com\/es\/el-bmw-xm-de-653-cv-es-solo-un-calentamiento\/\" \/>\n<meta property=\"og:site_name\" content=\"All cars news\" \/>\n<meta property=\"article:published_time\" content=\"2022-09-28T08:34:50+00:00\" \/>\n<meta property=\"og:image\" content=\"https:\/\/autorai.nl\/wp-content\/uploads\/2022\/09\/bmw-xm-2023-foto4-1140x760.jpg\" \/>\n<meta name=\"twitter:card\" content=\"summary_large_image\" \/>\n<meta name=\"twitter:label1\" content=\"Tiempo de lectura\" \/>\n\t<meta name=\"twitter:data1\" content=\"8 minutos\" \/>\n<script type=\"application\/ld+json\" class=\"yoast-schema-graph\">{\"@context\":\"https:\/\/schema.org\",\"@graph\":[{\"@type\":\"Article\",\"@id\":\"https:\/\/all-car-news.com\/es\/el-bmw-xm-de-653-cv-es-solo-un-calentamiento\/#article\",\"isPartOf\":{\"@id\":\"https:\/\/all-car-news.com\/es\/el-bmw-xm-de-653-cv-es-solo-un-calentamiento\/\"},\"author\":{\"name\":\"\",\"@id\":\"\"},\"headline\":\"El BMW XM de 653 CV es s\u00f3lo un calentamiento\",\"datePublished\":\"2022-09-28T08:34:50+00:00\",\"dateModified\":\"2022-09-28T08:34:50+00:00\",\"mainEntityOfPage\":{\"@id\":\"https:\/\/all-car-news.com\/es\/el-bmw-xm-de-653-cv-es-solo-un-calentamiento\/\"},\"wordCount\":1559,\"commentCount\":0,\"publisher\":{\"@id\":\"https:\/\/all-car-news.com\/es\/#organization\"},\"articleSection\":[\"noticias de autos\"],\"inLanguage\":\"es\",\"potentialAction\":[{\"@type\":\"CommentAction\",\"name\":\"Comment\",\"target\":[\"https:\/\/all-car-news.com\/es\/el-bmw-xm-de-653-cv-es-solo-un-calentamiento\/#respond\"]}]},{\"@type\":\"WebPage\",\"@id\":\"https:\/\/all-car-news.com\/es\/el-bmw-xm-de-653-cv-es-solo-un-calentamiento\/\",\"url\":\"https:\/\/all-car-news.com\/es\/el-bmw-xm-de-653-cv-es-solo-un-calentamiento\/\",\"name\":\"El BMW XM de 653 CV es s\u00f3lo un calentamiento - All cars news\",\"isPartOf\":{\"@id\":\"https:\/\/all-car-news.com\/es\/#website\"},\"datePublished\":\"2022-09-28T08:34:50+00:00\",\"dateModified\":\"2022-09-28T08:34:50+00:00\",\"breadcrumb\":{\"@id\":\"https:\/\/all-car-news.com\/es\/el-bmw-xm-de-653-cv-es-solo-un-calentamiento\/#breadcrumb\"},\"inLanguage\":\"es\",\"potentialAction\":[{\"@type\":\"ReadAction\",\"target\":[\"https:\/\/all-car-news.com\/es\/el-bmw-xm-de-653-cv-es-solo-un-calentamiento\/\"]}]},{\"@type\":\"BreadcrumbList\",\"@id\":\"https:\/\/all-car-news.com\/es\/el-bmw-xm-de-653-cv-es-solo-un-calentamiento\/#breadcrumb\",\"itemListElement\":[{\"@type\":\"ListItem\",\"position\":1,\"name\":\"Home\",\"item\":\"https:\/\/all-car-news.com\/es\/\"},{\"@type\":\"ListItem\",\"position\":2,\"name\":\"El BMW XM de 653 CV es s\u00f3lo un calentamiento\"}]},{\"@type\":\"WebSite\",\"@id\":\"https:\/\/all-car-news.com\/es\/#website\",\"url\":\"https:\/\/all-car-news.com\/es\/\",\"name\":\"All cars news\",\"description\":\"\",\"publisher\":{\"@id\":\"https:\/\/all-car-news.com\/es\/#organization\"},\"potentialAction\":[{\"@type\":\"SearchAction\",\"target\":{\"@type\":\"EntryPoint\",\"urlTemplate\":\"https:\/\/all-car-news.com\/es\/?s={search_term_string}\"},\"query-input\":\"required name=search_term_string\"}],\"inLanguage\":\"es\"},{\"@type\":\"Organization\",\"@id\":\"https:\/\/all-car-news.com\/es\/#organization\",\"name\":\"All cars news\",\"url\":\"https:\/\/all-car-news.com\/es\/\",\"logo\":{\"@type\":\"ImageObject\",\"inLanguage\":\"es\",\"@id\":\"https:\/\/all-car-news.com\/es\/#\/schema\/logo\/image\/\",\"url\":\"https:\/\/all-car-news.com\/wp-content\/uploads\/2022\/02\/CMYK-AllCarNews_LANDSCAPE_300px-1.png\",\"contentUrl\":\"https:\/\/all-car-news.com\/wp-content\/uploads\/2022\/02\/CMYK-AllCarNews_LANDSCAPE_300px-1.png\",\"width\":300,\"height\":100,\"caption\":\"All cars news\"},\"image\":{\"@id\":\"https:\/\/all-car-news.com\/es\/#\/schema\/logo\/image\/\"}}]}<\/script>\n<!-- \/ Yoast SEO plugin. -->","yoast_head_json":{"title":"El BMW XM de 653 CV es s\u00f3lo un calentamiento - All cars news","robots":{"index":"index","follow":"follow","max-snippet":"max-snippet:-1","max-image-preview":"max-image-preview:large","max-video-preview":"max-video-preview:-1"},"canonical":"https:\/\/all-car-news.com\/es\/el-bmw-xm-de-653-cv-es-solo-un-calentamiento\/","og_locale":"es_ES","og_type":"article","og_title":"El BMW XM de 653 CV es s\u00f3lo un calentamiento - All cars news","og_description":"Cae muy bien Jaja, bastante \"en tu cara\", \u00bfverdad? El BMW XM destaca. Eso fue incluso ya en traje de camuflaje. Los faros divididos en dos partes, la parrilla de ri\u00f1\u00f3n BMW Iconic Glow con adornos dorados y las grandes tomas de aire son los elementos caracter\u00edsticos del frontal del BMW XM. Por cierto, el BMW XM no es [...]","og_url":"https:\/\/all-car-news.com\/es\/el-bmw-xm-de-653-cv-es-solo-un-calentamiento\/","og_site_name":"All cars news","article_published_time":"2022-09-28T08:34:50+00:00","og_image":[{"url":"https:\/\/autorai.nl\/wp-content\/uploads\/2022\/09\/bmw-xm-2023-foto4-1140x760.jpg"}],"twitter_card":"summary_large_image","twitter_misc":{"Tiempo de lectura":"8 minutos"},"schema":{"@context":"https:\/\/schema.org","@graph":[{"@type":"Article","@id":"https:\/\/all-car-news.com\/es\/el-bmw-xm-de-653-cv-es-solo-un-calentamiento\/#article","isPartOf":{"@id":"https:\/\/all-car-news.com\/es\/el-bmw-xm-de-653-cv-es-solo-un-calentamiento\/"},"author":{"name":"","@id":""},"headline":"El BMW XM de 653 CV es s\u00f3lo un calentamiento","datePublished":"2022-09-28T08:34:50+00:00","dateModified":"2022-09-28T08:34:50+00:00","mainEntityOfPage":{"@id":"https:\/\/all-car-news.com\/es\/el-bmw-xm-de-653-cv-es-solo-un-calentamiento\/"},"wordCount":1559,"commentCount":0,"publisher":{"@id":"https:\/\/all-car-news.com\/es\/#organization"},"articleSection":["noticias de autos"],"inLanguage":"es","potentialAction":[{"@type":"CommentAction","name":"Comment","target":["https:\/\/all-car-news.com\/es\/el-bmw-xm-de-653-cv-es-solo-un-calentamiento\/#respond"]}]},{"@type":"WebPage","@id":"https:\/\/all-car-news.com\/es\/el-bmw-xm-de-653-cv-es-solo-un-calentamiento\/","url":"https:\/\/all-car-news.com\/es\/el-bmw-xm-de-653-cv-es-solo-un-calentamiento\/","name":"El BMW XM de 653 CV es s\u00f3lo un calentamiento - All cars news","isPartOf":{"@id":"https:\/\/all-car-news.com\/es\/#website"},"datePublished":"2022-09-28T08:34:50+00:00","dateModified":"2022-09-28T08:34:50+00:00","breadcrumb":{"@id":"https:\/\/all-car-news.com\/es\/el-bmw-xm-de-653-cv-es-solo-un-calentamiento\/#breadcrumb"},"inLanguage":"es","potentialAction":[{"@type":"ReadAction","target":["https:\/\/all-car-news.com\/es\/el-bmw-xm-de-653-cv-es-solo-un-calentamiento\/"]}]},{"@type":"BreadcrumbList","@id":"https:\/\/all-car-news.com\/es\/el-bmw-xm-de-653-cv-es-solo-un-calentamiento\/#breadcrumb","itemListElement":[{"@type":"ListItem","position":1,"name":"Home","item":"https:\/\/all-car-news.com\/es\/"},{"@type":"ListItem","position":2,"name":"El BMW XM de 653 CV es s\u00f3lo un calentamiento"}]},{"@type":"WebSite","@id":"https:\/\/all-car-news.com\/es\/#website","url":"https:\/\/all-car-news.com\/es\/","name":"All cars news","description":"","publisher":{"@id":"https:\/\/all-car-news.com\/es\/#organization"},"potentialAction":[{"@type":"SearchAction","target":{"@type":"EntryPoint","urlTemplate":"https:\/\/all-car-news.com\/es\/?s={search_term_string}"},"query-input":"required name=search_term_string"}],"inLanguage":"es"},{"@type":"Organization","@id":"https:\/\/all-car-news.com\/es\/#organization","name":"All cars news","url":"https:\/\/all-car-news.com\/es\/","logo":{"@type":"ImageObject","inLanguage":"es","@id":"https:\/\/all-car-news.com\/es\/#\/schema\/logo\/image\/","url":"https:\/\/all-car-news.com\/wp-content\/uploads\/2022\/02\/CMYK-AllCarNews_LANDSCAPE_300px-1.png","contentUrl":"https:\/\/all-car-news.com\/wp-content\/uploads\/2022\/02\/CMYK-AllCarNews_LANDSCAPE_300px-1.png","width":300,"height":100,"caption":"All cars news"},"image":{"@id":"https:\/\/all-car-news.com\/es\/#\/schema\/logo\/image\/"}}]}},"_links":{"self":[{"href":"https:\/\/all-car-news.com\/es\/wp-json\/wp\/v2\/posts\/124327","targetHints":{"allow":["GET"]}}],"collection":[{"href":"https:\/\/all-car-news.com\/es\/wp-json\/wp\/v2\/posts"}],"about":[{"href":"https:\/\/all-car-news.com\/es\/wp-json\/wp\/v2\/types\/post"}],"replies":[{"embeddable":true,"href":"https:\/\/all-car-news.com\/es\/wp-json\/wp\/v2\/comments?post=124327"}],"version-history":[{"count":0,"href":"https:\/\/all-car-news.com\/es\/wp-json\/wp\/v2\/posts\/124327\/revisions"}],"wp:featuredmedia":[{"embeddable":true,"href":"https:\/\/all-car-news.com\/es\/wp-json\/wp\/v2\/media\/124289"}],"wp:attachment":[{"href":"https:\/\/all-car-news.com\/es\/wp-json\/wp\/v2\/media?parent=124327"}],"wp:term":[{"taxonomy":"category","embeddable":true,"href":"https:\/\/all-car-news.com\/es\/wp-json\/wp\/v2\/categories?post=124327"},{"taxonomy":"post_tag","embeddable":true,"href":"https:\/\/all-car-news.com\/es\/wp-json\/wp\/v2\/tags?post=124327"}],"curies":[{"name":"wp","href":"https:\/\/api.w.org\/{rel}","templated":true}]}}