{"id":124226,"date":"2022-09-27T09:27:04","date_gmt":"2022-09-27T09:27:04","guid":{"rendered":"https:\/\/all-car-news.com\/el-volkswagen-gen-travel-concept-no-te-necesita\/"},"modified":"2022-09-27T09:27:04","modified_gmt":"2022-09-27T09:27:04","slug":"el-volkswagen-gen-travel-concept-no-te-necesita","status":"publish","type":"post","link":"https:\/\/all-car-news.com\/es\/el-volkswagen-gen-travel-concept-no-te-necesita\/","title":{"rendered":"El Volkswagen Gen.Travel Concept no te necesita"},"content":{"rendered":"<h2>Volkswagen Gen.Travel Concept<\/h2>\n<p>Volkswagen present\u00f3 el Gen.Travel Concept en el evento automovil\u00edstico Chantilly Arts &amp; Elegance, cerca de Par\u00eds. Seg\u00fan los alemanes, se trata de un estudio de dise\u00f1o innovador que \u00abredefinir\u00e1 la movilidad de larga distancia del futuro\u00bb. Eso s\u00ed que suena espectacular. De hecho, se trata de un veh\u00edculo de conducci\u00f3n aut\u00f3noma.<\/p>\n<h2>Conducci\u00f3n aut\u00f3noma de nivel 5<\/h2>\n<p>Existen diferentes gradaciones dentro de la conducci\u00f3n aut\u00f3noma, a saber, del <a href=\"https:\/\/autorai.nl\/level-0-tot-level-5-autonoom-rijden-uitleg-per-niveau\/\">nivel 0 al nivel 5.<\/a> El Volkswagen Gen.Travel Concept cumple el nivel 5. El conductor ya no tiene ning\u00fan papel en el veh\u00edculo. El coche puede conducir de forma completamente aut\u00f3noma. Como persona, no eres m\u00e1s que un pasajero en este Volkswagen. El coche te lleva a tu destino y no tienes que hacer nada.<\/p>\n<figure class=\"wp-block-image size-content\"><img decoding=\"async\" loading=\"lazy\" width=\"1140\" height=\"713\" src=\"https:\/\/autorai.nl\/wp-content\/uploads\/2022\/09\/Volkswagen-Gen.Travel-Concept-2022-foto7-1140x713.jpg\" alt=\"\" class=\"wp-image-132127\"><\/figure>\n<h2>Interior<\/h2>\n<p>El interior es totalmente modulable y est\u00e1 dispuesto como una sala de estar para que pueda trabajar o relajarse sobre la marcha. En total, el veh\u00edculo el\u00e9ctrico tiene capacidad para cuatro personas. \u00abEl Gen.Travel nos ofrece una visi\u00f3n de los viajes en el futuro. Nos muestra c\u00f3mo ser\u00e1 la conducci\u00f3n aut\u00f3noma en el futuro\u00bb, dijo Klaus Zyciora, Jefe de Dise\u00f1o del Grupo Volkswagen.<\/p>\n<h2>Enfermedad del coche<\/h2>\n<p>La iluminaci\u00f3n din\u00e1mica garantiza un entorno de trabajo agradable y evita el peligro de mareo. Una configuraci\u00f3n de noche permite convertir dos asientos en dos camas que se despliegan completamente. Gracias a las puertas de ala, entrar y salir es f\u00e1cil.<\/p>\n<h2>Sistema inteligente: eABC<\/h2>\n<p>El coche cuenta con el eABC, abreviatura de Control Activo de la Carrocer\u00eda el\u00e9ctrico. Este sistema calcula r\u00e1pidamente los movimientos verticales y laterales que se producen durante la aceleraci\u00f3n, el frenado o las curvas. As\u00ed, el sistema puede optimizar la manipulaci\u00f3n. El Volkswagen Gen.Travel Concept cuenta adem\u00e1s con inteligencia artificial (IA) y platooning -conducci\u00f3n totalmente aut\u00f3noma en convoyes- para aumentar la autonom\u00eda durante las largas distancias.<\/p>\n<div class=\"galery shuffle galery-0\">\n<figure>\n\t\t\t\t\t<span style=\"cursor: pointer\" data-src=\"https:\/\/autorai.nl\/wp-content\/uploads\/2022\/09\/Volkswagen-Gen.Travel-Concept-2022-foto2-1600x1000.jpg\" data-fancybox=\"galery-0\" title=\"\"><br \/>\n\t\t\t\t\t\t\t<img decoding=\"async\" width=\"640\" height=\"480\" src=\"https:\/\/autorai.nl\/wp-content\/uploads\/2022\/09\/Volkswagen-Gen.Travel-Concept-2022-foto2-640x480.jpg\" class=\"attachment-medium size-medium\" alt=\"\" loading=\"lazy\"><i class=\"fa fa-search-plus\" aria-hidden=\"true\"><\/i><br \/>\n\t\t\t\t\t\t<\/span><br \/>\n\t\t\t\t\t<\/figure>\n<figure>\n\t\t\t\t\t<span style=\"cursor: pointer\" data-src=\"https:\/\/autorai.nl\/wp-content\/uploads\/2022\/09\/Volkswagen-Gen.Travel-Concept-2022-foto1-1600x1000.jpg\" data-fancybox=\"galery-0\" title=\"\"><br \/>\n\t\t\t\t\t\t\t<img decoding=\"async\" width=\"360\" height=\"270\" src=\"https:\/\/autorai.nl\/wp-content\/uploads\/2022\/09\/Volkswagen-Gen.Travel-Concept-2022-foto1-360x270.jpg\" class=\"attachment-small size-small\" alt=\"Volkswagen Gen.Travel Concept\" loading=\"lazy\"><i class=\"fa fa-search-plus\" aria-hidden=\"true\"><\/i><br \/>\n\t\t\t\t\t\t<\/span><br \/>\n\t\t\t\t\t<\/figure>\n<figure>\n\t\t\t\t\t<span style=\"cursor: pointer\" data-src=\"https:\/\/autorai.nl\/wp-content\/uploads\/2022\/09\/Volkswagen-Gen.Travel-Concept-2022-foto3-1600x1000.jpg\" data-fancybox=\"galery-0\" title=\"\"><br \/>\n\t\t\t\t\t\t\t<img decoding=\"async\" width=\"360\" height=\"270\" src=\"https:\/\/autorai.nl\/wp-content\/uploads\/2022\/09\/Volkswagen-Gen.Travel-Concept-2022-foto3-360x270.jpg\" class=\"attachment-small size-small\" alt=\"\" loading=\"lazy\"><i class=\"fa fa-search-plus\" aria-hidden=\"true\"><\/i><br \/>\n\t\t\t\t\t\t<\/span><br \/>\n\t\t\t\t\t<\/figure>\n<figure>\n\t\t\t\t\t<span style=\"cursor: pointer\" data-src=\"https:\/\/autorai.nl\/wp-content\/uploads\/2022\/09\/Volkswagen-Gen.Travel-Concept-2022-foto5-1600x1000.jpg\" data-fancybox=\"galery-0\" title=\"\"><br \/>\n\t\t\t\t\t\t\t<img decoding=\"async\" width=\"640\" height=\"480\" src=\"https:\/\/autorai.nl\/wp-content\/uploads\/2022\/09\/Volkswagen-Gen.Travel-Concept-2022-foto5-640x480.jpg\" class=\"attachment-medium size-medium\" alt=\"\" loading=\"lazy\"><i class=\"fa fa-search-plus\" aria-hidden=\"true\"><\/i><br \/>\n\t\t\t\t\t\t<\/span><br \/>\n\t\t\t\t\t<\/figure>\n<figure>\n\t\t\t\t\t<span style=\"cursor: pointer\" data-src=\"https:\/\/autorai.nl\/wp-content\/uploads\/2022\/09\/Volkswagen-Gen.Travel-Concept-2022-foto6-1600x1000.jpg\" data-fancybox=\"galery-0\" title=\"\"><br \/>\n\t\t\t\t\t\t\t<img decoding=\"async\" width=\"360\" height=\"270\" src=\"https:\/\/autorai.nl\/wp-content\/uploads\/2022\/09\/Volkswagen-Gen.Travel-Concept-2022-foto6-360x270.jpg\" class=\"attachment-small size-small\" alt=\"\" loading=\"lazy\"><i class=\"fa fa-search-plus\" aria-hidden=\"true\"><\/i><br \/>\n\t\t\t\t\t\t<\/span><br \/>\n\t\t\t\t\t<\/figure>\n<figure>\n\t\t\t\t\t<span style=\"cursor: pointer\" data-src=\"https:\/\/autorai.nl\/wp-content\/uploads\/2022\/09\/Volkswagen-Gen.Travel-Concept-2022-foto4-1600x1000.jpg\" data-fancybox=\"galery-0\" title=\"\"><br \/>\n\t\t\t\t\t\t\t<img decoding=\"async\" width=\"360\" height=\"270\" src=\"https:\/\/autorai.nl\/wp-content\/uploads\/2022\/09\/Volkswagen-Gen.Travel-Concept-2022-foto4-360x270.jpg\" class=\"attachment-small size-small\" alt=\"\" loading=\"lazy\"><i class=\"fa fa-search-plus\" aria-hidden=\"true\"><\/i><br \/>\n\t\t\t\t\t\t<\/span><br \/>\n\t\t\t\t\t<\/figure>\n<figure>\n\t\t\t\t\t<span style=\"cursor: pointer\" data-src=\"https:\/\/autorai.nl\/wp-content\/uploads\/2022\/09\/Volkswagen-Gen.Travel-Concept-2022-foto10-1600x1000.jpg\" data-fancybox=\"galery-0\" title=\"\"><br \/>\n\t\t\t\t\t\t\t<img decoding=\"async\" width=\"640\" height=\"480\" src=\"https:\/\/autorai.nl\/wp-content\/uploads\/2022\/09\/Volkswagen-Gen.Travel-Concept-2022-foto10-640x480.jpg\" class=\"attachment-medium size-medium\" alt=\"\" loading=\"lazy\"><i class=\"fa fa-search-plus\" aria-hidden=\"true\"><\/i><br \/>\n\t\t\t\t\t\t<\/span><br \/>\n\t\t\t\t\t<\/figure>\n<figure>\n\t\t\t\t\t<span style=\"cursor: pointer\" data-src=\"https:\/\/autorai.nl\/wp-content\/uploads\/2022\/09\/Volkswagen-Gen.Travel-Concept-2022-foto9-1600x1000.jpg\" data-fancybox=\"galery-0\" title=\"\"><br \/>\n\t\t\t\t\t\t\t<img decoding=\"async\" width=\"360\" height=\"270\" src=\"https:\/\/autorai.nl\/wp-content\/uploads\/2022\/09\/Volkswagen-Gen.Travel-Concept-2022-foto9-360x270.jpg\" class=\"attachment-small size-small\" alt=\"\" loading=\"lazy\"><i class=\"fa fa-search-plus\" aria-hidden=\"true\"><\/i><br \/>\n\t\t\t\t\t\t<\/span><br \/>\n\t\t\t\t\t<\/figure>\n<figure>\n\t\t\t\t\t<span style=\"cursor: pointer\" data-src=\"https:\/\/autorai.nl\/wp-content\/uploads\/2022\/09\/Volkswagen-Gen.Travel-Concept-2022-foto8-1600x1000.jpg\" data-fancybox=\"galery-0\" title=\"\"><br \/>\n\t\t\t\t\t\t\t<img decoding=\"async\" width=\"360\" height=\"270\" src=\"https:\/\/autorai.nl\/wp-content\/uploads\/2022\/09\/Volkswagen-Gen.Travel-Concept-2022-foto8-360x270.jpg\" class=\"attachment-small size-small\" alt=\"\" loading=\"lazy\"><i class=\"fa fa-search-plus\" aria-hidden=\"true\"><\/i><br \/>\n\t\t\t\t\t\t<\/span><br \/>\n\t\t\t\t\t<\/figure>\n<div class=\"clear\"><\/div>\n<\/div>\n","protected":false},"excerpt":{"rendered":"Volkswagen Gen.Travel Concept Volkswagen present\u00f3 el Gen.Travel Concept en el evento automovil\u00edstico Chantilly Arts &amp; Elegance, cerca de Par\u00eds. Seg\u00fan&hellip;","protected":false},"author":0,"featured_media":124185,"comment_status":"open","ping_status":"open","sticky":false,"template":"","format":"standard","meta":{"footnotes":""},"categories":[126],"tags":[],"class_list":["post-124226","post","type-post","status-publish","format-standard","has-post-thumbnail","hentry","category-noticias-de-autos"],"acf":[],"yoast_head":"<!-- This site is optimized with the Yoast SEO plugin v21.2 - https:\/\/yoast.com\/wordpress\/plugins\/seo\/ -->\n<title>El Volkswagen Gen.Travel Concept no te necesita - All cars news<\/title>\n<meta name=\"robots\" content=\"index, follow, max-snippet:-1, max-image-preview:large, max-video-preview:-1\" \/>\n<link rel=\"canonical\" href=\"https:\/\/all-car-news.com\/es\/el-volkswagen-gen-travel-concept-no-te-necesita\/\" \/>\n<meta property=\"og:locale\" content=\"es_ES\" \/>\n<meta property=\"og:type\" content=\"article\" \/>\n<meta property=\"og:title\" content=\"El Volkswagen Gen.Travel Concept no te necesita - All cars news\" \/>\n<meta property=\"og:description\" content=\"Volkswagen Gen.Travel Concept Volkswagen present\u00f3 el Gen.Travel Concept en el evento automovil\u00edstico Chantilly Arts &amp; Elegance, cerca de Par\u00eds. Seg\u00fan los alemanes, se trata de un estudio de dise\u00f1o innovador que &quot;redefinir\u00e1 la movilidad de larga distancia del futuro&quot;. Eso s\u00ed que suena espectacular. De hecho, se trata de un veh\u00edculo de conducci\u00f3n aut\u00f3noma. Conducci\u00f3n aut\u00f3noma de nivel 5 Dentro de [...]\" \/>\n<meta property=\"og:url\" content=\"https:\/\/all-car-news.com\/es\/el-volkswagen-gen-travel-concept-no-te-necesita\/\" \/>\n<meta property=\"og:site_name\" content=\"All cars news\" \/>\n<meta property=\"article:published_time\" content=\"2022-09-27T09:27:04+00:00\" \/>\n<meta property=\"og:image\" content=\"https:\/\/autorai.nl\/wp-content\/uploads\/2022\/09\/Volkswagen-Gen.Travel-Concept-2022-foto7-1140x713.jpg\" \/>\n<meta name=\"twitter:card\" content=\"summary_large_image\" \/>\n<meta name=\"twitter:label1\" content=\"Tiempo de lectura\" \/>\n\t<meta name=\"twitter:data1\" content=\"2 minutos\" \/>\n<script type=\"application\/ld+json\" class=\"yoast-schema-graph\">{\"@context\":\"https:\/\/schema.org\",\"@graph\":[{\"@type\":\"Article\",\"@id\":\"https:\/\/all-car-news.com\/es\/el-volkswagen-gen-travel-concept-no-te-necesita\/#article\",\"isPartOf\":{\"@id\":\"https:\/\/all-car-news.com\/es\/el-volkswagen-gen-travel-concept-no-te-necesita\/\"},\"author\":{\"name\":\"\",\"@id\":\"\"},\"headline\":\"El Volkswagen Gen.Travel Concept no te necesita\",\"datePublished\":\"2022-09-27T09:27:04+00:00\",\"dateModified\":\"2022-09-27T09:27:04+00:00\",\"mainEntityOfPage\":{\"@id\":\"https:\/\/all-car-news.com\/es\/el-volkswagen-gen-travel-concept-no-te-necesita\/\"},\"wordCount\":346,\"commentCount\":0,\"publisher\":{\"@id\":\"https:\/\/all-car-news.com\/es\/#organization\"},\"articleSection\":[\"noticias de autos\"],\"inLanguage\":\"es\",\"potentialAction\":[{\"@type\":\"CommentAction\",\"name\":\"Comment\",\"target\":[\"https:\/\/all-car-news.com\/es\/el-volkswagen-gen-travel-concept-no-te-necesita\/#respond\"]}]},{\"@type\":\"WebPage\",\"@id\":\"https:\/\/all-car-news.com\/es\/el-volkswagen-gen-travel-concept-no-te-necesita\/\",\"url\":\"https:\/\/all-car-news.com\/es\/el-volkswagen-gen-travel-concept-no-te-necesita\/\",\"name\":\"El Volkswagen Gen.Travel Concept no te necesita - All cars news\",\"isPartOf\":{\"@id\":\"https:\/\/all-car-news.com\/es\/#website\"},\"datePublished\":\"2022-09-27T09:27:04+00:00\",\"dateModified\":\"2022-09-27T09:27:04+00:00\",\"breadcrumb\":{\"@id\":\"https:\/\/all-car-news.com\/es\/el-volkswagen-gen-travel-concept-no-te-necesita\/#breadcrumb\"},\"inLanguage\":\"es\",\"potentialAction\":[{\"@type\":\"ReadAction\",\"target\":[\"https:\/\/all-car-news.com\/es\/el-volkswagen-gen-travel-concept-no-te-necesita\/\"]}]},{\"@type\":\"BreadcrumbList\",\"@id\":\"https:\/\/all-car-news.com\/es\/el-volkswagen-gen-travel-concept-no-te-necesita\/#breadcrumb\",\"itemListElement\":[{\"@type\":\"ListItem\",\"position\":1,\"name\":\"Home\",\"item\":\"https:\/\/all-car-news.com\/es\/\"},{\"@type\":\"ListItem\",\"position\":2,\"name\":\"El Volkswagen Gen.Travel Concept no te necesita\"}]},{\"@type\":\"WebSite\",\"@id\":\"https:\/\/all-car-news.com\/es\/#website\",\"url\":\"https:\/\/all-car-news.com\/es\/\",\"name\":\"All cars news\",\"description\":\"\",\"publisher\":{\"@id\":\"https:\/\/all-car-news.com\/es\/#organization\"},\"potentialAction\":[{\"@type\":\"SearchAction\",\"target\":{\"@type\":\"EntryPoint\",\"urlTemplate\":\"https:\/\/all-car-news.com\/es\/?s={search_term_string}\"},\"query-input\":\"required name=search_term_string\"}],\"inLanguage\":\"es\"},{\"@type\":\"Organization\",\"@id\":\"https:\/\/all-car-news.com\/es\/#organization\",\"name\":\"All cars news\",\"url\":\"https:\/\/all-car-news.com\/es\/\",\"logo\":{\"@type\":\"ImageObject\",\"inLanguage\":\"es\",\"@id\":\"https:\/\/all-car-news.com\/es\/#\/schema\/logo\/image\/\",\"url\":\"https:\/\/all-car-news.com\/wp-content\/uploads\/2022\/02\/CMYK-AllCarNews_LANDSCAPE_300px-1.png\",\"contentUrl\":\"https:\/\/all-car-news.com\/wp-content\/uploads\/2022\/02\/CMYK-AllCarNews_LANDSCAPE_300px-1.png\",\"width\":300,\"height\":100,\"caption\":\"All cars news\"},\"image\":{\"@id\":\"https:\/\/all-car-news.com\/es\/#\/schema\/logo\/image\/\"}}]}<\/script>\n<!-- \/ Yoast SEO plugin. -->","yoast_head_json":{"title":"El Volkswagen Gen.Travel Concept no te necesita - All cars news","robots":{"index":"index","follow":"follow","max-snippet":"max-snippet:-1","max-image-preview":"max-image-preview:large","max-video-preview":"max-video-preview:-1"},"canonical":"https:\/\/all-car-news.com\/es\/el-volkswagen-gen-travel-concept-no-te-necesita\/","og_locale":"es_ES","og_type":"article","og_title":"El Volkswagen Gen.Travel Concept no te necesita - All cars news","og_description":"Volkswagen Gen.Travel Concept Volkswagen present\u00f3 el Gen.Travel Concept en el evento automovil\u00edstico Chantilly Arts &amp; Elegance, cerca de Par\u00eds. Seg\u00fan los alemanes, se trata de un estudio de dise\u00f1o innovador que \"redefinir\u00e1 la movilidad de larga distancia del futuro\". Eso s\u00ed que suena espectacular. De hecho, se trata de un veh\u00edculo de conducci\u00f3n aut\u00f3noma. Conducci\u00f3n aut\u00f3noma de nivel 5 Dentro de [...]","og_url":"https:\/\/all-car-news.com\/es\/el-volkswagen-gen-travel-concept-no-te-necesita\/","og_site_name":"All cars news","article_published_time":"2022-09-27T09:27:04+00:00","og_image":[{"url":"https:\/\/autorai.nl\/wp-content\/uploads\/2022\/09\/Volkswagen-Gen.Travel-Concept-2022-foto7-1140x713.jpg"}],"twitter_card":"summary_large_image","twitter_misc":{"Tiempo de lectura":"2 minutos"},"schema":{"@context":"https:\/\/schema.org","@graph":[{"@type":"Article","@id":"https:\/\/all-car-news.com\/es\/el-volkswagen-gen-travel-concept-no-te-necesita\/#article","isPartOf":{"@id":"https:\/\/all-car-news.com\/es\/el-volkswagen-gen-travel-concept-no-te-necesita\/"},"author":{"name":"","@id":""},"headline":"El Volkswagen Gen.Travel Concept no te necesita","datePublished":"2022-09-27T09:27:04+00:00","dateModified":"2022-09-27T09:27:04+00:00","mainEntityOfPage":{"@id":"https:\/\/all-car-news.com\/es\/el-volkswagen-gen-travel-concept-no-te-necesita\/"},"wordCount":346,"commentCount":0,"publisher":{"@id":"https:\/\/all-car-news.com\/es\/#organization"},"articleSection":["noticias de autos"],"inLanguage":"es","potentialAction":[{"@type":"CommentAction","name":"Comment","target":["https:\/\/all-car-news.com\/es\/el-volkswagen-gen-travel-concept-no-te-necesita\/#respond"]}]},{"@type":"WebPage","@id":"https:\/\/all-car-news.com\/es\/el-volkswagen-gen-travel-concept-no-te-necesita\/","url":"https:\/\/all-car-news.com\/es\/el-volkswagen-gen-travel-concept-no-te-necesita\/","name":"El Volkswagen Gen.Travel Concept no te necesita - All cars news","isPartOf":{"@id":"https:\/\/all-car-news.com\/es\/#website"},"datePublished":"2022-09-27T09:27:04+00:00","dateModified":"2022-09-27T09:27:04+00:00","breadcrumb":{"@id":"https:\/\/all-car-news.com\/es\/el-volkswagen-gen-travel-concept-no-te-necesita\/#breadcrumb"},"inLanguage":"es","potentialAction":[{"@type":"ReadAction","target":["https:\/\/all-car-news.com\/es\/el-volkswagen-gen-travel-concept-no-te-necesita\/"]}]},{"@type":"BreadcrumbList","@id":"https:\/\/all-car-news.com\/es\/el-volkswagen-gen-travel-concept-no-te-necesita\/#breadcrumb","itemListElement":[{"@type":"ListItem","position":1,"name":"Home","item":"https:\/\/all-car-news.com\/es\/"},{"@type":"ListItem","position":2,"name":"El Volkswagen Gen.Travel Concept no te necesita"}]},{"@type":"WebSite","@id":"https:\/\/all-car-news.com\/es\/#website","url":"https:\/\/all-car-news.com\/es\/","name":"All cars news","description":"","publisher":{"@id":"https:\/\/all-car-news.com\/es\/#organization"},"potentialAction":[{"@type":"SearchAction","target":{"@type":"EntryPoint","urlTemplate":"https:\/\/all-car-news.com\/es\/?s={search_term_string}"},"query-input":"required name=search_term_string"}],"inLanguage":"es"},{"@type":"Organization","@id":"https:\/\/all-car-news.com\/es\/#organization","name":"All cars news","url":"https:\/\/all-car-news.com\/es\/","logo":{"@type":"ImageObject","inLanguage":"es","@id":"https:\/\/all-car-news.com\/es\/#\/schema\/logo\/image\/","url":"https:\/\/all-car-news.com\/wp-content\/uploads\/2022\/02\/CMYK-AllCarNews_LANDSCAPE_300px-1.png","contentUrl":"https:\/\/all-car-news.com\/wp-content\/uploads\/2022\/02\/CMYK-AllCarNews_LANDSCAPE_300px-1.png","width":300,"height":100,"caption":"All cars news"},"image":{"@id":"https:\/\/all-car-news.com\/es\/#\/schema\/logo\/image\/"}}]}},"_links":{"self":[{"href":"https:\/\/all-car-news.com\/es\/wp-json\/wp\/v2\/posts\/124226","targetHints":{"allow":["GET"]}}],"collection":[{"href":"https:\/\/all-car-news.com\/es\/wp-json\/wp\/v2\/posts"}],"about":[{"href":"https:\/\/all-car-news.com\/es\/wp-json\/wp\/v2\/types\/post"}],"replies":[{"embeddable":true,"href":"https:\/\/all-car-news.com\/es\/wp-json\/wp\/v2\/comments?post=124226"}],"version-history":[{"count":0,"href":"https:\/\/all-car-news.com\/es\/wp-json\/wp\/v2\/posts\/124226\/revisions"}],"wp:featuredmedia":[{"embeddable":true,"href":"https:\/\/all-car-news.com\/es\/wp-json\/wp\/v2\/media\/124185"}],"wp:attachment":[{"href":"https:\/\/all-car-news.com\/es\/wp-json\/wp\/v2\/media?parent=124226"}],"wp:term":[{"taxonomy":"category","embeddable":true,"href":"https:\/\/all-car-news.com\/es\/wp-json\/wp\/v2\/categories?post=124226"},{"taxonomy":"post_tag","embeddable":true,"href":"https:\/\/all-car-news.com\/es\/wp-json\/wp\/v2\/tags?post=124226"}],"curies":[{"name":"wp","href":"https:\/\/api.w.org\/{rel}","templated":true}]}}