{"id":123903,"date":"2022-09-16T10:17:15","date_gmt":"2022-09-16T10:17:15","guid":{"rendered":"https:\/\/all-car-news.com\/el-dacia-manifesto-es-una-navaja-suiza-sobre-ruedas\/"},"modified":"2022-09-16T10:17:15","modified_gmt":"2022-09-16T10:17:15","slug":"el-dacia-manifesto-es-una-navaja-suiza-sobre-ruedas","status":"publish","type":"post","link":"https:\/\/all-car-news.com\/es\/el-dacia-manifesto-es-una-navaja-suiza-sobre-ruedas\/","title":{"rendered":"El Dacia Manifesto es una navaja suiza sobre ruedas"},"content":{"rendered":"<h2>Concepto de coche<\/h2>\n<p>Qu\u00e9 bueno, \u00bfno? Pero, por desgracia, tenemos que decepcionarle inmediatamente. Este Dacia Manifesto no es un concepto para un futuro modelo. As\u00ed que Dacia no va a presentar en breve un todoterreno ligero con un aspecto insano. El nombre del coche ya delata cu\u00e1l es el prop\u00f3sito del Manifiesto: da una idea de la direcci\u00f3n que la compa\u00f1\u00eda quiere tomar en el futuro en t\u00e9rminos de dise\u00f1o y caracter\u00edsticas.  <\/p>\n<figure class=\"wp-block-image size-content\"><img decoding=\"async\" loading=\"lazy\" width=\"1140\" height=\"641\" src=\"https:\/\/autorai.nl\/wp-content\/uploads\/2022\/09\/07_Manifesto-het-living-lab-van-Dacia-1140x641.jpg\" alt=\"\" class=\"wp-image-131504\"><\/figure>\n<h2>Actividades al aire libre<\/h2>\n<p>Seg\u00fan la marca, sus clientes aman la naturaleza y las actividades al aire libre. As\u00ed que un todoterreno ecol\u00f3gico es exactamente lo que buscan los clientes de Dacia. El Dacia Manifesto Concept, pues, es precisamente eso. El modelo requiere pocas materias primas. Eso se ve enseguida, ya que tampoco tiene puertas, ventanas ni parabrisas. Esto permite a los conductores disfrutar m\u00e1s de la naturaleza, seg\u00fan la marca.  <\/p>\n<figure class=\"wp-block-image size-content\"><img decoding=\"async\" loading=\"lazy\" width=\"1140\" height=\"641\" src=\"https:\/\/autorai.nl\/wp-content\/uploads\/2022\/09\/11_Manifesto-het-living-lab-van-Dacia-1140x641.jpg\" alt=\"\" class=\"wp-image-131505\"><\/figure>\n<h2>Compacto<\/h2>\n<p>En las fotos parece bastante grande, pero el Manifiesto es bastante compacto en la vida real: mide unos 3,6 metros de largo, 1,85 de ancho y 1,55 de alto. Los paneles de la carrocer\u00eda est\u00e1n hechos de un pl\u00e1stico especial llamado Starkle. Est\u00e1 hecho de polipropileno reciclado. El interior utiliza muchos materiales naturales, como el corcho, que cubre casi todo el salpicadero. En otras palabras, agradable y sostenible.<\/p>\n<figure class=\"wp-block-image size-content\"><img decoding=\"async\" loading=\"lazy\" width=\"1140\" height=\"641\" src=\"https:\/\/autorai.nl\/wp-content\/uploads\/2022\/09\/03_Manifesto-het-living-lab-van-Dacia-1140x641.jpg\" alt=\"\" class=\"wp-image-131506\"><\/figure>\n<h2>Gadgets<\/h2>\n<p>El Manifiesto es una especie de navaja suiza de conducci\u00f3n. As\u00ed, al igual que en algunas versiones de los modelos actuales de Dacia, se puede utilizar el smartphone como sistema de infoentretenimiento. El faro delantero -s\u00f3lo hay uno- de la Manifesto es desmontable y puede convertirse en una linterna. Tambi\u00e9n est\u00e1 el YouClip, una innovaci\u00f3n que se aplicar\u00e1 en futuros modelos. Se trata de un sistema que permite acoplar muy f\u00e1cilmente accesorios pr\u00e1cticos y modulares, como un portavasos o un soporte para el tel\u00e9fono.  <\/p>\n<figure class=\"wp-block-image size-content\"><img decoding=\"async\" loading=\"lazy\" width=\"1140\" height=\"641\" src=\"https:\/\/autorai.nl\/wp-content\/uploads\/2022\/09\/13_Manifesto-het-living-lab-van-Dacia-1140x641.jpg\" alt=\"\" class=\"wp-image-131509\"><\/figure>\n<h2>Impermeable<\/h2>\n<p>El coche es completamente impermeable, por lo que se puede lavar el interior con una manguera de jard\u00edn, por as\u00ed decirlo. A continuaci\u00f3n, deber\u00e1 retirar la funda del asiento para su limpieza. Esto es muy f\u00e1cil de hacer y se puede utilizar inmediatamente la cubierta del asiento como un saco de dormir. Como el coche no tiene parabrisas, pondr\u00edamos la funda del asiento enseguida.<\/p>\n<figure class=\"wp-block-image size-content\"><img decoding=\"async\" loading=\"lazy\" width=\"1140\" height=\"641\" src=\"https:\/\/autorai.nl\/wp-content\/uploads\/2022\/09\/02_Manifesto-het-living-lab-van-Dacia-1140x641.jpg\" alt=\"\" class=\"wp-image-131507\"><\/figure>\n<h2>Barras de techo<\/h2>\n<p>Al igual que en muchos modelos actuales de Dacia, como el Jogger, el concept car cuenta con ra\u00edles de techo modulares. Puedes colocarlos de forma transversal para poder instalar un cofre de techo o poner un par de bicicletas en el techo. Tambi\u00e9n cuenta con una bater\u00eda extra\u00edble que puede utilizarse como fuente de energ\u00eda port\u00e1til para actividades al aire libre.<\/p>\n<p>Tambi\u00e9n mira:<\/p>\n<figure class=\"wp-block-embed is-type-video is-provider-youtube wp-block-embed-youtube wp-embed-aspect-16-9 wp-has-aspect-ratio\">\n<div class=\"wp-block-embed__wrapper\">\n<\/div>\n<\/figure>\n","protected":false},"excerpt":{"rendered":"Concepto de coche \u00a1Genial! Pero, por desgracia, tenemos que decepcionarle inmediatamente. Este Manifiesto Dacia no es un concepto para un&hellip;","protected":false},"author":0,"featured_media":123865,"comment_status":"open","ping_status":"open","sticky":false,"template":"","format":"standard","meta":{"footnotes":""},"categories":[126],"tags":[],"class_list":["post-123903","post","type-post","status-publish","format-standard","has-post-thumbnail","hentry","category-noticias-de-autos"],"acf":[],"yoast_head":"<!-- This site is optimized with the Yoast SEO plugin v21.2 - https:\/\/yoast.com\/wordpress\/plugins\/seo\/ -->\n<title>El Dacia Manifesto es una navaja suiza sobre ruedas - All cars news<\/title>\n<meta name=\"robots\" content=\"index, follow, max-snippet:-1, max-image-preview:large, max-video-preview:-1\" \/>\n<link rel=\"canonical\" href=\"https:\/\/all-car-news.com\/es\/el-dacia-manifesto-es-una-navaja-suiza-sobre-ruedas\/\" \/>\n<meta property=\"og:locale\" content=\"es_ES\" \/>\n<meta property=\"og:type\" content=\"article\" \/>\n<meta property=\"og:title\" content=\"El Dacia Manifesto es una navaja suiza sobre ruedas - All cars news\" \/>\n<meta property=\"og:description\" content=\"Concepto de coche \u00a1Genial! Pero, por desgracia, tenemos que decepcionarle inmediatamente. Este Manifiesto Dacia no es un concepto para un futuro modelo. Por lo tanto, Dacia no va a presentar un todoterreno ligero con un aspecto insano a corto plazo. El nombre del coche ya delata cu\u00e1l es el prop\u00f3sito del Manifiesto: da una idea de por d\u00f3nde va el [...]\" \/>\n<meta property=\"og:url\" content=\"https:\/\/all-car-news.com\/es\/el-dacia-manifesto-es-una-navaja-suiza-sobre-ruedas\/\" \/>\n<meta property=\"og:site_name\" content=\"All cars news\" \/>\n<meta property=\"article:published_time\" content=\"2022-09-16T10:17:15+00:00\" \/>\n<meta property=\"og:image\" content=\"https:\/\/autorai.nl\/wp-content\/uploads\/2022\/09\/07_Manifesto-het-living-lab-van-Dacia-1140x641.jpg\" \/>\n<meta name=\"twitter:card\" content=\"summary_large_image\" \/>\n<meta name=\"twitter:label1\" content=\"Tiempo de lectura\" \/>\n\t<meta name=\"twitter:data1\" content=\"2 minutos\" \/>\n<script type=\"application\/ld+json\" class=\"yoast-schema-graph\">{\"@context\":\"https:\/\/schema.org\",\"@graph\":[{\"@type\":\"Article\",\"@id\":\"https:\/\/all-car-news.com\/es\/el-dacia-manifesto-es-una-navaja-suiza-sobre-ruedas\/#article\",\"isPartOf\":{\"@id\":\"https:\/\/all-car-news.com\/es\/el-dacia-manifesto-es-una-navaja-suiza-sobre-ruedas\/\"},\"author\":{\"name\":\"\",\"@id\":\"\"},\"headline\":\"El Dacia Manifesto es una navaja suiza sobre ruedas\",\"datePublished\":\"2022-09-16T10:17:15+00:00\",\"dateModified\":\"2022-09-16T10:17:15+00:00\",\"mainEntityOfPage\":{\"@id\":\"https:\/\/all-car-news.com\/es\/el-dacia-manifesto-es-una-navaja-suiza-sobre-ruedas\/\"},\"wordCount\":466,\"commentCount\":0,\"publisher\":{\"@id\":\"https:\/\/all-car-news.com\/es\/#organization\"},\"articleSection\":[\"noticias de autos\"],\"inLanguage\":\"es\",\"potentialAction\":[{\"@type\":\"CommentAction\",\"name\":\"Comment\",\"target\":[\"https:\/\/all-car-news.com\/es\/el-dacia-manifesto-es-una-navaja-suiza-sobre-ruedas\/#respond\"]}]},{\"@type\":\"WebPage\",\"@id\":\"https:\/\/all-car-news.com\/es\/el-dacia-manifesto-es-una-navaja-suiza-sobre-ruedas\/\",\"url\":\"https:\/\/all-car-news.com\/es\/el-dacia-manifesto-es-una-navaja-suiza-sobre-ruedas\/\",\"name\":\"El Dacia Manifesto es una navaja suiza sobre ruedas - All cars news\",\"isPartOf\":{\"@id\":\"https:\/\/all-car-news.com\/es\/#website\"},\"datePublished\":\"2022-09-16T10:17:15+00:00\",\"dateModified\":\"2022-09-16T10:17:15+00:00\",\"breadcrumb\":{\"@id\":\"https:\/\/all-car-news.com\/es\/el-dacia-manifesto-es-una-navaja-suiza-sobre-ruedas\/#breadcrumb\"},\"inLanguage\":\"es\",\"potentialAction\":[{\"@type\":\"ReadAction\",\"target\":[\"https:\/\/all-car-news.com\/es\/el-dacia-manifesto-es-una-navaja-suiza-sobre-ruedas\/\"]}]},{\"@type\":\"BreadcrumbList\",\"@id\":\"https:\/\/all-car-news.com\/es\/el-dacia-manifesto-es-una-navaja-suiza-sobre-ruedas\/#breadcrumb\",\"itemListElement\":[{\"@type\":\"ListItem\",\"position\":1,\"name\":\"Home\",\"item\":\"https:\/\/all-car-news.com\/es\/\"},{\"@type\":\"ListItem\",\"position\":2,\"name\":\"El Dacia Manifesto es una navaja suiza sobre ruedas\"}]},{\"@type\":\"WebSite\",\"@id\":\"https:\/\/all-car-news.com\/es\/#website\",\"url\":\"https:\/\/all-car-news.com\/es\/\",\"name\":\"All cars news\",\"description\":\"\",\"publisher\":{\"@id\":\"https:\/\/all-car-news.com\/es\/#organization\"},\"potentialAction\":[{\"@type\":\"SearchAction\",\"target\":{\"@type\":\"EntryPoint\",\"urlTemplate\":\"https:\/\/all-car-news.com\/es\/?s={search_term_string}\"},\"query-input\":\"required name=search_term_string\"}],\"inLanguage\":\"es\"},{\"@type\":\"Organization\",\"@id\":\"https:\/\/all-car-news.com\/es\/#organization\",\"name\":\"All cars news\",\"url\":\"https:\/\/all-car-news.com\/es\/\",\"logo\":{\"@type\":\"ImageObject\",\"inLanguage\":\"es\",\"@id\":\"https:\/\/all-car-news.com\/es\/#\/schema\/logo\/image\/\",\"url\":\"https:\/\/all-car-news.com\/wp-content\/uploads\/2022\/02\/CMYK-AllCarNews_LANDSCAPE_300px-1.png\",\"contentUrl\":\"https:\/\/all-car-news.com\/wp-content\/uploads\/2022\/02\/CMYK-AllCarNews_LANDSCAPE_300px-1.png\",\"width\":300,\"height\":100,\"caption\":\"All cars news\"},\"image\":{\"@id\":\"https:\/\/all-car-news.com\/es\/#\/schema\/logo\/image\/\"}}]}<\/script>\n<!-- \/ Yoast SEO plugin. -->","yoast_head_json":{"title":"El Dacia Manifesto es una navaja suiza sobre ruedas - All cars news","robots":{"index":"index","follow":"follow","max-snippet":"max-snippet:-1","max-image-preview":"max-image-preview:large","max-video-preview":"max-video-preview:-1"},"canonical":"https:\/\/all-car-news.com\/es\/el-dacia-manifesto-es-una-navaja-suiza-sobre-ruedas\/","og_locale":"es_ES","og_type":"article","og_title":"El Dacia Manifesto es una navaja suiza sobre ruedas - All cars news","og_description":"Concepto de coche \u00a1Genial! Pero, por desgracia, tenemos que decepcionarle inmediatamente. Este Manifiesto Dacia no es un concepto para un futuro modelo. Por lo tanto, Dacia no va a presentar un todoterreno ligero con un aspecto insano a corto plazo. El nombre del coche ya delata cu\u00e1l es el prop\u00f3sito del Manifiesto: da una idea de por d\u00f3nde va el [...]","og_url":"https:\/\/all-car-news.com\/es\/el-dacia-manifesto-es-una-navaja-suiza-sobre-ruedas\/","og_site_name":"All cars news","article_published_time":"2022-09-16T10:17:15+00:00","og_image":[{"url":"https:\/\/autorai.nl\/wp-content\/uploads\/2022\/09\/07_Manifesto-het-living-lab-van-Dacia-1140x641.jpg"}],"twitter_card":"summary_large_image","twitter_misc":{"Tiempo de lectura":"2 minutos"},"schema":{"@context":"https:\/\/schema.org","@graph":[{"@type":"Article","@id":"https:\/\/all-car-news.com\/es\/el-dacia-manifesto-es-una-navaja-suiza-sobre-ruedas\/#article","isPartOf":{"@id":"https:\/\/all-car-news.com\/es\/el-dacia-manifesto-es-una-navaja-suiza-sobre-ruedas\/"},"author":{"name":"","@id":""},"headline":"El Dacia Manifesto es una navaja suiza sobre ruedas","datePublished":"2022-09-16T10:17:15+00:00","dateModified":"2022-09-16T10:17:15+00:00","mainEntityOfPage":{"@id":"https:\/\/all-car-news.com\/es\/el-dacia-manifesto-es-una-navaja-suiza-sobre-ruedas\/"},"wordCount":466,"commentCount":0,"publisher":{"@id":"https:\/\/all-car-news.com\/es\/#organization"},"articleSection":["noticias de autos"],"inLanguage":"es","potentialAction":[{"@type":"CommentAction","name":"Comment","target":["https:\/\/all-car-news.com\/es\/el-dacia-manifesto-es-una-navaja-suiza-sobre-ruedas\/#respond"]}]},{"@type":"WebPage","@id":"https:\/\/all-car-news.com\/es\/el-dacia-manifesto-es-una-navaja-suiza-sobre-ruedas\/","url":"https:\/\/all-car-news.com\/es\/el-dacia-manifesto-es-una-navaja-suiza-sobre-ruedas\/","name":"El Dacia Manifesto es una navaja suiza sobre ruedas - All cars news","isPartOf":{"@id":"https:\/\/all-car-news.com\/es\/#website"},"datePublished":"2022-09-16T10:17:15+00:00","dateModified":"2022-09-16T10:17:15+00:00","breadcrumb":{"@id":"https:\/\/all-car-news.com\/es\/el-dacia-manifesto-es-una-navaja-suiza-sobre-ruedas\/#breadcrumb"},"inLanguage":"es","potentialAction":[{"@type":"ReadAction","target":["https:\/\/all-car-news.com\/es\/el-dacia-manifesto-es-una-navaja-suiza-sobre-ruedas\/"]}]},{"@type":"BreadcrumbList","@id":"https:\/\/all-car-news.com\/es\/el-dacia-manifesto-es-una-navaja-suiza-sobre-ruedas\/#breadcrumb","itemListElement":[{"@type":"ListItem","position":1,"name":"Home","item":"https:\/\/all-car-news.com\/es\/"},{"@type":"ListItem","position":2,"name":"El Dacia Manifesto es una navaja suiza sobre ruedas"}]},{"@type":"WebSite","@id":"https:\/\/all-car-news.com\/es\/#website","url":"https:\/\/all-car-news.com\/es\/","name":"All cars news","description":"","publisher":{"@id":"https:\/\/all-car-news.com\/es\/#organization"},"potentialAction":[{"@type":"SearchAction","target":{"@type":"EntryPoint","urlTemplate":"https:\/\/all-car-news.com\/es\/?s={search_term_string}"},"query-input":"required name=search_term_string"}],"inLanguage":"es"},{"@type":"Organization","@id":"https:\/\/all-car-news.com\/es\/#organization","name":"All cars news","url":"https:\/\/all-car-news.com\/es\/","logo":{"@type":"ImageObject","inLanguage":"es","@id":"https:\/\/all-car-news.com\/es\/#\/schema\/logo\/image\/","url":"https:\/\/all-car-news.com\/wp-content\/uploads\/2022\/02\/CMYK-AllCarNews_LANDSCAPE_300px-1.png","contentUrl":"https:\/\/all-car-news.com\/wp-content\/uploads\/2022\/02\/CMYK-AllCarNews_LANDSCAPE_300px-1.png","width":300,"height":100,"caption":"All cars news"},"image":{"@id":"https:\/\/all-car-news.com\/es\/#\/schema\/logo\/image\/"}}]}},"_links":{"self":[{"href":"https:\/\/all-car-news.com\/es\/wp-json\/wp\/v2\/posts\/123903","targetHints":{"allow":["GET"]}}],"collection":[{"href":"https:\/\/all-car-news.com\/es\/wp-json\/wp\/v2\/posts"}],"about":[{"href":"https:\/\/all-car-news.com\/es\/wp-json\/wp\/v2\/types\/post"}],"replies":[{"embeddable":true,"href":"https:\/\/all-car-news.com\/es\/wp-json\/wp\/v2\/comments?post=123903"}],"version-history":[{"count":0,"href":"https:\/\/all-car-news.com\/es\/wp-json\/wp\/v2\/posts\/123903\/revisions"}],"wp:featuredmedia":[{"embeddable":true,"href":"https:\/\/all-car-news.com\/es\/wp-json\/wp\/v2\/media\/123865"}],"wp:attachment":[{"href":"https:\/\/all-car-news.com\/es\/wp-json\/wp\/v2\/media?parent=123903"}],"wp:term":[{"taxonomy":"category","embeddable":true,"href":"https:\/\/all-car-news.com\/es\/wp-json\/wp\/v2\/categories?post=123903"},{"taxonomy":"post_tag","embeddable":true,"href":"https:\/\/all-car-news.com\/es\/wp-json\/wp\/v2\/tags?post=123903"}],"curies":[{"name":"wp","href":"https:\/\/api.w.org\/{rel}","templated":true}]}}