{"id":123893,"date":"2022-09-16T12:47:29","date_gmt":"2022-09-16T12:47:29","guid":{"rendered":"https:\/\/all-car-news.com\/bizarro-volkswagen-id-buzz-con-kit-de-carroceria\/"},"modified":"2022-09-16T12:47:29","modified_gmt":"2022-09-16T12:47:29","slug":"bizarro-volkswagen-id-buzz-con-kit-de-carroceria","status":"publish","type":"post","link":"https:\/\/all-car-news.com\/es\/bizarro-volkswagen-id-buzz-con-kit-de-carroceria\/","title":{"rendered":"Bizarro: Volkswagen ID. Buzz con kit de carrocer\u00eda"},"content":{"rendered":"<h2>Fiesta de la fibra de carbono<\/h2>\n<p>No, no est\u00e1s alucinando. Esto es una identificaci\u00f3n real. Buzz con un kit de carrocer\u00eda. El kit incluye un splitter para debajo del parachoques delantero, faldones laterales que hacen que el Buzz parezca m\u00e1s bajo, los llamados \u00abcanards\u00bb en los laterales, un enorme aler\u00f3n trasero y un difusor no tan sutil en la parte trasera. La empresa noruega <a href=\"https:\/\/www.zyrus.no\/\" target=\"_blank\" rel=\"noreferrer noopener\">Zyrus Engineering<\/a> es la responsable del kit de carrocer\u00eda. Por supuesto, un kit de carrocer\u00eda para un coche el\u00e9ctrico viene de Noruega. El jefe de la empresa, Radni Molhampour, tiene una buena raz\u00f3n para comercializar el kit: \u00abNosotros mismos compramos uno (ID. Buzz ed.) y estamos s\u00faper emocionados, a mi hija le encanta. Ir al colegio o a la compra cada d\u00eda no tiene por qu\u00e9 volver a ser una misi\u00f3n aburrida\u00bb.<\/p>\n<figure class=\"wp-block-image size-content\"><img decoding=\"async\" loading=\"lazy\" width=\"1140\" height=\"641\" src=\"https:\/\/autorai.nl\/wp-content\/uploads\/2022\/09\/Zyrus-Id-Buzz-2-1140x641.jpg\" alt=\"\" class=\"wp-image-131546\"><\/figure>\n<h2>\u00bfCuesta eso?<\/h2>\n<p>El kit de carrocer\u00eda de fibra de carbono para el ID. Buzz llegar\u00e1 al mercado en 2023 y costar\u00e1 casi 12.000 euros. Si tambi\u00e9n quiere, como se muestra en la imagen, llantas de fibra de carbono, tendr\u00e1 que desembolsar 5.000 euros m\u00e1s. Una identificaci\u00f3n de Volkwagen. Buzz comienza provisionalmente en los Pa\u00edses Bajos a partir de 69.990 euros. Esta es la versi\u00f3n introductoria: la 1\u00aa. M\u00e1s adelante, tambi\u00e9n habr\u00e1 una versi\u00f3n para pasajeros con un precio de partida de <a href=\"https:\/\/autorai.nl\/dit-kost-de-volkswagen-id-buzz-in-nederland-alle-prijzen\/\" target=\"_blank\" rel=\"noreferrer noopener\">55.000 euros<\/a>.<\/p>\n<div class=\"galery shuffle galery-0\">\n<figure>\n\t\t\t\t\t<span style=\"cursor: pointer\" data-src=\"https:\/\/autorai.nl\/wp-content\/uploads\/2022\/09\/Zyrus-Id-Buzz-4.jpg\" data-fancybox=\"galery-0\" title=\"\"><br \/>\n\t\t\t\t\t\t\t<img decoding=\"async\" width=\"640\" height=\"480\" src=\"https:\/\/autorai.nl\/wp-content\/uploads\/2022\/09\/Zyrus-Id-Buzz-4-640x480.jpg\" class=\"attachment-medium size-medium\" alt=\"\" loading=\"lazy\"><i class=\"fa fa-search-plus\" aria-hidden=\"true\"><\/i><br \/>\n\t\t\t\t\t\t<\/span><br \/>\n\t\t\t\t\t<\/figure>\n<figure>\n\t\t\t\t\t<span style=\"cursor: pointer\" data-src=\"https:\/\/autorai.nl\/wp-content\/uploads\/2022\/09\/Zyrus-Id-Buzz-5.jpg\" data-fancybox=\"galery-0\" title=\"\"><br \/>\n\t\t\t\t\t\t\t<img decoding=\"async\" width=\"360\" height=\"270\" src=\"https:\/\/autorai.nl\/wp-content\/uploads\/2022\/09\/Zyrus-Id-Buzz-5-360x270.jpg\" class=\"attachment-small size-small\" alt=\"\" loading=\"lazy\"><i class=\"fa fa-search-plus\" aria-hidden=\"true\"><\/i><br \/>\n\t\t\t\t\t\t<\/span><br \/>\n\t\t\t\t\t<\/figure>\n<figure>\n\t\t\t\t\t<span style=\"cursor: pointer\" data-src=\"https:\/\/autorai.nl\/wp-content\/uploads\/2022\/09\/Zyrus-Id-Buzz-1.jpg\" data-fancybox=\"galery-0\" title=\"\"><br \/>\n\t\t\t\t\t\t\t<img decoding=\"async\" width=\"360\" height=\"270\" src=\"https:\/\/autorai.nl\/wp-content\/uploads\/2022\/09\/Zyrus-Id-Buzz-1-360x270.jpg\" class=\"attachment-small size-small\" alt=\"\" loading=\"lazy\"><i class=\"fa fa-search-plus\" aria-hidden=\"true\"><\/i><br \/>\n\t\t\t\t\t\t<\/span><br \/>\n\t\t\t\t\t<\/figure>\n<div class=\"clear\"><\/div>\n<\/div>\n<h2>Coche de carreras de 1.200 CV<\/h2>\n<p>Puede que conozcas la ingenier\u00eda de Zyrus por sus anteriores proyectos de alto nivel. Por ejemplo, anteriormente construyeron un Lamborghini Hurac\u00e1n SuperTrofeo de 1.200 CV homologado para la calle. El SuperTrofeo \u00abnormal\u00bb tiene 640 CV, pero el uso de dos turbos y una configuraci\u00f3n diferente del motor lo convierten en 1.200 CV. Llamada Zyrus LP1200 Strada, esta edici\u00f3n limitada se limita a s\u00f3lo 24 unidades. Cu\u00e1ntos kits tienen para la identificaci\u00f3n. No se conoce la fabricaci\u00f3n de zumbidos, pero seguramente ser\u00e1n m\u00e1s de 24.  <\/p>\n<figure class=\"wp-block-embed is-type-video is-provider-youtube wp-block-embed-youtube wp-embed-aspect-16-9 wp-has-aspect-ratio\">\n<div class=\"wp-block-embed__wrapper\">\n<\/div>\n<\/figure>\n","protected":false},"excerpt":{"rendered":"Fiesta de la fibra de carbono No, no est\u00e1s alucinando. Esto es una identificaci\u00f3n real. Buzz con un kit de&hellip;","protected":false},"author":0,"featured_media":123847,"comment_status":"open","ping_status":"open","sticky":false,"template":"","format":"standard","meta":{"footnotes":""},"categories":[126],"tags":[],"class_list":["post-123893","post","type-post","status-publish","format-standard","has-post-thumbnail","hentry","category-noticias-de-autos"],"acf":[],"yoast_head":"<!-- This site is optimized with the Yoast SEO plugin v21.2 - https:\/\/yoast.com\/wordpress\/plugins\/seo\/ -->\n<title>Bizarro: Volkswagen ID. Buzz con kit de carrocer\u00eda - All cars news<\/title>\n<meta name=\"robots\" content=\"index, follow, max-snippet:-1, max-image-preview:large, max-video-preview:-1\" \/>\n<link rel=\"canonical\" href=\"https:\/\/all-car-news.com\/es\/bizarro-volkswagen-id-buzz-con-kit-de-carroceria\/\" \/>\n<meta property=\"og:locale\" content=\"es_ES\" \/>\n<meta property=\"og:type\" content=\"article\" \/>\n<meta property=\"og:title\" content=\"Bizarro: Volkswagen ID. Buzz con kit de carrocer\u00eda - All cars news\" \/>\n<meta property=\"og:description\" content=\"Fiesta de la fibra de carbono No, no est\u00e1s alucinando. Esto es una identificaci\u00f3n real. Buzz con un kit de carrocer\u00eda. El kit incluye un splitter para debajo del parachoques delantero, faldones laterales que hacen que el Buzz parezca m\u00e1s bajo, los llamados &quot;canards&quot; en los laterales, un enorme aler\u00f3n trasero y un difusor no tan sutil en la parte trasera. La ingenier\u00eda noruega Zyrus es la empresa [...]\" \/>\n<meta property=\"og:url\" content=\"https:\/\/all-car-news.com\/es\/bizarro-volkswagen-id-buzz-con-kit-de-carroceria\/\" \/>\n<meta property=\"og:site_name\" content=\"All cars news\" \/>\n<meta property=\"article:published_time\" content=\"2022-09-16T12:47:29+00:00\" \/>\n<meta property=\"og:image\" content=\"https:\/\/autorai.nl\/wp-content\/uploads\/2022\/09\/Zyrus-Id-Buzz-2-1140x641.jpg\" \/>\n<meta name=\"twitter:card\" content=\"summary_large_image\" \/>\n<meta name=\"twitter:label1\" content=\"Tiempo de lectura\" \/>\n\t<meta name=\"twitter:data1\" content=\"2 minutos\" \/>\n<script type=\"application\/ld+json\" class=\"yoast-schema-graph\">{\"@context\":\"https:\/\/schema.org\",\"@graph\":[{\"@type\":\"Article\",\"@id\":\"https:\/\/all-car-news.com\/es\/bizarro-volkswagen-id-buzz-con-kit-de-carroceria\/#article\",\"isPartOf\":{\"@id\":\"https:\/\/all-car-news.com\/es\/bizarro-volkswagen-id-buzz-con-kit-de-carroceria\/\"},\"author\":{\"name\":\"\",\"@id\":\"\"},\"headline\":\"Bizarro: Volkswagen ID. Buzz con kit de carrocer\u00eda\",\"datePublished\":\"2022-09-16T12:47:29+00:00\",\"dateModified\":\"2022-09-16T12:47:29+00:00\",\"mainEntityOfPage\":{\"@id\":\"https:\/\/all-car-news.com\/es\/bizarro-volkswagen-id-buzz-con-kit-de-carroceria\/\"},\"wordCount\":337,\"commentCount\":0,\"publisher\":{\"@id\":\"https:\/\/all-car-news.com\/es\/#organization\"},\"articleSection\":[\"noticias de autos\"],\"inLanguage\":\"es\",\"potentialAction\":[{\"@type\":\"CommentAction\",\"name\":\"Comment\",\"target\":[\"https:\/\/all-car-news.com\/es\/bizarro-volkswagen-id-buzz-con-kit-de-carroceria\/#respond\"]}]},{\"@type\":\"WebPage\",\"@id\":\"https:\/\/all-car-news.com\/es\/bizarro-volkswagen-id-buzz-con-kit-de-carroceria\/\",\"url\":\"https:\/\/all-car-news.com\/es\/bizarro-volkswagen-id-buzz-con-kit-de-carroceria\/\",\"name\":\"Bizarro: Volkswagen ID. Buzz con kit de carrocer\u00eda - All cars news\",\"isPartOf\":{\"@id\":\"https:\/\/all-car-news.com\/es\/#website\"},\"datePublished\":\"2022-09-16T12:47:29+00:00\",\"dateModified\":\"2022-09-16T12:47:29+00:00\",\"breadcrumb\":{\"@id\":\"https:\/\/all-car-news.com\/es\/bizarro-volkswagen-id-buzz-con-kit-de-carroceria\/#breadcrumb\"},\"inLanguage\":\"es\",\"potentialAction\":[{\"@type\":\"ReadAction\",\"target\":[\"https:\/\/all-car-news.com\/es\/bizarro-volkswagen-id-buzz-con-kit-de-carroceria\/\"]}]},{\"@type\":\"BreadcrumbList\",\"@id\":\"https:\/\/all-car-news.com\/es\/bizarro-volkswagen-id-buzz-con-kit-de-carroceria\/#breadcrumb\",\"itemListElement\":[{\"@type\":\"ListItem\",\"position\":1,\"name\":\"Home\",\"item\":\"https:\/\/all-car-news.com\/es\/\"},{\"@type\":\"ListItem\",\"position\":2,\"name\":\"Bizarro: Volkswagen ID. Buzz con kit de carrocer\u00eda\"}]},{\"@type\":\"WebSite\",\"@id\":\"https:\/\/all-car-news.com\/es\/#website\",\"url\":\"https:\/\/all-car-news.com\/es\/\",\"name\":\"All cars news\",\"description\":\"\",\"publisher\":{\"@id\":\"https:\/\/all-car-news.com\/es\/#organization\"},\"potentialAction\":[{\"@type\":\"SearchAction\",\"target\":{\"@type\":\"EntryPoint\",\"urlTemplate\":\"https:\/\/all-car-news.com\/es\/?s={search_term_string}\"},\"query-input\":\"required name=search_term_string\"}],\"inLanguage\":\"es\"},{\"@type\":\"Organization\",\"@id\":\"https:\/\/all-car-news.com\/es\/#organization\",\"name\":\"All cars news\",\"url\":\"https:\/\/all-car-news.com\/es\/\",\"logo\":{\"@type\":\"ImageObject\",\"inLanguage\":\"es\",\"@id\":\"https:\/\/all-car-news.com\/es\/#\/schema\/logo\/image\/\",\"url\":\"https:\/\/all-car-news.com\/wp-content\/uploads\/2022\/02\/CMYK-AllCarNews_LANDSCAPE_300px-1.png\",\"contentUrl\":\"https:\/\/all-car-news.com\/wp-content\/uploads\/2022\/02\/CMYK-AllCarNews_LANDSCAPE_300px-1.png\",\"width\":300,\"height\":100,\"caption\":\"All cars news\"},\"image\":{\"@id\":\"https:\/\/all-car-news.com\/es\/#\/schema\/logo\/image\/\"}}]}<\/script>\n<!-- \/ Yoast SEO plugin. -->","yoast_head_json":{"title":"Bizarro: Volkswagen ID. Buzz con kit de carrocer\u00eda - All cars news","robots":{"index":"index","follow":"follow","max-snippet":"max-snippet:-1","max-image-preview":"max-image-preview:large","max-video-preview":"max-video-preview:-1"},"canonical":"https:\/\/all-car-news.com\/es\/bizarro-volkswagen-id-buzz-con-kit-de-carroceria\/","og_locale":"es_ES","og_type":"article","og_title":"Bizarro: Volkswagen ID. Buzz con kit de carrocer\u00eda - All cars news","og_description":"Fiesta de la fibra de carbono No, no est\u00e1s alucinando. Esto es una identificaci\u00f3n real. Buzz con un kit de carrocer\u00eda. El kit incluye un splitter para debajo del parachoques delantero, faldones laterales que hacen que el Buzz parezca m\u00e1s bajo, los llamados \"canards\" en los laterales, un enorme aler\u00f3n trasero y un difusor no tan sutil en la parte trasera. La ingenier\u00eda noruega Zyrus es la empresa [...]","og_url":"https:\/\/all-car-news.com\/es\/bizarro-volkswagen-id-buzz-con-kit-de-carroceria\/","og_site_name":"All cars news","article_published_time":"2022-09-16T12:47:29+00:00","og_image":[{"url":"https:\/\/autorai.nl\/wp-content\/uploads\/2022\/09\/Zyrus-Id-Buzz-2-1140x641.jpg"}],"twitter_card":"summary_large_image","twitter_misc":{"Tiempo de lectura":"2 minutos"},"schema":{"@context":"https:\/\/schema.org","@graph":[{"@type":"Article","@id":"https:\/\/all-car-news.com\/es\/bizarro-volkswagen-id-buzz-con-kit-de-carroceria\/#article","isPartOf":{"@id":"https:\/\/all-car-news.com\/es\/bizarro-volkswagen-id-buzz-con-kit-de-carroceria\/"},"author":{"name":"","@id":""},"headline":"Bizarro: Volkswagen ID. Buzz con kit de carrocer\u00eda","datePublished":"2022-09-16T12:47:29+00:00","dateModified":"2022-09-16T12:47:29+00:00","mainEntityOfPage":{"@id":"https:\/\/all-car-news.com\/es\/bizarro-volkswagen-id-buzz-con-kit-de-carroceria\/"},"wordCount":337,"commentCount":0,"publisher":{"@id":"https:\/\/all-car-news.com\/es\/#organization"},"articleSection":["noticias de autos"],"inLanguage":"es","potentialAction":[{"@type":"CommentAction","name":"Comment","target":["https:\/\/all-car-news.com\/es\/bizarro-volkswagen-id-buzz-con-kit-de-carroceria\/#respond"]}]},{"@type":"WebPage","@id":"https:\/\/all-car-news.com\/es\/bizarro-volkswagen-id-buzz-con-kit-de-carroceria\/","url":"https:\/\/all-car-news.com\/es\/bizarro-volkswagen-id-buzz-con-kit-de-carroceria\/","name":"Bizarro: Volkswagen ID. Buzz con kit de carrocer\u00eda - All cars news","isPartOf":{"@id":"https:\/\/all-car-news.com\/es\/#website"},"datePublished":"2022-09-16T12:47:29+00:00","dateModified":"2022-09-16T12:47:29+00:00","breadcrumb":{"@id":"https:\/\/all-car-news.com\/es\/bizarro-volkswagen-id-buzz-con-kit-de-carroceria\/#breadcrumb"},"inLanguage":"es","potentialAction":[{"@type":"ReadAction","target":["https:\/\/all-car-news.com\/es\/bizarro-volkswagen-id-buzz-con-kit-de-carroceria\/"]}]},{"@type":"BreadcrumbList","@id":"https:\/\/all-car-news.com\/es\/bizarro-volkswagen-id-buzz-con-kit-de-carroceria\/#breadcrumb","itemListElement":[{"@type":"ListItem","position":1,"name":"Home","item":"https:\/\/all-car-news.com\/es\/"},{"@type":"ListItem","position":2,"name":"Bizarro: Volkswagen ID. Buzz con kit de carrocer\u00eda"}]},{"@type":"WebSite","@id":"https:\/\/all-car-news.com\/es\/#website","url":"https:\/\/all-car-news.com\/es\/","name":"All cars news","description":"","publisher":{"@id":"https:\/\/all-car-news.com\/es\/#organization"},"potentialAction":[{"@type":"SearchAction","target":{"@type":"EntryPoint","urlTemplate":"https:\/\/all-car-news.com\/es\/?s={search_term_string}"},"query-input":"required name=search_term_string"}],"inLanguage":"es"},{"@type":"Organization","@id":"https:\/\/all-car-news.com\/es\/#organization","name":"All cars news","url":"https:\/\/all-car-news.com\/es\/","logo":{"@type":"ImageObject","inLanguage":"es","@id":"https:\/\/all-car-news.com\/es\/#\/schema\/logo\/image\/","url":"https:\/\/all-car-news.com\/wp-content\/uploads\/2022\/02\/CMYK-AllCarNews_LANDSCAPE_300px-1.png","contentUrl":"https:\/\/all-car-news.com\/wp-content\/uploads\/2022\/02\/CMYK-AllCarNews_LANDSCAPE_300px-1.png","width":300,"height":100,"caption":"All cars news"},"image":{"@id":"https:\/\/all-car-news.com\/es\/#\/schema\/logo\/image\/"}}]}},"_links":{"self":[{"href":"https:\/\/all-car-news.com\/es\/wp-json\/wp\/v2\/posts\/123893","targetHints":{"allow":["GET"]}}],"collection":[{"href":"https:\/\/all-car-news.com\/es\/wp-json\/wp\/v2\/posts"}],"about":[{"href":"https:\/\/all-car-news.com\/es\/wp-json\/wp\/v2\/types\/post"}],"replies":[{"embeddable":true,"href":"https:\/\/all-car-news.com\/es\/wp-json\/wp\/v2\/comments?post=123893"}],"version-history":[{"count":0,"href":"https:\/\/all-car-news.com\/es\/wp-json\/wp\/v2\/posts\/123893\/revisions"}],"wp:featuredmedia":[{"embeddable":true,"href":"https:\/\/all-car-news.com\/es\/wp-json\/wp\/v2\/media\/123847"}],"wp:attachment":[{"href":"https:\/\/all-car-news.com\/es\/wp-json\/wp\/v2\/media?parent=123893"}],"wp:term":[{"taxonomy":"category","embeddable":true,"href":"https:\/\/all-car-news.com\/es\/wp-json\/wp\/v2\/categories?post=123893"},{"taxonomy":"post_tag","embeddable":true,"href":"https:\/\/all-car-news.com\/es\/wp-json\/wp\/v2\/tags?post=123893"}],"curies":[{"name":"wp","href":"https:\/\/api.w.org\/{rel}","templated":true}]}}