{"id":122597,"date":"2022-08-31T14:10:58","date_gmt":"2022-08-31T14:10:58","guid":{"rendered":"https:\/\/all-car-news.com\/skoda-vision-7s-un-robusto-suv-electrico-con-600-km-de-autonomia\/"},"modified":"2022-08-31T14:10:58","modified_gmt":"2022-08-31T14:10:58","slug":"skoda-vision-7s-un-robusto-suv-electrico-con-600-km-de-autonomia","status":"publish","type":"post","link":"https:\/\/all-car-news.com\/es\/skoda-vision-7s-un-robusto-suv-electrico-con-600-km-de-autonomia\/","title":{"rendered":"Skoda Vision 7S: un robusto SUV el\u00e9ctrico con 600 km de autonom\u00eda"},"content":{"rendered":"<h2>Skoda Vision 7S<\/h2>\n<p>Con el concept car Vision 7S, Skoda muestra c\u00f3mo ser\u00e1n los futuros modelos el\u00e9ctricos de la marca. No s\u00f3lo eso, sino que los planes para un siete plazas totalmente el\u00e9ctrico tambi\u00e9n se muestran con este modelo de estudio y la gama que lo acompa\u00f1a.  <\/p>\n<figure class=\"wp-block-image size-content\"><img decoding=\"async\" loading=\"lazy\" width=\"1140\" height=\"760\" src=\"https:\/\/autorai.nl\/wp-content\/uploads\/2022\/08\/skoda_vision_7s-6-1140x760.jpg\" alt=\"skoda_vision_7s (6)\" class=\"wp-image-129129\"><\/figure>\n<h2>Cara del Tech-Deck<\/h2>\n<p>El VISION 7S es el primer modelo que incorpora la nueva cara \u00abTech-Deck\u00bb de Skoda. El frontal se caracteriza por una parrilla m\u00e1s plana y ancha. Los faros est\u00e1n en posici\u00f3n vertical y han encontrado su camino hacia las esquinas del coche. Las luces diurnas tambi\u00e9n tienen un papel destacado en la vista frontal del coche. En la parte trasera, la l\u00ednea superior de las luces LED contin\u00faa sobre las esquinas hacia los paneles laterales. Los elementos en forma de T se repiten en todo el dise\u00f1o, incluso en los faros delanteros y traseros, los retrovisores de la c\u00e1mara y los tiradores de las puertas.<\/p>\n<div class=\"galery galery-0\">\n<figure>\n\t\t\t\t\t<span style=\"cursor: pointer\" data-src=\"https:\/\/autorai.nl\/wp-content\/uploads\/2022\/08\/skoda_vision_7s_voorkant-kopie-1600x900.jpg\" data-fancybox=\"galery-0\" title=\"\"><br \/>\n\t\t\t\t\t\t\t<img decoding=\"async\" width=\"360\" height=\"270\" src=\"https:\/\/autorai.nl\/wp-content\/uploads\/2022\/08\/skoda_vision_7s_voorkant-kopie-360x270.jpg\" class=\"attachment-small size-small\" alt=\"skoda_vision_7s_front\" loading=\"lazy\"><i class=\"fa fa-search-plus\" aria-hidden=\"true\"><\/i><br \/>\n\t\t\t\t\t\t<\/span><br \/>\n\t\t\t\t\t<\/figure>\n<figure>\n\t\t\t\t\t<span style=\"cursor: pointer\" data-src=\"https:\/\/autorai.nl\/wp-content\/uploads\/2022\/08\/skoda_vision_7s_achterkant-kopie-1600x900.jpg\" data-fancybox=\"galery-0\" title=\"\"><br \/>\n\t\t\t\t\t\t\t<img decoding=\"async\" width=\"360\" height=\"270\" src=\"https:\/\/autorai.nl\/wp-content\/uploads\/2022\/08\/skoda_vision_7s_achterkant-kopie-360x270.jpg\" class=\"attachment-small size-small\" alt=\"skoda_vision_7s_vista trasera - copia\" loading=\"lazy\"><i class=\"fa fa-search-plus\" aria-hidden=\"true\"><\/i><br \/>\n\t\t\t\t\t\t<\/span><br \/>\n\t\t\t\t\t<\/figure>\n<div class=\"clear\"><\/div>\n<\/div>\n<h2>Nuevo logo Skoda<\/h2>\n<p>Tambi\u00e9n encontramos el nuevo logotipo de Skoda en el exterior. El conocido logotipo redondo de la marca deja paso al nombre de la marca escrito en una nueva tipograf\u00eda. Para un mejor reconocimiento, el \u00abha\u010dek\u00bb en forma de ala (el techo invertido en la S) est\u00e1 ahora integrado.<\/p>\n<figure class=\"wp-block-image size-content\"><img decoding=\"async\" loading=\"lazy\" width=\"1140\" height=\"641\" src=\"https:\/\/autorai.nl\/wp-content\/uploads\/2022\/08\/skoda_vision_7s-3-1140x641.jpg\" alt=\"skoda_vision_7s (3)\" class=\"wp-image-129126\"><\/figure>\n<h2>El interior del Skoda Vision 7S<\/h2>\n<p>El Skoda Vision 7S viene con dos configuraciones interiores: Conduce y rel\u00e1jate. En el modo Drive, el conductor dispone de una pantalla head-up con realidad aumentada y un cuadro de instrumentos de 8,8 pulgadas. El modo Relax puede activarse, por ejemplo, durante una parada de carga. A continuaci\u00f3n, el interior cambia con un movimiento suave. Para ganar espacio, el volante achatado y el panel de instrumentos se apartan completamente. Los asientos delanteros se deslizan y, al igual que los de la segunda fila, se inclinan hacia atr\u00e1s para mayor comodidad. La pantalla central ahora gira horizontalmente, para ver una pel\u00edcula o jugar a un juego. Durante la conducci\u00f3n, la pantalla es vertical y muestra el mapa de navegaci\u00f3n, por ejemplo. En el concept car de 7 plazas se utilizan materiales sostenibles. Por ejemplo, el suelo est\u00e1 hecho de neum\u00e1ticos reciclados y la tapicer\u00eda es de poli\u00e9ster 100%. En t\u00e9rminos de dimensiones, este modelo de estudio ser\u00e1 m\u00e1s grande que el <a href=\"https:\/\/autorai.nl\/autotest-skoda-kodiaq-2022-beter-dan-een-tiguan\/\" target=\"_blank\" rel=\"noreferrer noopener\">Kodiaq<\/a>, el coche m\u00e1s grande de la gama de Skoda en este momento.<\/p>\n<div class=\"galery galery-1\">\n<figure>\n\t\t\t\t\t<span style=\"cursor: pointer\" data-src=\"https:\/\/autorai.nl\/wp-content\/uploads\/2022\/08\/skoda_vision_7s-8.jpg\" data-fancybox=\"galery-1\" title=\"Skoda Vision 7S - Rel\u00e1jate\"><br \/>\n\t\t\t\t\t\t\t<img decoding=\"async\" width=\"360\" height=\"270\" src=\"https:\/\/autorai.nl\/wp-content\/uploads\/2022\/08\/skoda_vision_7s-8-360x270.jpg\" class=\"attachment-small size-small\" alt=\"Skoda Vision 7S - Rel\u00e1jate\" loading=\"lazy\"><i class=\"fa fa-search-plus\" aria-hidden=\"true\"><\/i><br \/>\n\t\t\t\t\t\t<\/span><br \/>\n\t\t\t\t\t<\/figure>\n<figure>\n\t\t\t\t\t<span style=\"cursor: pointer\" data-src=\"https:\/\/autorai.nl\/wp-content\/uploads\/2022\/08\/skoda_vision_7s-7.jpg\" data-fancybox=\"galery-1\" title=\"Skoda Vision 7S - Conducci\u00f3n\"><br \/>\n\t\t\t\t\t\t\t<img decoding=\"async\" width=\"360\" height=\"270\" src=\"https:\/\/autorai.nl\/wp-content\/uploads\/2022\/08\/skoda_vision_7s-7-360x270.jpg\" class=\"attachment-small size-small\" alt=\"skoda_vision_7s (7)\" loading=\"lazy\"><i class=\"fa fa-search-plus\" aria-hidden=\"true\"><\/i><br \/>\n\t\t\t\t\t\t<\/span><br \/>\n\t\t\t\t\t<\/figure>\n<div class=\"clear\"><\/div>\n<\/div>\n<h2>Silla infantil en el lugar m\u00e1s seguro del coche<\/h2>\n<p>En la consola del t\u00fanel, en el centro del coche, se puede fijar un asiento para ni\u00f1os. Las investigaciones demuestran que este es el lugar m\u00e1s seguro del coche. Una c\u00e1mara en el techo del Vision 7S env\u00eda im\u00e1genes del beb\u00e9 a la pantalla central de infoentretenimiento, para que el conductor y el copiloto tambi\u00e9n puedan ver al ni\u00f1o sin tener que adoptar posiciones inseguras.  <\/p>\n<figure class=\"wp-block-image size-content\"><img decoding=\"async\" loading=\"lazy\" width=\"1140\" height=\"760\" src=\"https:\/\/autorai.nl\/wp-content\/uploads\/2022\/08\/vision7s-kinderzitje-1140x760.jpg\" alt=\"\" class=\"wp-image-129141\"><\/figure>\n<h2>Rendimiento<\/h2>\n<p>Bajo la piel, el VISION 7S cuenta con una cadena cinem\u00e1tica totalmente el\u00e9ctrica con un paquete de bater\u00edas de 89 kWh, que proporciona una autonom\u00eda de conducci\u00f3n WLTP de m\u00e1s de 600 kil\u00f3metros. La VISION 7S puede cargar hasta 200 kW.&nbsp;Estas cifras son todav\u00eda te\u00f3ricas, pero suenan plausibles para una nueva generaci\u00f3n de veh\u00edculos el\u00e9ctricos del Grupo Volkswagen.  <\/p>\n<div class=\"galery galery-2\">\n<figure>\n\t\t\t\t\t<span style=\"cursor: pointer\" data-src=\"https:\/\/autorai.nl\/wp-content\/uploads\/2022\/08\/skoda_vision_7s-5.jpg\" data-fancybox=\"galery-2\" title=\"\"><br \/>\n\t\t\t\t\t\t\t<img decoding=\"async\" width=\"360\" height=\"270\" src=\"https:\/\/autorai.nl\/wp-content\/uploads\/2022\/08\/skoda_vision_7s-5-360x270.jpg\" class=\"attachment-small size-small\" alt=\"skoda_vision_7s (5)\" loading=\"lazy\"><i class=\"fa fa-search-plus\" aria-hidden=\"true\"><\/i><br \/>\n\t\t\t\t\t\t<\/span><br \/>\n\t\t\t\t\t<\/figure>\n<figure>\n\t\t\t\t\t<span style=\"cursor: pointer\" data-src=\"https:\/\/autorai.nl\/wp-content\/uploads\/2022\/08\/skoda_vision_7s-4.jpg\" data-fancybox=\"galery-2\" title=\"\"><br \/>\n\t\t\t\t\t\t\t<img decoding=\"async\" width=\"360\" height=\"270\" src=\"https:\/\/autorai.nl\/wp-content\/uploads\/2022\/08\/skoda_vision_7s-4-360x270.jpg\" class=\"attachment-small size-small\" alt=\"skoda_vision_7s (4)\" loading=\"lazy\"><i class=\"fa fa-search-plus\" aria-hidden=\"true\"><\/i><br \/>\n\t\t\t\t\t\t<\/span><br \/>\n\t\t\t\t\t<\/figure>\n<div class=\"clear\"><\/div>\n<\/div>\n","protected":false},"excerpt":{"rendered":"Skoda Vision 7S Con su concept car Vision 7S, Skoda muestra c\u00f3mo ser\u00e1n los futuros modelos el\u00e9ctricos de la marca.&hellip;","protected":false},"author":0,"featured_media":122554,"comment_status":"open","ping_status":"open","sticky":false,"template":"","format":"standard","meta":{"footnotes":""},"categories":[158,126],"tags":[],"class_list":["post-122597","post","type-post","status-publish","format-standard","has-post-thumbnail","hentry","category-electrico","category-noticias-de-autos"],"acf":[],"yoast_head":"<!-- This site is optimized with the Yoast SEO plugin v21.2 - https:\/\/yoast.com\/wordpress\/plugins\/seo\/ -->\n<title>Skoda Vision 7S: un robusto SUV el\u00e9ctrico con 600 km de autonom\u00eda - All cars news<\/title>\n<meta name=\"robots\" content=\"index, follow, max-snippet:-1, max-image-preview:large, max-video-preview:-1\" \/>\n<link rel=\"canonical\" href=\"https:\/\/all-car-news.com\/es\/skoda-vision-7s-un-robusto-suv-electrico-con-600-km-de-autonomia\/\" \/>\n<meta property=\"og:locale\" content=\"es_ES\" \/>\n<meta property=\"og:type\" content=\"article\" \/>\n<meta property=\"og:title\" content=\"Skoda Vision 7S: un robusto SUV el\u00e9ctrico con 600 km de autonom\u00eda - All cars news\" \/>\n<meta property=\"og:description\" content=\"Skoda Vision 7S Con su concept car Vision 7S, Skoda muestra c\u00f3mo ser\u00e1n los futuros modelos el\u00e9ctricos de la marca. No s\u00f3lo eso, sino que los planes para un siete plazas totalmente el\u00e9ctrico tambi\u00e9n se muestran con este modelo de estudio y la gama que lo acompa\u00f1a. Cara Tech-Deck La VISION 7S es el primer modelo que incorpora el [...].\" \/>\n<meta property=\"og:url\" content=\"https:\/\/all-car-news.com\/es\/skoda-vision-7s-un-robusto-suv-electrico-con-600-km-de-autonomia\/\" \/>\n<meta property=\"og:site_name\" content=\"All cars news\" \/>\n<meta property=\"article:published_time\" content=\"2022-08-31T14:10:58+00:00\" \/>\n<meta property=\"og:image\" content=\"https:\/\/autorai.nl\/wp-content\/uploads\/2022\/08\/skoda_vision_7s-6-1140x760.jpg\" \/>\n<meta name=\"twitter:card\" content=\"summary_large_image\" \/>\n<meta name=\"twitter:label1\" content=\"Tiempo de lectura\" \/>\n\t<meta name=\"twitter:data1\" content=\"3 minutos\" \/>\n<script type=\"application\/ld+json\" class=\"yoast-schema-graph\">{\"@context\":\"https:\/\/schema.org\",\"@graph\":[{\"@type\":\"Article\",\"@id\":\"https:\/\/all-car-news.com\/es\/skoda-vision-7s-un-robusto-suv-electrico-con-600-km-de-autonomia\/#article\",\"isPartOf\":{\"@id\":\"https:\/\/all-car-news.com\/es\/skoda-vision-7s-un-robusto-suv-electrico-con-600-km-de-autonomia\/\"},\"author\":{\"name\":\"\",\"@id\":\"\"},\"headline\":\"Skoda Vision 7S: un robusto SUV el\u00e9ctrico con 600 km de autonom\u00eda\",\"datePublished\":\"2022-08-31T14:10:58+00:00\",\"dateModified\":\"2022-08-31T14:10:58+00:00\",\"mainEntityOfPage\":{\"@id\":\"https:\/\/all-car-news.com\/es\/skoda-vision-7s-un-robusto-suv-electrico-con-600-km-de-autonomia\/\"},\"wordCount\":578,\"commentCount\":0,\"publisher\":{\"@id\":\"https:\/\/all-car-news.com\/es\/#organization\"},\"articleSection\":[\"El\u00e9ctrico\",\"noticias de autos\"],\"inLanguage\":\"es\",\"potentialAction\":[{\"@type\":\"CommentAction\",\"name\":\"Comment\",\"target\":[\"https:\/\/all-car-news.com\/es\/skoda-vision-7s-un-robusto-suv-electrico-con-600-km-de-autonomia\/#respond\"]}]},{\"@type\":\"WebPage\",\"@id\":\"https:\/\/all-car-news.com\/es\/skoda-vision-7s-un-robusto-suv-electrico-con-600-km-de-autonomia\/\",\"url\":\"https:\/\/all-car-news.com\/es\/skoda-vision-7s-un-robusto-suv-electrico-con-600-km-de-autonomia\/\",\"name\":\"Skoda Vision 7S: un robusto SUV el\u00e9ctrico con 600 km de autonom\u00eda - All cars news\",\"isPartOf\":{\"@id\":\"https:\/\/all-car-news.com\/es\/#website\"},\"datePublished\":\"2022-08-31T14:10:58+00:00\",\"dateModified\":\"2022-08-31T14:10:58+00:00\",\"breadcrumb\":{\"@id\":\"https:\/\/all-car-news.com\/es\/skoda-vision-7s-un-robusto-suv-electrico-con-600-km-de-autonomia\/#breadcrumb\"},\"inLanguage\":\"es\",\"potentialAction\":[{\"@type\":\"ReadAction\",\"target\":[\"https:\/\/all-car-news.com\/es\/skoda-vision-7s-un-robusto-suv-electrico-con-600-km-de-autonomia\/\"]}]},{\"@type\":\"BreadcrumbList\",\"@id\":\"https:\/\/all-car-news.com\/es\/skoda-vision-7s-un-robusto-suv-electrico-con-600-km-de-autonomia\/#breadcrumb\",\"itemListElement\":[{\"@type\":\"ListItem\",\"position\":1,\"name\":\"Home\",\"item\":\"https:\/\/all-car-news.com\/es\/\"},{\"@type\":\"ListItem\",\"position\":2,\"name\":\"Skoda Vision 7S: un robusto SUV el\u00e9ctrico con 600 km de autonom\u00eda\"}]},{\"@type\":\"WebSite\",\"@id\":\"https:\/\/all-car-news.com\/es\/#website\",\"url\":\"https:\/\/all-car-news.com\/es\/\",\"name\":\"All cars news\",\"description\":\"\",\"publisher\":{\"@id\":\"https:\/\/all-car-news.com\/es\/#organization\"},\"potentialAction\":[{\"@type\":\"SearchAction\",\"target\":{\"@type\":\"EntryPoint\",\"urlTemplate\":\"https:\/\/all-car-news.com\/es\/?s={search_term_string}\"},\"query-input\":\"required name=search_term_string\"}],\"inLanguage\":\"es\"},{\"@type\":\"Organization\",\"@id\":\"https:\/\/all-car-news.com\/es\/#organization\",\"name\":\"All cars news\",\"url\":\"https:\/\/all-car-news.com\/es\/\",\"logo\":{\"@type\":\"ImageObject\",\"inLanguage\":\"es\",\"@id\":\"https:\/\/all-car-news.com\/es\/#\/schema\/logo\/image\/\",\"url\":\"https:\/\/all-car-news.com\/wp-content\/uploads\/2022\/02\/CMYK-AllCarNews_LANDSCAPE_300px-1.png\",\"contentUrl\":\"https:\/\/all-car-news.com\/wp-content\/uploads\/2022\/02\/CMYK-AllCarNews_LANDSCAPE_300px-1.png\",\"width\":300,\"height\":100,\"caption\":\"All cars news\"},\"image\":{\"@id\":\"https:\/\/all-car-news.com\/es\/#\/schema\/logo\/image\/\"}}]}<\/script>\n<!-- \/ Yoast SEO plugin. -->","yoast_head_json":{"title":"Skoda Vision 7S: un robusto SUV el\u00e9ctrico con 600 km de autonom\u00eda - All cars news","robots":{"index":"index","follow":"follow","max-snippet":"max-snippet:-1","max-image-preview":"max-image-preview:large","max-video-preview":"max-video-preview:-1"},"canonical":"https:\/\/all-car-news.com\/es\/skoda-vision-7s-un-robusto-suv-electrico-con-600-km-de-autonomia\/","og_locale":"es_ES","og_type":"article","og_title":"Skoda Vision 7S: un robusto SUV el\u00e9ctrico con 600 km de autonom\u00eda - All cars news","og_description":"Skoda Vision 7S Con su concept car Vision 7S, Skoda muestra c\u00f3mo ser\u00e1n los futuros modelos el\u00e9ctricos de la marca. No s\u00f3lo eso, sino que los planes para un siete plazas totalmente el\u00e9ctrico tambi\u00e9n se muestran con este modelo de estudio y la gama que lo acompa\u00f1a. Cara Tech-Deck La VISION 7S es el primer modelo que incorpora el [...].","og_url":"https:\/\/all-car-news.com\/es\/skoda-vision-7s-un-robusto-suv-electrico-con-600-km-de-autonomia\/","og_site_name":"All cars news","article_published_time":"2022-08-31T14:10:58+00:00","og_image":[{"url":"https:\/\/autorai.nl\/wp-content\/uploads\/2022\/08\/skoda_vision_7s-6-1140x760.jpg"}],"twitter_card":"summary_large_image","twitter_misc":{"Tiempo de lectura":"3 minutos"},"schema":{"@context":"https:\/\/schema.org","@graph":[{"@type":"Article","@id":"https:\/\/all-car-news.com\/es\/skoda-vision-7s-un-robusto-suv-electrico-con-600-km-de-autonomia\/#article","isPartOf":{"@id":"https:\/\/all-car-news.com\/es\/skoda-vision-7s-un-robusto-suv-electrico-con-600-km-de-autonomia\/"},"author":{"name":"","@id":""},"headline":"Skoda Vision 7S: un robusto SUV el\u00e9ctrico con 600 km de autonom\u00eda","datePublished":"2022-08-31T14:10:58+00:00","dateModified":"2022-08-31T14:10:58+00:00","mainEntityOfPage":{"@id":"https:\/\/all-car-news.com\/es\/skoda-vision-7s-un-robusto-suv-electrico-con-600-km-de-autonomia\/"},"wordCount":578,"commentCount":0,"publisher":{"@id":"https:\/\/all-car-news.com\/es\/#organization"},"articleSection":["El\u00e9ctrico","noticias de autos"],"inLanguage":"es","potentialAction":[{"@type":"CommentAction","name":"Comment","target":["https:\/\/all-car-news.com\/es\/skoda-vision-7s-un-robusto-suv-electrico-con-600-km-de-autonomia\/#respond"]}]},{"@type":"WebPage","@id":"https:\/\/all-car-news.com\/es\/skoda-vision-7s-un-robusto-suv-electrico-con-600-km-de-autonomia\/","url":"https:\/\/all-car-news.com\/es\/skoda-vision-7s-un-robusto-suv-electrico-con-600-km-de-autonomia\/","name":"Skoda Vision 7S: un robusto SUV el\u00e9ctrico con 600 km de autonom\u00eda - All cars news","isPartOf":{"@id":"https:\/\/all-car-news.com\/es\/#website"},"datePublished":"2022-08-31T14:10:58+00:00","dateModified":"2022-08-31T14:10:58+00:00","breadcrumb":{"@id":"https:\/\/all-car-news.com\/es\/skoda-vision-7s-un-robusto-suv-electrico-con-600-km-de-autonomia\/#breadcrumb"},"inLanguage":"es","potentialAction":[{"@type":"ReadAction","target":["https:\/\/all-car-news.com\/es\/skoda-vision-7s-un-robusto-suv-electrico-con-600-km-de-autonomia\/"]}]},{"@type":"BreadcrumbList","@id":"https:\/\/all-car-news.com\/es\/skoda-vision-7s-un-robusto-suv-electrico-con-600-km-de-autonomia\/#breadcrumb","itemListElement":[{"@type":"ListItem","position":1,"name":"Home","item":"https:\/\/all-car-news.com\/es\/"},{"@type":"ListItem","position":2,"name":"Skoda Vision 7S: un robusto SUV el\u00e9ctrico con 600 km de autonom\u00eda"}]},{"@type":"WebSite","@id":"https:\/\/all-car-news.com\/es\/#website","url":"https:\/\/all-car-news.com\/es\/","name":"All cars news","description":"","publisher":{"@id":"https:\/\/all-car-news.com\/es\/#organization"},"potentialAction":[{"@type":"SearchAction","target":{"@type":"EntryPoint","urlTemplate":"https:\/\/all-car-news.com\/es\/?s={search_term_string}"},"query-input":"required name=search_term_string"}],"inLanguage":"es"},{"@type":"Organization","@id":"https:\/\/all-car-news.com\/es\/#organization","name":"All cars news","url":"https:\/\/all-car-news.com\/es\/","logo":{"@type":"ImageObject","inLanguage":"es","@id":"https:\/\/all-car-news.com\/es\/#\/schema\/logo\/image\/","url":"https:\/\/all-car-news.com\/wp-content\/uploads\/2022\/02\/CMYK-AllCarNews_LANDSCAPE_300px-1.png","contentUrl":"https:\/\/all-car-news.com\/wp-content\/uploads\/2022\/02\/CMYK-AllCarNews_LANDSCAPE_300px-1.png","width":300,"height":100,"caption":"All cars news"},"image":{"@id":"https:\/\/all-car-news.com\/es\/#\/schema\/logo\/image\/"}}]}},"_links":{"self":[{"href":"https:\/\/all-car-news.com\/es\/wp-json\/wp\/v2\/posts\/122597","targetHints":{"allow":["GET"]}}],"collection":[{"href":"https:\/\/all-car-news.com\/es\/wp-json\/wp\/v2\/posts"}],"about":[{"href":"https:\/\/all-car-news.com\/es\/wp-json\/wp\/v2\/types\/post"}],"replies":[{"embeddable":true,"href":"https:\/\/all-car-news.com\/es\/wp-json\/wp\/v2\/comments?post=122597"}],"version-history":[{"count":0,"href":"https:\/\/all-car-news.com\/es\/wp-json\/wp\/v2\/posts\/122597\/revisions"}],"wp:featuredmedia":[{"embeddable":true,"href":"https:\/\/all-car-news.com\/es\/wp-json\/wp\/v2\/media\/122554"}],"wp:attachment":[{"href":"https:\/\/all-car-news.com\/es\/wp-json\/wp\/v2\/media?parent=122597"}],"wp:term":[{"taxonomy":"category","embeddable":true,"href":"https:\/\/all-car-news.com\/es\/wp-json\/wp\/v2\/categories?post=122597"},{"taxonomy":"post_tag","embeddable":true,"href":"https:\/\/all-car-news.com\/es\/wp-json\/wp\/v2\/tags?post=122597"}],"curies":[{"name":"wp","href":"https:\/\/api.w.org\/{rel}","templated":true}]}}