{"id":122150,"date":"2022-08-23T10:56:39","date_gmt":"2022-08-23T10:56:39","guid":{"rendered":"https:\/\/all-car-news.com\/el-gr-yaris-con-motor-de-hidrogeno-debuta-en-los-rallies-europeos\/"},"modified":"2022-08-23T10:56:39","modified_gmt":"2022-08-23T10:56:39","slug":"el-gr-yaris-con-motor-de-hidrogeno-debuta-en-los-rallies-europeos","status":"publish","type":"post","link":"https:\/\/all-car-news.com\/es\/el-gr-yaris-con-motor-de-hidrogeno-debuta-en-los-rallies-europeos\/","title":{"rendered":"El GR Yaris con motor de hidr\u00f3geno debuta en los rallies europeos"},"content":{"rendered":"<h2><strong>Hidr\u00f3geno<\/strong><\/h2>\n<p>En Toyota adoran el hidr\u00f3geno. El Mirai es el buque insignia de la marca y en la serie de carreras Super Taikyu de Jap\u00f3n, Toyota compite incluso con un Corolla Sport impulsado por hidr\u00f3geno. Ahora Toyota ha puesto el tren motriz sostenible de este coche de carreras en el GR Yaris. El resultado es el GR Yaris H2.<\/p>\n<figure class=\"wp-block-image size-content\"><img decoding=\"async\" loading=\"lazy\" width=\"1140\" height=\"760\" src=\"https:\/\/autorai.nl\/wp-content\/uploads\/2022\/08\/09-Morizo-in-actie-tijdens-Rally-van-Belgie-in-GR-Yaris-met-waterstof-verbrandingsmotor-1140x760.jpg\" alt=\"\" class=\"wp-image-128413\"><\/figure>\n<h2><strong>Ypres Rally B\u00e9lgica<\/strong><\/h2>\n<p>El Yaris especial entr\u00f3 en acci\u00f3n por primera vez fuera de Jap\u00f3n durante el Rally de B\u00e9lgica. Durante la novena ronda del Campeonato Mundial de Rallyes, el GR Yaris con motor de combusti\u00f3n de hidr\u00f3geno recorri\u00f3 una etapa cada d\u00eda. El viernes 19 y el domingo 21 de agosto, lo condujo Juha Kankkunen y el 20 de agosto, el propio presidente de Toyota, Akio Toyoda, se puso al volante.<\/p>\n<figure class=\"wp-block-image size-content\"><img decoding=\"async\" loading=\"lazy\" width=\"1140\" height=\"760\" src=\"https:\/\/autorai.nl\/wp-content\/uploads\/2022\/08\/13-Morizo-in-actie-tijdens-Rally-van-Belgie-in-GR-Yaris-met-waterstof-verbrandingsmotor-1140x760.jpg\" alt=\"\" class=\"wp-image-128414\"><figcaption> <\/figcaption><\/figure>\n<h2><strong>Gran<\/strong><\/h2>\n<p>Seg\u00fan la leyenda de los rallies Juha Kankkunen, el jefe de Toyota es un buen piloto: \u00abAkio ha conducido muy bien. El motor de hidr\u00f3geno ofrec\u00eda un par s\u00f3lido, por lo que no se sent\u00eda diferente de un motor de gasolina. Como apenas emiten CO2, creo que los motores de hidr\u00f3geno se convertir\u00e1n en una de las opciones para lograr la neutralidad del carbono. No s\u00f3lo en el mundo del automovilismo, sino tambi\u00e9n en el de los coches de uso cotidiano\u00bb.<\/p>\n<p><em>El texto contin\u00faa debajo del v\u00eddeo:<\/em><\/p>\n<figure class=\"wp-block-embed is-type-video is-provider-youtube wp-block-embed-youtube wp-embed-aspect-16-9 wp-has-aspect-ratio\">\n<div class=\"wp-block-embed__wrapper\">\n<\/div>\n<\/figure>\n<h2><strong>Toyota Mirai<\/strong><\/h2>\n<p>El sistema de propulsi\u00f3n por hidr\u00f3geno del GR Yaris experimental funciona de forma ligeramente diferente al del Toyota Mirai. En la majestuosa berlina, el hidr\u00f3geno se convierte en electricidad mediante la tecnolog\u00eda de pila de combustible. La energ\u00eda generada en la pila de combustible va a trav\u00e9s de una peque\u00f1a bater\u00eda a un motor el\u00e9ctrico que impulsa las ruedas.<\/p>\n<figure class=\"wp-block-image size-content\"><img decoding=\"async\" loading=\"lazy\" width=\"1140\" height=\"760\" src=\"https:\/\/autorai.nl\/wp-content\/uploads\/2022\/08\/07-Morizo-in-actie-tijdens-Rally-van-Belgie-in-GR-Yaris-met-waterstof-verbrandingsmotor-1140x760.jpg\" alt=\"\" class=\"wp-image-128411\"><figcaption> <\/figcaption><\/figure>\n<h2><strong>Motor de combusti\u00f3n<\/strong><\/h2>\n<p>El GR Yaris Hydrogen tiene los mismos dep\u00f3sitos de combustible que el Mirai, pero bajo el cap\u00f3 se encuentra el mismo motor turbo de tres cilindros y 1,6 litros que se encuentra en el Toyota GR Yaris \u00abnormal\u00bb. Aunque ya no es tan com\u00fan, ya que el motor est\u00e1 equipado con un sistema de alimentaci\u00f3n e inyecci\u00f3n de combustible diferente para que pueda funcionar con hidr\u00f3geno.<\/p>\n<figure class=\"wp-block-image size-content\"><img decoding=\"async\" loading=\"lazy\" width=\"1140\" height=\"641\" src=\"https:\/\/autorai.nl\/wp-content\/uploads\/2022\/08\/toyota-gr-yaris-h2-2021-970-001-1140x641.jpg\" alt=\"\" class=\"wp-image-128417\"><\/figure>\n<h2>Buen sonido<\/h2>\n<p>El hidr\u00f3geno es una sustancia vol\u00e1til que arde m\u00e1s r\u00e1pido que la gasolina, pero el producto final es agua. As\u00ed, el motor de hidr\u00f3geno del GR Yaris H2 tiene una gran respuesta al acelerador, pero tambi\u00e9n es agradable y duradero. Adem\u00e1s, el motor de combusti\u00f3n de hidr\u00f3geno proporciona un sonido agradable que, por supuesto, se echa en falta en los deportivos totalmente el\u00e9ctricos. En el siguiente v\u00eddeo puedes escuchar c\u00f3mo suena el motor de combusti\u00f3n de hidr\u00f3geno de Toyota:<\/p>\n<figure class=\"wp-block-embed is-type-video is-provider-youtube wp-block-embed-youtube wp-embed-aspect-16-9 wp-has-aspect-ratio\">\n<div class=\"wp-block-embed__wrapper\">\n<\/div>\n<\/figure>\n","protected":false},"excerpt":{"rendered":"Hidr\u00f3geno En Toyota les encanta el hidr\u00f3geno. El Mirai es el buque insignia de la marca y en la serie&hellip;","protected":false},"author":0,"featured_media":122118,"comment_status":"open","ping_status":"open","sticky":false,"template":"","format":"standard","meta":{"footnotes":""},"categories":[126],"tags":[],"class_list":["post-122150","post","type-post","status-publish","format-standard","has-post-thumbnail","hentry","category-noticias-de-autos"],"acf":[],"yoast_head":"<!-- This site is optimized with the Yoast SEO plugin v21.2 - https:\/\/yoast.com\/wordpress\/plugins\/seo\/ -->\n<title>El GR Yaris con motor de hidr\u00f3geno debuta en los rallies europeos - All cars news<\/title>\n<meta name=\"robots\" content=\"index, follow, max-snippet:-1, max-image-preview:large, max-video-preview:-1\" \/>\n<link rel=\"canonical\" href=\"https:\/\/all-car-news.com\/es\/el-gr-yaris-con-motor-de-hidrogeno-debuta-en-los-rallies-europeos\/\" \/>\n<meta property=\"og:locale\" content=\"es_ES\" \/>\n<meta property=\"og:type\" content=\"article\" \/>\n<meta property=\"og:title\" content=\"El GR Yaris con motor de hidr\u00f3geno debuta en los rallies europeos - All cars news\" \/>\n<meta property=\"og:description\" content=\"Hidr\u00f3geno En Toyota les encanta el hidr\u00f3geno. El Mirai es el buque insignia de la marca y en la serie de carreras Super Taikyu de Jap\u00f3n, Toyota compite incluso con un Corolla Sport impulsado por hidr\u00f3geno. Ahora Toyota ha puesto el tren motriz sostenible de este coche de carreras en el GR Yaris. El resultado es el GR Yaris H2. Ypres [...]\" \/>\n<meta property=\"og:url\" content=\"https:\/\/all-car-news.com\/es\/el-gr-yaris-con-motor-de-hidrogeno-debuta-en-los-rallies-europeos\/\" \/>\n<meta property=\"og:site_name\" content=\"All cars news\" \/>\n<meta property=\"article:published_time\" content=\"2022-08-23T10:56:39+00:00\" \/>\n<meta property=\"og:image\" content=\"https:\/\/autorai.nl\/wp-content\/uploads\/2022\/08\/09-Morizo-in-actie-tijdens-Rally-van-Belgie-in-GR-Yaris-met-waterstof-verbrandingsmotor-1140x760.jpg\" \/>\n<meta name=\"twitter:card\" content=\"summary_large_image\" \/>\n<meta name=\"twitter:label1\" content=\"Tiempo de lectura\" \/>\n\t<meta name=\"twitter:data1\" content=\"2 minutos\" \/>\n<script type=\"application\/ld+json\" class=\"yoast-schema-graph\">{\"@context\":\"https:\/\/schema.org\",\"@graph\":[{\"@type\":\"Article\",\"@id\":\"https:\/\/all-car-news.com\/es\/el-gr-yaris-con-motor-de-hidrogeno-debuta-en-los-rallies-europeos\/#article\",\"isPartOf\":{\"@id\":\"https:\/\/all-car-news.com\/es\/el-gr-yaris-con-motor-de-hidrogeno-debuta-en-los-rallies-europeos\/\"},\"author\":{\"name\":\"\",\"@id\":\"\"},\"headline\":\"El GR Yaris con motor de hidr\u00f3geno debuta en los rallies europeos\",\"datePublished\":\"2022-08-23T10:56:39+00:00\",\"dateModified\":\"2022-08-23T10:56:39+00:00\",\"mainEntityOfPage\":{\"@id\":\"https:\/\/all-car-news.com\/es\/el-gr-yaris-con-motor-de-hidrogeno-debuta-en-los-rallies-europeos\/\"},\"wordCount\":490,\"commentCount\":0,\"publisher\":{\"@id\":\"https:\/\/all-car-news.com\/es\/#organization\"},\"articleSection\":[\"noticias de autos\"],\"inLanguage\":\"es\",\"potentialAction\":[{\"@type\":\"CommentAction\",\"name\":\"Comment\",\"target\":[\"https:\/\/all-car-news.com\/es\/el-gr-yaris-con-motor-de-hidrogeno-debuta-en-los-rallies-europeos\/#respond\"]}]},{\"@type\":\"WebPage\",\"@id\":\"https:\/\/all-car-news.com\/es\/el-gr-yaris-con-motor-de-hidrogeno-debuta-en-los-rallies-europeos\/\",\"url\":\"https:\/\/all-car-news.com\/es\/el-gr-yaris-con-motor-de-hidrogeno-debuta-en-los-rallies-europeos\/\",\"name\":\"El GR Yaris con motor de hidr\u00f3geno debuta en los rallies europeos - All cars news\",\"isPartOf\":{\"@id\":\"https:\/\/all-car-news.com\/es\/#website\"},\"datePublished\":\"2022-08-23T10:56:39+00:00\",\"dateModified\":\"2022-08-23T10:56:39+00:00\",\"breadcrumb\":{\"@id\":\"https:\/\/all-car-news.com\/es\/el-gr-yaris-con-motor-de-hidrogeno-debuta-en-los-rallies-europeos\/#breadcrumb\"},\"inLanguage\":\"es\",\"potentialAction\":[{\"@type\":\"ReadAction\",\"target\":[\"https:\/\/all-car-news.com\/es\/el-gr-yaris-con-motor-de-hidrogeno-debuta-en-los-rallies-europeos\/\"]}]},{\"@type\":\"BreadcrumbList\",\"@id\":\"https:\/\/all-car-news.com\/es\/el-gr-yaris-con-motor-de-hidrogeno-debuta-en-los-rallies-europeos\/#breadcrumb\",\"itemListElement\":[{\"@type\":\"ListItem\",\"position\":1,\"name\":\"Home\",\"item\":\"https:\/\/all-car-news.com\/es\/\"},{\"@type\":\"ListItem\",\"position\":2,\"name\":\"El GR Yaris con motor de hidr\u00f3geno debuta en los rallies europeos\"}]},{\"@type\":\"WebSite\",\"@id\":\"https:\/\/all-car-news.com\/es\/#website\",\"url\":\"https:\/\/all-car-news.com\/es\/\",\"name\":\"All cars news\",\"description\":\"\",\"publisher\":{\"@id\":\"https:\/\/all-car-news.com\/es\/#organization\"},\"potentialAction\":[{\"@type\":\"SearchAction\",\"target\":{\"@type\":\"EntryPoint\",\"urlTemplate\":\"https:\/\/all-car-news.com\/es\/?s={search_term_string}\"},\"query-input\":\"required name=search_term_string\"}],\"inLanguage\":\"es\"},{\"@type\":\"Organization\",\"@id\":\"https:\/\/all-car-news.com\/es\/#organization\",\"name\":\"All cars news\",\"url\":\"https:\/\/all-car-news.com\/es\/\",\"logo\":{\"@type\":\"ImageObject\",\"inLanguage\":\"es\",\"@id\":\"https:\/\/all-car-news.com\/es\/#\/schema\/logo\/image\/\",\"url\":\"https:\/\/all-car-news.com\/wp-content\/uploads\/2022\/02\/CMYK-AllCarNews_LANDSCAPE_300px-1.png\",\"contentUrl\":\"https:\/\/all-car-news.com\/wp-content\/uploads\/2022\/02\/CMYK-AllCarNews_LANDSCAPE_300px-1.png\",\"width\":300,\"height\":100,\"caption\":\"All cars news\"},\"image\":{\"@id\":\"https:\/\/all-car-news.com\/es\/#\/schema\/logo\/image\/\"}}]}<\/script>\n<!-- \/ Yoast SEO plugin. -->","yoast_head_json":{"title":"El GR Yaris con motor de hidr\u00f3geno debuta en los rallies europeos - All cars news","robots":{"index":"index","follow":"follow","max-snippet":"max-snippet:-1","max-image-preview":"max-image-preview:large","max-video-preview":"max-video-preview:-1"},"canonical":"https:\/\/all-car-news.com\/es\/el-gr-yaris-con-motor-de-hidrogeno-debuta-en-los-rallies-europeos\/","og_locale":"es_ES","og_type":"article","og_title":"El GR Yaris con motor de hidr\u00f3geno debuta en los rallies europeos - All cars news","og_description":"Hidr\u00f3geno En Toyota les encanta el hidr\u00f3geno. El Mirai es el buque insignia de la marca y en la serie de carreras Super Taikyu de Jap\u00f3n, Toyota compite incluso con un Corolla Sport impulsado por hidr\u00f3geno. Ahora Toyota ha puesto el tren motriz sostenible de este coche de carreras en el GR Yaris. El resultado es el GR Yaris H2. Ypres [...]","og_url":"https:\/\/all-car-news.com\/es\/el-gr-yaris-con-motor-de-hidrogeno-debuta-en-los-rallies-europeos\/","og_site_name":"All cars news","article_published_time":"2022-08-23T10:56:39+00:00","og_image":[{"url":"https:\/\/autorai.nl\/wp-content\/uploads\/2022\/08\/09-Morizo-in-actie-tijdens-Rally-van-Belgie-in-GR-Yaris-met-waterstof-verbrandingsmotor-1140x760.jpg"}],"twitter_card":"summary_large_image","twitter_misc":{"Tiempo de lectura":"2 minutos"},"schema":{"@context":"https:\/\/schema.org","@graph":[{"@type":"Article","@id":"https:\/\/all-car-news.com\/es\/el-gr-yaris-con-motor-de-hidrogeno-debuta-en-los-rallies-europeos\/#article","isPartOf":{"@id":"https:\/\/all-car-news.com\/es\/el-gr-yaris-con-motor-de-hidrogeno-debuta-en-los-rallies-europeos\/"},"author":{"name":"","@id":""},"headline":"El GR Yaris con motor de hidr\u00f3geno debuta en los rallies europeos","datePublished":"2022-08-23T10:56:39+00:00","dateModified":"2022-08-23T10:56:39+00:00","mainEntityOfPage":{"@id":"https:\/\/all-car-news.com\/es\/el-gr-yaris-con-motor-de-hidrogeno-debuta-en-los-rallies-europeos\/"},"wordCount":490,"commentCount":0,"publisher":{"@id":"https:\/\/all-car-news.com\/es\/#organization"},"articleSection":["noticias de autos"],"inLanguage":"es","potentialAction":[{"@type":"CommentAction","name":"Comment","target":["https:\/\/all-car-news.com\/es\/el-gr-yaris-con-motor-de-hidrogeno-debuta-en-los-rallies-europeos\/#respond"]}]},{"@type":"WebPage","@id":"https:\/\/all-car-news.com\/es\/el-gr-yaris-con-motor-de-hidrogeno-debuta-en-los-rallies-europeos\/","url":"https:\/\/all-car-news.com\/es\/el-gr-yaris-con-motor-de-hidrogeno-debuta-en-los-rallies-europeos\/","name":"El GR Yaris con motor de hidr\u00f3geno debuta en los rallies europeos - All cars news","isPartOf":{"@id":"https:\/\/all-car-news.com\/es\/#website"},"datePublished":"2022-08-23T10:56:39+00:00","dateModified":"2022-08-23T10:56:39+00:00","breadcrumb":{"@id":"https:\/\/all-car-news.com\/es\/el-gr-yaris-con-motor-de-hidrogeno-debuta-en-los-rallies-europeos\/#breadcrumb"},"inLanguage":"es","potentialAction":[{"@type":"ReadAction","target":["https:\/\/all-car-news.com\/es\/el-gr-yaris-con-motor-de-hidrogeno-debuta-en-los-rallies-europeos\/"]}]},{"@type":"BreadcrumbList","@id":"https:\/\/all-car-news.com\/es\/el-gr-yaris-con-motor-de-hidrogeno-debuta-en-los-rallies-europeos\/#breadcrumb","itemListElement":[{"@type":"ListItem","position":1,"name":"Home","item":"https:\/\/all-car-news.com\/es\/"},{"@type":"ListItem","position":2,"name":"El GR Yaris con motor de hidr\u00f3geno debuta en los rallies europeos"}]},{"@type":"WebSite","@id":"https:\/\/all-car-news.com\/es\/#website","url":"https:\/\/all-car-news.com\/es\/","name":"All cars news","description":"","publisher":{"@id":"https:\/\/all-car-news.com\/es\/#organization"},"potentialAction":[{"@type":"SearchAction","target":{"@type":"EntryPoint","urlTemplate":"https:\/\/all-car-news.com\/es\/?s={search_term_string}"},"query-input":"required name=search_term_string"}],"inLanguage":"es"},{"@type":"Organization","@id":"https:\/\/all-car-news.com\/es\/#organization","name":"All cars news","url":"https:\/\/all-car-news.com\/es\/","logo":{"@type":"ImageObject","inLanguage":"es","@id":"https:\/\/all-car-news.com\/es\/#\/schema\/logo\/image\/","url":"https:\/\/all-car-news.com\/wp-content\/uploads\/2022\/02\/CMYK-AllCarNews_LANDSCAPE_300px-1.png","contentUrl":"https:\/\/all-car-news.com\/wp-content\/uploads\/2022\/02\/CMYK-AllCarNews_LANDSCAPE_300px-1.png","width":300,"height":100,"caption":"All cars news"},"image":{"@id":"https:\/\/all-car-news.com\/es\/#\/schema\/logo\/image\/"}}]}},"_links":{"self":[{"href":"https:\/\/all-car-news.com\/es\/wp-json\/wp\/v2\/posts\/122150","targetHints":{"allow":["GET"]}}],"collection":[{"href":"https:\/\/all-car-news.com\/es\/wp-json\/wp\/v2\/posts"}],"about":[{"href":"https:\/\/all-car-news.com\/es\/wp-json\/wp\/v2\/types\/post"}],"replies":[{"embeddable":true,"href":"https:\/\/all-car-news.com\/es\/wp-json\/wp\/v2\/comments?post=122150"}],"version-history":[{"count":0,"href":"https:\/\/all-car-news.com\/es\/wp-json\/wp\/v2\/posts\/122150\/revisions"}],"wp:featuredmedia":[{"embeddable":true,"href":"https:\/\/all-car-news.com\/es\/wp-json\/wp\/v2\/media\/122118"}],"wp:attachment":[{"href":"https:\/\/all-car-news.com\/es\/wp-json\/wp\/v2\/media?parent=122150"}],"wp:term":[{"taxonomy":"category","embeddable":true,"href":"https:\/\/all-car-news.com\/es\/wp-json\/wp\/v2\/categories?post=122150"},{"taxonomy":"post_tag","embeddable":true,"href":"https:\/\/all-car-news.com\/es\/wp-json\/wp\/v2\/tags?post=122150"}],"curies":[{"name":"wp","href":"https:\/\/api.w.org\/{rel}","templated":true}]}}