{"id":121633,"date":"2022-08-12T10:22:14","date_gmt":"2022-08-12T10:22:14","guid":{"rendered":"https:\/\/all-car-news.com\/por-que-no-debes-lavar-tu-coche-en-un-dia-caluroso-de-verano\/"},"modified":"2022-08-12T10:22:14","modified_gmt":"2022-08-12T10:22:14","slug":"por-que-no-debes-lavar-tu-coche-en-un-dia-caluroso-de-verano","status":"publish","type":"post","link":"https:\/\/all-car-news.com\/es\/por-que-no-debes-lavar-tu-coche-en-un-dia-caluroso-de-verano\/","title":{"rendered":"Por qu\u00e9 no debes lavar tu coche en un d\u00eda caluroso de verano"},"content":{"rendered":"<h2>Los da\u00f1os en la pintura est\u00e1n al acecho<\/h2>\n<p>Las temperaturas extremas son un verdadero reto para los coches. No s\u00f3lo los neum\u00e1ticos y su interior sufren con las temperaturas tropicales. La pintura de su coche tambi\u00e9n es m\u00e1s vulnerable en condiciones de sol y calor.<\/p>\n<h2><strong>A la espera del lavado<\/strong><\/h2>\n<p>Por eso es conveniente esperar un tiempo antes de lavar el coche en un d\u00eda caluroso de verano. Los paneles met\u00e1licos de un coche retienen mucho calor. El agua se seca en un abrir y cerrar de ojos y quedan innumerables gotas de agua secas en su coche reci\u00e9n pulido. Adem\u00e1s, los productos de lavado se secan m\u00e1s r\u00e1pido a plena luz del sol, lo que los hace menos eficaces. Acabar\u00e1 con rayas y manchas en lugar de un coche brillante. Esto no s\u00f3lo es una p\u00e9rdida de trabajo, sino que incluso puede da\u00f1ar la pintura del coche.<\/p>\n<figure class=\"wp-block-image size-content\"><img decoding=\"async\" loading=\"lazy\" width=\"1140\" height=\"843\" src=\"https:\/\/autorai.nl\/wp-content\/uploads\/2022\/03\/autowassen-1-1140x843.jpg\" alt=\"\" class=\"wp-image-118871\"><\/figure>\n<h2><strong>Da\u00f1os en la pintura debido a los excrementos de los p\u00e1jaros<\/strong><\/h2>\n<p>Un culpable bien conocido: los excrementos de los p\u00e1jaros. Cuando hace calor, esto es especialmente molesto para la pintura de su coche. Los \u00e1cidos de los excrementos de los p\u00e1jaros se \u00abcomen\u00bb la pintura del coche m\u00e1s r\u00e1pidamente en condiciones de calor. El resultado: manchas opacas o incluso da\u00f1os en la pintura. Las grandes diferencias de temperatura aumentan el problema. La pintura que se encuentra debajo de los excrementos de los p\u00e1jaros se encoge y expande menos r\u00e1pidamente que las superficies circundantes. Esto crea desniveles y diferencias de color.<\/p>\n<p>As\u00ed que no espere demasiado y elimine r\u00e1pidamente los excrementos de aves de su coche. Tenga cuidado con los ara\u00f1azos y los da\u00f1os cuando intente eliminar esas manchas persistentes de excrementos de p\u00e1jaros.<\/p>\n<p>Lee tambi\u00e9n: <a href=\"https:\/\/autorai.nl\/dit-is-de-beste-manier-om-vogelpoep-van-je-auto-te-krijgen\/\">Esta es la mejor manera de quitar los excrementos de p\u00e1jaros de tu coche<\/a><\/p>\n<figure class=\"wp-block-image size-content\"><img decoding=\"async\" loading=\"lazy\" width=\"1140\" height=\"641\" src=\"https:\/\/autorai.nl\/wp-content\/uploads\/2019\/04\/Vogelpoep_edited-1140x641.jpg\" alt=\"\" class=\"wp-image-65169\"><\/figure>\n<h2><strong>Sequ\u00eda<\/strong><\/h2>\n<p>De media, un holand\u00e9s lava su coche entre 4 y 5 veces al a\u00f1o. Para ello se necesita mucha agua. Y en \u00e9pocas de calor y sequ\u00eda prolongada, el consejo es utilizar el agua con moderaci\u00f3n. Actualmente, un <a href=\"https:\/\/www.rijksoverheid.nl\/actueel\/nieuws\/2022\/08\/03\/water-moet-worden-verdeeld-door-aanhoudende-droogte\" target=\"_blank\" rel=\"noreferrer noopener\">equipo<\/a> especial de <a href=\"https:\/\/www.rijksoverheid.nl\/actueel\/nieuws\/2022\/08\/03\/water-moet-worden-verdeeld-door-aanhoudende-droogte\" target=\"_blank\" rel=\"noreferrer noopener\">gesti\u00f3n de la escasez de<\/a> agua (MTW) regula el uso del agua en nuestro pa\u00eds.<\/p>\n<p>Si todav\u00eda quieres lavar tu coche en verano, te recomendamos que vayas a un t\u00fanel de lavado. \u00abUn lavado en el t\u00fanel de lavado consume entre 350 y 450 litros de agua\u00bb, afirma Theo Heikamp, del lavadero Dico, en <a href=\"https:\/\/www.nporadio1.nl\/nieuws\/binnenland\/b796cbf4-592c-48e0-9409-0111b5031057\/auto-wassen-door-de-wasstraat-gaan-is-beter-voor-het-milieu-dan-thuis-je-auto-wassen\" target=\"_blank\" rel=\"noreferrer noopener\">NPO Radio 1<\/a>. Dico Carwash es una empresa que suministra m\u00e1quinas para el lavado de coches. \u00abEn promedio, esto implica 150 litros de agua dulce. Los dispositivos m\u00e1s econ\u00f3micos utilizan 70 litros de agua dulce\u00bb.<\/p>\n<figure class=\"wp-block-image size-content\"><img decoding=\"async\" loading=\"lazy\" width=\"1140\" height=\"855\" src=\"https:\/\/autorai.nl\/wp-content\/uploads\/2022\/03\/carwash-wasstraat-1140x855.jpg\" alt=\"\" class=\"wp-image-117353\"><\/figure>\n<h2><strong>Bueno para el coche y el medio ambiente<\/strong><\/h2>\n<p>Los propietarios fan\u00e1ticos de los coches necesitan f\u00e1cilmente entre 65 y 80 litros de agua cuando los lavan ellos mismos. En cuanto al consumo de agua, no hay mucha diferencia entre pasar por el t\u00fanel de lavado o limpiar el coche en casa. Sin embargo, es mejor para el medio ambiente pasar por el lavadero de coches. All\u00ed no utilizan el agua potable, sino las aguas subterr\u00e1neas. Adem\u00e1s, el agua residual se filtra, mientras que la limpiadora dom\u00e9stica suele limitarse a lavar toda la suciedad y los restos de jab\u00f3n.<\/p>\n<figure class=\"wp-block-embed is-type-wp-embed is-provider-autorai-nl wp-block-embed-autorai-nl\">\n<div class=\"wp-block-embed__wrapper\">\n<blockquote class=\"wp-embedded-content\" data-secret=\"13i2uF4Apq\"><p><a href=\"https:\/\/autorai.nl\/hittegolf-dit-moet-je-wel-en-niet-doen-met-je-auto\/\">\u00bfOla de calor? Lo que debe y no debe hacer con su coche<\/a><\/p><\/blockquote>\n<\/div>\n<\/figure>\n","protected":false},"excerpt":{"rendered":"Los da\u00f1os en la pintura est\u00e1n al acecho Las temperaturas extremas son un verdadero desaf\u00edo para los coches. No s\u00f3lo&hellip;","protected":false},"author":0,"featured_media":121617,"comment_status":"open","ping_status":"open","sticky":false,"template":"","format":"standard","meta":{"footnotes":""},"categories":[126],"tags":[],"class_list":["post-121633","post","type-post","status-publish","format-standard","has-post-thumbnail","hentry","category-noticias-de-autos"],"acf":[],"yoast_head":"<!-- This site is optimized with the Yoast SEO plugin v21.2 - https:\/\/yoast.com\/wordpress\/plugins\/seo\/ -->\n<title>Por qu\u00e9 no debes lavar tu coche en un d\u00eda caluroso de verano - All cars news<\/title>\n<meta name=\"robots\" content=\"index, follow, max-snippet:-1, max-image-preview:large, max-video-preview:-1\" \/>\n<link rel=\"canonical\" href=\"https:\/\/all-car-news.com\/es\/por-que-no-debes-lavar-tu-coche-en-un-dia-caluroso-de-verano\/\" \/>\n<meta property=\"og:locale\" content=\"es_ES\" \/>\n<meta property=\"og:type\" content=\"article\" \/>\n<meta property=\"og:title\" content=\"Por qu\u00e9 no debes lavar tu coche en un d\u00eda caluroso de verano - All cars news\" \/>\n<meta property=\"og:description\" content=\"Los da\u00f1os en la pintura est\u00e1n al acecho Las temperaturas extremas son un verdadero desaf\u00edo para los coches. No s\u00f3lo los neum\u00e1ticos y su interior sufren con las temperaturas tropicales. La pintura de su coche tambi\u00e9n es m\u00e1s vulnerable en condiciones de sol y calor. Esperar con el lavado Por lo tanto, en un d\u00eda caluroso de verano, es prudente esperar un poco [...]\" \/>\n<meta property=\"og:url\" content=\"https:\/\/all-car-news.com\/es\/por-que-no-debes-lavar-tu-coche-en-un-dia-caluroso-de-verano\/\" \/>\n<meta property=\"og:site_name\" content=\"All cars news\" \/>\n<meta property=\"article:published_time\" content=\"2022-08-12T10:22:14+00:00\" \/>\n<meta property=\"og:image\" content=\"https:\/\/autorai.nl\/wp-content\/uploads\/2022\/03\/autowassen-1-1140x843.jpg\" \/>\n<meta name=\"twitter:card\" content=\"summary_large_image\" \/>\n<meta name=\"twitter:label1\" content=\"Tiempo de lectura\" \/>\n\t<meta name=\"twitter:data1\" content=\"3 minutos\" \/>\n<script type=\"application\/ld+json\" class=\"yoast-schema-graph\">{\"@context\":\"https:\/\/schema.org\",\"@graph\":[{\"@type\":\"Article\",\"@id\":\"https:\/\/all-car-news.com\/es\/por-que-no-debes-lavar-tu-coche-en-un-dia-caluroso-de-verano\/#article\",\"isPartOf\":{\"@id\":\"https:\/\/all-car-news.com\/es\/por-que-no-debes-lavar-tu-coche-en-un-dia-caluroso-de-verano\/\"},\"author\":{\"name\":\"\",\"@id\":\"\"},\"headline\":\"Por qu\u00e9 no debes lavar tu coche en un d\u00eda caluroso de verano\",\"datePublished\":\"2022-08-12T10:22:14+00:00\",\"dateModified\":\"2022-08-12T10:22:14+00:00\",\"mainEntityOfPage\":{\"@id\":\"https:\/\/all-car-news.com\/es\/por-que-no-debes-lavar-tu-coche-en-un-dia-caluroso-de-verano\/\"},\"wordCount\":594,\"commentCount\":0,\"publisher\":{\"@id\":\"https:\/\/all-car-news.com\/es\/#organization\"},\"articleSection\":[\"noticias de autos\"],\"inLanguage\":\"es\",\"potentialAction\":[{\"@type\":\"CommentAction\",\"name\":\"Comment\",\"target\":[\"https:\/\/all-car-news.com\/es\/por-que-no-debes-lavar-tu-coche-en-un-dia-caluroso-de-verano\/#respond\"]}]},{\"@type\":\"WebPage\",\"@id\":\"https:\/\/all-car-news.com\/es\/por-que-no-debes-lavar-tu-coche-en-un-dia-caluroso-de-verano\/\",\"url\":\"https:\/\/all-car-news.com\/es\/por-que-no-debes-lavar-tu-coche-en-un-dia-caluroso-de-verano\/\",\"name\":\"Por qu\u00e9 no debes lavar tu coche en un d\u00eda caluroso de verano - All cars news\",\"isPartOf\":{\"@id\":\"https:\/\/all-car-news.com\/es\/#website\"},\"datePublished\":\"2022-08-12T10:22:14+00:00\",\"dateModified\":\"2022-08-12T10:22:14+00:00\",\"breadcrumb\":{\"@id\":\"https:\/\/all-car-news.com\/es\/por-que-no-debes-lavar-tu-coche-en-un-dia-caluroso-de-verano\/#breadcrumb\"},\"inLanguage\":\"es\",\"potentialAction\":[{\"@type\":\"ReadAction\",\"target\":[\"https:\/\/all-car-news.com\/es\/por-que-no-debes-lavar-tu-coche-en-un-dia-caluroso-de-verano\/\"]}]},{\"@type\":\"BreadcrumbList\",\"@id\":\"https:\/\/all-car-news.com\/es\/por-que-no-debes-lavar-tu-coche-en-un-dia-caluroso-de-verano\/#breadcrumb\",\"itemListElement\":[{\"@type\":\"ListItem\",\"position\":1,\"name\":\"Home\",\"item\":\"https:\/\/all-car-news.com\/es\/\"},{\"@type\":\"ListItem\",\"position\":2,\"name\":\"Por qu\u00e9 no debes lavar tu coche en un d\u00eda caluroso de verano\"}]},{\"@type\":\"WebSite\",\"@id\":\"https:\/\/all-car-news.com\/es\/#website\",\"url\":\"https:\/\/all-car-news.com\/es\/\",\"name\":\"All cars news\",\"description\":\"\",\"publisher\":{\"@id\":\"https:\/\/all-car-news.com\/es\/#organization\"},\"potentialAction\":[{\"@type\":\"SearchAction\",\"target\":{\"@type\":\"EntryPoint\",\"urlTemplate\":\"https:\/\/all-car-news.com\/es\/?s={search_term_string}\"},\"query-input\":\"required name=search_term_string\"}],\"inLanguage\":\"es\"},{\"@type\":\"Organization\",\"@id\":\"https:\/\/all-car-news.com\/es\/#organization\",\"name\":\"All cars news\",\"url\":\"https:\/\/all-car-news.com\/es\/\",\"logo\":{\"@type\":\"ImageObject\",\"inLanguage\":\"es\",\"@id\":\"https:\/\/all-car-news.com\/es\/#\/schema\/logo\/image\/\",\"url\":\"https:\/\/all-car-news.com\/wp-content\/uploads\/2022\/02\/CMYK-AllCarNews_LANDSCAPE_300px-1.png\",\"contentUrl\":\"https:\/\/all-car-news.com\/wp-content\/uploads\/2022\/02\/CMYK-AllCarNews_LANDSCAPE_300px-1.png\",\"width\":300,\"height\":100,\"caption\":\"All cars news\"},\"image\":{\"@id\":\"https:\/\/all-car-news.com\/es\/#\/schema\/logo\/image\/\"}}]}<\/script>\n<!-- \/ Yoast SEO plugin. -->","yoast_head_json":{"title":"Por qu\u00e9 no debes lavar tu coche en un d\u00eda caluroso de verano - All cars news","robots":{"index":"index","follow":"follow","max-snippet":"max-snippet:-1","max-image-preview":"max-image-preview:large","max-video-preview":"max-video-preview:-1"},"canonical":"https:\/\/all-car-news.com\/es\/por-que-no-debes-lavar-tu-coche-en-un-dia-caluroso-de-verano\/","og_locale":"es_ES","og_type":"article","og_title":"Por qu\u00e9 no debes lavar tu coche en un d\u00eda caluroso de verano - All cars news","og_description":"Los da\u00f1os en la pintura est\u00e1n al acecho Las temperaturas extremas son un verdadero desaf\u00edo para los coches. No s\u00f3lo los neum\u00e1ticos y su interior sufren con las temperaturas tropicales. La pintura de su coche tambi\u00e9n es m\u00e1s vulnerable en condiciones de sol y calor. Esperar con el lavado Por lo tanto, en un d\u00eda caluroso de verano, es prudente esperar un poco [...]","og_url":"https:\/\/all-car-news.com\/es\/por-que-no-debes-lavar-tu-coche-en-un-dia-caluroso-de-verano\/","og_site_name":"All cars news","article_published_time":"2022-08-12T10:22:14+00:00","og_image":[{"url":"https:\/\/autorai.nl\/wp-content\/uploads\/2022\/03\/autowassen-1-1140x843.jpg"}],"twitter_card":"summary_large_image","twitter_misc":{"Tiempo de lectura":"3 minutos"},"schema":{"@context":"https:\/\/schema.org","@graph":[{"@type":"Article","@id":"https:\/\/all-car-news.com\/es\/por-que-no-debes-lavar-tu-coche-en-un-dia-caluroso-de-verano\/#article","isPartOf":{"@id":"https:\/\/all-car-news.com\/es\/por-que-no-debes-lavar-tu-coche-en-un-dia-caluroso-de-verano\/"},"author":{"name":"","@id":""},"headline":"Por qu\u00e9 no debes lavar tu coche en un d\u00eda caluroso de verano","datePublished":"2022-08-12T10:22:14+00:00","dateModified":"2022-08-12T10:22:14+00:00","mainEntityOfPage":{"@id":"https:\/\/all-car-news.com\/es\/por-que-no-debes-lavar-tu-coche-en-un-dia-caluroso-de-verano\/"},"wordCount":594,"commentCount":0,"publisher":{"@id":"https:\/\/all-car-news.com\/es\/#organization"},"articleSection":["noticias de autos"],"inLanguage":"es","potentialAction":[{"@type":"CommentAction","name":"Comment","target":["https:\/\/all-car-news.com\/es\/por-que-no-debes-lavar-tu-coche-en-un-dia-caluroso-de-verano\/#respond"]}]},{"@type":"WebPage","@id":"https:\/\/all-car-news.com\/es\/por-que-no-debes-lavar-tu-coche-en-un-dia-caluroso-de-verano\/","url":"https:\/\/all-car-news.com\/es\/por-que-no-debes-lavar-tu-coche-en-un-dia-caluroso-de-verano\/","name":"Por qu\u00e9 no debes lavar tu coche en un d\u00eda caluroso de verano - All cars news","isPartOf":{"@id":"https:\/\/all-car-news.com\/es\/#website"},"datePublished":"2022-08-12T10:22:14+00:00","dateModified":"2022-08-12T10:22:14+00:00","breadcrumb":{"@id":"https:\/\/all-car-news.com\/es\/por-que-no-debes-lavar-tu-coche-en-un-dia-caluroso-de-verano\/#breadcrumb"},"inLanguage":"es","potentialAction":[{"@type":"ReadAction","target":["https:\/\/all-car-news.com\/es\/por-que-no-debes-lavar-tu-coche-en-un-dia-caluroso-de-verano\/"]}]},{"@type":"BreadcrumbList","@id":"https:\/\/all-car-news.com\/es\/por-que-no-debes-lavar-tu-coche-en-un-dia-caluroso-de-verano\/#breadcrumb","itemListElement":[{"@type":"ListItem","position":1,"name":"Home","item":"https:\/\/all-car-news.com\/es\/"},{"@type":"ListItem","position":2,"name":"Por qu\u00e9 no debes lavar tu coche en un d\u00eda caluroso de verano"}]},{"@type":"WebSite","@id":"https:\/\/all-car-news.com\/es\/#website","url":"https:\/\/all-car-news.com\/es\/","name":"All cars news","description":"","publisher":{"@id":"https:\/\/all-car-news.com\/es\/#organization"},"potentialAction":[{"@type":"SearchAction","target":{"@type":"EntryPoint","urlTemplate":"https:\/\/all-car-news.com\/es\/?s={search_term_string}"},"query-input":"required name=search_term_string"}],"inLanguage":"es"},{"@type":"Organization","@id":"https:\/\/all-car-news.com\/es\/#organization","name":"All cars news","url":"https:\/\/all-car-news.com\/es\/","logo":{"@type":"ImageObject","inLanguage":"es","@id":"https:\/\/all-car-news.com\/es\/#\/schema\/logo\/image\/","url":"https:\/\/all-car-news.com\/wp-content\/uploads\/2022\/02\/CMYK-AllCarNews_LANDSCAPE_300px-1.png","contentUrl":"https:\/\/all-car-news.com\/wp-content\/uploads\/2022\/02\/CMYK-AllCarNews_LANDSCAPE_300px-1.png","width":300,"height":100,"caption":"All cars news"},"image":{"@id":"https:\/\/all-car-news.com\/es\/#\/schema\/logo\/image\/"}}]}},"_links":{"self":[{"href":"https:\/\/all-car-news.com\/es\/wp-json\/wp\/v2\/posts\/121633","targetHints":{"allow":["GET"]}}],"collection":[{"href":"https:\/\/all-car-news.com\/es\/wp-json\/wp\/v2\/posts"}],"about":[{"href":"https:\/\/all-car-news.com\/es\/wp-json\/wp\/v2\/types\/post"}],"replies":[{"embeddable":true,"href":"https:\/\/all-car-news.com\/es\/wp-json\/wp\/v2\/comments?post=121633"}],"version-history":[{"count":0,"href":"https:\/\/all-car-news.com\/es\/wp-json\/wp\/v2\/posts\/121633\/revisions"}],"wp:featuredmedia":[{"embeddable":true,"href":"https:\/\/all-car-news.com\/es\/wp-json\/wp\/v2\/media\/121617"}],"wp:attachment":[{"href":"https:\/\/all-car-news.com\/es\/wp-json\/wp\/v2\/media?parent=121633"}],"wp:term":[{"taxonomy":"category","embeddable":true,"href":"https:\/\/all-car-news.com\/es\/wp-json\/wp\/v2\/categories?post=121633"},{"taxonomy":"post_tag","embeddable":true,"href":"https:\/\/all-car-news.com\/es\/wp-json\/wp\/v2\/tags?post=121633"}],"curies":[{"name":"wp","href":"https:\/\/api.w.org\/{rel}","templated":true}]}}