{"id":120210,"date":"2022-05-19T13:24:19","date_gmt":"2022-05-19T13:24:19","guid":{"rendered":"https:\/\/all-car-news.com\/f1-a-que-hora-comenzara-el-gran-premio-de-espana\/"},"modified":"2022-05-19T13:24:19","modified_gmt":"2022-05-19T13:24:19","slug":"f1-a-que-hora-comenzara-el-gran-premio-de-espana","status":"publish","type":"post","link":"https:\/\/all-car-news.com\/es\/f1-a-que-hora-comenzara-el-gran-premio-de-espana\/","title":{"rendered":"F1: \u00bfA qu\u00e9 hora comenzar\u00e1 el Gran Premio de Espa\u00f1a?"},"content":{"rendered":"<h2>\u00bfA qu\u00e9 hora empieza la clasificaci\u00f3n del GP de Barcelona?<\/h2>\n<p>La clasificaci\u00f3n del GP de Espa\u00f1a de F1 comienza <strong>a las 16:00 horas del s\u00e1bado 21 de mayo<\/strong>. El a\u00f1o pasado fue Lewis Hamilton quien se llev\u00f3 la pole. Verstappen fue s\u00f3lo tres cent\u00e9simas de segundo m\u00e1s lento y tuvo que conformarse con la P2. El tercero en la parrilla fue Valtreri Bottas, entonces piloto de Mercedes. La sorpresa de la sesi\u00f3n de clasificaci\u00f3n fue Ocon, que consigui\u00f3 un buen P5.<\/p>\n<figure class=\"wp-block-table is-style-stripes\">\n<table>\n<tbody>\n<tr>\n<td><strong>Sesi\u00f3n<\/strong><\/td>\n<td><strong>Fecha<\/strong><\/td>\n<td><strong>Hora holandesa<\/strong><\/td>\n<\/tr>\n<tr>\n<td>Primer entrenamiento libre<\/td>\n<td>Viernes 20 de mayo<\/td>\n<td>14.00 &#8211; 15.00<\/td>\n<\/tr>\n<tr>\n<td>2\u00ba entrenamiento libre<\/td>\n<td>Viernes 20 de mayo<\/td>\n<td>17.00 &#8211; 18.00<\/td>\n<\/tr>\n<tr>\n<td>Tercer entrenamiento libre<\/td>\n<td>S\u00e1bado 21 de mayo<\/td>\n<td>13.00 &#8211; 14.00<\/td>\n<\/tr>\n<tr>\n<td>Calificaci\u00f3n<\/td>\n<td>S\u00e1bado 21 de mayo<\/td>\n<td>16.00 &#8211; 17.00<\/td>\n<\/tr>\n<tr>\n<td>Carrera<\/td>\n<td>Domingo 22 de mayo<\/td>\n<td>15.00 &#8211; 17.00<\/td>\n<\/tr>\n<\/tbody>\n<\/table>\n<\/figure>\n<h2>Primera victoria de Verstappen<\/h2>\n<p>Verstappen tiene buenos recuerdos del circuito de Barcelona. El ruso Daniil Kvyat fue transferido de nuevo a Toro Rosso tras unos resultados decepcionantes. Max consigui\u00f3 el asiento en Red Bull, como compa\u00f1ero de equipo de Daniel Ricciardo. En su debut con Red Bull en Barcelona, el holand\u00e9s consigui\u00f3 su primera victoria. En parte, porque los pilotos de Mercedes, Hamilton y Rosberg, se sacaron mutuamente de la pista.<\/p>\n<figure class=\"wp-block-image size-content\"><img decoding=\"async\" loading=\"lazy\" width=\"1140\" height=\"641\" src=\"https:\/\/autorai.nl\/wp-content\/uploads\/2022\/05\/max-wint-in-barcelona-1140x641.jpg\" alt=\"max-wint-in-barcelona\" class=\"wp-image-122418\"><\/figure>\n<h2>\u00bfQu\u00e9 hay que saber sobre el GP de Espa\u00f1a en Barcelona?<\/h2>\n<p>El <a href=\"https:\/\/autorai.nl\/drake-verliest-300-000-dollar-na-winst-max-verstappen\/\" target=\"_blank\" rel=\"noreferrer noopener\">GP de Espa\u00f1a<\/a> es una cita habitual en el calendario de carreras. Es una mezcla de curvas r\u00e1pidas y lentas y largas rectas. Es la raz\u00f3n por la que la pista es el lugar de pruebas perfecto para los equipos de F1 al principio de la temporada. Sin embargo, este a\u00f1o no, ya que las pruebas de pretemporada tuvieron lugar en Bahr\u00e9in debido a la pandemia.<\/p>\n<h3>Estad\u00edsticas<\/h3>\n<p>Nombre oficial: FORMULA 1 PIRELLI GRAN PREMIO DE ESPA\u00d1A 2022<br \/>Ubicaci\u00f3n: Barcelona, Espa\u00f1a<br \/>Longitud del circuito: 4,675 km<br \/>N\u00famero de vueltas: 66<br \/>N\u00famero de curvas: 16<br \/>Distancia total de la carrera: 308,424 km<br \/>R\u00e9cord de vuelta: 1:18.149 Max Verstappen (2021)<\/p>\n<figure class=\"wp-block-image size-content\"><img decoding=\"async\" loading=\"lazy\" width=\"1140\" height=\"642\" src=\"https:\/\/autorai.nl\/wp-content\/uploads\/2022\/05\/Circuit-Barcelona-1140x642.png\" alt=\"Circuito-Barcelona\" class=\"wp-image-122426\"><figcaption>Fuente: F1<\/figcaption><\/figure>\n<figure class=\"wp-block-embed is-type-video is-provider-youtube wp-block-embed-youtube wp-embed-aspect-16-9 wp-has-aspect-ratio\">\n<div class=\"wp-block-embed__wrapper\">\n<\/div>\n<\/figure>\n","protected":false},"excerpt":{"rendered":"\u00bfA qu\u00e9 hora empieza la clasificaci\u00f3n del GP de Barcelona? La clasificaci\u00f3n del GP de Espa\u00f1a de F1 comienza a&hellip;","protected":false},"author":0,"featured_media":119969,"comment_status":"open","ping_status":"open","sticky":false,"template":"","format":"standard","meta":{"footnotes":""},"categories":[130,134,126],"tags":[],"class_list":["post-120210","post","type-post","status-publish","format-standard","has-post-thumbnail","hentry","category-automovilismo","category-formula-1-es","category-noticias-de-autos"],"acf":[],"yoast_head":"<!-- This site is optimized with the Yoast SEO plugin v21.2 - https:\/\/yoast.com\/wordpress\/plugins\/seo\/ -->\n<title>F1: \u00bfA qu\u00e9 hora comenzar\u00e1 el Gran Premio de Espa\u00f1a? - All cars news<\/title>\n<meta name=\"robots\" content=\"index, follow, max-snippet:-1, max-image-preview:large, max-video-preview:-1\" \/>\n<link rel=\"canonical\" href=\"https:\/\/all-car-news.com\/es\/f1-a-que-hora-comenzara-el-gran-premio-de-espana\/\" \/>\n<meta property=\"og:locale\" content=\"es_ES\" \/>\n<meta property=\"og:type\" content=\"article\" \/>\n<meta property=\"og:title\" content=\"F1: \u00bfA qu\u00e9 hora comenzar\u00e1 el Gran Premio de Espa\u00f1a? - All cars news\" \/>\n<meta property=\"og:description\" content=\"\u00bfA qu\u00e9 hora empieza la clasificaci\u00f3n del GP de Barcelona? La clasificaci\u00f3n del GP de Espa\u00f1a de F1 comienza a las 16:00 horas del s\u00e1bado 21 de mayo. El a\u00f1o pasado fue Lewis Hamilton quien se llev\u00f3 la pole. Verstappen fue s\u00f3lo tres cent\u00e9simas de segundo m\u00e1s lento y tuvo que conformarse con la P2. El tercer puesto [...]\" \/>\n<meta property=\"og:url\" content=\"https:\/\/all-car-news.com\/es\/f1-a-que-hora-comenzara-el-gran-premio-de-espana\/\" \/>\n<meta property=\"og:site_name\" content=\"All cars news\" \/>\n<meta property=\"article:published_time\" content=\"2022-05-19T13:24:19+00:00\" \/>\n<meta property=\"og:image\" content=\"https:\/\/all-car-news.com\/wp-content\/uploads\/2022\/05\/Max-Verstappen-.jpg\" \/>\n\t<meta property=\"og:image:width\" content=\"1920\" \/>\n\t<meta property=\"og:image:height\" content=\"1080\" \/>\n\t<meta property=\"og:image:type\" content=\"image\/jpeg\" \/>\n<meta name=\"twitter:card\" content=\"summary_large_image\" \/>\n<meta name=\"twitter:label1\" content=\"Tiempo de lectura\" \/>\n\t<meta name=\"twitter:data1\" content=\"2 minutos\" \/>\n<script type=\"application\/ld+json\" class=\"yoast-schema-graph\">{\"@context\":\"https:\/\/schema.org\",\"@graph\":[{\"@type\":\"Article\",\"@id\":\"https:\/\/all-car-news.com\/es\/f1-a-que-hora-comenzara-el-gran-premio-de-espana\/#article\",\"isPartOf\":{\"@id\":\"https:\/\/all-car-news.com\/es\/f1-a-que-hora-comenzara-el-gran-premio-de-espana\/\"},\"author\":{\"name\":\"\",\"@id\":\"\"},\"headline\":\"F1: \u00bfA qu\u00e9 hora comenzar\u00e1 el Gran Premio de Espa\u00f1a?\",\"datePublished\":\"2022-05-19T13:24:19+00:00\",\"dateModified\":\"2022-05-19T13:24:19+00:00\",\"mainEntityOfPage\":{\"@id\":\"https:\/\/all-car-news.com\/es\/f1-a-que-hora-comenzara-el-gran-premio-de-espana\/\"},\"wordCount\":334,\"commentCount\":0,\"publisher\":{\"@id\":\"https:\/\/all-car-news.com\/es\/#organization\"},\"articleSection\":[\"automovilismo\",\"F\u00f3rmula 1\",\"noticias de autos\"],\"inLanguage\":\"es\",\"potentialAction\":[{\"@type\":\"CommentAction\",\"name\":\"Comment\",\"target\":[\"https:\/\/all-car-news.com\/es\/f1-a-que-hora-comenzara-el-gran-premio-de-espana\/#respond\"]}]},{\"@type\":\"WebPage\",\"@id\":\"https:\/\/all-car-news.com\/es\/f1-a-que-hora-comenzara-el-gran-premio-de-espana\/\",\"url\":\"https:\/\/all-car-news.com\/es\/f1-a-que-hora-comenzara-el-gran-premio-de-espana\/\",\"name\":\"F1: \u00bfA qu\u00e9 hora comenzar\u00e1 el Gran Premio de Espa\u00f1a? - All cars news\",\"isPartOf\":{\"@id\":\"https:\/\/all-car-news.com\/es\/#website\"},\"datePublished\":\"2022-05-19T13:24:19+00:00\",\"dateModified\":\"2022-05-19T13:24:19+00:00\",\"breadcrumb\":{\"@id\":\"https:\/\/all-car-news.com\/es\/f1-a-que-hora-comenzara-el-gran-premio-de-espana\/#breadcrumb\"},\"inLanguage\":\"es\",\"potentialAction\":[{\"@type\":\"ReadAction\",\"target\":[\"https:\/\/all-car-news.com\/es\/f1-a-que-hora-comenzara-el-gran-premio-de-espana\/\"]}]},{\"@type\":\"BreadcrumbList\",\"@id\":\"https:\/\/all-car-news.com\/es\/f1-a-que-hora-comenzara-el-gran-premio-de-espana\/#breadcrumb\",\"itemListElement\":[{\"@type\":\"ListItem\",\"position\":1,\"name\":\"Home\",\"item\":\"https:\/\/all-car-news.com\/es\/\"},{\"@type\":\"ListItem\",\"position\":2,\"name\":\"F1: \u00bfA qu\u00e9 hora comenzar\u00e1 el Gran Premio de Espa\u00f1a?\"}]},{\"@type\":\"WebSite\",\"@id\":\"https:\/\/all-car-news.com\/es\/#website\",\"url\":\"https:\/\/all-car-news.com\/es\/\",\"name\":\"All cars news\",\"description\":\"\",\"publisher\":{\"@id\":\"https:\/\/all-car-news.com\/es\/#organization\"},\"potentialAction\":[{\"@type\":\"SearchAction\",\"target\":{\"@type\":\"EntryPoint\",\"urlTemplate\":\"https:\/\/all-car-news.com\/es\/?s={search_term_string}\"},\"query-input\":\"required name=search_term_string\"}],\"inLanguage\":\"es\"},{\"@type\":\"Organization\",\"@id\":\"https:\/\/all-car-news.com\/es\/#organization\",\"name\":\"All cars news\",\"url\":\"https:\/\/all-car-news.com\/es\/\",\"logo\":{\"@type\":\"ImageObject\",\"inLanguage\":\"es\",\"@id\":\"https:\/\/all-car-news.com\/es\/#\/schema\/logo\/image\/\",\"url\":\"https:\/\/all-car-news.com\/wp-content\/uploads\/2022\/02\/CMYK-AllCarNews_LANDSCAPE_300px-1.png\",\"contentUrl\":\"https:\/\/all-car-news.com\/wp-content\/uploads\/2022\/02\/CMYK-AllCarNews_LANDSCAPE_300px-1.png\",\"width\":300,\"height\":100,\"caption\":\"All cars news\"},\"image\":{\"@id\":\"https:\/\/all-car-news.com\/es\/#\/schema\/logo\/image\/\"}}]}<\/script>\n<!-- \/ Yoast SEO plugin. -->","yoast_head_json":{"title":"F1: \u00bfA qu\u00e9 hora comenzar\u00e1 el Gran Premio de Espa\u00f1a? - All cars news","robots":{"index":"index","follow":"follow","max-snippet":"max-snippet:-1","max-image-preview":"max-image-preview:large","max-video-preview":"max-video-preview:-1"},"canonical":"https:\/\/all-car-news.com\/es\/f1-a-que-hora-comenzara-el-gran-premio-de-espana\/","og_locale":"es_ES","og_type":"article","og_title":"F1: \u00bfA qu\u00e9 hora comenzar\u00e1 el Gran Premio de Espa\u00f1a? - All cars news","og_description":"\u00bfA qu\u00e9 hora empieza la clasificaci\u00f3n del GP de Barcelona? La clasificaci\u00f3n del GP de Espa\u00f1a de F1 comienza a las 16:00 horas del s\u00e1bado 21 de mayo. El a\u00f1o pasado fue Lewis Hamilton quien se llev\u00f3 la pole. Verstappen fue s\u00f3lo tres cent\u00e9simas de segundo m\u00e1s lento y tuvo que conformarse con la P2. El tercer puesto [...]","og_url":"https:\/\/all-car-news.com\/es\/f1-a-que-hora-comenzara-el-gran-premio-de-espana\/","og_site_name":"All cars news","article_published_time":"2022-05-19T13:24:19+00:00","og_image":[{"width":1920,"height":1080,"url":"https:\/\/all-car-news.com\/wp-content\/uploads\/2022\/05\/Max-Verstappen-.jpg","type":"image\/jpeg"}],"twitter_card":"summary_large_image","twitter_misc":{"Tiempo de lectura":"2 minutos"},"schema":{"@context":"https:\/\/schema.org","@graph":[{"@type":"Article","@id":"https:\/\/all-car-news.com\/es\/f1-a-que-hora-comenzara-el-gran-premio-de-espana\/#article","isPartOf":{"@id":"https:\/\/all-car-news.com\/es\/f1-a-que-hora-comenzara-el-gran-premio-de-espana\/"},"author":{"name":"","@id":""},"headline":"F1: \u00bfA qu\u00e9 hora comenzar\u00e1 el Gran Premio de Espa\u00f1a?","datePublished":"2022-05-19T13:24:19+00:00","dateModified":"2022-05-19T13:24:19+00:00","mainEntityOfPage":{"@id":"https:\/\/all-car-news.com\/es\/f1-a-que-hora-comenzara-el-gran-premio-de-espana\/"},"wordCount":334,"commentCount":0,"publisher":{"@id":"https:\/\/all-car-news.com\/es\/#organization"},"articleSection":["automovilismo","F\u00f3rmula 1","noticias de autos"],"inLanguage":"es","potentialAction":[{"@type":"CommentAction","name":"Comment","target":["https:\/\/all-car-news.com\/es\/f1-a-que-hora-comenzara-el-gran-premio-de-espana\/#respond"]}]},{"@type":"WebPage","@id":"https:\/\/all-car-news.com\/es\/f1-a-que-hora-comenzara-el-gran-premio-de-espana\/","url":"https:\/\/all-car-news.com\/es\/f1-a-que-hora-comenzara-el-gran-premio-de-espana\/","name":"F1: \u00bfA qu\u00e9 hora comenzar\u00e1 el Gran Premio de Espa\u00f1a? - All cars news","isPartOf":{"@id":"https:\/\/all-car-news.com\/es\/#website"},"datePublished":"2022-05-19T13:24:19+00:00","dateModified":"2022-05-19T13:24:19+00:00","breadcrumb":{"@id":"https:\/\/all-car-news.com\/es\/f1-a-que-hora-comenzara-el-gran-premio-de-espana\/#breadcrumb"},"inLanguage":"es","potentialAction":[{"@type":"ReadAction","target":["https:\/\/all-car-news.com\/es\/f1-a-que-hora-comenzara-el-gran-premio-de-espana\/"]}]},{"@type":"BreadcrumbList","@id":"https:\/\/all-car-news.com\/es\/f1-a-que-hora-comenzara-el-gran-premio-de-espana\/#breadcrumb","itemListElement":[{"@type":"ListItem","position":1,"name":"Home","item":"https:\/\/all-car-news.com\/es\/"},{"@type":"ListItem","position":2,"name":"F1: \u00bfA qu\u00e9 hora comenzar\u00e1 el Gran Premio de Espa\u00f1a?"}]},{"@type":"WebSite","@id":"https:\/\/all-car-news.com\/es\/#website","url":"https:\/\/all-car-news.com\/es\/","name":"All cars news","description":"","publisher":{"@id":"https:\/\/all-car-news.com\/es\/#organization"},"potentialAction":[{"@type":"SearchAction","target":{"@type":"EntryPoint","urlTemplate":"https:\/\/all-car-news.com\/es\/?s={search_term_string}"},"query-input":"required name=search_term_string"}],"inLanguage":"es"},{"@type":"Organization","@id":"https:\/\/all-car-news.com\/es\/#organization","name":"All cars news","url":"https:\/\/all-car-news.com\/es\/","logo":{"@type":"ImageObject","inLanguage":"es","@id":"https:\/\/all-car-news.com\/es\/#\/schema\/logo\/image\/","url":"https:\/\/all-car-news.com\/wp-content\/uploads\/2022\/02\/CMYK-AllCarNews_LANDSCAPE_300px-1.png","contentUrl":"https:\/\/all-car-news.com\/wp-content\/uploads\/2022\/02\/CMYK-AllCarNews_LANDSCAPE_300px-1.png","width":300,"height":100,"caption":"All cars news"},"image":{"@id":"https:\/\/all-car-news.com\/es\/#\/schema\/logo\/image\/"}}]}},"_links":{"self":[{"href":"https:\/\/all-car-news.com\/es\/wp-json\/wp\/v2\/posts\/120210","targetHints":{"allow":["GET"]}}],"collection":[{"href":"https:\/\/all-car-news.com\/es\/wp-json\/wp\/v2\/posts"}],"about":[{"href":"https:\/\/all-car-news.com\/es\/wp-json\/wp\/v2\/types\/post"}],"replies":[{"embeddable":true,"href":"https:\/\/all-car-news.com\/es\/wp-json\/wp\/v2\/comments?post=120210"}],"version-history":[{"count":0,"href":"https:\/\/all-car-news.com\/es\/wp-json\/wp\/v2\/posts\/120210\/revisions"}],"wp:featuredmedia":[{"embeddable":true,"href":"https:\/\/all-car-news.com\/es\/wp-json\/wp\/v2\/media\/119969"}],"wp:attachment":[{"href":"https:\/\/all-car-news.com\/es\/wp-json\/wp\/v2\/media?parent=120210"}],"wp:term":[{"taxonomy":"category","embeddable":true,"href":"https:\/\/all-car-news.com\/es\/wp-json\/wp\/v2\/categories?post=120210"},{"taxonomy":"post_tag","embeddable":true,"href":"https:\/\/all-car-news.com\/es\/wp-json\/wp\/v2\/tags?post=120210"}],"curies":[{"name":"wp","href":"https:\/\/api.w.org\/{rel}","templated":true}]}}