{"id":119586,"date":"2022-05-11T12:10:19","date_gmt":"2022-05-11T12:10:19","guid":{"rendered":"https:\/\/all-car-news.com\/1-111-cv-y-900-kilometros-de-autonomia-asi-cuesta-el-lucid-air-en-holanda\/"},"modified":"2022-05-11T12:10:19","modified_gmt":"2022-05-11T12:10:19","slug":"1-111-cv-y-900-kilometros-de-autonomia-asi-cuesta-el-lucid-air-en-holanda","status":"publish","type":"post","link":"https:\/\/all-car-news.com\/es\/1-111-cv-y-900-kilometros-de-autonomia-asi-cuesta-el-lucid-air-en-holanda\/","title":{"rendered":"1.111 CV y 900 kil\u00f3metros de autonom\u00eda: as\u00ed cuesta el Lucid Air en Holanda"},"content":{"rendered":"<h2>\u00bfQu\u00e9 es Lucid Motors?<\/h2>\n<p>Lucid Motors ha estado desarrollando Lucid Air durante a\u00f1os y quiere superar a todos en t\u00e9rminos de lujo, rendimiento y alcance. Los estadounidenses no solo apuntan a Tesla, sino tambi\u00e9n a BMW ( <a href=\"https:\/\/autorai.nl\/nieuwe-bmw-7-serie-alles-wat-je-moet-weten-over-deze-elektrische-limousine\/\" target=\"_blank\" rel=\"noreferrer noopener\">i7<\/a> ) y Mercedes-Benz ( <a href=\"https:\/\/autorai.nl\/review-mercedes-benz-eqs-2022-een-vliegensvlug-vliegend-tapijt\/\" target=\"_blank\" rel=\"noreferrer noopener\">EQS<\/a> ). La firma californiana ya ha hecho la traves\u00eda a Europa y esta semana inaugura un showroom en el foso de los leones: M\u00fanich.<\/p>\n<figure class=\"wp-block-image size-content\"><img decoding=\"async\" loading=\"lazy\" width=\"1140\" height=\"760\" src=\"https:\/\/autorai.nl\/wp-content\/uploads\/2022\/05\/lucid_air_6-1140x760.jpg\" alt=\"\" class=\"wp-image-121898\"><\/figure>\n<h2><strong>Reservar Aire L\u00facido<\/strong><\/h2>\n<p>La marca tambi\u00e9n quiere vender sus coches a los holandeses. Los compatriotas interesados pueden reservar un ejemplar del Air desde septiembre. Los europeos tienen que pagar 900 euros por un lugar en la cola.<\/p>\n<figure class=\"wp-block-image size-content\"><img decoding=\"async\" loading=\"lazy\" width=\"1140\" height=\"760\" src=\"https:\/\/autorai.nl\/wp-content\/uploads\/2022\/05\/lucid_air_dream_edition_61-1140x760.jpg\" alt=\"\" class=\"wp-image-121902\"><\/figure>\n<h2><strong>Edici\u00f3n de sue\u00f1o de aire l\u00facido<\/strong><\/h2>\n<p>El Air llegar\u00e1 inicialmente a Europa en dos sabores: Dream Edition P y Dream Edition R. El <strong>P<\/strong> es imprescindible si buscas un rendimiento impresionante, el <strong>R<\/strong> impresiona con su gama. Gracias a dos motores el\u00e9ctricos compactos pero extremadamente potentes, la Edici\u00f3n P tiene 1.111 CV y 1.390 Nm. En tan solo 2,7 segundos, la majestuosa berlina alcanza los 100 km\/h y solo deja de acelerar a los 270 km\/h.<\/p>\n<p>La Edici\u00f3n R tiene que arregl\u00e1rselas con &#8216;solo&#8217; 933 hp y tarda 0,2 segundos m\u00e1s para un sprint de 0-100. En cambio, puede recorrer 900 kil\u00f3metros con una sola carga de electricidad, en papel. Para ambas versiones hay que -esperar- depositar 220.000 euros.<\/p>\n<figure class=\"wp-block-image size-content\"><img decoding=\"async\" loading=\"lazy\" width=\"1140\" height=\"760\" src=\"https:\/\/autorai.nl\/wp-content\/uploads\/2022\/05\/lucid_air_dream_edition_35_09c30822132c0cc6-1140x760.jpg\" alt=\"\" class=\"wp-image-121901\"><\/figure>\n<h2><strong>Otras variantes<\/strong><\/h2>\n<p>Un EV caro, pero se trata de dos versiones exclusivas. M\u00e1s tarde, la marca introduce variantes con un precio de salida m\u00e1s bajo, como Air Pure, Air Touring y Air Grand Touring. Se espera que el Pure tenga un precio de 100.000 euros. Aproximadamente el mismo precio que cuesta un Tesla Model S en los Pa\u00edses Bajos. La marca planea abrir salas de exhibici\u00f3n en Noruega, Suiza y los Pa\u00edses Bajos este a\u00f1o. <\/p>\n<p>\u00bf1.111 caballos de fuerza no son suficientes para ti? Entonces echa un vistazo al Rimac Nevera:<\/p>\n<figure class=\"wp-block-embed is-type-wp-embed is-provider-autorai-nl wp-block-embed-autorai-nl\">\n<div class=\"wp-block-embed__wrapper\">\n<blockquote class=\"wp-embedded-content\" data-secret=\"tOeY8SnlOZ\"><p><a href=\"https:\/\/autorai.nl\/video-1-914-pk-sterke-rimac-nevera-speelt-de-sneeuw\/\">Video: 1.914 hp Rimac Nevera juega en la nieve<\/a><\/p><\/blockquote>\n<\/div>\n<\/figure>\n","protected":false},"excerpt":{"rendered":"\u00bfQu\u00e9 es Lucid Motors? Lucid Motors ha estado desarrollando Lucid Air durante a\u00f1os y quiere superar a todos en t\u00e9rminos&hellip;","protected":false},"author":0,"featured_media":119666,"comment_status":"open","ping_status":"open","sticky":false,"template":"","format":"standard","meta":{"footnotes":""},"categories":[126],"tags":[],"class_list":["post-119586","post","type-post","status-publish","format-standard","has-post-thumbnail","hentry","category-noticias-de-autos"],"acf":[],"yoast_head":"<!-- This site is optimized with the Yoast SEO plugin v21.2 - https:\/\/yoast.com\/wordpress\/plugins\/seo\/ -->\n<title>1.111 CV y 900 kil\u00f3metros de autonom\u00eda: as\u00ed cuesta el Lucid Air en Holanda - All cars news<\/title>\n<meta name=\"robots\" content=\"index, follow, max-snippet:-1, max-image-preview:large, max-video-preview:-1\" \/>\n<link rel=\"canonical\" href=\"https:\/\/all-car-news.com\/es\/1-111-cv-y-900-kilometros-de-autonomia-asi-cuesta-el-lucid-air-en-holanda\/\" \/>\n<meta property=\"og:locale\" content=\"es_ES\" \/>\n<meta property=\"og:type\" content=\"article\" \/>\n<meta property=\"og:title\" content=\"1.111 CV y 900 kil\u00f3metros de autonom\u00eda: as\u00ed cuesta el Lucid Air en Holanda - All cars news\" \/>\n<meta property=\"og:description\" content=\"\u00bfQu\u00e9 es Lucid Motors? Lucid Motors ha estado desarrollando Lucid Air durante a\u00f1os y quiere superar a todos en t\u00e9rminos de lujo, rendimiento y alcance. Los estadounidenses no solo apuntan a Tesla, sino tambi\u00e9n a BMW (i7) y Mercedes-Benz (EQS). La compa\u00f1\u00eda de California ahora ha cruzado a [\u2026]\" \/>\n<meta property=\"og:url\" content=\"https:\/\/all-car-news.com\/es\/1-111-cv-y-900-kilometros-de-autonomia-asi-cuesta-el-lucid-air-en-holanda\/\" \/>\n<meta property=\"og:site_name\" content=\"All cars news\" \/>\n<meta property=\"article:published_time\" content=\"2022-05-11T12:10:19+00:00\" \/>\n<meta property=\"og:image\" content=\"https:\/\/all-car-news.com\/wp-content\/uploads\/2022\/05\/lucid_7.jpg\" \/>\n\t<meta property=\"og:image:width\" content=\"1600\" \/>\n\t<meta property=\"og:image:height\" content=\"1067\" \/>\n\t<meta property=\"og:image:type\" content=\"image\/jpeg\" \/>\n<meta name=\"twitter:card\" content=\"summary_large_image\" \/>\n<meta name=\"twitter:label1\" content=\"Tiempo de lectura\" \/>\n\t<meta name=\"twitter:data1\" content=\"2 minutos\" \/>\n<script type=\"application\/ld+json\" class=\"yoast-schema-graph\">{\"@context\":\"https:\/\/schema.org\",\"@graph\":[{\"@type\":\"Article\",\"@id\":\"https:\/\/all-car-news.com\/es\/1-111-cv-y-900-kilometros-de-autonomia-asi-cuesta-el-lucid-air-en-holanda\/#article\",\"isPartOf\":{\"@id\":\"https:\/\/all-car-news.com\/es\/1-111-cv-y-900-kilometros-de-autonomia-asi-cuesta-el-lucid-air-en-holanda\/\"},\"author\":{\"name\":\"\",\"@id\":\"\"},\"headline\":\"1.111 CV y 900 kil\u00f3metros de autonom\u00eda: as\u00ed cuesta el Lucid Air en Holanda\",\"datePublished\":\"2022-05-11T12:10:19+00:00\",\"dateModified\":\"2022-05-11T12:10:19+00:00\",\"mainEntityOfPage\":{\"@id\":\"https:\/\/all-car-news.com\/es\/1-111-cv-y-900-kilometros-de-autonomia-asi-cuesta-el-lucid-air-en-holanda\/\"},\"wordCount\":344,\"commentCount\":0,\"publisher\":{\"@id\":\"https:\/\/all-car-news.com\/es\/#organization\"},\"articleSection\":[\"noticias de autos\"],\"inLanguage\":\"es\",\"potentialAction\":[{\"@type\":\"CommentAction\",\"name\":\"Comment\",\"target\":[\"https:\/\/all-car-news.com\/es\/1-111-cv-y-900-kilometros-de-autonomia-asi-cuesta-el-lucid-air-en-holanda\/#respond\"]}]},{\"@type\":\"WebPage\",\"@id\":\"https:\/\/all-car-news.com\/es\/1-111-cv-y-900-kilometros-de-autonomia-asi-cuesta-el-lucid-air-en-holanda\/\",\"url\":\"https:\/\/all-car-news.com\/es\/1-111-cv-y-900-kilometros-de-autonomia-asi-cuesta-el-lucid-air-en-holanda\/\",\"name\":\"1.111 CV y 900 kil\u00f3metros de autonom\u00eda: as\u00ed cuesta el Lucid Air en Holanda - All cars news\",\"isPartOf\":{\"@id\":\"https:\/\/all-car-news.com\/es\/#website\"},\"datePublished\":\"2022-05-11T12:10:19+00:00\",\"dateModified\":\"2022-05-11T12:10:19+00:00\",\"breadcrumb\":{\"@id\":\"https:\/\/all-car-news.com\/es\/1-111-cv-y-900-kilometros-de-autonomia-asi-cuesta-el-lucid-air-en-holanda\/#breadcrumb\"},\"inLanguage\":\"es\",\"potentialAction\":[{\"@type\":\"ReadAction\",\"target\":[\"https:\/\/all-car-news.com\/es\/1-111-cv-y-900-kilometros-de-autonomia-asi-cuesta-el-lucid-air-en-holanda\/\"]}]},{\"@type\":\"BreadcrumbList\",\"@id\":\"https:\/\/all-car-news.com\/es\/1-111-cv-y-900-kilometros-de-autonomia-asi-cuesta-el-lucid-air-en-holanda\/#breadcrumb\",\"itemListElement\":[{\"@type\":\"ListItem\",\"position\":1,\"name\":\"Home\",\"item\":\"https:\/\/all-car-news.com\/es\/\"},{\"@type\":\"ListItem\",\"position\":2,\"name\":\"1.111 CV y 900 kil\u00f3metros de autonom\u00eda: as\u00ed cuesta el Lucid Air en Holanda\"}]},{\"@type\":\"WebSite\",\"@id\":\"https:\/\/all-car-news.com\/es\/#website\",\"url\":\"https:\/\/all-car-news.com\/es\/\",\"name\":\"All cars news\",\"description\":\"\",\"publisher\":{\"@id\":\"https:\/\/all-car-news.com\/es\/#organization\"},\"potentialAction\":[{\"@type\":\"SearchAction\",\"target\":{\"@type\":\"EntryPoint\",\"urlTemplate\":\"https:\/\/all-car-news.com\/es\/?s={search_term_string}\"},\"query-input\":\"required name=search_term_string\"}],\"inLanguage\":\"es\"},{\"@type\":\"Organization\",\"@id\":\"https:\/\/all-car-news.com\/es\/#organization\",\"name\":\"All cars news\",\"url\":\"https:\/\/all-car-news.com\/es\/\",\"logo\":{\"@type\":\"ImageObject\",\"inLanguage\":\"es\",\"@id\":\"https:\/\/all-car-news.com\/es\/#\/schema\/logo\/image\/\",\"url\":\"https:\/\/all-car-news.com\/wp-content\/uploads\/2022\/02\/CMYK-AllCarNews_LANDSCAPE_300px-1.png\",\"contentUrl\":\"https:\/\/all-car-news.com\/wp-content\/uploads\/2022\/02\/CMYK-AllCarNews_LANDSCAPE_300px-1.png\",\"width\":300,\"height\":100,\"caption\":\"All cars news\"},\"image\":{\"@id\":\"https:\/\/all-car-news.com\/es\/#\/schema\/logo\/image\/\"}}]}<\/script>\n<!-- \/ Yoast SEO plugin. -->","yoast_head_json":{"title":"1.111 CV y 900 kil\u00f3metros de autonom\u00eda: as\u00ed cuesta el Lucid Air en Holanda - All cars news","robots":{"index":"index","follow":"follow","max-snippet":"max-snippet:-1","max-image-preview":"max-image-preview:large","max-video-preview":"max-video-preview:-1"},"canonical":"https:\/\/all-car-news.com\/es\/1-111-cv-y-900-kilometros-de-autonomia-asi-cuesta-el-lucid-air-en-holanda\/","og_locale":"es_ES","og_type":"article","og_title":"1.111 CV y 900 kil\u00f3metros de autonom\u00eda: as\u00ed cuesta el Lucid Air en Holanda - All cars news","og_description":"\u00bfQu\u00e9 es Lucid Motors? Lucid Motors ha estado desarrollando Lucid Air durante a\u00f1os y quiere superar a todos en t\u00e9rminos de lujo, rendimiento y alcance. Los estadounidenses no solo apuntan a Tesla, sino tambi\u00e9n a BMW (i7) y Mercedes-Benz (EQS). La compa\u00f1\u00eda de California ahora ha cruzado a [\u2026]","og_url":"https:\/\/all-car-news.com\/es\/1-111-cv-y-900-kilometros-de-autonomia-asi-cuesta-el-lucid-air-en-holanda\/","og_site_name":"All cars news","article_published_time":"2022-05-11T12:10:19+00:00","og_image":[{"width":1600,"height":1067,"url":"https:\/\/all-car-news.com\/wp-content\/uploads\/2022\/05\/lucid_7.jpg","type":"image\/jpeg"}],"twitter_card":"summary_large_image","twitter_misc":{"Tiempo de lectura":"2 minutos"},"schema":{"@context":"https:\/\/schema.org","@graph":[{"@type":"Article","@id":"https:\/\/all-car-news.com\/es\/1-111-cv-y-900-kilometros-de-autonomia-asi-cuesta-el-lucid-air-en-holanda\/#article","isPartOf":{"@id":"https:\/\/all-car-news.com\/es\/1-111-cv-y-900-kilometros-de-autonomia-asi-cuesta-el-lucid-air-en-holanda\/"},"author":{"name":"","@id":""},"headline":"1.111 CV y 900 kil\u00f3metros de autonom\u00eda: as\u00ed cuesta el Lucid Air en Holanda","datePublished":"2022-05-11T12:10:19+00:00","dateModified":"2022-05-11T12:10:19+00:00","mainEntityOfPage":{"@id":"https:\/\/all-car-news.com\/es\/1-111-cv-y-900-kilometros-de-autonomia-asi-cuesta-el-lucid-air-en-holanda\/"},"wordCount":344,"commentCount":0,"publisher":{"@id":"https:\/\/all-car-news.com\/es\/#organization"},"articleSection":["noticias de autos"],"inLanguage":"es","potentialAction":[{"@type":"CommentAction","name":"Comment","target":["https:\/\/all-car-news.com\/es\/1-111-cv-y-900-kilometros-de-autonomia-asi-cuesta-el-lucid-air-en-holanda\/#respond"]}]},{"@type":"WebPage","@id":"https:\/\/all-car-news.com\/es\/1-111-cv-y-900-kilometros-de-autonomia-asi-cuesta-el-lucid-air-en-holanda\/","url":"https:\/\/all-car-news.com\/es\/1-111-cv-y-900-kilometros-de-autonomia-asi-cuesta-el-lucid-air-en-holanda\/","name":"1.111 CV y 900 kil\u00f3metros de autonom\u00eda: as\u00ed cuesta el Lucid Air en Holanda - All cars news","isPartOf":{"@id":"https:\/\/all-car-news.com\/es\/#website"},"datePublished":"2022-05-11T12:10:19+00:00","dateModified":"2022-05-11T12:10:19+00:00","breadcrumb":{"@id":"https:\/\/all-car-news.com\/es\/1-111-cv-y-900-kilometros-de-autonomia-asi-cuesta-el-lucid-air-en-holanda\/#breadcrumb"},"inLanguage":"es","potentialAction":[{"@type":"ReadAction","target":["https:\/\/all-car-news.com\/es\/1-111-cv-y-900-kilometros-de-autonomia-asi-cuesta-el-lucid-air-en-holanda\/"]}]},{"@type":"BreadcrumbList","@id":"https:\/\/all-car-news.com\/es\/1-111-cv-y-900-kilometros-de-autonomia-asi-cuesta-el-lucid-air-en-holanda\/#breadcrumb","itemListElement":[{"@type":"ListItem","position":1,"name":"Home","item":"https:\/\/all-car-news.com\/es\/"},{"@type":"ListItem","position":2,"name":"1.111 CV y 900 kil\u00f3metros de autonom\u00eda: as\u00ed cuesta el Lucid Air en Holanda"}]},{"@type":"WebSite","@id":"https:\/\/all-car-news.com\/es\/#website","url":"https:\/\/all-car-news.com\/es\/","name":"All cars news","description":"","publisher":{"@id":"https:\/\/all-car-news.com\/es\/#organization"},"potentialAction":[{"@type":"SearchAction","target":{"@type":"EntryPoint","urlTemplate":"https:\/\/all-car-news.com\/es\/?s={search_term_string}"},"query-input":"required name=search_term_string"}],"inLanguage":"es"},{"@type":"Organization","@id":"https:\/\/all-car-news.com\/es\/#organization","name":"All cars news","url":"https:\/\/all-car-news.com\/es\/","logo":{"@type":"ImageObject","inLanguage":"es","@id":"https:\/\/all-car-news.com\/es\/#\/schema\/logo\/image\/","url":"https:\/\/all-car-news.com\/wp-content\/uploads\/2022\/02\/CMYK-AllCarNews_LANDSCAPE_300px-1.png","contentUrl":"https:\/\/all-car-news.com\/wp-content\/uploads\/2022\/02\/CMYK-AllCarNews_LANDSCAPE_300px-1.png","width":300,"height":100,"caption":"All cars news"},"image":{"@id":"https:\/\/all-car-news.com\/es\/#\/schema\/logo\/image\/"}}]}},"_links":{"self":[{"href":"https:\/\/all-car-news.com\/es\/wp-json\/wp\/v2\/posts\/119586","targetHints":{"allow":["GET"]}}],"collection":[{"href":"https:\/\/all-car-news.com\/es\/wp-json\/wp\/v2\/posts"}],"about":[{"href":"https:\/\/all-car-news.com\/es\/wp-json\/wp\/v2\/types\/post"}],"replies":[{"embeddable":true,"href":"https:\/\/all-car-news.com\/es\/wp-json\/wp\/v2\/comments?post=119586"}],"version-history":[{"count":0,"href":"https:\/\/all-car-news.com\/es\/wp-json\/wp\/v2\/posts\/119586\/revisions"}],"wp:featuredmedia":[{"embeddable":true,"href":"https:\/\/all-car-news.com\/es\/wp-json\/wp\/v2\/media\/119666"}],"wp:attachment":[{"href":"https:\/\/all-car-news.com\/es\/wp-json\/wp\/v2\/media?parent=119586"}],"wp:term":[{"taxonomy":"category","embeddable":true,"href":"https:\/\/all-car-news.com\/es\/wp-json\/wp\/v2\/categories?post=119586"},{"taxonomy":"post_tag","embeddable":true,"href":"https:\/\/all-car-news.com\/es\/wp-json\/wp\/v2\/tags?post=119586"}],"curies":[{"name":"wp","href":"https:\/\/api.w.org\/{rel}","templated":true}]}}