{"id":119365,"date":"2022-04-21T12:16:22","date_gmt":"2022-04-21T12:16:22","guid":{"rendered":"https:\/\/all-car-news.com\/las-ciudades-pueden-establecer-zonas-de-cero-emisiones-para-los-taxis-a-partir-de-2025\/"},"modified":"2022-04-21T12:16:22","modified_gmt":"2022-04-21T12:16:22","slug":"las-ciudades-pueden-establecer-zonas-de-cero-emisiones-para-los-taxis-a-partir-de-2025","status":"publish","type":"post","link":"https:\/\/all-car-news.com\/es\/las-ciudades-pueden-establecer-zonas-de-cero-emisiones-para-los-taxis-a-partir-de-2025\/","title":{"rendered":"Las ciudades pueden establecer zonas de cero emisiones para los taxis a partir de 2025"},"content":{"rendered":"<h2>Taxis de cero emisiones<\/h2>\n<p>A partir de 2025, el municipio podr\u00e1 prohibir camiones y furgonetas de reparto con motor de combusti\u00f3n en el centro de la ciudad. Esto es para mejorar la calidad del aire y reducir las emisiones de CO2. Gracias a una nueva decisi\u00f3n, las ciudades tambi\u00e9n podr\u00e1n decidir por s\u00ed mismas a partir de 2025 si solo los taxis libres de emisiones siguen siendo bienvenidos en el centro. Todo taxista con un coche de gasolina o di\u00e9sel que quiera seguir realizando su trabajo debe entonces cambiarse a un coche el\u00e9ctrico. &nbsp;&nbsp;&nbsp;<\/p>\n<p><em>El texto contin\u00faa debajo de la foto.<\/em><\/p>\n<figure class=\"wp-block-image size-content\"><img decoding=\"async\" loading=\"lazy\" width=\"1140\" height=\"641\" src=\"https:\/\/autorai.nl\/wp-content\/uploads\/2022\/02\/taxivloot-op-waterstof-1140x641.jpg\" alt=\"\" class=\"wp-image-116727\"><\/figure>\n<h2>R\u00e9gimen transitorio <\/h2>\n<p>Para que el cambio sea factible y asequible, se est\u00e1 trabajando en un acuerdo de transici\u00f3n. Los empresarios del taxi que acaban de comprar un auto nuevo o planean hacerlo a\u00fan pueden ingresar al centro despu\u00e9s del 1 de enero de 2025. Solo entonces todos los taxis nuevos deben estar libres de emisiones. En resumen, si compra un Mercedes-Benz E200d con un motor de cuatro cilindros rugiente el 31 de diciembre de 2024, a\u00fan puede ingresar al centro. Sin embargo, a partir de 2025, un empresario de taxis debe optar por un taxi <a href=\"https:\/\/zerauto.nl\/alles-over-rijden-op-waterstof\/\" target=\"_blank\" rel=\"noreferrer noopener\">el\u00e9ctrico de bater\u00eda o de hidr\u00f3geno<\/a> , pero el gobierno, por supuesto, preferir\u00eda que la elecci\u00f3n se hiciera antes. <\/p>\n<h2>cinco ciudades importantes<\/h2>\n<p>El 21 de abril, el secretario de Estado Heijnen, junto con cinco grandes municipios y varios representantes de la industria del taxi, firmar\u00e1n <a href=\"https:\/\/www.rijksoverheid.nl\/actueel\/nieuws\/2022\/04\/21\/volgende-stap-op-weg-naar-schone-en-stille-taxis\" target=\"_blank\" rel=\"noreferrer noopener\">el plan para<\/a> que las ciudades introduzcan una zona de cero emisiones para taxis a partir de 2025. Las cinco ciudades son Amsterdam, Rotterdam, La Haya, Eindhoven y Tilburg. Otros municipios pueden unirse m\u00e1s adelante. 26 municipios planean cerrar una gran parte dentro de la carretera de circunvalaci\u00f3n para camiones y furgonetas de combustible a partir de 2025. A partir de 2030, todos los autom\u00f3viles nuevos vendidos en los Pa\u00edses Bajos deben ser libres de emisiones. <\/p>\n<p><span style=\"font-size: revert;color: initial\">Lea tambi\u00e9n: <\/span> <\/p>\n<figure class=\"wp-block-embed is-type-wp-embed is-provider-autorai-nl wp-block-embed-autorai-nl\">\n<div class=\"wp-block-embed__wrapper\">\n<blockquote class=\"wp-embedded-content\" data-secret=\"CiF2Z0qe6D\"><p><a href=\"https:\/\/autorai.nl\/column-milieuzone-is-symboolpolitiek\/\">Columna \u2013 Las zonas ambientales son pol\u00edticas simb\u00f3licas da\u00f1inas<\/a><\/p><\/blockquote>\n<\/div>\n<\/figure>\n<figure class=\"wp-block-embed is-type-wp-embed is-provider-zerauto-nl wp-block-embed-zerauto-nl\">\n<div class=\"wp-block-embed__wrapper\">\n<blockquote class=\"wp-embedded-content\" data-secret=\"acROwUYXzq\"><p><a href=\"https:\/\/zerauto.nl\/alles-over-rijden-op-waterstof\/\">Todo sobre la conducci\u00f3n con hidr\u00f3geno<\/a><\/p><\/blockquote>\n<\/div>\n<\/figure>\n<figure class=\"wp-block-embed is-type-wp-embed is-provider-zerauto-nl wp-block-embed-zerauto-nl\">\n<div class=\"wp-block-embed__wrapper\"><span style=\"font-size: revert;color: initial\"> <\/span><\/div>\n<\/figure>\n","protected":false},"excerpt":{"rendered":"Taxis libres de emisiones A partir de 2025, el municipio podr\u00e1 prohibir camiones y furgonetas de reparto con motor de&hellip;","protected":false},"author":0,"featured_media":0,"comment_status":"open","ping_status":"open","sticky":false,"template":"","format":"standard","meta":{"footnotes":""},"categories":[115],"tags":[],"class_list":["post-119365","post","type-post","status-publish","format-standard","hentry","category-sin-categorizar"],"acf":[],"yoast_head":"<!-- This site is optimized with the Yoast SEO plugin v21.2 - https:\/\/yoast.com\/wordpress\/plugins\/seo\/ -->\n<title>Las ciudades pueden establecer zonas de cero emisiones para los taxis a partir de 2025 - All cars news<\/title>\n<meta name=\"robots\" content=\"index, follow, max-snippet:-1, max-image-preview:large, max-video-preview:-1\" \/>\n<link rel=\"canonical\" href=\"https:\/\/all-car-news.com\/es\/las-ciudades-pueden-establecer-zonas-de-cero-emisiones-para-los-taxis-a-partir-de-2025\/\" \/>\n<meta property=\"og:locale\" content=\"es_ES\" \/>\n<meta property=\"og:type\" content=\"article\" \/>\n<meta property=\"og:title\" content=\"Las ciudades pueden establecer zonas de cero emisiones para los taxis a partir de 2025 - All cars news\" \/>\n<meta property=\"og:description\" content=\"Taxis libres de emisiones A partir de 2025, el municipio podr\u00e1 prohibir camiones y furgonetas de reparto con motor de combusti\u00f3n en el centro de la ciudad. Esto es para mejorar la calidad del aire y reducir las emisiones de CO2. Gracias a una nueva decisi\u00f3n, las ciudades tambi\u00e9n podr\u00e1n decidir por s\u00ed mismas a partir de 2025 si solo los taxis libres de emisiones siguen siendo bienvenidos en el centro. Todo taxista con gasolina [\u2026]\" \/>\n<meta property=\"og:url\" content=\"https:\/\/all-car-news.com\/es\/las-ciudades-pueden-establecer-zonas-de-cero-emisiones-para-los-taxis-a-partir-de-2025\/\" \/>\n<meta property=\"og:site_name\" content=\"All cars news\" \/>\n<meta property=\"article:published_time\" content=\"2022-04-21T12:16:22+00:00\" \/>\n<meta property=\"og:image\" content=\"https:\/\/autorai.nl\/wp-content\/uploads\/2022\/02\/taxivloot-op-waterstof-1140x641.jpg\" \/>\n<meta name=\"twitter:card\" content=\"summary_large_image\" \/>\n<meta name=\"twitter:label1\" content=\"Tiempo de lectura\" \/>\n\t<meta name=\"twitter:data1\" content=\"2 minutos\" \/>\n<script type=\"application\/ld+json\" class=\"yoast-schema-graph\">{\"@context\":\"https:\/\/schema.org\",\"@graph\":[{\"@type\":\"Article\",\"@id\":\"https:\/\/all-car-news.com\/es\/las-ciudades-pueden-establecer-zonas-de-cero-emisiones-para-los-taxis-a-partir-de-2025\/#article\",\"isPartOf\":{\"@id\":\"https:\/\/all-car-news.com\/es\/las-ciudades-pueden-establecer-zonas-de-cero-emisiones-para-los-taxis-a-partir-de-2025\/\"},\"author\":{\"name\":\"\",\"@id\":\"\"},\"headline\":\"Las ciudades pueden establecer zonas de cero emisiones para los taxis a partir de 2025\",\"datePublished\":\"2022-04-21T12:16:22+00:00\",\"dateModified\":\"2022-04-21T12:16:22+00:00\",\"mainEntityOfPage\":{\"@id\":\"https:\/\/all-car-news.com\/es\/las-ciudades-pueden-establecer-zonas-de-cero-emisiones-para-los-taxis-a-partir-de-2025\/\"},\"wordCount\":365,\"commentCount\":0,\"publisher\":{\"@id\":\"https:\/\/all-car-news.com\/es\/#organization\"},\"articleSection\":[\"Sin categorizar\"],\"inLanguage\":\"es\",\"potentialAction\":[{\"@type\":\"CommentAction\",\"name\":\"Comment\",\"target\":[\"https:\/\/all-car-news.com\/es\/las-ciudades-pueden-establecer-zonas-de-cero-emisiones-para-los-taxis-a-partir-de-2025\/#respond\"]}]},{\"@type\":\"WebPage\",\"@id\":\"https:\/\/all-car-news.com\/es\/las-ciudades-pueden-establecer-zonas-de-cero-emisiones-para-los-taxis-a-partir-de-2025\/\",\"url\":\"https:\/\/all-car-news.com\/es\/las-ciudades-pueden-establecer-zonas-de-cero-emisiones-para-los-taxis-a-partir-de-2025\/\",\"name\":\"Las ciudades pueden establecer zonas de cero emisiones para los taxis a partir de 2025 - All cars news\",\"isPartOf\":{\"@id\":\"https:\/\/all-car-news.com\/es\/#website\"},\"datePublished\":\"2022-04-21T12:16:22+00:00\",\"dateModified\":\"2022-04-21T12:16:22+00:00\",\"breadcrumb\":{\"@id\":\"https:\/\/all-car-news.com\/es\/las-ciudades-pueden-establecer-zonas-de-cero-emisiones-para-los-taxis-a-partir-de-2025\/#breadcrumb\"},\"inLanguage\":\"es\",\"potentialAction\":[{\"@type\":\"ReadAction\",\"target\":[\"https:\/\/all-car-news.com\/es\/las-ciudades-pueden-establecer-zonas-de-cero-emisiones-para-los-taxis-a-partir-de-2025\/\"]}]},{\"@type\":\"BreadcrumbList\",\"@id\":\"https:\/\/all-car-news.com\/es\/las-ciudades-pueden-establecer-zonas-de-cero-emisiones-para-los-taxis-a-partir-de-2025\/#breadcrumb\",\"itemListElement\":[{\"@type\":\"ListItem\",\"position\":1,\"name\":\"Home\",\"item\":\"https:\/\/all-car-news.com\/es\/\"},{\"@type\":\"ListItem\",\"position\":2,\"name\":\"Las ciudades pueden establecer zonas de cero emisiones para los taxis a partir de 2025\"}]},{\"@type\":\"WebSite\",\"@id\":\"https:\/\/all-car-news.com\/es\/#website\",\"url\":\"https:\/\/all-car-news.com\/es\/\",\"name\":\"All cars news\",\"description\":\"\",\"publisher\":{\"@id\":\"https:\/\/all-car-news.com\/es\/#organization\"},\"potentialAction\":[{\"@type\":\"SearchAction\",\"target\":{\"@type\":\"EntryPoint\",\"urlTemplate\":\"https:\/\/all-car-news.com\/es\/?s={search_term_string}\"},\"query-input\":\"required name=search_term_string\"}],\"inLanguage\":\"es\"},{\"@type\":\"Organization\",\"@id\":\"https:\/\/all-car-news.com\/es\/#organization\",\"name\":\"All cars news\",\"url\":\"https:\/\/all-car-news.com\/es\/\",\"logo\":{\"@type\":\"ImageObject\",\"inLanguage\":\"es\",\"@id\":\"https:\/\/all-car-news.com\/es\/#\/schema\/logo\/image\/\",\"url\":\"https:\/\/all-car-news.com\/wp-content\/uploads\/2022\/02\/CMYK-AllCarNews_LANDSCAPE_300px-1.png\",\"contentUrl\":\"https:\/\/all-car-news.com\/wp-content\/uploads\/2022\/02\/CMYK-AllCarNews_LANDSCAPE_300px-1.png\",\"width\":300,\"height\":100,\"caption\":\"All cars news\"},\"image\":{\"@id\":\"https:\/\/all-car-news.com\/es\/#\/schema\/logo\/image\/\"}}]}<\/script>\n<!-- \/ Yoast SEO plugin. -->","yoast_head_json":{"title":"Las ciudades pueden establecer zonas de cero emisiones para los taxis a partir de 2025 - All cars news","robots":{"index":"index","follow":"follow","max-snippet":"max-snippet:-1","max-image-preview":"max-image-preview:large","max-video-preview":"max-video-preview:-1"},"canonical":"https:\/\/all-car-news.com\/es\/las-ciudades-pueden-establecer-zonas-de-cero-emisiones-para-los-taxis-a-partir-de-2025\/","og_locale":"es_ES","og_type":"article","og_title":"Las ciudades pueden establecer zonas de cero emisiones para los taxis a partir de 2025 - All cars news","og_description":"Taxis libres de emisiones A partir de 2025, el municipio podr\u00e1 prohibir camiones y furgonetas de reparto con motor de combusti\u00f3n en el centro de la ciudad. Esto es para mejorar la calidad del aire y reducir las emisiones de CO2. Gracias a una nueva decisi\u00f3n, las ciudades tambi\u00e9n podr\u00e1n decidir por s\u00ed mismas a partir de 2025 si solo los taxis libres de emisiones siguen siendo bienvenidos en el centro. Todo taxista con gasolina [\u2026]","og_url":"https:\/\/all-car-news.com\/es\/las-ciudades-pueden-establecer-zonas-de-cero-emisiones-para-los-taxis-a-partir-de-2025\/","og_site_name":"All cars news","article_published_time":"2022-04-21T12:16:22+00:00","og_image":[{"url":"https:\/\/autorai.nl\/wp-content\/uploads\/2022\/02\/taxivloot-op-waterstof-1140x641.jpg"}],"twitter_card":"summary_large_image","twitter_misc":{"Tiempo de lectura":"2 minutos"},"schema":{"@context":"https:\/\/schema.org","@graph":[{"@type":"Article","@id":"https:\/\/all-car-news.com\/es\/las-ciudades-pueden-establecer-zonas-de-cero-emisiones-para-los-taxis-a-partir-de-2025\/#article","isPartOf":{"@id":"https:\/\/all-car-news.com\/es\/las-ciudades-pueden-establecer-zonas-de-cero-emisiones-para-los-taxis-a-partir-de-2025\/"},"author":{"name":"","@id":""},"headline":"Las ciudades pueden establecer zonas de cero emisiones para los taxis a partir de 2025","datePublished":"2022-04-21T12:16:22+00:00","dateModified":"2022-04-21T12:16:22+00:00","mainEntityOfPage":{"@id":"https:\/\/all-car-news.com\/es\/las-ciudades-pueden-establecer-zonas-de-cero-emisiones-para-los-taxis-a-partir-de-2025\/"},"wordCount":365,"commentCount":0,"publisher":{"@id":"https:\/\/all-car-news.com\/es\/#organization"},"articleSection":["Sin categorizar"],"inLanguage":"es","potentialAction":[{"@type":"CommentAction","name":"Comment","target":["https:\/\/all-car-news.com\/es\/las-ciudades-pueden-establecer-zonas-de-cero-emisiones-para-los-taxis-a-partir-de-2025\/#respond"]}]},{"@type":"WebPage","@id":"https:\/\/all-car-news.com\/es\/las-ciudades-pueden-establecer-zonas-de-cero-emisiones-para-los-taxis-a-partir-de-2025\/","url":"https:\/\/all-car-news.com\/es\/las-ciudades-pueden-establecer-zonas-de-cero-emisiones-para-los-taxis-a-partir-de-2025\/","name":"Las ciudades pueden establecer zonas de cero emisiones para los taxis a partir de 2025 - All cars news","isPartOf":{"@id":"https:\/\/all-car-news.com\/es\/#website"},"datePublished":"2022-04-21T12:16:22+00:00","dateModified":"2022-04-21T12:16:22+00:00","breadcrumb":{"@id":"https:\/\/all-car-news.com\/es\/las-ciudades-pueden-establecer-zonas-de-cero-emisiones-para-los-taxis-a-partir-de-2025\/#breadcrumb"},"inLanguage":"es","potentialAction":[{"@type":"ReadAction","target":["https:\/\/all-car-news.com\/es\/las-ciudades-pueden-establecer-zonas-de-cero-emisiones-para-los-taxis-a-partir-de-2025\/"]}]},{"@type":"BreadcrumbList","@id":"https:\/\/all-car-news.com\/es\/las-ciudades-pueden-establecer-zonas-de-cero-emisiones-para-los-taxis-a-partir-de-2025\/#breadcrumb","itemListElement":[{"@type":"ListItem","position":1,"name":"Home","item":"https:\/\/all-car-news.com\/es\/"},{"@type":"ListItem","position":2,"name":"Las ciudades pueden establecer zonas de cero emisiones para los taxis a partir de 2025"}]},{"@type":"WebSite","@id":"https:\/\/all-car-news.com\/es\/#website","url":"https:\/\/all-car-news.com\/es\/","name":"All cars news","description":"","publisher":{"@id":"https:\/\/all-car-news.com\/es\/#organization"},"potentialAction":[{"@type":"SearchAction","target":{"@type":"EntryPoint","urlTemplate":"https:\/\/all-car-news.com\/es\/?s={search_term_string}"},"query-input":"required name=search_term_string"}],"inLanguage":"es"},{"@type":"Organization","@id":"https:\/\/all-car-news.com\/es\/#organization","name":"All cars news","url":"https:\/\/all-car-news.com\/es\/","logo":{"@type":"ImageObject","inLanguage":"es","@id":"https:\/\/all-car-news.com\/es\/#\/schema\/logo\/image\/","url":"https:\/\/all-car-news.com\/wp-content\/uploads\/2022\/02\/CMYK-AllCarNews_LANDSCAPE_300px-1.png","contentUrl":"https:\/\/all-car-news.com\/wp-content\/uploads\/2022\/02\/CMYK-AllCarNews_LANDSCAPE_300px-1.png","width":300,"height":100,"caption":"All cars news"},"image":{"@id":"https:\/\/all-car-news.com\/es\/#\/schema\/logo\/image\/"}}]}},"_links":{"self":[{"href":"https:\/\/all-car-news.com\/es\/wp-json\/wp\/v2\/posts\/119365","targetHints":{"allow":["GET"]}}],"collection":[{"href":"https:\/\/all-car-news.com\/es\/wp-json\/wp\/v2\/posts"}],"about":[{"href":"https:\/\/all-car-news.com\/es\/wp-json\/wp\/v2\/types\/post"}],"replies":[{"embeddable":true,"href":"https:\/\/all-car-news.com\/es\/wp-json\/wp\/v2\/comments?post=119365"}],"version-history":[{"count":0,"href":"https:\/\/all-car-news.com\/es\/wp-json\/wp\/v2\/posts\/119365\/revisions"}],"wp:attachment":[{"href":"https:\/\/all-car-news.com\/es\/wp-json\/wp\/v2\/media?parent=119365"}],"wp:term":[{"taxonomy":"category","embeddable":true,"href":"https:\/\/all-car-news.com\/es\/wp-json\/wp\/v2\/categories?post=119365"},{"taxonomy":"post_tag","embeddable":true,"href":"https:\/\/all-car-news.com\/es\/wp-json\/wp\/v2\/tags?post=119365"}],"curies":[{"name":"wp","href":"https:\/\/api.w.org\/{rel}","templated":true}]}}