{"id":119133,"date":"2022-03-30T17:21:20","date_gmt":"2022-03-30T17:21:20","guid":{"rendered":"https:\/\/all-car-news.com\/acude-a-la-peluqueria-del-concesionario-bmw-motorrad-es-posible\/"},"modified":"2022-03-30T17:21:20","modified_gmt":"2022-03-30T17:21:20","slug":"acude-a-la-peluqueria-del-concesionario-bmw-motorrad-es-posible","status":"publish","type":"post","link":"https:\/\/all-car-news.com\/es\/acude-a-la-peluqueria-del-concesionario-bmw-motorrad-es-posible\/","title":{"rendered":"Acude a la peluquer\u00eda del concesionario BMW Motorrad, \u00a1es posible!"},"content":{"rendered":"<p>Motorplaza Heerenveen llev\u00f3 a cabo una gran renovaci\u00f3n y expansi\u00f3n el a\u00f1o pasado luego de la adquisici\u00f3n de un edificio adyacente. El showroom ahora cubre un \u00e1rea de nada menos que 6.000 m <sup>2<\/sup> , que contiene la l\u00ednea completa de BMW Motorrad, adem\u00e1s de accesorios, ropa de moto y un outlet. El taller tambi\u00e9n ha sido ampliado y renovado.<\/p>\n<h2>Uno de los mayores concesionarios de BMW Motorrad<\/h2>\n<p>El interior cumple con los est\u00e1ndares &#8216;Point of Experience&#8217; de BMW Motorrad, que incluyen una barber\u00eda y un comedor. \u201cMotorplaza Heerenveen es una de las tiendas de motocicletas m\u00e1s grandes del Benelux y uno de los distribuidores de BMW Motorrad m\u00e1s grandes del mundo\u201d, dijo Tom Crooijmans, Director de BMW Motorrad Pa\u00edses Bajos. \u201cEs un &#8216;Punto de Experiencia&#8217;, porque el motociclismo no se trata solo del producto, sino tambi\u00e9n de la experiencia. Esto se hace a\u00fan m\u00e1s tangible con esta nueva sala de exposici\u00f3n\u201d.<\/p>\n<div class=\"galery shuffle galery-24887\">\n<figure>\n\t\t\t<a href=\"https:\/\/motorrai.nl\/wp-content\/uploads\/2022\/03\/P90456296_highRes_motorplaza-heerenvee.jpg\" data-fancybox=\"galery-24887\" title=\"\"><br \/>\n\t\t\t\t<img decoding=\"async\" src=\"https:\/\/motorrai.nl\/wp-content\/uploads\/2022\/03\/P90456296_highRes_motorplaza-heerenvee-640x480.jpg\" alt=\"\"><i class=\"fa fa-search-plus\" aria-hidden=\"true\"><\/i><br \/>\n\t\t\t<\/a><br \/>\n\t\t<\/figure>\n<figure>\n\t\t\t<a href=\"https:\/\/motorrai.nl\/wp-content\/uploads\/2022\/03\/P90456295_highRes_motorplaza-heerenvee.jpg\" data-fancybox=\"galery-24887\" title=\"\"><br \/>\n\t\t\t\t<img decoding=\"async\" src=\"https:\/\/motorrai.nl\/wp-content\/uploads\/2022\/03\/P90456295_highRes_motorplaza-heerenvee-360x270.jpg\" alt=\"\"><i class=\"fa fa-search-plus\" aria-hidden=\"true\"><\/i><br \/>\n\t\t\t<\/a><br \/>\n\t\t<\/figure>\n<figure>\n\t\t\t<a href=\"https:\/\/motorrai.nl\/wp-content\/uploads\/2022\/03\/P90456293_highRes_motorplaza-heerenvee.jpg\" data-fancybox=\"galery-24887\" title=\"\"><br \/>\n\t\t\t\t<img decoding=\"async\" src=\"https:\/\/motorrai.nl\/wp-content\/uploads\/2022\/03\/P90456293_highRes_motorplaza-heerenvee-360x270.jpg\" alt=\"\"><i class=\"fa fa-search-plus\" aria-hidden=\"true\"><\/i><br \/>\n\t\t\t<\/a><br \/>\n\t\t<\/figure>\n<div class=\"clear\"><\/div>\n<\/div>\n<h2>Hito: &#8216;Punto de Experiencia&#8217;<\/h2>\n<p>La llegada del primer &#8216;Point of Experience&#8217; en los Pa\u00edses Bajos es un hito que da un brillo adicional a la s\u00f3lida posici\u00f3n de mercado de BMW Motorrad. Anne Brons, directora ejecutiva de BMW Group Pa\u00edses Bajos: \u201cHemos sido l\u00edderes del mercado en los Pa\u00edses Bajos durante doce a\u00f1os con nada menos que 2389 matriculaciones y una cuota de mercado del 15,58 %. Esta tendencia al alza continu\u00f3 vigorosamente en el primer trimestre de 2022 y ahora registramos nuevamente una participaci\u00f3n de mercado de m\u00e1s del 15%\u201d.<\/p>\n<div class=\"galery galery-24887\">\n<figure>\n\t\t\t<a href=\"https:\/\/motorrai.nl\/wp-content\/uploads\/2022\/03\/P90456297_highRes_motorplaza-heerenvee.jpg\" data-fancybox=\"galery-24887\" title=\"\"><br \/>\n\t\t\t\t<img decoding=\"async\" src=\"https:\/\/motorrai.nl\/wp-content\/uploads\/2022\/03\/P90456297_highRes_motorplaza-heerenvee-360x270.jpg\" alt=\"\"><i class=\"fa fa-search-plus\" aria-hidden=\"true\"><\/i><br \/>\n\t\t\t<\/a><br \/>\n\t\t<\/figure>\n<figure>\n\t\t\t<a href=\"https:\/\/motorrai.nl\/wp-content\/uploads\/2022\/03\/P90456292_highRes_motorplaza-heerenvee.jpg\" data-fancybox=\"galery-24887\" title=\"\"><br \/>\n\t\t\t\t<img decoding=\"async\" src=\"https:\/\/motorrai.nl\/wp-content\/uploads\/2022\/03\/P90456292_highRes_motorplaza-heerenvee-360x270.jpg\" alt=\"\"><i class=\"fa fa-search-plus\" aria-hidden=\"true\"><\/i><br \/>\n\t\t\t<\/a><br \/>\n\t\t<\/figure>\n<div class=\"clear\"><\/div>\n<\/div>\n<h2>Gran comienzo para BMW Motorrad<\/h2>\n<p>Dr. Alexander Wehr, Vicepresidente de Clientes, Marca, Ventas de BMW Motorrad, se\u00f1al\u00f3 en la inauguraci\u00f3n de Motorplaza Heerenveen que 2021 fue el mejor a\u00f1o para BMW Motorrad, con la entrega de 194,261 motocicletas y scooters BMW en todo el mundo. \u201cEl mercado holand\u00e9s no es el mercado m\u00e1s grande para BMW Motorrad, pero es muy s\u00f3lido con 12 a\u00f1os de liderazgo en el mercado. Esto se debe principalmente a una organizaci\u00f3n de distribuidores excepcionalmente profesional. Motorplaza Heerenveen, el primer &#8216;Punto de Experiencia&#8217; de BMW Motorrad en los Pa\u00edses Bajos, lo deja claro\u201d.<\/p>\n<h2>Abierto los siete d\u00edas de la semana<\/h2>\n<p>El nuevo showroom en Heerenveen est\u00e1 abierto los siete d\u00edas de la semana, de lunes a viernes de 9 a 18 horas, los s\u00e1bados de 9 a 17 horas y los domingos de 13 a 17 horas. Motorplaza Heerenveen est\u00e1 ubicado en De Mars 24 en Heerenveen. El distribuidor tambi\u00e9n tiene una sucursal en Groningen en De Kielerbocht 57.<\/p>\n","protected":false},"excerpt":{"rendered":"Motorplaza Heerenveen llev\u00f3 a cabo una gran renovaci\u00f3n y expansi\u00f3n el a\u00f1o pasado luego de la adquisici\u00f3n de un edificio&hellip;","protected":false},"author":0,"featured_media":0,"comment_status":"open","ping_status":"open","sticky":false,"template":"","format":"standard","meta":{"footnotes":""},"categories":[126,115],"tags":[],"class_list":["post-119133","post","type-post","status-publish","format-standard","hentry","category-noticias-de-autos","category-sin-categorizar"],"acf":[],"yoast_head":"<!-- This site is optimized with the Yoast SEO plugin v21.2 - https:\/\/yoast.com\/wordpress\/plugins\/seo\/ -->\n<title>Acude a la peluquer\u00eda del concesionario BMW Motorrad, \u00a1es posible! - All cars news<\/title>\n<meta name=\"robots\" content=\"index, follow, max-snippet:-1, max-image-preview:large, max-video-preview:-1\" \/>\n<link rel=\"canonical\" href=\"https:\/\/all-car-news.com\/es\/acude-a-la-peluqueria-del-concesionario-bmw-motorrad-es-posible\/\" \/>\n<meta property=\"og:locale\" content=\"es_ES\" \/>\n<meta property=\"og:type\" content=\"article\" \/>\n<meta property=\"og:title\" content=\"Acude a la peluquer\u00eda del concesionario BMW Motorrad, \u00a1es posible! - All cars news\" \/>\n<meta property=\"og:description\" content=\"Motorplaza Heerenveen llev\u00f3 a cabo una gran renovaci\u00f3n y expansi\u00f3n el a\u00f1o pasado luego de la adquisici\u00f3n de un edificio adyacente. El showroom ocupa ahora una superficie de nada menos que 6.000 m2, donde se ubica la gama completa de BMW Motorrad, adem\u00e1s de accesorios, ropa de moto y un outlet. El taller tambi\u00e9n ha sido ampliado y renovado. Uno de los BMW m\u00e1s grandes [\u2026]\" \/>\n<meta property=\"og:url\" content=\"https:\/\/all-car-news.com\/es\/acude-a-la-peluqueria-del-concesionario-bmw-motorrad-es-posible\/\" \/>\n<meta property=\"og:site_name\" content=\"All cars news\" \/>\n<meta property=\"article:published_time\" content=\"2022-03-30T17:21:20+00:00\" \/>\n<meta property=\"og:image\" content=\"https:\/\/motorrai.nl\/wp-content\/uploads\/2022\/03\/P90456296_highRes_motorplaza-heerenvee-640x480.jpg\" \/>\n<meta name=\"twitter:card\" content=\"summary_large_image\" \/>\n<meta name=\"twitter:label1\" content=\"Tiempo de lectura\" \/>\n\t<meta name=\"twitter:data1\" content=\"2 minutos\" \/>\n<script type=\"application\/ld+json\" class=\"yoast-schema-graph\">{\"@context\":\"https:\/\/schema.org\",\"@graph\":[{\"@type\":\"Article\",\"@id\":\"https:\/\/all-car-news.com\/es\/acude-a-la-peluqueria-del-concesionario-bmw-motorrad-es-posible\/#article\",\"isPartOf\":{\"@id\":\"https:\/\/all-car-news.com\/es\/acude-a-la-peluqueria-del-concesionario-bmw-motorrad-es-posible\/\"},\"author\":{\"name\":\"\",\"@id\":\"\"},\"headline\":\"Acude a la peluquer\u00eda del concesionario BMW Motorrad, \u00a1es posible!\",\"datePublished\":\"2022-03-30T17:21:20+00:00\",\"dateModified\":\"2022-03-30T17:21:20+00:00\",\"mainEntityOfPage\":{\"@id\":\"https:\/\/all-car-news.com\/es\/acude-a-la-peluqueria-del-concesionario-bmw-motorrad-es-posible\/\"},\"wordCount\":436,\"commentCount\":0,\"publisher\":{\"@id\":\"https:\/\/all-car-news.com\/es\/#organization\"},\"articleSection\":[\"noticias de autos\",\"Sin categorizar\"],\"inLanguage\":\"es\",\"potentialAction\":[{\"@type\":\"CommentAction\",\"name\":\"Comment\",\"target\":[\"https:\/\/all-car-news.com\/es\/acude-a-la-peluqueria-del-concesionario-bmw-motorrad-es-posible\/#respond\"]}]},{\"@type\":\"WebPage\",\"@id\":\"https:\/\/all-car-news.com\/es\/acude-a-la-peluqueria-del-concesionario-bmw-motorrad-es-posible\/\",\"url\":\"https:\/\/all-car-news.com\/es\/acude-a-la-peluqueria-del-concesionario-bmw-motorrad-es-posible\/\",\"name\":\"Acude a la peluquer\u00eda del concesionario BMW Motorrad, \u00a1es posible! - All cars news\",\"isPartOf\":{\"@id\":\"https:\/\/all-car-news.com\/es\/#website\"},\"datePublished\":\"2022-03-30T17:21:20+00:00\",\"dateModified\":\"2022-03-30T17:21:20+00:00\",\"breadcrumb\":{\"@id\":\"https:\/\/all-car-news.com\/es\/acude-a-la-peluqueria-del-concesionario-bmw-motorrad-es-posible\/#breadcrumb\"},\"inLanguage\":\"es\",\"potentialAction\":[{\"@type\":\"ReadAction\",\"target\":[\"https:\/\/all-car-news.com\/es\/acude-a-la-peluqueria-del-concesionario-bmw-motorrad-es-posible\/\"]}]},{\"@type\":\"BreadcrumbList\",\"@id\":\"https:\/\/all-car-news.com\/es\/acude-a-la-peluqueria-del-concesionario-bmw-motorrad-es-posible\/#breadcrumb\",\"itemListElement\":[{\"@type\":\"ListItem\",\"position\":1,\"name\":\"Home\",\"item\":\"https:\/\/all-car-news.com\/es\/\"},{\"@type\":\"ListItem\",\"position\":2,\"name\":\"Acude a la peluquer\u00eda del concesionario BMW Motorrad, \u00a1es posible!\"}]},{\"@type\":\"WebSite\",\"@id\":\"https:\/\/all-car-news.com\/es\/#website\",\"url\":\"https:\/\/all-car-news.com\/es\/\",\"name\":\"All cars news\",\"description\":\"\",\"publisher\":{\"@id\":\"https:\/\/all-car-news.com\/es\/#organization\"},\"potentialAction\":[{\"@type\":\"SearchAction\",\"target\":{\"@type\":\"EntryPoint\",\"urlTemplate\":\"https:\/\/all-car-news.com\/es\/?s={search_term_string}\"},\"query-input\":\"required name=search_term_string\"}],\"inLanguage\":\"es\"},{\"@type\":\"Organization\",\"@id\":\"https:\/\/all-car-news.com\/es\/#organization\",\"name\":\"All cars news\",\"url\":\"https:\/\/all-car-news.com\/es\/\",\"logo\":{\"@type\":\"ImageObject\",\"inLanguage\":\"es\",\"@id\":\"https:\/\/all-car-news.com\/es\/#\/schema\/logo\/image\/\",\"url\":\"https:\/\/all-car-news.com\/wp-content\/uploads\/2022\/02\/CMYK-AllCarNews_LANDSCAPE_300px-1.png\",\"contentUrl\":\"https:\/\/all-car-news.com\/wp-content\/uploads\/2022\/02\/CMYK-AllCarNews_LANDSCAPE_300px-1.png\",\"width\":300,\"height\":100,\"caption\":\"All cars news\"},\"image\":{\"@id\":\"https:\/\/all-car-news.com\/es\/#\/schema\/logo\/image\/\"}}]}<\/script>\n<!-- \/ Yoast SEO plugin. -->","yoast_head_json":{"title":"Acude a la peluquer\u00eda del concesionario BMW Motorrad, \u00a1es posible! - All cars news","robots":{"index":"index","follow":"follow","max-snippet":"max-snippet:-1","max-image-preview":"max-image-preview:large","max-video-preview":"max-video-preview:-1"},"canonical":"https:\/\/all-car-news.com\/es\/acude-a-la-peluqueria-del-concesionario-bmw-motorrad-es-posible\/","og_locale":"es_ES","og_type":"article","og_title":"Acude a la peluquer\u00eda del concesionario BMW Motorrad, \u00a1es posible! - All cars news","og_description":"Motorplaza Heerenveen llev\u00f3 a cabo una gran renovaci\u00f3n y expansi\u00f3n el a\u00f1o pasado luego de la adquisici\u00f3n de un edificio adyacente. El showroom ocupa ahora una superficie de nada menos que 6.000 m2, donde se ubica la gama completa de BMW Motorrad, adem\u00e1s de accesorios, ropa de moto y un outlet. El taller tambi\u00e9n ha sido ampliado y renovado. Uno de los BMW m\u00e1s grandes [\u2026]","og_url":"https:\/\/all-car-news.com\/es\/acude-a-la-peluqueria-del-concesionario-bmw-motorrad-es-posible\/","og_site_name":"All cars news","article_published_time":"2022-03-30T17:21:20+00:00","og_image":[{"url":"https:\/\/motorrai.nl\/wp-content\/uploads\/2022\/03\/P90456296_highRes_motorplaza-heerenvee-640x480.jpg"}],"twitter_card":"summary_large_image","twitter_misc":{"Tiempo de lectura":"2 minutos"},"schema":{"@context":"https:\/\/schema.org","@graph":[{"@type":"Article","@id":"https:\/\/all-car-news.com\/es\/acude-a-la-peluqueria-del-concesionario-bmw-motorrad-es-posible\/#article","isPartOf":{"@id":"https:\/\/all-car-news.com\/es\/acude-a-la-peluqueria-del-concesionario-bmw-motorrad-es-posible\/"},"author":{"name":"","@id":""},"headline":"Acude a la peluquer\u00eda del concesionario BMW Motorrad, \u00a1es posible!","datePublished":"2022-03-30T17:21:20+00:00","dateModified":"2022-03-30T17:21:20+00:00","mainEntityOfPage":{"@id":"https:\/\/all-car-news.com\/es\/acude-a-la-peluqueria-del-concesionario-bmw-motorrad-es-posible\/"},"wordCount":436,"commentCount":0,"publisher":{"@id":"https:\/\/all-car-news.com\/es\/#organization"},"articleSection":["noticias de autos","Sin categorizar"],"inLanguage":"es","potentialAction":[{"@type":"CommentAction","name":"Comment","target":["https:\/\/all-car-news.com\/es\/acude-a-la-peluqueria-del-concesionario-bmw-motorrad-es-posible\/#respond"]}]},{"@type":"WebPage","@id":"https:\/\/all-car-news.com\/es\/acude-a-la-peluqueria-del-concesionario-bmw-motorrad-es-posible\/","url":"https:\/\/all-car-news.com\/es\/acude-a-la-peluqueria-del-concesionario-bmw-motorrad-es-posible\/","name":"Acude a la peluquer\u00eda del concesionario BMW Motorrad, \u00a1es posible! - All cars news","isPartOf":{"@id":"https:\/\/all-car-news.com\/es\/#website"},"datePublished":"2022-03-30T17:21:20+00:00","dateModified":"2022-03-30T17:21:20+00:00","breadcrumb":{"@id":"https:\/\/all-car-news.com\/es\/acude-a-la-peluqueria-del-concesionario-bmw-motorrad-es-posible\/#breadcrumb"},"inLanguage":"es","potentialAction":[{"@type":"ReadAction","target":["https:\/\/all-car-news.com\/es\/acude-a-la-peluqueria-del-concesionario-bmw-motorrad-es-posible\/"]}]},{"@type":"BreadcrumbList","@id":"https:\/\/all-car-news.com\/es\/acude-a-la-peluqueria-del-concesionario-bmw-motorrad-es-posible\/#breadcrumb","itemListElement":[{"@type":"ListItem","position":1,"name":"Home","item":"https:\/\/all-car-news.com\/es\/"},{"@type":"ListItem","position":2,"name":"Acude a la peluquer\u00eda del concesionario BMW Motorrad, \u00a1es posible!"}]},{"@type":"WebSite","@id":"https:\/\/all-car-news.com\/es\/#website","url":"https:\/\/all-car-news.com\/es\/","name":"All cars news","description":"","publisher":{"@id":"https:\/\/all-car-news.com\/es\/#organization"},"potentialAction":[{"@type":"SearchAction","target":{"@type":"EntryPoint","urlTemplate":"https:\/\/all-car-news.com\/es\/?s={search_term_string}"},"query-input":"required name=search_term_string"}],"inLanguage":"es"},{"@type":"Organization","@id":"https:\/\/all-car-news.com\/es\/#organization","name":"All cars news","url":"https:\/\/all-car-news.com\/es\/","logo":{"@type":"ImageObject","inLanguage":"es","@id":"https:\/\/all-car-news.com\/es\/#\/schema\/logo\/image\/","url":"https:\/\/all-car-news.com\/wp-content\/uploads\/2022\/02\/CMYK-AllCarNews_LANDSCAPE_300px-1.png","contentUrl":"https:\/\/all-car-news.com\/wp-content\/uploads\/2022\/02\/CMYK-AllCarNews_LANDSCAPE_300px-1.png","width":300,"height":100,"caption":"All cars news"},"image":{"@id":"https:\/\/all-car-news.com\/es\/#\/schema\/logo\/image\/"}}]}},"_links":{"self":[{"href":"https:\/\/all-car-news.com\/es\/wp-json\/wp\/v2\/posts\/119133","targetHints":{"allow":["GET"]}}],"collection":[{"href":"https:\/\/all-car-news.com\/es\/wp-json\/wp\/v2\/posts"}],"about":[{"href":"https:\/\/all-car-news.com\/es\/wp-json\/wp\/v2\/types\/post"}],"replies":[{"embeddable":true,"href":"https:\/\/all-car-news.com\/es\/wp-json\/wp\/v2\/comments?post=119133"}],"version-history":[{"count":0,"href":"https:\/\/all-car-news.com\/es\/wp-json\/wp\/v2\/posts\/119133\/revisions"}],"wp:attachment":[{"href":"https:\/\/all-car-news.com\/es\/wp-json\/wp\/v2\/media?parent=119133"}],"wp:term":[{"taxonomy":"category","embeddable":true,"href":"https:\/\/all-car-news.com\/es\/wp-json\/wp\/v2\/categories?post=119133"},{"taxonomy":"post_tag","embeddable":true,"href":"https:\/\/all-car-news.com\/es\/wp-json\/wp\/v2\/tags?post=119133"}],"curies":[{"name":"wp","href":"https:\/\/api.w.org\/{rel}","templated":true}]}}