{"id":119057,"date":"2022-03-28T18:57:01","date_gmt":"2022-03-28T18:57:01","guid":{"rendered":"https:\/\/all-car-news.com\/asi-es-el-coche-de-seguridad-de-la-temporada-2022-de-formula-1\/"},"modified":"2022-03-28T18:57:01","modified_gmt":"2022-03-28T18:57:01","slug":"asi-es-el-coche-de-seguridad-de-la-temporada-2022-de-formula-1","status":"publish","type":"post","link":"https:\/\/all-car-news.com\/es\/asi-es-el-coche-de-seguridad-de-la-temporada-2022-de-formula-1\/","title":{"rendered":"As\u00ed es el coche de seguridad de la temporada 2022 de F\u00f3rmula 1"},"content":{"rendered":"<\/p>\n<h2><strong>Alternancia con Aston Martin<\/strong><\/h2>\n<p>El Mercedes-AMG GT Black Series de 730 CV no es el \u00fanico coche que servir\u00e1 como coche de seguridad en 2022. Habr\u00e1 una alternancia entre el <a href=\"https:\/\/autorai.nl\/autozoeker\/aston-martin\/vantage\/\" target=\"_blank\" rel=\"noreferrer noopener\">Aston Martin Vantage<\/a> brit\u00e1nico y el <a href=\"https:\/\/autorai.nl\/autotest-mercedes-amg-gt-c-roadster-2020-een-multitalent\/\" target=\"_blank\" rel=\"noreferrer noopener\">AMG GT<\/a> . El nuevo Mercedes-AMG reemplaza al Mercedes-AMG GT R, que desempe\u00f1\u00f3 el papel de coche de seguridad el a\u00f1o pasado. El coche m\u00e9dico fue un Mercedes-AMG C63 S el a\u00f1o pasado.<\/p>\n<figure class=\"wp-block-image size-content\"><img decoding=\"async\" loading=\"lazy\" width=\"1140\" height=\"760\" src=\"https:\/\/autorai.nl\/wp-content\/uploads\/2022\/03\/Saftey-car-formule-1-2022-5-1140x760.jpg\" alt=\"\" class=\"wp-image-118657\"><figcaption> <\/figcaption><\/figure>\n<h2><strong>Bernd Maylander<\/strong><\/h2>\n<p>El piloto del coche de seguridad Bernd Mayl\u00e4nder sol\u00eda estar activo en el DTM. Desde el a\u00f1o 2000, ha asumido el papel de conductor de coche de seguridad. Mayl\u00e4nder est\u00e1 lleno de elogios para &#8216;su&#8217; nuevo coche de seguridad: \u00abHe tenido la oportunidad de probar este incre\u00edble coche muchas veces y estoy simplemente asombrado de lo cerca que se acerca a un coche de carreras de pura sangre\u00bb.<\/p>\n<figure class=\"wp-block-image size-content\"><img decoding=\"async\" loading=\"lazy\" width=\"1140\" height=\"760\" src=\"https:\/\/autorai.nl\/wp-content\/uploads\/2022\/03\/Saftey-car-formule-1-2022-1-1140x760.jpg\" alt=\"\" class=\"wp-image-118663\"><figcaption> <\/figcaption><\/figure>\n<h2><strong>\u00bfNo m\u00e1s luces intermitentes?<\/strong><\/h2>\n<p>Lo m\u00e1s llamativo del nuevo coche de seguridad es que no cuenta con la habitual barra de luces en el techo. En lugar de la barra f\u00edsica en el techo, que estaba en el AMG GT R la temporada pasada, las luces intermitentes ahora est\u00e1n incorporadas en la parte superior del parabrisas y el aler\u00f3n trasero. Esto fortalece el equilibrio del autom\u00f3vil y es positivo para la aerodin\u00e1mica.<\/p>\n<p>En la hoja principal superior del aler\u00f3n trasero hay trece luces \u00e1mbar y siete linternas en el medio, que pueden parpadear si es necesario. Adem\u00e1s, hay cuatro m\u00f3dulos de luz LED verde. Tambi\u00e9n hay dos peque\u00f1as c\u00e1maras montadas en la base del ala. Una c\u00e1mara sirve como espejo retrovisor electr\u00f3nico para el pasajero y la otra transmite una imagen en vivo, que se ve regularmente en el televisor durante una situaci\u00f3n de auto de seguridad. <\/p>\n<figure class=\"wp-block-image size-content\"><img decoding=\"async\" loading=\"lazy\" width=\"1140\" height=\"760\" src=\"https:\/\/autorai.nl\/wp-content\/uploads\/2022\/03\/Saftey-car-formule-1-2022-9-1140x760.jpg\" alt=\"\" class=\"wp-image-118661\"><figcaption> <\/figcaption><\/figure>\n<h2>jaula antivuelco<\/h2>\n<p>El interior del coche de seguridad Mercedes-Benz pr\u00e1cticamente no ha cambiado en comparaci\u00f3n con el del AMG GT Black Series normal. El coche de seguridad tambi\u00e9n tiene el AMG Track Package opcional, que incluye una jaula antivuelco ligera hecha de tubos de titanio atornillados. La jaula antivuelco consta de un marco principal, un soporte de cintur\u00f3n, dos soportes en la parte trasera y una cruz diagonal en la parte trasera. <\/p>\n<p>Las \u00fanicas caracter\u00edsticas adicionales son los cinturones de seguridad de seis puntos prescritos por la FIA y dos tabletas en la consola central y el grupo de instrumentos frente al asiento del pasajero. Esto permite al copiloto Richard Darker vigilar el campo de F\u00f3rmula 1, entre otras cosas.<\/p>\n<figure class=\"wp-block-image size-content\"><img decoding=\"async\" loading=\"lazy\" width=\"1140\" height=\"760\" src=\"https:\/\/autorai.nl\/wp-content\/uploads\/2022\/03\/Saftey-car-formule-1-2022-2-1140x760.jpg\" alt=\"\" class=\"wp-image-118664\"><\/figure>\n<p>Todos los coches de seguridad oficiales de F\u00f3rmula 1 de Mercedes-AMG de un vistazo:<\/p>\n<figure class=\"wp-block-table\">\n<table>\n<tbody>\n<tr>\n<td><strong>1996<\/strong><\/td>\n<td><strong>C 36 AMG (W 202)<\/strong><\/td>\n<\/tr>\n<tr>\n<td>1997-1999<\/td>\n<td>CLK 55 AMG (C 208)<\/td>\n<\/tr>\n<tr>\n<td>2000<\/td>\n<td>CL 55 AMG (C 215)<\/td>\n<\/tr>\n<tr>\n<td>2001-2002<\/td>\n<td>SL 55 AMG (R 230)<\/td>\n<\/tr>\n<tr>\n<td>2003<\/td>\n<td>CLK 55 AMG (C 209)<\/td>\n<\/tr>\n<tr>\n<td>2004-2005<\/td>\n<td>SLK 55 AMG (R 171)<\/td>\n<\/tr>\n<tr>\n<td>2006-2007<\/td>\n<td>CLK 63 AMG serie negra (C 209)<\/td>\n<\/tr>\n<tr>\n<td>2008-2009<\/td>\n<td>SL 63 AMG (R 230)<\/td>\n<\/tr>\n<tr>\n<td>2010-2012<\/td>\n<td>SLS AMG (C197)<\/td>\n<\/tr>\n<tr>\n<td>2012 (GP de Alemania)-2014<\/td>\n<td>SLS AMG GT (C 197)<\/td>\n<\/tr>\n<tr>\n<td>2015-2018<\/td>\n<td>Mercedes-AMG GT S (C190)<\/td>\n<\/tr>\n<tr>\n<td>2019-2021<\/td>\n<td>Mercedes-AMG GT R (C190)<\/td>\n<\/tr>\n<tr>\n<td>2022<\/td>\n<td>Mercedes-AMG GT serie negra (C190)<\/td>\n<\/tr>\n<\/tbody>\n<\/table>\n<\/figure>\n<p>Lea tambi\u00e9n:<\/p>\n<figure class=\"wp-block-embed is-type-wp-embed is-provider-autorai-nl wp-block-embed-autorai-nl\">\n<div class=\"wp-block-embed__wrapper\">\n<blockquote class=\"wp-embedded-content\" data-secret=\"CGG4bfR1cV\"><p><a href=\"https:\/\/autorai.nl\/formule-1-kalender-2022-officieel-bekend\/\">Calendario de F\u00f3rmula 1 2022 anunciado oficialmente<\/a><\/p><\/blockquote>\n<\/div>\n<\/figure>\n","protected":false},"excerpt":{"rendered":"Variaci\u00f3n con Aston Martin El Mercedes-AMG GT Black Series de 730 CV no es el \u00fanico coche que servir\u00e1 como&hellip;","protected":false},"author":0,"featured_media":0,"comment_status":"open","ping_status":"open","sticky":false,"template":"","format":"standard","meta":{"footnotes":""},"categories":[126,115],"tags":[],"class_list":["post-119057","post","type-post","status-publish","format-standard","hentry","category-noticias-de-autos","category-sin-categorizar"],"acf":[],"yoast_head":"<!-- This site is optimized with the Yoast SEO plugin v21.2 - https:\/\/yoast.com\/wordpress\/plugins\/seo\/ -->\n<title>As\u00ed es el coche de seguridad de la temporada 2022 de F\u00f3rmula 1 - All cars news<\/title>\n<meta name=\"robots\" content=\"index, follow, max-snippet:-1, max-image-preview:large, max-video-preview:-1\" \/>\n<link rel=\"canonical\" href=\"https:\/\/all-car-news.com\/es\/asi-es-el-coche-de-seguridad-de-la-temporada-2022-de-formula-1\/\" \/>\n<meta property=\"og:locale\" content=\"es_ES\" \/>\n<meta property=\"og:type\" content=\"article\" \/>\n<meta property=\"og:title\" content=\"As\u00ed es el coche de seguridad de la temporada 2022 de F\u00f3rmula 1 - All cars news\" \/>\n<meta property=\"og:description\" content=\"Variaci\u00f3n con Aston Martin El Mercedes-AMG GT Black Series de 730 CV no es el \u00fanico coche que servir\u00e1 como coche de seguridad en 2022. Alternar\u00e1 entre el brit\u00e1nico Aston Martin Vantage y el AMG GT. El nuevo Mercedes-AMG reemplaza al Mercedes-AMG GT R, que el a\u00f1o pasado desempe\u00f1\u00f3 el papel de [\u2026]\" \/>\n<meta property=\"og:url\" content=\"https:\/\/all-car-news.com\/es\/asi-es-el-coche-de-seguridad-de-la-temporada-2022-de-formula-1\/\" \/>\n<meta property=\"og:site_name\" content=\"All cars news\" \/>\n<meta property=\"article:published_time\" content=\"2022-03-28T18:57:01+00:00\" \/>\n<meta property=\"og:image\" content=\"https:\/\/autorai.nl\/wp-content\/uploads\/2022\/03\/Saftey-car-formule-1-2022-5-1140x760.jpg\" \/>\n<meta name=\"twitter:card\" content=\"summary_large_image\" \/>\n<meta name=\"twitter:label1\" content=\"Tiempo de lectura\" \/>\n\t<meta name=\"twitter:data1\" content=\"3 minutos\" \/>\n<script type=\"application\/ld+json\" class=\"yoast-schema-graph\">{\"@context\":\"https:\/\/schema.org\",\"@graph\":[{\"@type\":\"Article\",\"@id\":\"https:\/\/all-car-news.com\/es\/asi-es-el-coche-de-seguridad-de-la-temporada-2022-de-formula-1\/#article\",\"isPartOf\":{\"@id\":\"https:\/\/all-car-news.com\/es\/asi-es-el-coche-de-seguridad-de-la-temporada-2022-de-formula-1\/\"},\"author\":{\"name\":\"\",\"@id\":\"\"},\"headline\":\"As\u00ed es el coche de seguridad de la temporada 2022 de F\u00f3rmula 1\",\"datePublished\":\"2022-03-28T18:57:01+00:00\",\"dateModified\":\"2022-03-28T18:57:01+00:00\",\"mainEntityOfPage\":{\"@id\":\"https:\/\/all-car-news.com\/es\/asi-es-el-coche-de-seguridad-de-la-temporada-2022-de-formula-1\/\"},\"wordCount\":525,\"commentCount\":0,\"publisher\":{\"@id\":\"https:\/\/all-car-news.com\/es\/#organization\"},\"articleSection\":[\"noticias de autos\",\"Sin categorizar\"],\"inLanguage\":\"es\",\"potentialAction\":[{\"@type\":\"CommentAction\",\"name\":\"Comment\",\"target\":[\"https:\/\/all-car-news.com\/es\/asi-es-el-coche-de-seguridad-de-la-temporada-2022-de-formula-1\/#respond\"]}]},{\"@type\":\"WebPage\",\"@id\":\"https:\/\/all-car-news.com\/es\/asi-es-el-coche-de-seguridad-de-la-temporada-2022-de-formula-1\/\",\"url\":\"https:\/\/all-car-news.com\/es\/asi-es-el-coche-de-seguridad-de-la-temporada-2022-de-formula-1\/\",\"name\":\"As\u00ed es el coche de seguridad de la temporada 2022 de F\u00f3rmula 1 - All cars news\",\"isPartOf\":{\"@id\":\"https:\/\/all-car-news.com\/es\/#website\"},\"datePublished\":\"2022-03-28T18:57:01+00:00\",\"dateModified\":\"2022-03-28T18:57:01+00:00\",\"breadcrumb\":{\"@id\":\"https:\/\/all-car-news.com\/es\/asi-es-el-coche-de-seguridad-de-la-temporada-2022-de-formula-1\/#breadcrumb\"},\"inLanguage\":\"es\",\"potentialAction\":[{\"@type\":\"ReadAction\",\"target\":[\"https:\/\/all-car-news.com\/es\/asi-es-el-coche-de-seguridad-de-la-temporada-2022-de-formula-1\/\"]}]},{\"@type\":\"BreadcrumbList\",\"@id\":\"https:\/\/all-car-news.com\/es\/asi-es-el-coche-de-seguridad-de-la-temporada-2022-de-formula-1\/#breadcrumb\",\"itemListElement\":[{\"@type\":\"ListItem\",\"position\":1,\"name\":\"Home\",\"item\":\"https:\/\/all-car-news.com\/es\/\"},{\"@type\":\"ListItem\",\"position\":2,\"name\":\"As\u00ed es el coche de seguridad de la temporada 2022 de F\u00f3rmula 1\"}]},{\"@type\":\"WebSite\",\"@id\":\"https:\/\/all-car-news.com\/es\/#website\",\"url\":\"https:\/\/all-car-news.com\/es\/\",\"name\":\"All cars news\",\"description\":\"\",\"publisher\":{\"@id\":\"https:\/\/all-car-news.com\/es\/#organization\"},\"potentialAction\":[{\"@type\":\"SearchAction\",\"target\":{\"@type\":\"EntryPoint\",\"urlTemplate\":\"https:\/\/all-car-news.com\/es\/?s={search_term_string}\"},\"query-input\":\"required name=search_term_string\"}],\"inLanguage\":\"es\"},{\"@type\":\"Organization\",\"@id\":\"https:\/\/all-car-news.com\/es\/#organization\",\"name\":\"All cars news\",\"url\":\"https:\/\/all-car-news.com\/es\/\",\"logo\":{\"@type\":\"ImageObject\",\"inLanguage\":\"es\",\"@id\":\"https:\/\/all-car-news.com\/es\/#\/schema\/logo\/image\/\",\"url\":\"https:\/\/all-car-news.com\/wp-content\/uploads\/2022\/02\/CMYK-AllCarNews_LANDSCAPE_300px-1.png\",\"contentUrl\":\"https:\/\/all-car-news.com\/wp-content\/uploads\/2022\/02\/CMYK-AllCarNews_LANDSCAPE_300px-1.png\",\"width\":300,\"height\":100,\"caption\":\"All cars news\"},\"image\":{\"@id\":\"https:\/\/all-car-news.com\/es\/#\/schema\/logo\/image\/\"}}]}<\/script>\n<!-- \/ Yoast SEO plugin. -->","yoast_head_json":{"title":"As\u00ed es el coche de seguridad de la temporada 2022 de F\u00f3rmula 1 - All cars news","robots":{"index":"index","follow":"follow","max-snippet":"max-snippet:-1","max-image-preview":"max-image-preview:large","max-video-preview":"max-video-preview:-1"},"canonical":"https:\/\/all-car-news.com\/es\/asi-es-el-coche-de-seguridad-de-la-temporada-2022-de-formula-1\/","og_locale":"es_ES","og_type":"article","og_title":"As\u00ed es el coche de seguridad de la temporada 2022 de F\u00f3rmula 1 - All cars news","og_description":"Variaci\u00f3n con Aston Martin El Mercedes-AMG GT Black Series de 730 CV no es el \u00fanico coche que servir\u00e1 como coche de seguridad en 2022. Alternar\u00e1 entre el brit\u00e1nico Aston Martin Vantage y el AMG GT. El nuevo Mercedes-AMG reemplaza al Mercedes-AMG GT R, que el a\u00f1o pasado desempe\u00f1\u00f3 el papel de [\u2026]","og_url":"https:\/\/all-car-news.com\/es\/asi-es-el-coche-de-seguridad-de-la-temporada-2022-de-formula-1\/","og_site_name":"All cars news","article_published_time":"2022-03-28T18:57:01+00:00","og_image":[{"url":"https:\/\/autorai.nl\/wp-content\/uploads\/2022\/03\/Saftey-car-formule-1-2022-5-1140x760.jpg"}],"twitter_card":"summary_large_image","twitter_misc":{"Tiempo de lectura":"3 minutos"},"schema":{"@context":"https:\/\/schema.org","@graph":[{"@type":"Article","@id":"https:\/\/all-car-news.com\/es\/asi-es-el-coche-de-seguridad-de-la-temporada-2022-de-formula-1\/#article","isPartOf":{"@id":"https:\/\/all-car-news.com\/es\/asi-es-el-coche-de-seguridad-de-la-temporada-2022-de-formula-1\/"},"author":{"name":"","@id":""},"headline":"As\u00ed es el coche de seguridad de la temporada 2022 de F\u00f3rmula 1","datePublished":"2022-03-28T18:57:01+00:00","dateModified":"2022-03-28T18:57:01+00:00","mainEntityOfPage":{"@id":"https:\/\/all-car-news.com\/es\/asi-es-el-coche-de-seguridad-de-la-temporada-2022-de-formula-1\/"},"wordCount":525,"commentCount":0,"publisher":{"@id":"https:\/\/all-car-news.com\/es\/#organization"},"articleSection":["noticias de autos","Sin categorizar"],"inLanguage":"es","potentialAction":[{"@type":"CommentAction","name":"Comment","target":["https:\/\/all-car-news.com\/es\/asi-es-el-coche-de-seguridad-de-la-temporada-2022-de-formula-1\/#respond"]}]},{"@type":"WebPage","@id":"https:\/\/all-car-news.com\/es\/asi-es-el-coche-de-seguridad-de-la-temporada-2022-de-formula-1\/","url":"https:\/\/all-car-news.com\/es\/asi-es-el-coche-de-seguridad-de-la-temporada-2022-de-formula-1\/","name":"As\u00ed es el coche de seguridad de la temporada 2022 de F\u00f3rmula 1 - All cars news","isPartOf":{"@id":"https:\/\/all-car-news.com\/es\/#website"},"datePublished":"2022-03-28T18:57:01+00:00","dateModified":"2022-03-28T18:57:01+00:00","breadcrumb":{"@id":"https:\/\/all-car-news.com\/es\/asi-es-el-coche-de-seguridad-de-la-temporada-2022-de-formula-1\/#breadcrumb"},"inLanguage":"es","potentialAction":[{"@type":"ReadAction","target":["https:\/\/all-car-news.com\/es\/asi-es-el-coche-de-seguridad-de-la-temporada-2022-de-formula-1\/"]}]},{"@type":"BreadcrumbList","@id":"https:\/\/all-car-news.com\/es\/asi-es-el-coche-de-seguridad-de-la-temporada-2022-de-formula-1\/#breadcrumb","itemListElement":[{"@type":"ListItem","position":1,"name":"Home","item":"https:\/\/all-car-news.com\/es\/"},{"@type":"ListItem","position":2,"name":"As\u00ed es el coche de seguridad de la temporada 2022 de F\u00f3rmula 1"}]},{"@type":"WebSite","@id":"https:\/\/all-car-news.com\/es\/#website","url":"https:\/\/all-car-news.com\/es\/","name":"All cars news","description":"","publisher":{"@id":"https:\/\/all-car-news.com\/es\/#organization"},"potentialAction":[{"@type":"SearchAction","target":{"@type":"EntryPoint","urlTemplate":"https:\/\/all-car-news.com\/es\/?s={search_term_string}"},"query-input":"required name=search_term_string"}],"inLanguage":"es"},{"@type":"Organization","@id":"https:\/\/all-car-news.com\/es\/#organization","name":"All cars news","url":"https:\/\/all-car-news.com\/es\/","logo":{"@type":"ImageObject","inLanguage":"es","@id":"https:\/\/all-car-news.com\/es\/#\/schema\/logo\/image\/","url":"https:\/\/all-car-news.com\/wp-content\/uploads\/2022\/02\/CMYK-AllCarNews_LANDSCAPE_300px-1.png","contentUrl":"https:\/\/all-car-news.com\/wp-content\/uploads\/2022\/02\/CMYK-AllCarNews_LANDSCAPE_300px-1.png","width":300,"height":100,"caption":"All cars news"},"image":{"@id":"https:\/\/all-car-news.com\/es\/#\/schema\/logo\/image\/"}}]}},"_links":{"self":[{"href":"https:\/\/all-car-news.com\/es\/wp-json\/wp\/v2\/posts\/119057","targetHints":{"allow":["GET"]}}],"collection":[{"href":"https:\/\/all-car-news.com\/es\/wp-json\/wp\/v2\/posts"}],"about":[{"href":"https:\/\/all-car-news.com\/es\/wp-json\/wp\/v2\/types\/post"}],"replies":[{"embeddable":true,"href":"https:\/\/all-car-news.com\/es\/wp-json\/wp\/v2\/comments?post=119057"}],"version-history":[{"count":0,"href":"https:\/\/all-car-news.com\/es\/wp-json\/wp\/v2\/posts\/119057\/revisions"}],"wp:attachment":[{"href":"https:\/\/all-car-news.com\/es\/wp-json\/wp\/v2\/media?parent=119057"}],"wp:term":[{"taxonomy":"category","embeddable":true,"href":"https:\/\/all-car-news.com\/es\/wp-json\/wp\/v2\/categories?post=119057"},{"taxonomy":"post_tag","embeddable":true,"href":"https:\/\/all-car-news.com\/es\/wp-json\/wp\/v2\/tags?post=119057"}],"curies":[{"name":"wp","href":"https:\/\/api.w.org\/{rel}","templated":true}]}}