{"id":118940,"date":"2022-03-25T10:28:40","date_gmt":"2022-03-25T10:28:40","guid":{"rendered":"https:\/\/all-car-news.com\/sal-a-la-pista-con-tu-propia-yamaha\/"},"modified":"2022-03-25T10:28:40","modified_gmt":"2022-03-25T10:28:40","slug":"sal-a-la-pista-con-tu-propia-yamaha","status":"publish","type":"post","link":"https:\/\/all-car-news.com\/es\/sal-a-la-pista-con-tu-propia-yamaha\/","title":{"rendered":"\u00a1Sal a la pista con tu propia Yamaha!"},"content":{"rendered":"<h2>que hay para hacer?<\/h2>\n<p>Durante los trackdays de Yamaha, por supuesto, puedes ir a la pista con tu propia Yamaha, pero eso no es todo lo que hay que hacer. Por ejemplo, existe la posibilidad de probar exhaustivamente los \u00faltimos modelos R, como el R6 GYTR y el R1 GYTR. Si no quiere ir a la pista, tambi\u00e9n puede hacer un recorrido o incluso un paseo fuera de la carretera en el T\u00e9n\u00e9r\u00e9 700. El almuerzo se proporciona en cada evento. \u00a1Delicioso! No es necesaria experiencia en circuito. Los eventos son sobre diversi\u00f3n sin un elemento de competencia.<\/p>\n<h3><a href=\"https:\/\/motorrai.nl\/yamaha-tenere-700-world-raid-lange-afstandsbuffel\/\" target=\"_blank\" rel=\"noopener\">Lea tambi\u00e9n: YAMAHA T\u00c9N\u00c9R\u00c9 700 WORLD RAID: B\u00daFALO DE LARGA DISTANCIA<\/a><\/h3>\n<h2>\u00bfCu\u00e1ndo son los Yamaha Trackdays?<\/h2>\n<p>Yamaha organiza un total de tres eventos, repartidos en circuitos holandeses y belgas. A continuaci\u00f3n puede ver cu\u00e1ndo debe estar d\u00f3nde y cu\u00e1nto cuesta registrarse.<\/p>\n<h3>\u2022 20 de mayo de 2022 \u2013 Assen, Pa\u00edses Bajos<\/h3>\n<p>El primer Yamaha Track Day es en el TT Circuit Assen, el 20 de mayo. Este circuito es sin duda el circuito de motos m\u00e1s bonito de los Pa\u00edses Bajos y no en vano est\u00e1 en el calendario oficial de Grandes Premios desde 1930. Los costes de este track day son de 160 euros.<\/p>\n<h3>\u2022 26 de mayo de 2022: Mettet, B\u00e9lgica<\/h3>\n<p>Dentro de una semana puedes volverte loco en el circuito Jules Tacheny en Mettet, B\u00e9lgica. Este es un circuito peque\u00f1o pero desafiante. El &#8216;sacacorchos&#8217; a mitad de camino garantiza espect\u00e1culo. La inscripci\u00f3n a este evento cuesta 145 euros.<\/p>\n<h3>\u2022 30 de junio + 1 de julio de 2022: Spa-Francorchamps, B\u00e9lgica<\/h3>\n<p>El evento de Yamaha en Spa dura nada menos que dos d\u00edas: 30 de junio y 1 de julio. Debido a que Yamaha celebra aqu\u00ed su <sup>67<\/sup> cumplea\u00f1os, habr\u00e1 una barbacoa en la noche del 30 de junio, seguida de una gran fiesta. Varios pilotos del equipo Yamaha estar\u00e1n all\u00ed para que los conozca y hable con ellos. Debido a que se trata de un fin de semana, los costos totales son ligeramente m\u00e1s altos para este fin de semana, a saber, 560 euros.<\/p>\n<p>Se puede obtener m\u00e1s informaci\u00f3n e inscripciones en el sitio web de <a href=\"http:\/\/www.yamaha-track-days.com\" target=\"_blank\" rel=\"noopener\">Yamaha<\/a> .<\/p>\n<p><img decoding=\"async\" loading=\"lazy\" width=\"1140\" height=\"597\" class=\"alignnone size-medium wp-image-24873\" src=\"https:\/\/motorrai.nl\/wp-content\/uploads\/2022\/03\/2022-03-23_yamaha_trackdays_facebook-shared_1200x628_nl-nl_v02-1140x597.png\" alt=\"Yamaha Trackdays 2022\"><\/p>\n<p>&nbsp;<\/p>\n","protected":false},"excerpt":{"rendered":"que hay para hacer? Durante los trackdays de Yamaha, por supuesto, puedes ir a la pista con tu propia Yamaha,&hellip;","protected":false},"author":0,"featured_media":0,"comment_status":"open","ping_status":"open","sticky":false,"template":"","format":"standard","meta":{"footnotes":""},"categories":[126,115],"tags":[],"class_list":["post-118940","post","type-post","status-publish","format-standard","hentry","category-noticias-de-autos","category-sin-categorizar"],"acf":[],"yoast_head":"<!-- This site is optimized with the Yoast SEO plugin v21.2 - https:\/\/yoast.com\/wordpress\/plugins\/seo\/ -->\n<title>\u00a1Sal a la pista con tu propia Yamaha! - All cars news<\/title>\n<meta name=\"robots\" content=\"index, follow, max-snippet:-1, max-image-preview:large, max-video-preview:-1\" \/>\n<link rel=\"canonical\" href=\"https:\/\/all-car-news.com\/es\/sal-a-la-pista-con-tu-propia-yamaha\/\" \/>\n<meta property=\"og:locale\" content=\"es_ES\" \/>\n<meta property=\"og:type\" content=\"article\" \/>\n<meta property=\"og:title\" content=\"\u00a1Sal a la pista con tu propia Yamaha! - All cars news\" \/>\n<meta property=\"og:description\" content=\"que hay para hacer? Durante los trackdays de Yamaha, por supuesto, puedes ir a la pista con tu propia Yamaha, pero eso no es todo lo que hay que hacer. Por ejemplo, existe la posibilidad de probar exhaustivamente los \u00faltimos modelos R, como el R6 GYTR y el R1 GYTR. No quieres [\u2026]\" \/>\n<meta property=\"og:url\" content=\"https:\/\/all-car-news.com\/es\/sal-a-la-pista-con-tu-propia-yamaha\/\" \/>\n<meta property=\"og:site_name\" content=\"All cars news\" \/>\n<meta property=\"article:published_time\" content=\"2022-03-25T10:28:40+00:00\" \/>\n<meta property=\"og:image\" content=\"https:\/\/motorrai.nl\/wp-content\/uploads\/2022\/03\/2022-03-23_yamaha_trackdays_facebook-shared_1200x628_nl-nl_v02-1140x597.png\" \/>\n<meta name=\"twitter:card\" content=\"summary_large_image\" \/>\n<meta name=\"twitter:label1\" content=\"Tiempo de lectura\" \/>\n\t<meta name=\"twitter:data1\" content=\"2 minutos\" \/>\n<script type=\"application\/ld+json\" class=\"yoast-schema-graph\">{\"@context\":\"https:\/\/schema.org\",\"@graph\":[{\"@type\":\"Article\",\"@id\":\"https:\/\/all-car-news.com\/es\/sal-a-la-pista-con-tu-propia-yamaha\/#article\",\"isPartOf\":{\"@id\":\"https:\/\/all-car-news.com\/es\/sal-a-la-pista-con-tu-propia-yamaha\/\"},\"author\":{\"name\":\"\",\"@id\":\"\"},\"headline\":\"\u00a1Sal a la pista con tu propia Yamaha!\",\"datePublished\":\"2022-03-25T10:28:40+00:00\",\"dateModified\":\"2022-03-25T10:28:40+00:00\",\"mainEntityOfPage\":{\"@id\":\"https:\/\/all-car-news.com\/es\/sal-a-la-pista-con-tu-propia-yamaha\/\"},\"wordCount\":372,\"commentCount\":0,\"publisher\":{\"@id\":\"https:\/\/all-car-news.com\/es\/#organization\"},\"articleSection\":[\"noticias de autos\",\"Sin categorizar\"],\"inLanguage\":\"es\",\"potentialAction\":[{\"@type\":\"CommentAction\",\"name\":\"Comment\",\"target\":[\"https:\/\/all-car-news.com\/es\/sal-a-la-pista-con-tu-propia-yamaha\/#respond\"]}]},{\"@type\":\"WebPage\",\"@id\":\"https:\/\/all-car-news.com\/es\/sal-a-la-pista-con-tu-propia-yamaha\/\",\"url\":\"https:\/\/all-car-news.com\/es\/sal-a-la-pista-con-tu-propia-yamaha\/\",\"name\":\"\u00a1Sal a la pista con tu propia Yamaha! - All cars news\",\"isPartOf\":{\"@id\":\"https:\/\/all-car-news.com\/es\/#website\"},\"datePublished\":\"2022-03-25T10:28:40+00:00\",\"dateModified\":\"2022-03-25T10:28:40+00:00\",\"breadcrumb\":{\"@id\":\"https:\/\/all-car-news.com\/es\/sal-a-la-pista-con-tu-propia-yamaha\/#breadcrumb\"},\"inLanguage\":\"es\",\"potentialAction\":[{\"@type\":\"ReadAction\",\"target\":[\"https:\/\/all-car-news.com\/es\/sal-a-la-pista-con-tu-propia-yamaha\/\"]}]},{\"@type\":\"BreadcrumbList\",\"@id\":\"https:\/\/all-car-news.com\/es\/sal-a-la-pista-con-tu-propia-yamaha\/#breadcrumb\",\"itemListElement\":[{\"@type\":\"ListItem\",\"position\":1,\"name\":\"Home\",\"item\":\"https:\/\/all-car-news.com\/es\/\"},{\"@type\":\"ListItem\",\"position\":2,\"name\":\"\u00a1Sal a la pista con tu propia Yamaha!\"}]},{\"@type\":\"WebSite\",\"@id\":\"https:\/\/all-car-news.com\/es\/#website\",\"url\":\"https:\/\/all-car-news.com\/es\/\",\"name\":\"All cars news\",\"description\":\"\",\"publisher\":{\"@id\":\"https:\/\/all-car-news.com\/es\/#organization\"},\"potentialAction\":[{\"@type\":\"SearchAction\",\"target\":{\"@type\":\"EntryPoint\",\"urlTemplate\":\"https:\/\/all-car-news.com\/es\/?s={search_term_string}\"},\"query-input\":\"required name=search_term_string\"}],\"inLanguage\":\"es\"},{\"@type\":\"Organization\",\"@id\":\"https:\/\/all-car-news.com\/es\/#organization\",\"name\":\"All cars news\",\"url\":\"https:\/\/all-car-news.com\/es\/\",\"logo\":{\"@type\":\"ImageObject\",\"inLanguage\":\"es\",\"@id\":\"https:\/\/all-car-news.com\/es\/#\/schema\/logo\/image\/\",\"url\":\"https:\/\/all-car-news.com\/wp-content\/uploads\/2022\/02\/CMYK-AllCarNews_LANDSCAPE_300px-1.png\",\"contentUrl\":\"https:\/\/all-car-news.com\/wp-content\/uploads\/2022\/02\/CMYK-AllCarNews_LANDSCAPE_300px-1.png\",\"width\":300,\"height\":100,\"caption\":\"All cars news\"},\"image\":{\"@id\":\"https:\/\/all-car-news.com\/es\/#\/schema\/logo\/image\/\"}}]}<\/script>\n<!-- \/ Yoast SEO plugin. -->","yoast_head_json":{"title":"\u00a1Sal a la pista con tu propia Yamaha! - All cars news","robots":{"index":"index","follow":"follow","max-snippet":"max-snippet:-1","max-image-preview":"max-image-preview:large","max-video-preview":"max-video-preview:-1"},"canonical":"https:\/\/all-car-news.com\/es\/sal-a-la-pista-con-tu-propia-yamaha\/","og_locale":"es_ES","og_type":"article","og_title":"\u00a1Sal a la pista con tu propia Yamaha! - All cars news","og_description":"que hay para hacer? Durante los trackdays de Yamaha, por supuesto, puedes ir a la pista con tu propia Yamaha, pero eso no es todo lo que hay que hacer. Por ejemplo, existe la posibilidad de probar exhaustivamente los \u00faltimos modelos R, como el R6 GYTR y el R1 GYTR. No quieres [\u2026]","og_url":"https:\/\/all-car-news.com\/es\/sal-a-la-pista-con-tu-propia-yamaha\/","og_site_name":"All cars news","article_published_time":"2022-03-25T10:28:40+00:00","og_image":[{"url":"https:\/\/motorrai.nl\/wp-content\/uploads\/2022\/03\/2022-03-23_yamaha_trackdays_facebook-shared_1200x628_nl-nl_v02-1140x597.png"}],"twitter_card":"summary_large_image","twitter_misc":{"Tiempo de lectura":"2 minutos"},"schema":{"@context":"https:\/\/schema.org","@graph":[{"@type":"Article","@id":"https:\/\/all-car-news.com\/es\/sal-a-la-pista-con-tu-propia-yamaha\/#article","isPartOf":{"@id":"https:\/\/all-car-news.com\/es\/sal-a-la-pista-con-tu-propia-yamaha\/"},"author":{"name":"","@id":""},"headline":"\u00a1Sal a la pista con tu propia Yamaha!","datePublished":"2022-03-25T10:28:40+00:00","dateModified":"2022-03-25T10:28:40+00:00","mainEntityOfPage":{"@id":"https:\/\/all-car-news.com\/es\/sal-a-la-pista-con-tu-propia-yamaha\/"},"wordCount":372,"commentCount":0,"publisher":{"@id":"https:\/\/all-car-news.com\/es\/#organization"},"articleSection":["noticias de autos","Sin categorizar"],"inLanguage":"es","potentialAction":[{"@type":"CommentAction","name":"Comment","target":["https:\/\/all-car-news.com\/es\/sal-a-la-pista-con-tu-propia-yamaha\/#respond"]}]},{"@type":"WebPage","@id":"https:\/\/all-car-news.com\/es\/sal-a-la-pista-con-tu-propia-yamaha\/","url":"https:\/\/all-car-news.com\/es\/sal-a-la-pista-con-tu-propia-yamaha\/","name":"\u00a1Sal a la pista con tu propia Yamaha! - All cars news","isPartOf":{"@id":"https:\/\/all-car-news.com\/es\/#website"},"datePublished":"2022-03-25T10:28:40+00:00","dateModified":"2022-03-25T10:28:40+00:00","breadcrumb":{"@id":"https:\/\/all-car-news.com\/es\/sal-a-la-pista-con-tu-propia-yamaha\/#breadcrumb"},"inLanguage":"es","potentialAction":[{"@type":"ReadAction","target":["https:\/\/all-car-news.com\/es\/sal-a-la-pista-con-tu-propia-yamaha\/"]}]},{"@type":"BreadcrumbList","@id":"https:\/\/all-car-news.com\/es\/sal-a-la-pista-con-tu-propia-yamaha\/#breadcrumb","itemListElement":[{"@type":"ListItem","position":1,"name":"Home","item":"https:\/\/all-car-news.com\/es\/"},{"@type":"ListItem","position":2,"name":"\u00a1Sal a la pista con tu propia Yamaha!"}]},{"@type":"WebSite","@id":"https:\/\/all-car-news.com\/es\/#website","url":"https:\/\/all-car-news.com\/es\/","name":"All cars news","description":"","publisher":{"@id":"https:\/\/all-car-news.com\/es\/#organization"},"potentialAction":[{"@type":"SearchAction","target":{"@type":"EntryPoint","urlTemplate":"https:\/\/all-car-news.com\/es\/?s={search_term_string}"},"query-input":"required name=search_term_string"}],"inLanguage":"es"},{"@type":"Organization","@id":"https:\/\/all-car-news.com\/es\/#organization","name":"All cars news","url":"https:\/\/all-car-news.com\/es\/","logo":{"@type":"ImageObject","inLanguage":"es","@id":"https:\/\/all-car-news.com\/es\/#\/schema\/logo\/image\/","url":"https:\/\/all-car-news.com\/wp-content\/uploads\/2022\/02\/CMYK-AllCarNews_LANDSCAPE_300px-1.png","contentUrl":"https:\/\/all-car-news.com\/wp-content\/uploads\/2022\/02\/CMYK-AllCarNews_LANDSCAPE_300px-1.png","width":300,"height":100,"caption":"All cars news"},"image":{"@id":"https:\/\/all-car-news.com\/es\/#\/schema\/logo\/image\/"}}]}},"_links":{"self":[{"href":"https:\/\/all-car-news.com\/es\/wp-json\/wp\/v2\/posts\/118940","targetHints":{"allow":["GET"]}}],"collection":[{"href":"https:\/\/all-car-news.com\/es\/wp-json\/wp\/v2\/posts"}],"about":[{"href":"https:\/\/all-car-news.com\/es\/wp-json\/wp\/v2\/types\/post"}],"replies":[{"embeddable":true,"href":"https:\/\/all-car-news.com\/es\/wp-json\/wp\/v2\/comments?post=118940"}],"version-history":[{"count":0,"href":"https:\/\/all-car-news.com\/es\/wp-json\/wp\/v2\/posts\/118940\/revisions"}],"wp:attachment":[{"href":"https:\/\/all-car-news.com\/es\/wp-json\/wp\/v2\/media?parent=118940"}],"wp:term":[{"taxonomy":"category","embeddable":true,"href":"https:\/\/all-car-news.com\/es\/wp-json\/wp\/v2\/categories?post=118940"},{"taxonomy":"post_tag","embeddable":true,"href":"https:\/\/all-car-news.com\/es\/wp-json\/wp\/v2\/tags?post=118940"}],"curies":[{"name":"wp","href":"https:\/\/api.w.org\/{rel}","templated":true}]}}