{"id":118902,"date":"2022-03-20T11:45:08","date_gmt":"2022-03-20T11:45:08","guid":{"rendered":"https:\/\/all-car-news.com\/a-que-hora-comienza-el-gran-premio-de-barein-2022\/"},"modified":"2022-03-20T11:45:08","modified_gmt":"2022-03-20T11:45:08","slug":"a-que-hora-comienza-el-gran-premio-de-barein-2022","status":"publish","type":"post","link":"https:\/\/all-car-news.com\/es\/a-que-hora-comienza-el-gran-premio-de-barein-2022\/","title":{"rendered":"\u00bfA qu\u00e9 hora comienza el Gran Premio de Bar\u00e9in 2022?"},"content":{"rendered":"<h2><strong>GP Bar\u00e9in 2022<\/strong><\/h2>\n<p>Ahora finalmente est\u00e1 comenzando: la nueva <a href=\"https:\/\/autorai.nl\/formule-1-kalender-2022-officieel-bekend\/\" target=\"_blank\" rel=\"noreferrer noopener\">temporada de F\u00f3rmula 1 2022<\/a> comienza hoy en Bahrein. Durante las semanas de pruebas en Barcelona y Bar\u00e9in, ya qued\u00f3 claro que <a href=\"https:\/\/autorai.nl\/autozoeker\/mercedes-benz\/\" target=\"_blank\" rel=\"noreferrer noopener\">Mercedes<\/a> y <a href=\"https:\/\/autorai.nl\/de-rb18-van-max-verstappen-dit-is-m\/\" target=\"_blank\" rel=\"noreferrer noopener\">Red Bull Racing<\/a> volver\u00e1n a estar al frente esta temporada, pero durante la calificaci\u00f3n del s\u00e1bado r\u00e1pidamente se hizo evidente que el establo alem\u00e1n a\u00fan no est\u00e1 donde quiere estar. Lewis Hamilton comienza la carrera desde P5 y George Russell solo se encuentra en el noveno lugar. <a href=\"https:\/\/autorai.nl\/autozoeker\/ferrari\/\" target=\"_blank\" rel=\"noreferrer noopener\">Ferrari<\/a> finalmente parece estar de vuelta en la vanguardia. Charles Leclerc est\u00e1 en la pole position y su compa\u00f1ero de equipo Carlos Sainz ha marcado el tercer mejor tiempo. Max Verstappen sale el domingo durante el inicio de la nueva temporada de F\u00f3rmula 1 desde la segunda posici\u00f3n de salida. Puedes ver la alineaci\u00f3n inicial completa al final de este art\u00edculo.<\/p>\n<h2><strong style=\"color: revert;font-size: revert\">\u00bfA qu\u00e9 hora comienza el Gran Premio de Bar\u00e9in 2022?<\/strong>   <\/h2>\n<p>El Gran Premio de Bar\u00e9in es una carrera vespertina y comienza cuando se pone el sol y se encienden los focos alrededor del circuito en el desierto. El GP de Bar\u00e9in comienza el domingo a las 16:00 hora holandesa. La carrera cubre 57 vueltas al circuito de 5,412 kil\u00f3metros, con un tiempo m\u00e1ximo de carrera de dos horas. Si no pasa nada loco, la carrera dura aproximadamente una hora y media.<\/p>\n<h2 id=\"h-startopstelling-van-de-formule-1-grand-prix-van-bahrein\">Parrilla de salida del GP de Bar\u00e9in 2022<\/h2>\n<\/p>\n<figure class=\"wp-block-table\">\n<table>\n<tbody>\n<tr>\n<td>1<\/td>\n<td>Charles Leclerc<\/td>\n<td>Ferrari<\/td>\n<\/tr>\n<tr>\n<td>2<\/td>\n<td>Max Verstappen<\/td>\n<td>Red Bull<\/td>\n<\/tr>\n<tr>\n<td>3<\/td>\n<td>Carlos Sainz<\/td>\n<td>Ferrari<\/td>\n<\/tr>\n<tr>\n<td>4<\/td>\n<td>Sergio P\u00e9rez<\/td>\n<td>Red Bull<\/td>\n<\/tr>\n<tr>\n<td>5<\/td>\n<td>Lewis<\/td>\n<td>HamiltonMercedes<\/td>\n<\/tr>\n<tr>\n<td>6<\/td>\n<td>Valtteri Bottas<\/td>\n<td>Alfa Romeo<\/td>\n<\/tr>\n<tr>\n<td>7Kevin<\/td>\n<td>Magnussen<\/td>\n<td>Haas<\/td>\n<\/tr>\n<tr>\n<td>8<\/td>\n<td>Fernando Alonso<\/td>\n<td>Alpino<\/td>\n<\/tr>\n<tr>\n<td>9<\/td>\n<td>George Russel<\/td>\n<td>Mercedes<\/td>\n<\/tr>\n<tr>\n<td>10<\/td>\n<td>Pierre Gasly<\/td>\n<td>AlphaTauri<\/td>\n<\/tr>\n<tr>\n<td>11<\/td>\n<td>Esteban Ocon<\/td>\n<td>Alpino<\/td>\n<\/tr>\n<tr>\n<td>12Mick<\/td>\n<td>Schumacher<\/td>\n<td>Haas<\/td>\n<\/tr>\n<tr>\n<td>13<\/td>\n<td>Lando Norris<\/td>\n<td>McLaren<\/td>\n<\/tr>\n<tr>\n<td>14<\/td>\n<td>Alex<\/td>\n<td>AlbonWilliams<\/td>\n<\/tr>\n<tr>\n<td>15<\/td>\n<td>Guanyu Zhou<\/td>\n<td>Alfa Romeo<\/td>\n<\/tr>\n<tr>\n<td>16<\/td>\n<td>Yuki Tsunoda<\/td>\n<td>AlphaTauri<\/td>\n<\/tr>\n<tr>\n<td>17<\/td>\n<td>Nico Hulkenberg<\/td>\n<td>Aston Martin<\/td>\n<\/tr>\n<tr>\n<td>18<\/td>\n<td>Daniel Ricciardo<\/td>\n<td>McLaren<\/td>\n<\/tr>\n<tr>\n<td>19<\/td>\n<td>Paseo Lance<\/td>\n<td>Aston Martin<\/td>\n<\/tr>\n<tr>\n<td>20<\/td>\n<td>Nicol\u00e1s Latifi<\/td>\n<td>Williams<\/td>\n<\/tr>\n<\/tbody>\n<\/table>\n<\/figure>\n<p><a href=\"https:\/\/autorai.nl\/formule-1-gp-bahrein-2022\/\" target=\"_blank\" rel=\"noreferrer noopener\">Aqu\u00ed<\/a> est\u00e1 todo lo que necesita saber sobre el GP de Bahrein y d\u00f3nde ver la F\u00f3rmula 1 gratis en 2022:<\/p>\n<figure class=\"wp-block-embed is-type-wp-embed is-provider-autorai-nl wp-block-embed-autorai-nl\">\n<div class=\"wp-block-embed__wrapper\">\n<blockquote class=\"wp-embedded-content\" data-secret=\"8TgTqe8OkV\"><p><a href=\"https:\/\/autorai.nl\/formule-1-gp-bahrein-2022\/\">F\u00f3rmula 1: GP de Bar\u00e9in 2022<\/a><\/p><\/blockquote>\n<\/div>\n<\/figure>\n<figure class=\"wp-block-embed is-type-wp-embed is-provider-autorai-nl wp-block-embed-autorai-nl\">\n<div class=\"wp-block-embed__wrapper\"><span style=\"font-size: revert;color: initial\"> <\/span><\/div>\n<\/figure>\n","protected":false},"excerpt":{"rendered":"GP Bahrein 2022 Por fin empieza: la nueva temporada de F\u00f3rmula 1 2022 arranca hoy en Bahrein. Durante las semanas&hellip;","protected":false},"author":0,"featured_media":0,"comment_status":"open","ping_status":"open","sticky":false,"template":"","format":"standard","meta":{"footnotes":""},"categories":[126,115],"tags":[],"class_list":["post-118902","post","type-post","status-publish","format-standard","hentry","category-noticias-de-autos","category-sin-categorizar"],"acf":[],"yoast_head":"<!-- This site is optimized with the Yoast SEO plugin v21.2 - https:\/\/yoast.com\/wordpress\/plugins\/seo\/ -->\n<title>\u00bfA qu\u00e9 hora comienza el Gran Premio de Bar\u00e9in 2022? - All cars news<\/title>\n<meta name=\"robots\" content=\"index, follow, max-snippet:-1, max-image-preview:large, max-video-preview:-1\" \/>\n<link rel=\"canonical\" href=\"https:\/\/all-car-news.com\/es\/a-que-hora-comienza-el-gran-premio-de-barein-2022\/\" \/>\n<meta property=\"og:locale\" content=\"es_ES\" \/>\n<meta property=\"og:type\" content=\"article\" \/>\n<meta property=\"og:title\" content=\"\u00bfA qu\u00e9 hora comienza el Gran Premio de Bar\u00e9in 2022? - All cars news\" \/>\n<meta property=\"og:description\" content=\"GP Bahrein 2022 Por fin empieza: la nueva temporada de F\u00f3rmula 1 2022 arranca hoy en Bahrein. Durante las semanas de prueba en Barcelona y Bar\u00e9in, ya qued\u00f3 claro que Mercedes y Red Bull Racing volver\u00e1n a estar al frente esta temporada, pero durante la calificaci\u00f3n del s\u00e1bado pronto qued\u00f3 claro que el establo de carreras alem\u00e1n a\u00fan [\u2026]\" \/>\n<meta property=\"og:url\" content=\"https:\/\/all-car-news.com\/es\/a-que-hora-comienza-el-gran-premio-de-barein-2022\/\" \/>\n<meta property=\"og:site_name\" content=\"All cars news\" \/>\n<meta property=\"article:published_time\" content=\"2022-03-20T11:45:08+00:00\" \/>\n<meta name=\"twitter:card\" content=\"summary_large_image\" \/>\n<meta name=\"twitter:label1\" content=\"Tiempo de lectura\" \/>\n\t<meta name=\"twitter:data1\" content=\"2 minutos\" \/>\n<script type=\"application\/ld+json\" class=\"yoast-schema-graph\">{\"@context\":\"https:\/\/schema.org\",\"@graph\":[{\"@type\":\"Article\",\"@id\":\"https:\/\/all-car-news.com\/es\/a-que-hora-comienza-el-gran-premio-de-barein-2022\/#article\",\"isPartOf\":{\"@id\":\"https:\/\/all-car-news.com\/es\/a-que-hora-comienza-el-gran-premio-de-barein-2022\/\"},\"author\":{\"name\":\"\",\"@id\":\"\"},\"headline\":\"\u00bfA qu\u00e9 hora comienza el Gran Premio de Bar\u00e9in 2022?\",\"datePublished\":\"2022-03-20T11:45:08+00:00\",\"dateModified\":\"2022-03-20T11:45:08+00:00\",\"mainEntityOfPage\":{\"@id\":\"https:\/\/all-car-news.com\/es\/a-que-hora-comienza-el-gran-premio-de-barein-2022\/\"},\"wordCount\":344,\"commentCount\":0,\"publisher\":{\"@id\":\"https:\/\/all-car-news.com\/es\/#organization\"},\"articleSection\":[\"noticias de autos\",\"Sin categorizar\"],\"inLanguage\":\"es\",\"potentialAction\":[{\"@type\":\"CommentAction\",\"name\":\"Comment\",\"target\":[\"https:\/\/all-car-news.com\/es\/a-que-hora-comienza-el-gran-premio-de-barein-2022\/#respond\"]}]},{\"@type\":\"WebPage\",\"@id\":\"https:\/\/all-car-news.com\/es\/a-que-hora-comienza-el-gran-premio-de-barein-2022\/\",\"url\":\"https:\/\/all-car-news.com\/es\/a-que-hora-comienza-el-gran-premio-de-barein-2022\/\",\"name\":\"\u00bfA qu\u00e9 hora comienza el Gran Premio de Bar\u00e9in 2022? - All cars news\",\"isPartOf\":{\"@id\":\"https:\/\/all-car-news.com\/es\/#website\"},\"datePublished\":\"2022-03-20T11:45:08+00:00\",\"dateModified\":\"2022-03-20T11:45:08+00:00\",\"breadcrumb\":{\"@id\":\"https:\/\/all-car-news.com\/es\/a-que-hora-comienza-el-gran-premio-de-barein-2022\/#breadcrumb\"},\"inLanguage\":\"es\",\"potentialAction\":[{\"@type\":\"ReadAction\",\"target\":[\"https:\/\/all-car-news.com\/es\/a-que-hora-comienza-el-gran-premio-de-barein-2022\/\"]}]},{\"@type\":\"BreadcrumbList\",\"@id\":\"https:\/\/all-car-news.com\/es\/a-que-hora-comienza-el-gran-premio-de-barein-2022\/#breadcrumb\",\"itemListElement\":[{\"@type\":\"ListItem\",\"position\":1,\"name\":\"Home\",\"item\":\"https:\/\/all-car-news.com\/es\/\"},{\"@type\":\"ListItem\",\"position\":2,\"name\":\"\u00bfA qu\u00e9 hora comienza el Gran Premio de Bar\u00e9in 2022?\"}]},{\"@type\":\"WebSite\",\"@id\":\"https:\/\/all-car-news.com\/es\/#website\",\"url\":\"https:\/\/all-car-news.com\/es\/\",\"name\":\"All cars news\",\"description\":\"\",\"publisher\":{\"@id\":\"https:\/\/all-car-news.com\/es\/#organization\"},\"potentialAction\":[{\"@type\":\"SearchAction\",\"target\":{\"@type\":\"EntryPoint\",\"urlTemplate\":\"https:\/\/all-car-news.com\/es\/?s={search_term_string}\"},\"query-input\":\"required name=search_term_string\"}],\"inLanguage\":\"es\"},{\"@type\":\"Organization\",\"@id\":\"https:\/\/all-car-news.com\/es\/#organization\",\"name\":\"All cars news\",\"url\":\"https:\/\/all-car-news.com\/es\/\",\"logo\":{\"@type\":\"ImageObject\",\"inLanguage\":\"es\",\"@id\":\"https:\/\/all-car-news.com\/es\/#\/schema\/logo\/image\/\",\"url\":\"https:\/\/all-car-news.com\/wp-content\/uploads\/2022\/02\/CMYK-AllCarNews_LANDSCAPE_300px-1.png\",\"contentUrl\":\"https:\/\/all-car-news.com\/wp-content\/uploads\/2022\/02\/CMYK-AllCarNews_LANDSCAPE_300px-1.png\",\"width\":300,\"height\":100,\"caption\":\"All cars news\"},\"image\":{\"@id\":\"https:\/\/all-car-news.com\/es\/#\/schema\/logo\/image\/\"}}]}<\/script>\n<!-- \/ Yoast SEO plugin. -->","yoast_head_json":{"title":"\u00bfA qu\u00e9 hora comienza el Gran Premio de Bar\u00e9in 2022? - All cars news","robots":{"index":"index","follow":"follow","max-snippet":"max-snippet:-1","max-image-preview":"max-image-preview:large","max-video-preview":"max-video-preview:-1"},"canonical":"https:\/\/all-car-news.com\/es\/a-que-hora-comienza-el-gran-premio-de-barein-2022\/","og_locale":"es_ES","og_type":"article","og_title":"\u00bfA qu\u00e9 hora comienza el Gran Premio de Bar\u00e9in 2022? - All cars news","og_description":"GP Bahrein 2022 Por fin empieza: la nueva temporada de F\u00f3rmula 1 2022 arranca hoy en Bahrein. Durante las semanas de prueba en Barcelona y Bar\u00e9in, ya qued\u00f3 claro que Mercedes y Red Bull Racing volver\u00e1n a estar al frente esta temporada, pero durante la calificaci\u00f3n del s\u00e1bado pronto qued\u00f3 claro que el establo de carreras alem\u00e1n a\u00fan [\u2026]","og_url":"https:\/\/all-car-news.com\/es\/a-que-hora-comienza-el-gran-premio-de-barein-2022\/","og_site_name":"All cars news","article_published_time":"2022-03-20T11:45:08+00:00","twitter_card":"summary_large_image","twitter_misc":{"Tiempo de lectura":"2 minutos"},"schema":{"@context":"https:\/\/schema.org","@graph":[{"@type":"Article","@id":"https:\/\/all-car-news.com\/es\/a-que-hora-comienza-el-gran-premio-de-barein-2022\/#article","isPartOf":{"@id":"https:\/\/all-car-news.com\/es\/a-que-hora-comienza-el-gran-premio-de-barein-2022\/"},"author":{"name":"","@id":""},"headline":"\u00bfA qu\u00e9 hora comienza el Gran Premio de Bar\u00e9in 2022?","datePublished":"2022-03-20T11:45:08+00:00","dateModified":"2022-03-20T11:45:08+00:00","mainEntityOfPage":{"@id":"https:\/\/all-car-news.com\/es\/a-que-hora-comienza-el-gran-premio-de-barein-2022\/"},"wordCount":344,"commentCount":0,"publisher":{"@id":"https:\/\/all-car-news.com\/es\/#organization"},"articleSection":["noticias de autos","Sin categorizar"],"inLanguage":"es","potentialAction":[{"@type":"CommentAction","name":"Comment","target":["https:\/\/all-car-news.com\/es\/a-que-hora-comienza-el-gran-premio-de-barein-2022\/#respond"]}]},{"@type":"WebPage","@id":"https:\/\/all-car-news.com\/es\/a-que-hora-comienza-el-gran-premio-de-barein-2022\/","url":"https:\/\/all-car-news.com\/es\/a-que-hora-comienza-el-gran-premio-de-barein-2022\/","name":"\u00bfA qu\u00e9 hora comienza el Gran Premio de Bar\u00e9in 2022? - All cars news","isPartOf":{"@id":"https:\/\/all-car-news.com\/es\/#website"},"datePublished":"2022-03-20T11:45:08+00:00","dateModified":"2022-03-20T11:45:08+00:00","breadcrumb":{"@id":"https:\/\/all-car-news.com\/es\/a-que-hora-comienza-el-gran-premio-de-barein-2022\/#breadcrumb"},"inLanguage":"es","potentialAction":[{"@type":"ReadAction","target":["https:\/\/all-car-news.com\/es\/a-que-hora-comienza-el-gran-premio-de-barein-2022\/"]}]},{"@type":"BreadcrumbList","@id":"https:\/\/all-car-news.com\/es\/a-que-hora-comienza-el-gran-premio-de-barein-2022\/#breadcrumb","itemListElement":[{"@type":"ListItem","position":1,"name":"Home","item":"https:\/\/all-car-news.com\/es\/"},{"@type":"ListItem","position":2,"name":"\u00bfA qu\u00e9 hora comienza el Gran Premio de Bar\u00e9in 2022?"}]},{"@type":"WebSite","@id":"https:\/\/all-car-news.com\/es\/#website","url":"https:\/\/all-car-news.com\/es\/","name":"All cars news","description":"","publisher":{"@id":"https:\/\/all-car-news.com\/es\/#organization"},"potentialAction":[{"@type":"SearchAction","target":{"@type":"EntryPoint","urlTemplate":"https:\/\/all-car-news.com\/es\/?s={search_term_string}"},"query-input":"required name=search_term_string"}],"inLanguage":"es"},{"@type":"Organization","@id":"https:\/\/all-car-news.com\/es\/#organization","name":"All cars news","url":"https:\/\/all-car-news.com\/es\/","logo":{"@type":"ImageObject","inLanguage":"es","@id":"https:\/\/all-car-news.com\/es\/#\/schema\/logo\/image\/","url":"https:\/\/all-car-news.com\/wp-content\/uploads\/2022\/02\/CMYK-AllCarNews_LANDSCAPE_300px-1.png","contentUrl":"https:\/\/all-car-news.com\/wp-content\/uploads\/2022\/02\/CMYK-AllCarNews_LANDSCAPE_300px-1.png","width":300,"height":100,"caption":"All cars news"},"image":{"@id":"https:\/\/all-car-news.com\/es\/#\/schema\/logo\/image\/"}}]}},"_links":{"self":[{"href":"https:\/\/all-car-news.com\/es\/wp-json\/wp\/v2\/posts\/118902","targetHints":{"allow":["GET"]}}],"collection":[{"href":"https:\/\/all-car-news.com\/es\/wp-json\/wp\/v2\/posts"}],"about":[{"href":"https:\/\/all-car-news.com\/es\/wp-json\/wp\/v2\/types\/post"}],"replies":[{"embeddable":true,"href":"https:\/\/all-car-news.com\/es\/wp-json\/wp\/v2\/comments?post=118902"}],"version-history":[{"count":0,"href":"https:\/\/all-car-news.com\/es\/wp-json\/wp\/v2\/posts\/118902\/revisions"}],"wp:attachment":[{"href":"https:\/\/all-car-news.com\/es\/wp-json\/wp\/v2\/media?parent=118902"}],"wp:term":[{"taxonomy":"category","embeddable":true,"href":"https:\/\/all-car-news.com\/es\/wp-json\/wp\/v2\/categories?post=118902"},{"taxonomy":"post_tag","embeddable":true,"href":"https:\/\/all-car-news.com\/es\/wp-json\/wp\/v2\/tags?post=118902"}],"curies":[{"name":"wp","href":"https:\/\/api.w.org\/{rel}","templated":true}]}}