{"id":117972,"date":"2022-03-08T12:46:40","date_gmt":"2022-03-08T12:46:40","guid":{"rendered":"https:\/\/all-car-news.com\/los-tesla-ya-no-son-bienvenidos-en-los-lavados-de-autos-alemanes\/"},"modified":"2022-03-08T12:46:40","modified_gmt":"2022-03-08T12:46:40","slug":"los-tesla-ya-no-son-bienvenidos-en-los-lavados-de-autos-alemanes","status":"publish","type":"post","link":"https:\/\/all-car-news.com\/es\/los-tesla-ya-no-son-bienvenidos-en-los-lavados-de-autos-alemanes\/","title":{"rendered":"Los Tesla ya no son bienvenidos en los lavados de autos alemanes"},"content":{"rendered":"<\/p>\n<h2><strong>lavado de autos tesla<\/strong><\/h2>\n<p>Varias estaciones de servicio en Oldenburg, Alemania, rechazan Teslas en su lavado de autos. No porque los coches da\u00f1en el equipo de lavado, sino porque los propios veh\u00edculos el\u00e9ctricos se da\u00f1an. Varios clientes descubrieron que despu\u00e9s de una visita al lavado de autos, su Tesla tambi\u00e9n se hab\u00eda vuelto maravillosamente limpio, pero h\u00famedo, por dentro.<\/p>\n<h2>\u00bfQu\u00e9 est\u00e1 yendo mal?<\/h2>\n<p>El problema no est\u00e1 en las grietas y costuras o paneles que no encajan correctamente. Se debe al port\u00f3n trasero y al port\u00f3n trasero, que a veces se abren autom\u00e1ticamente durante el lavado. Los cepillos y pa\u00f1os del lavado de autos podr\u00edan abrirlos accidentalmente, si tocan un sensor determinado, causando da\u00f1os significativos por agua. Los autos el\u00e9ctricos de otras marcas todav\u00eda son bienvenidos en los lavados de autos en Oldenburg, porque no sufren este problema. <\/p>\n<p><em>El texto contin\u00faa debajo de la foto.<\/em><\/p>\n<figure class=\"wp-block-image size-full\"><img decoding=\"async\" loading=\"lazy\" width=\"800\" height=\"499\" src=\"https:\/\/autorai.nl\/wp-content\/uploads\/2019\/03\/Tesla-Model_S_UK-Version-2013.jpg\" alt=\"\" class=\"wp-image-63035\"><\/figure>\n<h2><strong>\u00bfPuede un Tesla pasar por el t\u00fanel de lavado?<\/strong><\/h2>\n<p>Seg\u00fan la revista alemana <a href=\"https:\/\/www.stern.de\/auto\/tesla-verbot--erste-waschanlagen-fuerchten-klagewelle-und-untersagen-einfahrt-31650298.html\" target=\"_blank\" rel=\"noreferrer noopener\">Stern<\/a> , principalmente funciona mal con las versiones anteriores del Model X y Model S. Estos no tienen el llamado &#8216;modo de lavado de autos&#8217;. El Model 3 y el Y han tenido esta funci\u00f3n desde el a\u00f1o pasado, gracias a una actualizaci\u00f3n inal\u00e1mbrica. La funci\u00f3n de lavado de coches cierra todas las ventanillas y el port\u00f3n trasero. Todas las puertas tambi\u00e9n est\u00e1n bloqueadas y los sensores de estacionamiento est\u00e1n desactivados.<\/p>\n<h2>Sin garant\u00eda<\/h2>\n<p>Tesla aconseja a los propietarios que no pasen sus autos por un lavado autom\u00e1tico de autos que use cepillos. Seg\u00fan la marca, es mejor para ellos conducir su autom\u00f3vil a una caja de lavander\u00eda y lavarlo ellos mismos. Si se produce un da\u00f1o en un lavado autom\u00e1tico de autos, esto no est\u00e1 cubierto por la garant\u00eda. <\/p>\n<p><a href=\"https:\/\/autorai.nl\/ontevreden-tesla-eigenaar-blaast-model-s-op-met-30-kilo-dynamiet\/\" target=\"_blank\" rel=\"noreferrer noopener\">Lea tambi\u00e9n: Propietario de Tesla insatisfecho hace estallar Model S con 30 kilos de dinamita<\/a><\/p>\n<figure class=\"wp-block-embed is-type-video is-provider-youtube wp-block-embed-youtube wp-embed-aspect-16-9 wp-has-aspect-ratio\">\n<div class=\"wp-block-embed__wrapper\">\n<\/div>\n<\/figure>\n","protected":false},"excerpt":{"rendered":"Lavado de autos Tesla Varias estaciones de servicio en Oldenburg, Alemania, rechazan los Tesla en su lavado de autos. No&hellip;","protected":false},"author":0,"featured_media":117871,"comment_status":"open","ping_status":"open","sticky":false,"template":"","format":"standard","meta":{"footnotes":""},"categories":[126],"tags":[],"class_list":["post-117972","post","type-post","status-publish","format-standard","has-post-thumbnail","hentry","category-noticias-de-autos"],"acf":[],"yoast_head":"<!-- This site is optimized with the Yoast SEO plugin v21.2 - https:\/\/yoast.com\/wordpress\/plugins\/seo\/ -->\n<title>Los Tesla ya no son bienvenidos en los lavados de autos alemanes - All cars news<\/title>\n<meta name=\"robots\" content=\"index, follow, max-snippet:-1, max-image-preview:large, max-video-preview:-1\" \/>\n<link rel=\"canonical\" href=\"https:\/\/all-car-news.com\/es\/los-tesla-ya-no-son-bienvenidos-en-los-lavados-de-autos-alemanes\/\" \/>\n<meta property=\"og:locale\" content=\"es_ES\" \/>\n<meta property=\"og:type\" content=\"article\" \/>\n<meta property=\"og:title\" content=\"Los Tesla ya no son bienvenidos en los lavados de autos alemanes - All cars news\" \/>\n<meta property=\"og:description\" content=\"Lavado de autos Tesla Varias estaciones de servicio en Oldenburg, Alemania, rechazan los Tesla en su lavado de autos. No porque los coches da\u00f1en el equipo de lavado, sino porque los propios veh\u00edculos el\u00e9ctricos se da\u00f1an. Varios clientes descubrieron que despu\u00e9s de una visita al lavado de autos, su Tesla tambi\u00e9n se hab\u00eda vuelto maravillosamente limpio, pero h\u00famedo, por dentro. Qu\u00e9 [\u2026]\" \/>\n<meta property=\"og:url\" content=\"https:\/\/all-car-news.com\/es\/los-tesla-ya-no-son-bienvenidos-en-los-lavados-de-autos-alemanes\/\" \/>\n<meta property=\"og:site_name\" content=\"All cars news\" \/>\n<meta property=\"article:published_time\" content=\"2022-03-08T12:46:40+00:00\" \/>\n<meta property=\"og:image\" content=\"https:\/\/all-car-news.com\/wp-content\/uploads\/2022\/03\/carwash-wasstraat.jpg\" \/>\n\t<meta property=\"og:image:width\" content=\"1600\" \/>\n\t<meta property=\"og:image:height\" content=\"1200\" \/>\n\t<meta property=\"og:image:type\" content=\"image\/jpeg\" \/>\n<meta name=\"twitter:card\" content=\"summary_large_image\" \/>\n<meta name=\"twitter:label1\" content=\"Tiempo de lectura\" \/>\n\t<meta name=\"twitter:data1\" content=\"2 minutos\" \/>\n<script type=\"application\/ld+json\" class=\"yoast-schema-graph\">{\"@context\":\"https:\/\/schema.org\",\"@graph\":[{\"@type\":\"Article\",\"@id\":\"https:\/\/all-car-news.com\/es\/los-tesla-ya-no-son-bienvenidos-en-los-lavados-de-autos-alemanes\/#article\",\"isPartOf\":{\"@id\":\"https:\/\/all-car-news.com\/es\/los-tesla-ya-no-son-bienvenidos-en-los-lavados-de-autos-alemanes\/\"},\"author\":{\"name\":\"\",\"@id\":\"\"},\"headline\":\"Los Tesla ya no son bienvenidos en los lavados de autos alemanes\",\"datePublished\":\"2022-03-08T12:46:40+00:00\",\"dateModified\":\"2022-03-08T12:46:40+00:00\",\"mainEntityOfPage\":{\"@id\":\"https:\/\/all-car-news.com\/es\/los-tesla-ya-no-son-bienvenidos-en-los-lavados-de-autos-alemanes\/\"},\"wordCount\":348,\"commentCount\":0,\"publisher\":{\"@id\":\"https:\/\/all-car-news.com\/es\/#organization\"},\"articleSection\":[\"noticias de autos\"],\"inLanguage\":\"es\",\"potentialAction\":[{\"@type\":\"CommentAction\",\"name\":\"Comment\",\"target\":[\"https:\/\/all-car-news.com\/es\/los-tesla-ya-no-son-bienvenidos-en-los-lavados-de-autos-alemanes\/#respond\"]}]},{\"@type\":\"WebPage\",\"@id\":\"https:\/\/all-car-news.com\/es\/los-tesla-ya-no-son-bienvenidos-en-los-lavados-de-autos-alemanes\/\",\"url\":\"https:\/\/all-car-news.com\/es\/los-tesla-ya-no-son-bienvenidos-en-los-lavados-de-autos-alemanes\/\",\"name\":\"Los Tesla ya no son bienvenidos en los lavados de autos alemanes - All cars news\",\"isPartOf\":{\"@id\":\"https:\/\/all-car-news.com\/es\/#website\"},\"datePublished\":\"2022-03-08T12:46:40+00:00\",\"dateModified\":\"2022-03-08T12:46:40+00:00\",\"breadcrumb\":{\"@id\":\"https:\/\/all-car-news.com\/es\/los-tesla-ya-no-son-bienvenidos-en-los-lavados-de-autos-alemanes\/#breadcrumb\"},\"inLanguage\":\"es\",\"potentialAction\":[{\"@type\":\"ReadAction\",\"target\":[\"https:\/\/all-car-news.com\/es\/los-tesla-ya-no-son-bienvenidos-en-los-lavados-de-autos-alemanes\/\"]}]},{\"@type\":\"BreadcrumbList\",\"@id\":\"https:\/\/all-car-news.com\/es\/los-tesla-ya-no-son-bienvenidos-en-los-lavados-de-autos-alemanes\/#breadcrumb\",\"itemListElement\":[{\"@type\":\"ListItem\",\"position\":1,\"name\":\"Home\",\"item\":\"https:\/\/all-car-news.com\/es\/\"},{\"@type\":\"ListItem\",\"position\":2,\"name\":\"Los Tesla ya no son bienvenidos en los lavados de autos alemanes\"}]},{\"@type\":\"WebSite\",\"@id\":\"https:\/\/all-car-news.com\/es\/#website\",\"url\":\"https:\/\/all-car-news.com\/es\/\",\"name\":\"All cars news\",\"description\":\"\",\"publisher\":{\"@id\":\"https:\/\/all-car-news.com\/es\/#organization\"},\"potentialAction\":[{\"@type\":\"SearchAction\",\"target\":{\"@type\":\"EntryPoint\",\"urlTemplate\":\"https:\/\/all-car-news.com\/es\/?s={search_term_string}\"},\"query-input\":\"required name=search_term_string\"}],\"inLanguage\":\"es\"},{\"@type\":\"Organization\",\"@id\":\"https:\/\/all-car-news.com\/es\/#organization\",\"name\":\"All cars news\",\"url\":\"https:\/\/all-car-news.com\/es\/\",\"logo\":{\"@type\":\"ImageObject\",\"inLanguage\":\"es\",\"@id\":\"https:\/\/all-car-news.com\/es\/#\/schema\/logo\/image\/\",\"url\":\"https:\/\/all-car-news.com\/wp-content\/uploads\/2022\/02\/CMYK-AllCarNews_LANDSCAPE_300px-1.png\",\"contentUrl\":\"https:\/\/all-car-news.com\/wp-content\/uploads\/2022\/02\/CMYK-AllCarNews_LANDSCAPE_300px-1.png\",\"width\":300,\"height\":100,\"caption\":\"All cars news\"},\"image\":{\"@id\":\"https:\/\/all-car-news.com\/es\/#\/schema\/logo\/image\/\"}}]}<\/script>\n<!-- \/ Yoast SEO plugin. -->","yoast_head_json":{"title":"Los Tesla ya no son bienvenidos en los lavados de autos alemanes - All cars news","robots":{"index":"index","follow":"follow","max-snippet":"max-snippet:-1","max-image-preview":"max-image-preview:large","max-video-preview":"max-video-preview:-1"},"canonical":"https:\/\/all-car-news.com\/es\/los-tesla-ya-no-son-bienvenidos-en-los-lavados-de-autos-alemanes\/","og_locale":"es_ES","og_type":"article","og_title":"Los Tesla ya no son bienvenidos en los lavados de autos alemanes - All cars news","og_description":"Lavado de autos Tesla Varias estaciones de servicio en Oldenburg, Alemania, rechazan los Tesla en su lavado de autos. No porque los coches da\u00f1en el equipo de lavado, sino porque los propios veh\u00edculos el\u00e9ctricos se da\u00f1an. Varios clientes descubrieron que despu\u00e9s de una visita al lavado de autos, su Tesla tambi\u00e9n se hab\u00eda vuelto maravillosamente limpio, pero h\u00famedo, por dentro. Qu\u00e9 [\u2026]","og_url":"https:\/\/all-car-news.com\/es\/los-tesla-ya-no-son-bienvenidos-en-los-lavados-de-autos-alemanes\/","og_site_name":"All cars news","article_published_time":"2022-03-08T12:46:40+00:00","og_image":[{"width":1600,"height":1200,"url":"https:\/\/all-car-news.com\/wp-content\/uploads\/2022\/03\/carwash-wasstraat.jpg","type":"image\/jpeg"}],"twitter_card":"summary_large_image","twitter_misc":{"Tiempo de lectura":"2 minutos"},"schema":{"@context":"https:\/\/schema.org","@graph":[{"@type":"Article","@id":"https:\/\/all-car-news.com\/es\/los-tesla-ya-no-son-bienvenidos-en-los-lavados-de-autos-alemanes\/#article","isPartOf":{"@id":"https:\/\/all-car-news.com\/es\/los-tesla-ya-no-son-bienvenidos-en-los-lavados-de-autos-alemanes\/"},"author":{"name":"","@id":""},"headline":"Los Tesla ya no son bienvenidos en los lavados de autos alemanes","datePublished":"2022-03-08T12:46:40+00:00","dateModified":"2022-03-08T12:46:40+00:00","mainEntityOfPage":{"@id":"https:\/\/all-car-news.com\/es\/los-tesla-ya-no-son-bienvenidos-en-los-lavados-de-autos-alemanes\/"},"wordCount":348,"commentCount":0,"publisher":{"@id":"https:\/\/all-car-news.com\/es\/#organization"},"articleSection":["noticias de autos"],"inLanguage":"es","potentialAction":[{"@type":"CommentAction","name":"Comment","target":["https:\/\/all-car-news.com\/es\/los-tesla-ya-no-son-bienvenidos-en-los-lavados-de-autos-alemanes\/#respond"]}]},{"@type":"WebPage","@id":"https:\/\/all-car-news.com\/es\/los-tesla-ya-no-son-bienvenidos-en-los-lavados-de-autos-alemanes\/","url":"https:\/\/all-car-news.com\/es\/los-tesla-ya-no-son-bienvenidos-en-los-lavados-de-autos-alemanes\/","name":"Los Tesla ya no son bienvenidos en los lavados de autos alemanes - All cars news","isPartOf":{"@id":"https:\/\/all-car-news.com\/es\/#website"},"datePublished":"2022-03-08T12:46:40+00:00","dateModified":"2022-03-08T12:46:40+00:00","breadcrumb":{"@id":"https:\/\/all-car-news.com\/es\/los-tesla-ya-no-son-bienvenidos-en-los-lavados-de-autos-alemanes\/#breadcrumb"},"inLanguage":"es","potentialAction":[{"@type":"ReadAction","target":["https:\/\/all-car-news.com\/es\/los-tesla-ya-no-son-bienvenidos-en-los-lavados-de-autos-alemanes\/"]}]},{"@type":"BreadcrumbList","@id":"https:\/\/all-car-news.com\/es\/los-tesla-ya-no-son-bienvenidos-en-los-lavados-de-autos-alemanes\/#breadcrumb","itemListElement":[{"@type":"ListItem","position":1,"name":"Home","item":"https:\/\/all-car-news.com\/es\/"},{"@type":"ListItem","position":2,"name":"Los Tesla ya no son bienvenidos en los lavados de autos alemanes"}]},{"@type":"WebSite","@id":"https:\/\/all-car-news.com\/es\/#website","url":"https:\/\/all-car-news.com\/es\/","name":"All cars news","description":"","publisher":{"@id":"https:\/\/all-car-news.com\/es\/#organization"},"potentialAction":[{"@type":"SearchAction","target":{"@type":"EntryPoint","urlTemplate":"https:\/\/all-car-news.com\/es\/?s={search_term_string}"},"query-input":"required name=search_term_string"}],"inLanguage":"es"},{"@type":"Organization","@id":"https:\/\/all-car-news.com\/es\/#organization","name":"All cars news","url":"https:\/\/all-car-news.com\/es\/","logo":{"@type":"ImageObject","inLanguage":"es","@id":"https:\/\/all-car-news.com\/es\/#\/schema\/logo\/image\/","url":"https:\/\/all-car-news.com\/wp-content\/uploads\/2022\/02\/CMYK-AllCarNews_LANDSCAPE_300px-1.png","contentUrl":"https:\/\/all-car-news.com\/wp-content\/uploads\/2022\/02\/CMYK-AllCarNews_LANDSCAPE_300px-1.png","width":300,"height":100,"caption":"All cars news"},"image":{"@id":"https:\/\/all-car-news.com\/es\/#\/schema\/logo\/image\/"}}]}},"_links":{"self":[{"href":"https:\/\/all-car-news.com\/es\/wp-json\/wp\/v2\/posts\/117972","targetHints":{"allow":["GET"]}}],"collection":[{"href":"https:\/\/all-car-news.com\/es\/wp-json\/wp\/v2\/posts"}],"about":[{"href":"https:\/\/all-car-news.com\/es\/wp-json\/wp\/v2\/types\/post"}],"replies":[{"embeddable":true,"href":"https:\/\/all-car-news.com\/es\/wp-json\/wp\/v2\/comments?post=117972"}],"version-history":[{"count":0,"href":"https:\/\/all-car-news.com\/es\/wp-json\/wp\/v2\/posts\/117972\/revisions"}],"wp:featuredmedia":[{"embeddable":true,"href":"https:\/\/all-car-news.com\/es\/wp-json\/wp\/v2\/media\/117871"}],"wp:attachment":[{"href":"https:\/\/all-car-news.com\/es\/wp-json\/wp\/v2\/media?parent=117972"}],"wp:term":[{"taxonomy":"category","embeddable":true,"href":"https:\/\/all-car-news.com\/es\/wp-json\/wp\/v2\/categories?post=117972"},{"taxonomy":"post_tag","embeddable":true,"href":"https:\/\/all-car-news.com\/es\/wp-json\/wp\/v2\/tags?post=117972"}],"curies":[{"name":"wp","href":"https:\/\/api.w.org\/{rel}","templated":true}]}}