{"id":117466,"date":"2022-03-04T11:30:48","date_gmt":"2022-03-04T11:30:48","guid":{"rendered":"https:\/\/all-car-news.com\/el-cisne-negro-de-la-india\/"},"modified":"2022-03-04T11:30:48","modified_gmt":"2022-03-04T11:30:48","slug":"el-cisne-negro-de-la-india","status":"publish","type":"post","link":"https:\/\/all-car-news.com\/es\/el-cisne-negro-de-la-india\/","title":{"rendered":"El cisne negro de la India"},"content":{"rendered":"<p>La creaci\u00f3n se llama Indian FTR Black Swan by Workhorse Speed Shop. La compa\u00f1\u00eda, que ha elevado su propia construcci\u00f3n a una forma de arte, present\u00f3 previamente un FTR en estilo y colores de carreras AMA. El Cisne Negro se basa en esto.<\/p>\n<div class=\"galery shuffle galery-24749\">\n<figure>\n\t\t\t<a href=\"https:\/\/motorrai.nl\/wp-content\/uploads\/2022\/03\/Indian-FTR-Black-Swan-15.jpg\" data-fancybox=\"galery-24749\" title=\"\"><br \/>\n\t\t\t\t<img decoding=\"async\" src=\"https:\/\/motorrai.nl\/wp-content\/uploads\/2022\/03\/Indian-FTR-Black-Swan-15-640x480.jpg\" alt=\"\"><i class=\"fa fa-search-plus\" aria-hidden=\"true\"><\/i><br \/>\n\t\t\t<\/a><br \/>\n\t\t<\/figure>\n<figure>\n\t\t\t<a href=\"https:\/\/motorrai.nl\/wp-content\/uploads\/2022\/03\/Indian-FTR-Black-Swan-19.jpg\" data-fancybox=\"galery-24749\" title=\"\"><br \/>\n\t\t\t\t<img decoding=\"async\" src=\"https:\/\/motorrai.nl\/wp-content\/uploads\/2022\/03\/Indian-FTR-Black-Swan-19-360x270.jpg\" alt=\"\"><i class=\"fa fa-search-plus\" aria-hidden=\"true\"><\/i><br \/>\n\t\t\t<\/a><br \/>\n\t\t<\/figure>\n<figure>\n\t\t\t<a href=\"https:\/\/motorrai.nl\/wp-content\/uploads\/2022\/03\/Indian-FTR-Black-Swan-18.jpg\" data-fancybox=\"galery-24749\" title=\"\"><br \/>\n\t\t\t\t<img decoding=\"async\" src=\"https:\/\/motorrai.nl\/wp-content\/uploads\/2022\/03\/Indian-FTR-Black-Swan-18-360x270.jpg\" alt=\"\"><i class=\"fa fa-search-plus\" aria-hidden=\"true\"><\/i><br \/>\n\t\t\t<\/a><br \/>\n\t\t<\/figure>\n<div class=\"clear\"><\/div>\n<\/div>\n<h2>Ver fiesta sobre dos ruedas<\/h2>\n<p>La nueva creaci\u00f3n es principalmente un fest\u00edn visual con componentes de primera clase. De hecho, solo el motor FTR es puramente indio. Las ruedas, el basculante, el tanque, el sill\u00edn y la cabina est\u00e1n dise\u00f1ados y desarrollados por Workhorse en colaboraci\u00f3n con algunos socios.<\/p>\n<h2>Superbikes como inspiraci\u00f3n<\/h2>\n<p>Para el dise\u00f1o, los creadores se inspiraron en las superbikes de la d\u00e9cada de 1990 y en las carreras de GP. El escape Akrapovi\u010d se ha desarrollado especialmente para esta motocicleta. El tanque, el asiento y la cabina est\u00e1n dise\u00f1ados utilizando tecnolog\u00eda de dise\u00f1o asistido por computadora. Vinco Racing Engineering se caracteriza por los componentes de aluminio fresado. Tambi\u00e9n ver\u00e1 muchas piezas de carbono sin pintar, todas dise\u00f1adas espec\u00edficamente para la motocicleta. Seg\u00fan los fabricantes, el carenado y los paneles juntos no pesan m\u00e1s de 1,8 kg.<\/p>\n<div class=\"galery shuffle galery-24749\">\n<figure>\n\t\t\t<a href=\"https:\/\/motorrai.nl\/wp-content\/uploads\/2022\/03\/Indian-FTR-Black-Swan-14.jpg\" data-fancybox=\"galery-24749\" title=\"\"><br \/>\n\t\t\t\t<img decoding=\"async\" src=\"https:\/\/motorrai.nl\/wp-content\/uploads\/2022\/03\/Indian-FTR-Black-Swan-14-640x480.jpg\" alt=\"\"><i class=\"fa fa-search-plus\" aria-hidden=\"true\"><\/i><br \/>\n\t\t\t<\/a><br \/>\n\t\t<\/figure>\n<figure>\n\t\t\t<a href=\"https:\/\/motorrai.nl\/wp-content\/uploads\/2022\/03\/Indian-FTR-Black-Swan-3.jpg\" data-fancybox=\"galery-24749\" title=\"\"><br \/>\n\t\t\t\t<img decoding=\"async\" src=\"https:\/\/motorrai.nl\/wp-content\/uploads\/2022\/03\/Indian-FTR-Black-Swan-3-360x270.jpg\" alt=\"\"><i class=\"fa fa-search-plus\" aria-hidden=\"true\"><\/i><br \/>\n\t\t\t<\/a><br \/>\n\t\t<\/figure>\n<figure>\n\t\t\t<a href=\"https:\/\/motorrai.nl\/wp-content\/uploads\/2022\/03\/Indian-FTR-Black-Swan-2.jpg\" data-fancybox=\"galery-24749\" title=\"\"><br \/>\n\t\t\t\t<img decoding=\"async\" src=\"https:\/\/motorrai.nl\/wp-content\/uploads\/2022\/03\/Indian-FTR-Black-Swan-2-360x270.jpg\" alt=\"\"><i class=\"fa fa-search-plus\" aria-hidden=\"true\"><\/i><br \/>\n\t\t\t<\/a><br \/>\n\t\t<\/figure>\n<div class=\"clear\"><\/div>\n<\/div>\n<h2>Faros detr\u00e1s de los paneles<\/h2>\n<p>F\u00edjate tambi\u00e9n en el extraordinario faro, que una vez apagado se oculta detr\u00e1s de unos paneles que se abren y cierran como p\u00e1rpados mediante motores el\u00e9ctricos. Adem\u00e1s, el basculante es exclusivo del Cisne Negro. Es extra largo como un gui\u00f1o a un corredor de carreras y est\u00e1 hecho de aluminio. El amortiguador trasero \u00d6hlins con piggyback tambi\u00e9n est\u00e1 dise\u00f1ado espec\u00edficamente para este Indian. Tambi\u00e9n lo son los frenos de Beringer y las ruedas de carbono de Rotobox.<\/p>\n<div class=\"galery shuffle galery-24749\">\n<figure>\n\t\t\t<a href=\"https:\/\/motorrai.nl\/wp-content\/uploads\/2022\/03\/Indian-FTR-Black-Swan-16.jpg\" data-fancybox=\"galery-24749\" title=\"\"><br \/>\n\t\t\t\t<img decoding=\"async\" src=\"https:\/\/motorrai.nl\/wp-content\/uploads\/2022\/03\/Indian-FTR-Black-Swan-16-640x480.jpg\" alt=\"\"><i class=\"fa fa-search-plus\" aria-hidden=\"true\"><\/i><br \/>\n\t\t\t<\/a><br \/>\n\t\t<\/figure>\n<figure>\n\t\t\t<a href=\"https:\/\/motorrai.nl\/wp-content\/uploads\/2022\/03\/Indian-FTR-Black-Swan-1.jpg\" data-fancybox=\"galery-24749\" title=\"\"><br \/>\n\t\t\t\t<img decoding=\"async\" src=\"https:\/\/motorrai.nl\/wp-content\/uploads\/2022\/03\/Indian-FTR-Black-Swan-1-360x270.jpg\" alt=\"\"><i class=\"fa fa-search-plus\" aria-hidden=\"true\"><\/i><br \/>\n\t\t\t<\/a><br \/>\n\t\t<\/figure>\n<figure>\n\t\t\t<a href=\"https:\/\/motorrai.nl\/wp-content\/uploads\/2022\/03\/Indian-FTR-Black-Swan-17.jpg\" data-fancybox=\"galery-24749\" title=\"\"><br \/>\n\t\t\t\t<img decoding=\"async\" src=\"https:\/\/motorrai.nl\/wp-content\/uploads\/2022\/03\/Indian-FTR-Black-Swan-17-360x270.jpg\" alt=\"\"><i class=\"fa fa-search-plus\" aria-hidden=\"true\"><\/i><br \/>\n\t\t\t<\/a><br \/>\n\t\t<\/figure>\n<div class=\"clear\"><\/div>\n<\/div>\n<h2>Alcantara en cabina<\/h2>\n<p>Los toques finales incluyen el asiento Machine Seats y la cabina en Alcantara, inspirados en el tablero de un s\u00faper deportivo. \u00bfCuanto cuesta? Los fabricantes (todav\u00eda) no indican un precio, pero la creaci\u00f3n despierta el deseo y, si se presentan suficientes compradores, Workhorse seguramente crear\u00e1 copias para los clientes.<\/p>\n<p>&nbsp;<\/p>\n","protected":false},"excerpt":{"rendered":"La creaci\u00f3n se llama Indian FTR Black Swan de Workhorse Speed Shop. La compa\u00f1\u00eda, que ha elevado su propia construcci\u00f3n&hellip;","protected":false},"author":0,"featured_media":117325,"comment_status":"open","ping_status":"open","sticky":false,"template":"","format":"standard","meta":{"footnotes":""},"categories":[126],"tags":[],"class_list":["post-117466","post","type-post","status-publish","format-standard","has-post-thumbnail","hentry","category-noticias-de-autos"],"acf":[],"yoast_head":"<!-- This site is optimized with the Yoast SEO plugin v21.2 - https:\/\/yoast.com\/wordpress\/plugins\/seo\/ -->\n<title>El cisne negro de la India - All cars news<\/title>\n<meta name=\"robots\" content=\"index, follow, max-snippet:-1, max-image-preview:large, max-video-preview:-1\" \/>\n<link rel=\"canonical\" href=\"https:\/\/all-car-news.com\/es\/el-cisne-negro-de-la-india\/\" \/>\n<meta property=\"og:locale\" content=\"es_ES\" \/>\n<meta property=\"og:type\" content=\"article\" \/>\n<meta property=\"og:title\" content=\"El cisne negro de la India - All cars news\" \/>\n<meta property=\"og:description\" content=\"La creaci\u00f3n se llama Indian FTR Black Swan de Workhorse Speed Shop. La compa\u00f1\u00eda, que ha elevado su propia construcci\u00f3n a una forma de arte, present\u00f3 previamente un FTR en estilo y colores de carreras AMA. El Cisne Negro se basa en esto. Fiesta de visionado sobre dos ruedas La nueva creaci\u00f3n es principalmente una fiesta de visionado con componentes de primera clase. Realmente [\u2026]\" \/>\n<meta property=\"og:url\" content=\"https:\/\/all-car-news.com\/es\/el-cisne-negro-de-la-india\/\" \/>\n<meta property=\"og:site_name\" content=\"All cars news\" \/>\n<meta property=\"article:published_time\" content=\"2022-03-04T11:30:48+00:00\" \/>\n<meta property=\"og:image\" content=\"https:\/\/all-car-news.com\/wp-content\/uploads\/2022\/03\/Indian-FTR-Black-Swan-19.jpg\" \/>\n\t<meta property=\"og:image:width\" content=\"1280\" \/>\n\t<meta property=\"og:image:height\" content=\"720\" \/>\n\t<meta property=\"og:image:type\" content=\"image\/jpeg\" \/>\n<meta name=\"twitter:card\" content=\"summary_large_image\" \/>\n<meta name=\"twitter:label1\" content=\"Tiempo de lectura\" \/>\n\t<meta name=\"twitter:data1\" content=\"2 minutos\" \/>\n<script type=\"application\/ld+json\" class=\"yoast-schema-graph\">{\"@context\":\"https:\/\/schema.org\",\"@graph\":[{\"@type\":\"Article\",\"@id\":\"https:\/\/all-car-news.com\/es\/el-cisne-negro-de-la-india\/#article\",\"isPartOf\":{\"@id\":\"https:\/\/all-car-news.com\/es\/el-cisne-negro-de-la-india\/\"},\"author\":{\"name\":\"\",\"@id\":\"\"},\"headline\":\"El cisne negro de la India\",\"datePublished\":\"2022-03-04T11:30:48+00:00\",\"dateModified\":\"2022-03-04T11:30:48+00:00\",\"mainEntityOfPage\":{\"@id\":\"https:\/\/all-car-news.com\/es\/el-cisne-negro-de-la-india\/\"},\"wordCount\":357,\"commentCount\":0,\"publisher\":{\"@id\":\"https:\/\/all-car-news.com\/es\/#organization\"},\"articleSection\":[\"noticias de autos\"],\"inLanguage\":\"es\",\"potentialAction\":[{\"@type\":\"CommentAction\",\"name\":\"Comment\",\"target\":[\"https:\/\/all-car-news.com\/es\/el-cisne-negro-de-la-india\/#respond\"]}]},{\"@type\":\"WebPage\",\"@id\":\"https:\/\/all-car-news.com\/es\/el-cisne-negro-de-la-india\/\",\"url\":\"https:\/\/all-car-news.com\/es\/el-cisne-negro-de-la-india\/\",\"name\":\"El cisne negro de la India - All cars news\",\"isPartOf\":{\"@id\":\"https:\/\/all-car-news.com\/es\/#website\"},\"datePublished\":\"2022-03-04T11:30:48+00:00\",\"dateModified\":\"2022-03-04T11:30:48+00:00\",\"breadcrumb\":{\"@id\":\"https:\/\/all-car-news.com\/es\/el-cisne-negro-de-la-india\/#breadcrumb\"},\"inLanguage\":\"es\",\"potentialAction\":[{\"@type\":\"ReadAction\",\"target\":[\"https:\/\/all-car-news.com\/es\/el-cisne-negro-de-la-india\/\"]}]},{\"@type\":\"BreadcrumbList\",\"@id\":\"https:\/\/all-car-news.com\/es\/el-cisne-negro-de-la-india\/#breadcrumb\",\"itemListElement\":[{\"@type\":\"ListItem\",\"position\":1,\"name\":\"Home\",\"item\":\"https:\/\/all-car-news.com\/es\/\"},{\"@type\":\"ListItem\",\"position\":2,\"name\":\"El cisne negro de la India\"}]},{\"@type\":\"WebSite\",\"@id\":\"https:\/\/all-car-news.com\/es\/#website\",\"url\":\"https:\/\/all-car-news.com\/es\/\",\"name\":\"All cars news\",\"description\":\"\",\"publisher\":{\"@id\":\"https:\/\/all-car-news.com\/es\/#organization\"},\"potentialAction\":[{\"@type\":\"SearchAction\",\"target\":{\"@type\":\"EntryPoint\",\"urlTemplate\":\"https:\/\/all-car-news.com\/es\/?s={search_term_string}\"},\"query-input\":\"required name=search_term_string\"}],\"inLanguage\":\"es\"},{\"@type\":\"Organization\",\"@id\":\"https:\/\/all-car-news.com\/es\/#organization\",\"name\":\"All cars news\",\"url\":\"https:\/\/all-car-news.com\/es\/\",\"logo\":{\"@type\":\"ImageObject\",\"inLanguage\":\"es\",\"@id\":\"https:\/\/all-car-news.com\/es\/#\/schema\/logo\/image\/\",\"url\":\"https:\/\/all-car-news.com\/wp-content\/uploads\/2022\/02\/CMYK-AllCarNews_LANDSCAPE_300px-1.png\",\"contentUrl\":\"https:\/\/all-car-news.com\/wp-content\/uploads\/2022\/02\/CMYK-AllCarNews_LANDSCAPE_300px-1.png\",\"width\":300,\"height\":100,\"caption\":\"All cars news\"},\"image\":{\"@id\":\"https:\/\/all-car-news.com\/es\/#\/schema\/logo\/image\/\"}}]}<\/script>\n<!-- \/ Yoast SEO plugin. -->","yoast_head_json":{"title":"El cisne negro de la India - All cars news","robots":{"index":"index","follow":"follow","max-snippet":"max-snippet:-1","max-image-preview":"max-image-preview:large","max-video-preview":"max-video-preview:-1"},"canonical":"https:\/\/all-car-news.com\/es\/el-cisne-negro-de-la-india\/","og_locale":"es_ES","og_type":"article","og_title":"El cisne negro de la India - All cars news","og_description":"La creaci\u00f3n se llama Indian FTR Black Swan de Workhorse Speed Shop. La compa\u00f1\u00eda, que ha elevado su propia construcci\u00f3n a una forma de arte, present\u00f3 previamente un FTR en estilo y colores de carreras AMA. El Cisne Negro se basa en esto. Fiesta de visionado sobre dos ruedas La nueva creaci\u00f3n es principalmente una fiesta de visionado con componentes de primera clase. Realmente [\u2026]","og_url":"https:\/\/all-car-news.com\/es\/el-cisne-negro-de-la-india\/","og_site_name":"All cars news","article_published_time":"2022-03-04T11:30:48+00:00","og_image":[{"width":1280,"height":720,"url":"https:\/\/all-car-news.com\/wp-content\/uploads\/2022\/03\/Indian-FTR-Black-Swan-19.jpg","type":"image\/jpeg"}],"twitter_card":"summary_large_image","twitter_misc":{"Tiempo de lectura":"2 minutos"},"schema":{"@context":"https:\/\/schema.org","@graph":[{"@type":"Article","@id":"https:\/\/all-car-news.com\/es\/el-cisne-negro-de-la-india\/#article","isPartOf":{"@id":"https:\/\/all-car-news.com\/es\/el-cisne-negro-de-la-india\/"},"author":{"name":"","@id":""},"headline":"El cisne negro de la India","datePublished":"2022-03-04T11:30:48+00:00","dateModified":"2022-03-04T11:30:48+00:00","mainEntityOfPage":{"@id":"https:\/\/all-car-news.com\/es\/el-cisne-negro-de-la-india\/"},"wordCount":357,"commentCount":0,"publisher":{"@id":"https:\/\/all-car-news.com\/es\/#organization"},"articleSection":["noticias de autos"],"inLanguage":"es","potentialAction":[{"@type":"CommentAction","name":"Comment","target":["https:\/\/all-car-news.com\/es\/el-cisne-negro-de-la-india\/#respond"]}]},{"@type":"WebPage","@id":"https:\/\/all-car-news.com\/es\/el-cisne-negro-de-la-india\/","url":"https:\/\/all-car-news.com\/es\/el-cisne-negro-de-la-india\/","name":"El cisne negro de la India - All cars news","isPartOf":{"@id":"https:\/\/all-car-news.com\/es\/#website"},"datePublished":"2022-03-04T11:30:48+00:00","dateModified":"2022-03-04T11:30:48+00:00","breadcrumb":{"@id":"https:\/\/all-car-news.com\/es\/el-cisne-negro-de-la-india\/#breadcrumb"},"inLanguage":"es","potentialAction":[{"@type":"ReadAction","target":["https:\/\/all-car-news.com\/es\/el-cisne-negro-de-la-india\/"]}]},{"@type":"BreadcrumbList","@id":"https:\/\/all-car-news.com\/es\/el-cisne-negro-de-la-india\/#breadcrumb","itemListElement":[{"@type":"ListItem","position":1,"name":"Home","item":"https:\/\/all-car-news.com\/es\/"},{"@type":"ListItem","position":2,"name":"El cisne negro de la India"}]},{"@type":"WebSite","@id":"https:\/\/all-car-news.com\/es\/#website","url":"https:\/\/all-car-news.com\/es\/","name":"All cars news","description":"","publisher":{"@id":"https:\/\/all-car-news.com\/es\/#organization"},"potentialAction":[{"@type":"SearchAction","target":{"@type":"EntryPoint","urlTemplate":"https:\/\/all-car-news.com\/es\/?s={search_term_string}"},"query-input":"required name=search_term_string"}],"inLanguage":"es"},{"@type":"Organization","@id":"https:\/\/all-car-news.com\/es\/#organization","name":"All cars news","url":"https:\/\/all-car-news.com\/es\/","logo":{"@type":"ImageObject","inLanguage":"es","@id":"https:\/\/all-car-news.com\/es\/#\/schema\/logo\/image\/","url":"https:\/\/all-car-news.com\/wp-content\/uploads\/2022\/02\/CMYK-AllCarNews_LANDSCAPE_300px-1.png","contentUrl":"https:\/\/all-car-news.com\/wp-content\/uploads\/2022\/02\/CMYK-AllCarNews_LANDSCAPE_300px-1.png","width":300,"height":100,"caption":"All cars news"},"image":{"@id":"https:\/\/all-car-news.com\/es\/#\/schema\/logo\/image\/"}}]}},"_links":{"self":[{"href":"https:\/\/all-car-news.com\/es\/wp-json\/wp\/v2\/posts\/117466","targetHints":{"allow":["GET"]}}],"collection":[{"href":"https:\/\/all-car-news.com\/es\/wp-json\/wp\/v2\/posts"}],"about":[{"href":"https:\/\/all-car-news.com\/es\/wp-json\/wp\/v2\/types\/post"}],"replies":[{"embeddable":true,"href":"https:\/\/all-car-news.com\/es\/wp-json\/wp\/v2\/comments?post=117466"}],"version-history":[{"count":0,"href":"https:\/\/all-car-news.com\/es\/wp-json\/wp\/v2\/posts\/117466\/revisions"}],"wp:featuredmedia":[{"embeddable":true,"href":"https:\/\/all-car-news.com\/es\/wp-json\/wp\/v2\/media\/117325"}],"wp:attachment":[{"href":"https:\/\/all-car-news.com\/es\/wp-json\/wp\/v2\/media?parent=117466"}],"wp:term":[{"taxonomy":"category","embeddable":true,"href":"https:\/\/all-car-news.com\/es\/wp-json\/wp\/v2\/categories?post=117466"},{"taxonomy":"post_tag","embeddable":true,"href":"https:\/\/all-car-news.com\/es\/wp-json\/wp\/v2\/tags?post=117466"}],"curies":[{"name":"wp","href":"https:\/\/api.w.org\/{rel}","templated":true}]}}