{"id":116270,"date":"2022-02-18T13:03:45","date_gmt":"2022-02-18T13:03:45","guid":{"rendered":"https:\/\/all-car-news.com\/se-filtran-fotos-y-videos-del-modelo-de-preproduccion-tesla-cybertruck\/"},"modified":"2022-02-18T13:03:45","modified_gmt":"2022-02-18T13:03:45","slug":"se-filtran-fotos-y-videos-del-modelo-de-preproduccion-tesla-cybertruck","status":"publish","type":"post","link":"https:\/\/all-car-news.com\/es\/se-filtran-fotos-y-videos-del-modelo-de-preproduccion-tesla-cybertruck\/","title":{"rendered":"Se filtran fotos y videos del modelo de preproducci\u00f3n Tesla Cybertruck"},"content":{"rendered":"<h2>\u00bfCu\u00e1ndo llegar\u00e1 el Tesla Cybertruck?<\/h2>\n<p>Tesla contin\u00faa retrasando la producci\u00f3n del Cybertruck. A fines de 2021, las primeras copias tuvieron que salir de la l\u00ednea en la nueva f\u00e1brica de Tesla en Austin, Texas. Sin embargo, en agosto de 2021, la producci\u00f3n se pospuso para 2022, pero ahora parece que la producci\u00f3n solo comenzar\u00e1 en el primer trimestre de 2023.<\/p>\n<p>Si la producci\u00f3n realmente comienza en 2023, eso no significa que todos recibir\u00e1n su Cybertruck ese a\u00f1o. M\u00e1s de un mill\u00f3n de interesados ya han transferido 100 d\u00f3lares a Tesla, para entrar en la cola del Cybertruck. Si est\u00e1 al final de la lista, probablemente no sea su turno hasta 2025 o m\u00e1s tarde.<\/p>\n<p><img decoding=\"async\" onerror=\"this.src='https:\/\/autorai.nl\/wp-content\/uploads\/2018\/08\/Image-not-available.jpg'\" loading=\"lazy\" width=\"1140\" height=\"570\" class=\"alignnone size-content wp-image-82076\" src=\"https:\/\/autorai.nl\/wp-content\/uploads\/2019\/12\/Tesla-Cybertruck-1140x570.jpg\" alt=\"\" srcset=\"https:\/\/autorai.nl\/wp-content\/uploads\/2019\/12\/Tesla-Cybertruck-1140x570.jpg 1140w, https:\/\/autorai.nl\/wp-content\/uploads\/2019\/12\/Tesla-Cybertruck.jpg 1240w\" sizes=\"auto, (max-width: 1140px) 100vw, 1140px\"><\/p>\n<h2>Club de propietarios de camiones cibern\u00e9ticos<\/h2>\n<p>A pesar de que casi tres a\u00f1os despu\u00e9s de su presentaci\u00f3n, nadie puede llamarse orgulloso propietario de Cybertruck, ya existe un verdadero <a href=\"https:\/\/www.cybertruckownersclub.com\/forum\/threads\/cybertruck-photos-leaked-%F0%9F%93%B8.4660\/\" target=\"_blank\" rel=\"noopener\">Club de propietarios de Cybertruck<\/a> en Estados Unidos. A los estadounidenses les gusta llegar temprano. Se han publicado fotos de un modelo de preproducci\u00f3n en el foro de Internet del club. Las fotos probablemente fueron tomadas en la f\u00e1brica de Tesla en Austin.<\/p>\n<p><em>El texto contin\u00faa debajo de la foto.<\/em><\/p>\n<p><img decoding=\"async\" onerror=\"this.src='https:\/\/autorai.nl\/wp-content\/uploads\/2018\/08\/Image-not-available.jpg'\" loading=\"lazy\" width=\"1140\" height=\"641\" class=\"alignnone size-content wp-image-115625\" src=\"https:\/\/autorai.nl\/wp-content\/uploads\/2022\/01\/Cybertruck1-1140x641.jpg\" alt=\"\" srcset=\"https:\/\/autorai.nl\/wp-content\/uploads\/2022\/01\/Cybertruck1-1140x641.jpg 1140w, https:\/\/autorai.nl\/wp-content\/uploads\/2022\/01\/Cybertruck1-1536x864.jpg 1536w, https:\/\/autorai.nl\/wp-content\/uploads\/2022\/01\/Cybertruck1.jpg 1600w\" sizes=\"auto, (max-width: 1140px) 100vw, 1140px\"><\/p>\n<h2>\u00bfHermanito?<\/h2>\n<p>Lo primero que notas en las fotos es su tama\u00f1o: parece haberse encogido un poco. El modelo conceptual era un mamut sobre ruedas, pero en la foto de arriba, que muestra a los empleados de Tesla de pie junto al autom\u00f3vil, parece significativamente m\u00e1s peque\u00f1o. Buenas noticias para los europeos, porque eso podr\u00eda significar que puede salir a la carretera de esta forma de inmediato. Es notable, Musk indic\u00f3 en 2021 que Tesla no cambiar\u00eda el tama\u00f1o de la camioneta. Musk insinu\u00f3 en un tuit que alg\u00fan d\u00eda vendr\u00eda una <a href=\"https:\/\/zerauto.nl\/tesla-cybertruck-komt-toch-naar-europa\/\" target=\"_blank\" rel=\"noopener\">versi\u00f3n europea<\/a> m\u00e1s peque\u00f1a. \u00bfEstamos viendo eso ahora? Tambi\u00e9n se ha publicado un v\u00eddeo en Twitter en el que alguien pasea por el Cybertruck.<\/p>\n<p><em>Haga clic en el tweet si el video no comienza <\/em><\/p>\n<blockquote class=\"twitter-tweet\" data-width=\"500\" data-dnt=\"true\">\n<p lang=\"en\" dir=\"ltr\">Un grupo de Facebook public\u00f3 este video de <a href=\"https:\/\/twitter.com\/hashtag\/Cybertruck?src=hash&amp;ref_src=twsrc%5Etfw\">#Cybertruck<\/a> <a href=\"https:\/\/t.co\/m5kh9LzT8E\">pic.twitter.com\/m5kh9LzT8E<\/a><\/p>\n<p>\u2013 TheTeslaLife (@TheTeslaLife) <a href=\"https:\/\/twitter.com\/TheTeslaLife\/status\/1485616538988302336?ref_src=twsrc%5Etfw\">24 de enero de 2022<\/a><\/p>\n<\/blockquote>\n<p><script async=\"\" src=\"https:\/\/platform.twitter.com\/widgets.js\" charset=\"utf-8\"><\/script><\/p>\n<h2>Enmiendas<\/h2>\n<p>Otras cosas llamativas son las nuevas llantas y un gran paragolpes delantero. Los tiradores de las puertas destacan por su ausencia. Los espejos laterales y un limpiaparabrisas gigante, que se asienta verticalmente contra el pilar A, ahora est\u00e1n presentes. Las c\u00e1maras para el sistema de piloto autom\u00e1tico est\u00e1n incorporadas en los guardabarros.<\/p>\n<p><em>El texto contin\u00faa debajo de la foto.<\/em><\/p>\n<div class=\"galery galery-0\">\n<figure>\n\t\t\t\t\t<span style=\"cursor: pointer\" data-src=\"https:\/\/autorai.nl\/wp-content\/uploads\/2022\/01\/FJ1sJ0PXMAM2XgE.jpg\" data-fancybox=\"galery-0\" title=\"\" itemscope=\"\" itemtype=\"https:\/\/schema.org\/ImageObject\"><br \/>\n\t\t\t\t\t\t\t<meta name=\"caption\" content=\"\"><img decoding=\"async\" width=\"360\" height=\"270\" src=\"https:\/\/autorai.nl\/wp-content\/uploads\/2022\/01\/FJ1sJ0PXMAM2XgE-360x270.jpg\" class=\"attachment-small size-small\" alt=\"\" loading=\"lazy\" itemprop=\"image\" srcset=\"https:\/\/autorai.nl\/wp-content\/uploads\/2022\/01\/FJ1sJ0PXMAM2XgE-360x270.jpg 360w, https:\/\/autorai.nl\/wp-content\/uploads\/2022\/01\/FJ1sJ0PXMAM2XgE-640x480.jpg 640w, https:\/\/autorai.nl\/wp-content\/uploads\/2022\/01\/FJ1sJ0PXMAM2XgE-1280x960.jpg 1280w, https:\/\/autorai.nl\/wp-content\/uploads\/2022\/01\/FJ1sJ0PXMAM2XgE-240x180.jpg 240w, https:\/\/autorai.nl\/wp-content\/uploads\/2022\/01\/FJ1sJ0PXMAM2XgE-960x720.jpg 960w, https:\/\/autorai.nl\/wp-content\/uploads\/2022\/01\/FJ1sJ0PXMAM2XgE-1536x1152.jpg 1536w, https:\/\/autorai.nl\/wp-content\/uploads\/2022\/01\/FJ1sJ0PXMAM2XgE-1140x855.jpg 1140w, https:\/\/autorai.nl\/wp-content\/uploads\/2022\/01\/FJ1sJ0PXMAM2XgE.jpg 1600w\" sizes=\"auto, (max-width: 360px) 100vw, 360px\"><i class=\"fa fa-search-plus\" aria-hidden=\"true\"><\/i><br \/>\n\t\t\t\t\t\t<\/span><br \/>\n\t\t\t\t\t<\/figure>\n<figure>\n\t\t\t\t\t<span style=\"cursor: pointer\" data-src=\"https:\/\/autorai.nl\/wp-content\/uploads\/2022\/01\/FJ17vIZUcAMnXR3.jpg\" data-fancybox=\"galery-0\" title=\"\" itemscope=\"\" itemtype=\"https:\/\/schema.org\/ImageObject\"><br \/>\n\t\t\t\t\t\t\t<meta name=\"caption\" content=\"\"><img decoding=\"async\" width=\"360\" height=\"270\" src=\"https:\/\/autorai.nl\/wp-content\/uploads\/2022\/01\/FJ17vIZUcAMnXR3-360x270.jpg\" class=\"attachment-small size-small\" alt=\"\" loading=\"lazy\" itemprop=\"image\" srcset=\"https:\/\/autorai.nl\/wp-content\/uploads\/2022\/01\/FJ17vIZUcAMnXR3-360x270.jpg 360w, https:\/\/autorai.nl\/wp-content\/uploads\/2022\/01\/FJ17vIZUcAMnXR3-640x480.jpg 640w, https:\/\/autorai.nl\/wp-content\/uploads\/2022\/01\/FJ17vIZUcAMnXR3-1280x960.jpg 1280w, https:\/\/autorai.nl\/wp-content\/uploads\/2022\/01\/FJ17vIZUcAMnXR3-240x180.jpg 240w, https:\/\/autorai.nl\/wp-content\/uploads\/2022\/01\/FJ17vIZUcAMnXR3-960x720.jpg 960w, https:\/\/autorai.nl\/wp-content\/uploads\/2022\/01\/FJ17vIZUcAMnXR3-1536x1152.jpg 1536w, https:\/\/autorai.nl\/wp-content\/uploads\/2022\/01\/FJ17vIZUcAMnXR3-1140x855.jpg 1140w, https:\/\/autorai.nl\/wp-content\/uploads\/2022\/01\/FJ17vIZUcAMnXR3.jpg 1600w\" sizes=\"auto, (max-width: 360px) 100vw, 360px\"><i class=\"fa fa-search-plus\" aria-hidden=\"true\"><\/i><br \/>\n\t\t\t\t\t\t<\/span><br \/>\n\t\t\t\t\t<\/figure>\n<div class=\"clear\"><\/div>\n<\/div>\n<p>Hace un mes, el modelo de preproducci\u00f3n fue descubierto por un dron en la propia pista de pruebas de Tesla. Puede ver las im\u00e1genes del Cybertruck en acci\u00f3n a continuaci\u00f3n:<\/p>\n<p><iframe loading=\"lazy\" title=\"'Upated Look' Cybertruck Spotted On Tesla Test Track\" width=\"500\" height=\"281\" src=\"https:\/\/www.youtube.com\/embed\/o3JPQGjMDL0?feature=oembed\" frameborder=\"0\" allow=\"accelerometer; autoplay; clipboard-write; encrypted-media; gyroscope; picture-in-picture\" allowfullscreen=\"\"><\/iframe><\/p>\n<p>Fotos: <a href=\"https:\/\/www.cybertruckownersclub.com\/forum\/threads\/cybertruck-photos-leaked-%F0%9F%93%B8.4660\/\" target=\"_blank\" rel=\"noopener\">Foro del club de propietarios de Cybertruck<\/a><\/p>\n","protected":false},"excerpt":{"rendered":"\u00bfCu\u00e1ndo llegar\u00e1 el Tesla Cybertruck? Tesla contin\u00faa retrasando la producci\u00f3n del Cybertruck. A fines de 2021, las primeras copias tuvieron&hellip;","protected":false},"author":0,"featured_media":116111,"comment_status":"open","ping_status":"open","sticky":false,"template":"","format":"standard","meta":{"footnotes":""},"categories":[126],"tags":[],"class_list":["post-116270","post","type-post","status-publish","format-standard","has-post-thumbnail","hentry","category-noticias-de-autos"],"acf":[],"yoast_head":"<!-- This site is optimized with the Yoast SEO plugin v21.2 - https:\/\/yoast.com\/wordpress\/plugins\/seo\/ -->\n<title>Se filtran fotos y videos del modelo de preproducci\u00f3n Tesla Cybertruck - All cars news<\/title>\n<meta name=\"robots\" content=\"index, follow, max-snippet:-1, max-image-preview:large, max-video-preview:-1\" \/>\n<link rel=\"canonical\" href=\"https:\/\/all-car-news.com\/es\/se-filtran-fotos-y-videos-del-modelo-de-preproduccion-tesla-cybertruck\/\" \/>\n<meta property=\"og:locale\" content=\"es_ES\" \/>\n<meta property=\"og:type\" content=\"article\" \/>\n<meta property=\"og:title\" content=\"Se filtran fotos y videos del modelo de preproducci\u00f3n Tesla Cybertruck - All cars news\" \/>\n<meta property=\"og:description\" content=\"\u00bfCu\u00e1ndo llegar\u00e1 el Tesla Cybertruck? Tesla contin\u00faa retrasando la producci\u00f3n del Cybertruck. A fines de 2021, las primeras copias tuvieron que salir de la l\u00ednea en la nueva f\u00e1brica de Tesla en Austin, Texas. Sin embargo, en agosto de 2021, la producci\u00f3n se pospuso para 2022, pero ahora la producci\u00f3n no parece comenzar hasta el primer trimestre de 2023 [\u2026]\" \/>\n<meta property=\"og:url\" content=\"https:\/\/all-car-news.com\/es\/se-filtran-fotos-y-videos-del-modelo-de-preproduccion-tesla-cybertruck\/\" \/>\n<meta property=\"og:site_name\" content=\"All cars news\" \/>\n<meta property=\"article:published_time\" content=\"2022-02-18T13:03:45+00:00\" \/>\n<meta property=\"og:image\" content=\"https:\/\/all-car-news.com\/wp-content\/uploads\/2022\/01\/Cybertruck1.jpg\" \/>\n\t<meta property=\"og:image:width\" content=\"1600\" \/>\n\t<meta property=\"og:image:height\" content=\"900\" \/>\n\t<meta property=\"og:image:type\" content=\"image\/jpeg\" \/>\n<meta name=\"twitter:card\" content=\"summary_large_image\" \/>\n<meta name=\"twitter:label1\" content=\"Tiempo de lectura\" \/>\n\t<meta name=\"twitter:data1\" content=\"2 minutos\" \/>\n<script type=\"application\/ld+json\" class=\"yoast-schema-graph\">{\"@context\":\"https:\/\/schema.org\",\"@graph\":[{\"@type\":\"Article\",\"@id\":\"https:\/\/all-car-news.com\/es\/se-filtran-fotos-y-videos-del-modelo-de-preproduccion-tesla-cybertruck\/#article\",\"isPartOf\":{\"@id\":\"https:\/\/all-car-news.com\/es\/se-filtran-fotos-y-videos-del-modelo-de-preproduccion-tesla-cybertruck\/\"},\"author\":{\"name\":\"\",\"@id\":\"\"},\"headline\":\"Se filtran fotos y videos del modelo de preproducci\u00f3n Tesla Cybertruck\",\"datePublished\":\"2022-02-18T13:03:45+00:00\",\"dateModified\":\"2022-02-18T13:03:45+00:00\",\"mainEntityOfPage\":{\"@id\":\"https:\/\/all-car-news.com\/es\/se-filtran-fotos-y-videos-del-modelo-de-preproduccion-tesla-cybertruck\/\"},\"wordCount\":485,\"commentCount\":0,\"publisher\":{\"@id\":\"https:\/\/all-car-news.com\/es\/#organization\"},\"articleSection\":[\"noticias de autos\"],\"inLanguage\":\"es\",\"potentialAction\":[{\"@type\":\"CommentAction\",\"name\":\"Comment\",\"target\":[\"https:\/\/all-car-news.com\/es\/se-filtran-fotos-y-videos-del-modelo-de-preproduccion-tesla-cybertruck\/#respond\"]}]},{\"@type\":\"WebPage\",\"@id\":\"https:\/\/all-car-news.com\/es\/se-filtran-fotos-y-videos-del-modelo-de-preproduccion-tesla-cybertruck\/\",\"url\":\"https:\/\/all-car-news.com\/es\/se-filtran-fotos-y-videos-del-modelo-de-preproduccion-tesla-cybertruck\/\",\"name\":\"Se filtran fotos y videos del modelo de preproducci\u00f3n Tesla Cybertruck - All cars news\",\"isPartOf\":{\"@id\":\"https:\/\/all-car-news.com\/es\/#website\"},\"datePublished\":\"2022-02-18T13:03:45+00:00\",\"dateModified\":\"2022-02-18T13:03:45+00:00\",\"breadcrumb\":{\"@id\":\"https:\/\/all-car-news.com\/es\/se-filtran-fotos-y-videos-del-modelo-de-preproduccion-tesla-cybertruck\/#breadcrumb\"},\"inLanguage\":\"es\",\"potentialAction\":[{\"@type\":\"ReadAction\",\"target\":[\"https:\/\/all-car-news.com\/es\/se-filtran-fotos-y-videos-del-modelo-de-preproduccion-tesla-cybertruck\/\"]}]},{\"@type\":\"BreadcrumbList\",\"@id\":\"https:\/\/all-car-news.com\/es\/se-filtran-fotos-y-videos-del-modelo-de-preproduccion-tesla-cybertruck\/#breadcrumb\",\"itemListElement\":[{\"@type\":\"ListItem\",\"position\":1,\"name\":\"Home\",\"item\":\"https:\/\/all-car-news.com\/es\/\"},{\"@type\":\"ListItem\",\"position\":2,\"name\":\"Se filtran fotos y videos del modelo de preproducci\u00f3n Tesla Cybertruck\"}]},{\"@type\":\"WebSite\",\"@id\":\"https:\/\/all-car-news.com\/es\/#website\",\"url\":\"https:\/\/all-car-news.com\/es\/\",\"name\":\"All cars news\",\"description\":\"\",\"publisher\":{\"@id\":\"https:\/\/all-car-news.com\/es\/#organization\"},\"potentialAction\":[{\"@type\":\"SearchAction\",\"target\":{\"@type\":\"EntryPoint\",\"urlTemplate\":\"https:\/\/all-car-news.com\/es\/?s={search_term_string}\"},\"query-input\":\"required name=search_term_string\"}],\"inLanguage\":\"es\"},{\"@type\":\"Organization\",\"@id\":\"https:\/\/all-car-news.com\/es\/#organization\",\"name\":\"All cars news\",\"url\":\"https:\/\/all-car-news.com\/es\/\",\"logo\":{\"@type\":\"ImageObject\",\"inLanguage\":\"es\",\"@id\":\"https:\/\/all-car-news.com\/es\/#\/schema\/logo\/image\/\",\"url\":\"https:\/\/all-car-news.com\/wp-content\/uploads\/2022\/02\/CMYK-AllCarNews_LANDSCAPE_300px-1.png\",\"contentUrl\":\"https:\/\/all-car-news.com\/wp-content\/uploads\/2022\/02\/CMYK-AllCarNews_LANDSCAPE_300px-1.png\",\"width\":300,\"height\":100,\"caption\":\"All cars news\"},\"image\":{\"@id\":\"https:\/\/all-car-news.com\/es\/#\/schema\/logo\/image\/\"}}]}<\/script>\n<!-- \/ Yoast SEO plugin. -->","yoast_head_json":{"title":"Se filtran fotos y videos del modelo de preproducci\u00f3n Tesla Cybertruck - All cars news","robots":{"index":"index","follow":"follow","max-snippet":"max-snippet:-1","max-image-preview":"max-image-preview:large","max-video-preview":"max-video-preview:-1"},"canonical":"https:\/\/all-car-news.com\/es\/se-filtran-fotos-y-videos-del-modelo-de-preproduccion-tesla-cybertruck\/","og_locale":"es_ES","og_type":"article","og_title":"Se filtran fotos y videos del modelo de preproducci\u00f3n Tesla Cybertruck - All cars news","og_description":"\u00bfCu\u00e1ndo llegar\u00e1 el Tesla Cybertruck? Tesla contin\u00faa retrasando la producci\u00f3n del Cybertruck. A fines de 2021, las primeras copias tuvieron que salir de la l\u00ednea en la nueva f\u00e1brica de Tesla en Austin, Texas. Sin embargo, en agosto de 2021, la producci\u00f3n se pospuso para 2022, pero ahora la producci\u00f3n no parece comenzar hasta el primer trimestre de 2023 [\u2026]","og_url":"https:\/\/all-car-news.com\/es\/se-filtran-fotos-y-videos-del-modelo-de-preproduccion-tesla-cybertruck\/","og_site_name":"All cars news","article_published_time":"2022-02-18T13:03:45+00:00","og_image":[{"width":1600,"height":900,"url":"https:\/\/all-car-news.com\/wp-content\/uploads\/2022\/01\/Cybertruck1.jpg","type":"image\/jpeg"}],"twitter_card":"summary_large_image","twitter_misc":{"Tiempo de lectura":"2 minutos"},"schema":{"@context":"https:\/\/schema.org","@graph":[{"@type":"Article","@id":"https:\/\/all-car-news.com\/es\/se-filtran-fotos-y-videos-del-modelo-de-preproduccion-tesla-cybertruck\/#article","isPartOf":{"@id":"https:\/\/all-car-news.com\/es\/se-filtran-fotos-y-videos-del-modelo-de-preproduccion-tesla-cybertruck\/"},"author":{"name":"","@id":""},"headline":"Se filtran fotos y videos del modelo de preproducci\u00f3n Tesla Cybertruck","datePublished":"2022-02-18T13:03:45+00:00","dateModified":"2022-02-18T13:03:45+00:00","mainEntityOfPage":{"@id":"https:\/\/all-car-news.com\/es\/se-filtran-fotos-y-videos-del-modelo-de-preproduccion-tesla-cybertruck\/"},"wordCount":485,"commentCount":0,"publisher":{"@id":"https:\/\/all-car-news.com\/es\/#organization"},"articleSection":["noticias de autos"],"inLanguage":"es","potentialAction":[{"@type":"CommentAction","name":"Comment","target":["https:\/\/all-car-news.com\/es\/se-filtran-fotos-y-videos-del-modelo-de-preproduccion-tesla-cybertruck\/#respond"]}]},{"@type":"WebPage","@id":"https:\/\/all-car-news.com\/es\/se-filtran-fotos-y-videos-del-modelo-de-preproduccion-tesla-cybertruck\/","url":"https:\/\/all-car-news.com\/es\/se-filtran-fotos-y-videos-del-modelo-de-preproduccion-tesla-cybertruck\/","name":"Se filtran fotos y videos del modelo de preproducci\u00f3n Tesla Cybertruck - All cars news","isPartOf":{"@id":"https:\/\/all-car-news.com\/es\/#website"},"datePublished":"2022-02-18T13:03:45+00:00","dateModified":"2022-02-18T13:03:45+00:00","breadcrumb":{"@id":"https:\/\/all-car-news.com\/es\/se-filtran-fotos-y-videos-del-modelo-de-preproduccion-tesla-cybertruck\/#breadcrumb"},"inLanguage":"es","potentialAction":[{"@type":"ReadAction","target":["https:\/\/all-car-news.com\/es\/se-filtran-fotos-y-videos-del-modelo-de-preproduccion-tesla-cybertruck\/"]}]},{"@type":"BreadcrumbList","@id":"https:\/\/all-car-news.com\/es\/se-filtran-fotos-y-videos-del-modelo-de-preproduccion-tesla-cybertruck\/#breadcrumb","itemListElement":[{"@type":"ListItem","position":1,"name":"Home","item":"https:\/\/all-car-news.com\/es\/"},{"@type":"ListItem","position":2,"name":"Se filtran fotos y videos del modelo de preproducci\u00f3n Tesla Cybertruck"}]},{"@type":"WebSite","@id":"https:\/\/all-car-news.com\/es\/#website","url":"https:\/\/all-car-news.com\/es\/","name":"All cars news","description":"","publisher":{"@id":"https:\/\/all-car-news.com\/es\/#organization"},"potentialAction":[{"@type":"SearchAction","target":{"@type":"EntryPoint","urlTemplate":"https:\/\/all-car-news.com\/es\/?s={search_term_string}"},"query-input":"required name=search_term_string"}],"inLanguage":"es"},{"@type":"Organization","@id":"https:\/\/all-car-news.com\/es\/#organization","name":"All cars news","url":"https:\/\/all-car-news.com\/es\/","logo":{"@type":"ImageObject","inLanguage":"es","@id":"https:\/\/all-car-news.com\/es\/#\/schema\/logo\/image\/","url":"https:\/\/all-car-news.com\/wp-content\/uploads\/2022\/02\/CMYK-AllCarNews_LANDSCAPE_300px-1.png","contentUrl":"https:\/\/all-car-news.com\/wp-content\/uploads\/2022\/02\/CMYK-AllCarNews_LANDSCAPE_300px-1.png","width":300,"height":100,"caption":"All cars news"},"image":{"@id":"https:\/\/all-car-news.com\/es\/#\/schema\/logo\/image\/"}}]}},"_links":{"self":[{"href":"https:\/\/all-car-news.com\/es\/wp-json\/wp\/v2\/posts\/116270","targetHints":{"allow":["GET"]}}],"collection":[{"href":"https:\/\/all-car-news.com\/es\/wp-json\/wp\/v2\/posts"}],"about":[{"href":"https:\/\/all-car-news.com\/es\/wp-json\/wp\/v2\/types\/post"}],"replies":[{"embeddable":true,"href":"https:\/\/all-car-news.com\/es\/wp-json\/wp\/v2\/comments?post=116270"}],"version-history":[{"count":0,"href":"https:\/\/all-car-news.com\/es\/wp-json\/wp\/v2\/posts\/116270\/revisions"}],"wp:featuredmedia":[{"embeddable":true,"href":"https:\/\/all-car-news.com\/es\/wp-json\/wp\/v2\/media\/116111"}],"wp:attachment":[{"href":"https:\/\/all-car-news.com\/es\/wp-json\/wp\/v2\/media?parent=116270"}],"wp:term":[{"taxonomy":"category","embeddable":true,"href":"https:\/\/all-car-news.com\/es\/wp-json\/wp\/v2\/categories?post=116270"},{"taxonomy":"post_tag","embeddable":true,"href":"https:\/\/all-car-news.com\/es\/wp-json\/wp\/v2\/tags?post=116270"}],"curies":[{"name":"wp","href":"https:\/\/api.w.org\/{rel}","templated":true}]}}