{"id":142241,"date":"2024-01-12T08:18:13","date_gmt":"2024-01-12T08:18:13","guid":{"rendered":"https:\/\/all-car-news.com\/toyota-gr-yaris-also-as-sebastien-ogier-and-kalle-rovanpera-special-edition\/"},"modified":"2024-01-12T08:18:13","modified_gmt":"2024-01-12T08:18:13","slug":"toyota-gr-yaris-also-as-sebastien-ogier-and-kalle-rovanpera-special-edition","status":"publish","type":"post","link":"https:\/\/all-car-news.com\/en\/toyota-gr-yaris-also-as-sebastien-ogier-and-kalle-rovanpera-special-edition\/","title":{"rendered":"Toyota GR Yaris also as S\u00e9bastien Ogier and Kalle Rovanper\u00e4 Special Edition"},"content":{"rendered":"<h2>Success in WRC<\/h2>\n<p>The two special editions celebrate Toyota GAZOO Racing&#8217;s success in the World Rally Championship (WRC). For example, Ogier became world champion in 2021 and Rovanper\u00e4 did so in 2023. The S\u00e9bastien Ogier Special Edition and Kalle Rovanper\u00e4 Special Edition have different features.<\/p>\n<h2>Toyota GR Yaris S\u00e9bastien Ogier Special Edition<\/h2>\n<p>The S\u00e9bastien Ogier Special Edition is exclusively finished in a beautiful matte silver hue and features black Toyota GAZOO Racing emblems on both doors. This version also has blue brake calipers and on the wheels are some small emblems indicating that it is a special edition. Some minor changes were made to the interior, including blue, white and red contrast stitching and a special plate on the dashboard.<\/p>\n<figure class=\"wp-block-image size-content\"><img decoding=\"async\" loading=\"lazy\" width=\"1140\" height=\"761\" src=\"https:\/\/autorai.nl\/wp-content\/uploads\/2024\/01\/Toyota-GR-Yaris-ook-als-Se%CC%81bastien-Ogier-en-Kalle-Rovanpera%CC%88-Special-Edition-foto2-1140x761.jpg\" alt=\"Toyota GR Yaris S\u00e9bastien Ogier Special Edition  \" class=\"wp-image-172699\"><\/figure>\n<h2>Toyota GR Yaris Kalle Rovanper\u00e4 Special Edition<\/h2>\n<p>A lot more extreme to look at is the Kalle Rovanper\u00e4 Special Edition. The Rovanper\u00e4 Edition clearly has a rally-inspired exterior finish with white, red and gray as the main colors. This special version also features World Rally Championship emblems, wheel trim and red brake calipers. The car also has a special aerodynamics package consisting of a more pronounced front splitter and a substantial rear wing. The Kalle Rovanper\u00e4 Special Edition also has blue and silver contrast stitching and a special interior badge.<\/p>\n<figure class=\"wp-block-image size-content\"><img decoding=\"async\" loading=\"lazy\" width=\"1140\" height=\"761\" src=\"https:\/\/autorai.nl\/wp-content\/uploads\/2024\/01\/Toyota-GR-Yaris-ook-als-Se%CC%81bastien-Ogier-en-Kalle-Rovanpera%CC%88-Special-Edition-foto1-1140x761.jpg\" alt=\"Toyota GR Yaris Kalle Rovanper\u00e4 Special Edition\" class=\"wp-image-172698\"><\/figure>\n<h2>Circulation<\/h2>\n<p>No word yet on the circulation of either model. Toyota will announce more details about the European version soon. Both versions are expected to come to the Netherlands, though. The regular GR Yaris will come to the Netherlands in the summer of 2024.  <a href=\"https:\/\/autorai.nl\/nieuwe-toyota-gr-yaris-2024\/\"><strong>Want to know more about the new Toyota GR Yaris?<\/strong><\/a><\/p>\n<\/p>\n<figure class=\"wp-block-embed is-type-video is-provider-youtube wp-block-embed-youtube wp-embed-aspect-16-9 wp-has-aspect-ratio\">\n<div class=\"wp-block-embed__wrapper\">\n<\/div>\n<\/figure>\n<figure class=\"wp-block-image size-content\"><img decoding=\"async\" loading=\"lazy\" width=\"1140\" height=\"597\" src=\"https:\/\/autorai.nl\/wp-content\/uploads\/2024\/01\/Toyota-GR-Yaris-ook-als-Se%CC%81bastien-Ogier-en-Kalle-Rovanpera%CC%88-Special-Edition-foto4-1140x597.jpg\" alt=\"\" class=\"wp-image-172701\"><\/figure>\n","protected":false},"excerpt":{"rendered":"Success in WRC The two special editions reflect Toyota GAZOO Racing's success in the World Rally Championship (WRC). For example,&hellip;","protected":false},"author":0,"featured_media":142216,"comment_status":"","ping_status":"open","sticky":false,"template":"","format":"standard","meta":{"footnotes":""},"categories":[93],"tags":[],"class_list":["post-142241","post","type-post","status-publish","format-standard","has-post-thumbnail","hentry","category-car-news"],"acf":[],"yoast_head":"<!-- This site is optimized with the Yoast SEO plugin v21.2 - https:\/\/yoast.com\/wordpress\/plugins\/seo\/ -->\n<title>Toyota GR Yaris also as S\u00e9bastien Ogier and Kalle Rovanper\u00e4 Special Edition - All cars news<\/title>\n<meta name=\"robots\" content=\"index, follow, max-snippet:-1, max-image-preview:large, max-video-preview:-1\" \/>\n<link rel=\"canonical\" href=\"https:\/\/all-car-news.com\/en\/toyota-gr-yaris-also-as-sebastien-ogier-and-kalle-rovanpera-special-edition\/\" \/>\n<meta property=\"og:locale\" content=\"en_US\" \/>\n<meta property=\"og:type\" content=\"article\" \/>\n<meta property=\"og:title\" content=\"Toyota GR Yaris also as S\u00e9bastien Ogier and Kalle Rovanper\u00e4 Special Edition - All cars news\" \/>\n<meta property=\"og:description\" content=\"Success in WRC The two special editions reflect Toyota GAZOO Racing&#039;s success in the World Rally Championship (WRC). For example, Ogier became world champion in 2021 and Rovanper\u00e4 did so in 2023. The S\u00e9bastien Ogier Special Edition and Kalle Rovanper\u00e4 Special Edition have different features. Toyota GR Yaris S\u00e9bastien Ogier Special Edition The [...]\" \/>\n<meta property=\"og:url\" content=\"https:\/\/all-car-news.com\/en\/toyota-gr-yaris-also-as-sebastien-ogier-and-kalle-rovanpera-special-edition\/\" \/>\n<meta property=\"og:site_name\" content=\"All cars news\" \/>\n<meta property=\"article:published_time\" content=\"2024-01-12T08:18:13+00:00\" \/>\n<meta property=\"og:image\" content=\"https:\/\/autorai.nl\/wp-content\/uploads\/2024\/01\/Toyota-GR-Yaris-ook-als-Se%CC%81bastien-Ogier-en-Kalle-Rovanpera%CC%88-Special-Edition-foto2-1140x761.jpg\" \/>\n<meta name=\"twitter:card\" content=\"summary_large_image\" \/>\n<meta name=\"twitter:label1\" content=\"Est. reading time\" \/>\n\t<meta name=\"twitter:data1\" content=\"1 minute\" \/>\n<script type=\"application\/ld+json\" class=\"yoast-schema-graph\">{\"@context\":\"https:\/\/schema.org\",\"@graph\":[{\"@type\":\"Article\",\"@id\":\"https:\/\/all-car-news.com\/en\/toyota-gr-yaris-also-as-sebastien-ogier-and-kalle-rovanpera-special-edition\/#article\",\"isPartOf\":{\"@id\":\"https:\/\/all-car-news.com\/en\/toyota-gr-yaris-also-as-sebastien-ogier-and-kalle-rovanpera-special-edition\/\"},\"author\":{\"name\":\"\",\"@id\":\"\"},\"headline\":\"Toyota GR Yaris also as S\u00e9bastien Ogier and Kalle Rovanper\u00e4 Special Edition\",\"datePublished\":\"2024-01-12T08:18:13+00:00\",\"dateModified\":\"2024-01-12T08:18:13+00:00\",\"mainEntityOfPage\":{\"@id\":\"https:\/\/all-car-news.com\/en\/toyota-gr-yaris-also-as-sebastien-ogier-and-kalle-rovanpera-special-edition\/\"},\"wordCount\":277,\"publisher\":{\"@id\":\"https:\/\/all-car-news.com\/en\/#organization\"},\"articleSection\":[\"car news\"],\"inLanguage\":\"en-US\"},{\"@type\":\"WebPage\",\"@id\":\"https:\/\/all-car-news.com\/en\/toyota-gr-yaris-also-as-sebastien-ogier-and-kalle-rovanpera-special-edition\/\",\"url\":\"https:\/\/all-car-news.com\/en\/toyota-gr-yaris-also-as-sebastien-ogier-and-kalle-rovanpera-special-edition\/\",\"name\":\"Toyota GR Yaris also as S\u00e9bastien Ogier and Kalle Rovanper\u00e4 Special Edition - All cars news\",\"isPartOf\":{\"@id\":\"https:\/\/all-car-news.com\/en\/#website\"},\"datePublished\":\"2024-01-12T08:18:13+00:00\",\"dateModified\":\"2024-01-12T08:18:13+00:00\",\"breadcrumb\":{\"@id\":\"https:\/\/all-car-news.com\/en\/toyota-gr-yaris-also-as-sebastien-ogier-and-kalle-rovanpera-special-edition\/#breadcrumb\"},\"inLanguage\":\"en-US\",\"potentialAction\":[{\"@type\":\"ReadAction\",\"target\":[\"https:\/\/all-car-news.com\/en\/toyota-gr-yaris-also-as-sebastien-ogier-and-kalle-rovanpera-special-edition\/\"]}]},{\"@type\":\"BreadcrumbList\",\"@id\":\"https:\/\/all-car-news.com\/en\/toyota-gr-yaris-also-as-sebastien-ogier-and-kalle-rovanpera-special-edition\/#breadcrumb\",\"itemListElement\":[{\"@type\":\"ListItem\",\"position\":1,\"name\":\"Home\",\"item\":\"https:\/\/all-car-news.com\/en\/\"},{\"@type\":\"ListItem\",\"position\":2,\"name\":\"Toyota GR Yaris also as S\u00e9bastien Ogier and Kalle Rovanper\u00e4 Special Edition\"}]},{\"@type\":\"WebSite\",\"@id\":\"https:\/\/all-car-news.com\/en\/#website\",\"url\":\"https:\/\/all-car-news.com\/en\/\",\"name\":\"All cars news\",\"description\":\"\",\"publisher\":{\"@id\":\"https:\/\/all-car-news.com\/en\/#organization\"},\"potentialAction\":[{\"@type\":\"SearchAction\",\"target\":{\"@type\":\"EntryPoint\",\"urlTemplate\":\"https:\/\/all-car-news.com\/en\/?s={search_term_string}\"},\"query-input\":\"required name=search_term_string\"}],\"inLanguage\":\"en-US\"},{\"@type\":\"Organization\",\"@id\":\"https:\/\/all-car-news.com\/en\/#organization\",\"name\":\"All cars news\",\"url\":\"https:\/\/all-car-news.com\/en\/\",\"logo\":{\"@type\":\"ImageObject\",\"inLanguage\":\"en-US\",\"@id\":\"https:\/\/all-car-news.com\/en\/#\/schema\/logo\/image\/\",\"url\":\"https:\/\/all-car-news.com\/wp-content\/uploads\/2022\/02\/CMYK-AllCarNews_LANDSCAPE_300px-1.png\",\"contentUrl\":\"https:\/\/all-car-news.com\/wp-content\/uploads\/2022\/02\/CMYK-AllCarNews_LANDSCAPE_300px-1.png\",\"width\":300,\"height\":100,\"caption\":\"All cars news\"},\"image\":{\"@id\":\"https:\/\/all-car-news.com\/en\/#\/schema\/logo\/image\/\"}}]}<\/script>\n<!-- \/ Yoast SEO plugin. -->","yoast_head_json":{"title":"Toyota GR Yaris also as S\u00e9bastien Ogier and Kalle Rovanper\u00e4 Special Edition - All cars news","robots":{"index":"index","follow":"follow","max-snippet":"max-snippet:-1","max-image-preview":"max-image-preview:large","max-video-preview":"max-video-preview:-1"},"canonical":"https:\/\/all-car-news.com\/en\/toyota-gr-yaris-also-as-sebastien-ogier-and-kalle-rovanpera-special-edition\/","og_locale":"en_US","og_type":"article","og_title":"Toyota GR Yaris also as S\u00e9bastien Ogier and Kalle Rovanper\u00e4 Special Edition - All cars news","og_description":"Success in WRC The two special editions reflect Toyota GAZOO Racing's success in the World Rally Championship (WRC). For example, Ogier became world champion in 2021 and Rovanper\u00e4 did so in 2023. The S\u00e9bastien Ogier Special Edition and Kalle Rovanper\u00e4 Special Edition have different features. Toyota GR Yaris S\u00e9bastien Ogier Special Edition The [...]","og_url":"https:\/\/all-car-news.com\/en\/toyota-gr-yaris-also-as-sebastien-ogier-and-kalle-rovanpera-special-edition\/","og_site_name":"All cars news","article_published_time":"2024-01-12T08:18:13+00:00","og_image":[{"url":"https:\/\/autorai.nl\/wp-content\/uploads\/2024\/01\/Toyota-GR-Yaris-ook-als-Se%CC%81bastien-Ogier-en-Kalle-Rovanpera%CC%88-Special-Edition-foto2-1140x761.jpg"}],"twitter_card":"summary_large_image","twitter_misc":{"Est. reading time":"1 minute"},"schema":{"@context":"https:\/\/schema.org","@graph":[{"@type":"Article","@id":"https:\/\/all-car-news.com\/en\/toyota-gr-yaris-also-as-sebastien-ogier-and-kalle-rovanpera-special-edition\/#article","isPartOf":{"@id":"https:\/\/all-car-news.com\/en\/toyota-gr-yaris-also-as-sebastien-ogier-and-kalle-rovanpera-special-edition\/"},"author":{"name":"","@id":""},"headline":"Toyota GR Yaris also as S\u00e9bastien Ogier and Kalle Rovanper\u00e4 Special Edition","datePublished":"2024-01-12T08:18:13+00:00","dateModified":"2024-01-12T08:18:13+00:00","mainEntityOfPage":{"@id":"https:\/\/all-car-news.com\/en\/toyota-gr-yaris-also-as-sebastien-ogier-and-kalle-rovanpera-special-edition\/"},"wordCount":277,"publisher":{"@id":"https:\/\/all-car-news.com\/en\/#organization"},"articleSection":["car news"],"inLanguage":"en-US"},{"@type":"WebPage","@id":"https:\/\/all-car-news.com\/en\/toyota-gr-yaris-also-as-sebastien-ogier-and-kalle-rovanpera-special-edition\/","url":"https:\/\/all-car-news.com\/en\/toyota-gr-yaris-also-as-sebastien-ogier-and-kalle-rovanpera-special-edition\/","name":"Toyota GR Yaris also as S\u00e9bastien Ogier and Kalle Rovanper\u00e4 Special Edition - All cars news","isPartOf":{"@id":"https:\/\/all-car-news.com\/en\/#website"},"datePublished":"2024-01-12T08:18:13+00:00","dateModified":"2024-01-12T08:18:13+00:00","breadcrumb":{"@id":"https:\/\/all-car-news.com\/en\/toyota-gr-yaris-also-as-sebastien-ogier-and-kalle-rovanpera-special-edition\/#breadcrumb"},"inLanguage":"en-US","potentialAction":[{"@type":"ReadAction","target":["https:\/\/all-car-news.com\/en\/toyota-gr-yaris-also-as-sebastien-ogier-and-kalle-rovanpera-special-edition\/"]}]},{"@type":"BreadcrumbList","@id":"https:\/\/all-car-news.com\/en\/toyota-gr-yaris-also-as-sebastien-ogier-and-kalle-rovanpera-special-edition\/#breadcrumb","itemListElement":[{"@type":"ListItem","position":1,"name":"Home","item":"https:\/\/all-car-news.com\/en\/"},{"@type":"ListItem","position":2,"name":"Toyota GR Yaris also as S\u00e9bastien Ogier and Kalle Rovanper\u00e4 Special Edition"}]},{"@type":"WebSite","@id":"https:\/\/all-car-news.com\/en\/#website","url":"https:\/\/all-car-news.com\/en\/","name":"All cars news","description":"","publisher":{"@id":"https:\/\/all-car-news.com\/en\/#organization"},"potentialAction":[{"@type":"SearchAction","target":{"@type":"EntryPoint","urlTemplate":"https:\/\/all-car-news.com\/en\/?s={search_term_string}"},"query-input":"required name=search_term_string"}],"inLanguage":"en-US"},{"@type":"Organization","@id":"https:\/\/all-car-news.com\/en\/#organization","name":"All cars news","url":"https:\/\/all-car-news.com\/en\/","logo":{"@type":"ImageObject","inLanguage":"en-US","@id":"https:\/\/all-car-news.com\/en\/#\/schema\/logo\/image\/","url":"https:\/\/all-car-news.com\/wp-content\/uploads\/2022\/02\/CMYK-AllCarNews_LANDSCAPE_300px-1.png","contentUrl":"https:\/\/all-car-news.com\/wp-content\/uploads\/2022\/02\/CMYK-AllCarNews_LANDSCAPE_300px-1.png","width":300,"height":100,"caption":"All cars news"},"image":{"@id":"https:\/\/all-car-news.com\/en\/#\/schema\/logo\/image\/"}}]}},"_links":{"self":[{"href":"https:\/\/all-car-news.com\/en\/wp-json\/wp\/v2\/posts\/142241","targetHints":{"allow":["GET"]}}],"collection":[{"href":"https:\/\/all-car-news.com\/en\/wp-json\/wp\/v2\/posts"}],"about":[{"href":"https:\/\/all-car-news.com\/en\/wp-json\/wp\/v2\/types\/post"}],"replies":[{"embeddable":true,"href":"https:\/\/all-car-news.com\/en\/wp-json\/wp\/v2\/comments?post=142241"}],"version-history":[{"count":0,"href":"https:\/\/all-car-news.com\/en\/wp-json\/wp\/v2\/posts\/142241\/revisions"}],"wp:featuredmedia":[{"embeddable":true,"href":"https:\/\/all-car-news.com\/en\/wp-json\/wp\/v2\/media\/142216"}],"wp:attachment":[{"href":"https:\/\/all-car-news.com\/en\/wp-json\/wp\/v2\/media?parent=142241"}],"wp:term":[{"taxonomy":"category","embeddable":true,"href":"https:\/\/all-car-news.com\/en\/wp-json\/wp\/v2\/categories?post=142241"},{"taxonomy":"post_tag","embeddable":true,"href":"https:\/\/all-car-news.com\/en\/wp-json\/wp\/v2\/tags?post=142241"}],"curies":[{"name":"wp","href":"https:\/\/api.w.org\/{rel}","templated":true}]}}