{"id":123620,"date":"2022-09-09T10:02:00","date_gmt":"2022-09-09T10:02:00","guid":{"rendered":"https:\/\/all-car-news.com\/my-porsche-and-i-are-going-on-a-road-trip-and-taking-with-us\/"},"modified":"2022-09-09T10:02:00","modified_gmt":"2022-09-09T10:02:00","slug":"my-porsche-and-i-are-going-on-a-road-trip-and-taking-with-us","status":"publish","type":"post","link":"https:\/\/all-car-news.com\/en\/my-porsche-and-i-are-going-on-a-road-trip-and-taking-with-us\/","title":{"rendered":"My Porsche and I are going on a road trip and taking with us&#8230;?"},"content":{"rendered":"<p>RVs are hot. But curbing the Transf\u0103g\u0103r\u0103\u0219an, Atlantic Ocean Road or the Route Napoleon with that is like trying to wash an African elephant in a jacuzzi. And towing a caravan, no matter how versatile and comfortable it can be, behind your 911 or Taycan is just not something you do. Pure sacrilege. A star hotel offers a solution, of course, but let the better road trips often meander where there is no such thing in sight. In short, a chill cum overnight place that can also be conjured out of your <a href=\"https:\/\/www.youtube.com\/watch?v=XtYAR33ZgJg&amp;t=1s\" target=\"_blank\" rel=\"noreferrer noopener\">Porsche<\/a> <em>in the middle of nowhere<\/em> is the ultimate accommodation during a road trip.<\/p>\n<h2>Drop it where it&#8217;s hot<\/h2>\n<p>Well, Porsche Tequipment now has one of those ultimate mobile sleeping places in its portfolios. Intended for the 911, Taycan and Panamera. While this official Porsche accessory also fits on the roof of a Macan and Cayenne, but &#8211; say it yourself &#8211; those models don&#8217;t lend themselves as well to an epic road trip on the world&#8217;s best steering roads.<\/p>\n<figure class=\"wp-block-image size-content\"><img decoding=\"async\" loading=\"lazy\" width=\"1140\" height=\"641\" src=\"https:\/\/autorai.nl\/wp-content\/uploads\/2022\/09\/img_1-1140x641.jpg\" alt=\"\" class=\"wp-image-130437\"><\/figure>\n<h2><strong>Room with a view<\/strong><\/h2>\n<p>When folded, the roof tent by Porsche Tequipment looks like a ski trunk that has grown out of its size. The design comes from the Weissach Development Centre in collaboration with Studio F.A. Porsche. Optimal aerodynamics guaranteed therefore. Once the rooftop tent is fully unfolded, it provides an accommodation with a floor area of 210\u00d7130 cm. That will be nice and cozy spooning when you&#8217;re not alone.<\/p>\n<p>A mattress is included and to allow the tent to be used during all 4 seasons, the tent fabric and zippers are waterproof. Several typical <a href=\"https:\/\/autorai.nl\/video-hoe-porsche-een-paint-to-sample-911-maakt\/\" target=\"_blank\" rel=\"noreferrer noopener\">Porsche details<\/a> such as special piping and Porsche logos complete the picture. If you look closely at the shape of the window openings, you will even recognize the 911 silhouette in them. Finally, the price; it is 4,980 euros in Germany.<\/p>\n<figure class=\"wp-block-image size-content\"><img decoding=\"async\" loading=\"lazy\" width=\"1140\" height=\"641\" src=\"https:\/\/autorai.nl\/wp-content\/uploads\/2022\/09\/img-1140x641.jpg\" alt=\"\" class=\"wp-image-130438\"><\/figure>\n<figure class=\"wp-block-gallery has-nested-images columns-default is-cropped\">\n<figure class=\"wp-block-image size-large\"><img decoding=\"async\" loading=\"lazy\" width=\"1140\" height=\"641\" data-id=\"130441\" src=\"https:\/\/autorai.nl\/wp-content\/uploads\/2022\/09\/img_3-1140x641.jpg\" alt=\"\" class=\"wp-image-130441\"><\/figure>\n<figure class=\"wp-block-image size-large\"><img decoding=\"async\" loading=\"lazy\" width=\"1140\" height=\"641\" data-id=\"130442\" src=\"https:\/\/autorai.nl\/wp-content\/uploads\/2022\/09\/img_2-1140x641.jpg\" alt=\"\" class=\"wp-image-130442\"><\/figure>\n<\/figure>\n","protected":false},"excerpt":{"rendered":"RVs are hot. But curbing the Transf\u0103g\u0103r\u0103\u0219an, Atlantic Ocean Road or the Route Napoleon with that is like trying to&hellip;","protected":false},"author":0,"featured_media":123582,"comment_status":"open","ping_status":"open","sticky":false,"template":"","format":"standard","meta":{"footnotes":""},"categories":[93],"tags":[],"class_list":["post-123620","post","type-post","status-publish","format-standard","has-post-thumbnail","hentry","category-car-news"],"acf":[],"yoast_head":"<!-- This site is optimized with the Yoast SEO plugin v21.2 - https:\/\/yoast.com\/wordpress\/plugins\/seo\/ -->\n<title>My Porsche and I are going on a road trip and taking with us...? - All cars news<\/title>\n<meta name=\"robots\" content=\"index, follow, max-snippet:-1, max-image-preview:large, max-video-preview:-1\" \/>\n<link rel=\"canonical\" href=\"https:\/\/all-car-news.com\/en\/my-porsche-and-i-are-going-on-a-road-trip-and-taking-with-us\/\" \/>\n<meta property=\"og:locale\" content=\"en_US\" \/>\n<meta property=\"og:type\" content=\"article\" \/>\n<meta property=\"og:title\" content=\"My Porsche and I are going on a road trip and taking with us...? - All cars news\" \/>\n<meta property=\"og:description\" content=\"RVs are hot. But curbing the Transf\u0103g\u0103r\u0103\u0219an, Atlantic Ocean Road or the Route Napoleon with that is like trying to wash an African elephant in a jacuzzi. And towing a caravan, no matter how versatile and comfortable it can be, behind your 911 or Taycan is just not something you do. Pure sacrilege. A star hotel offers a solution of course, but [...]\" \/>\n<meta property=\"og:url\" content=\"https:\/\/all-car-news.com\/en\/my-porsche-and-i-are-going-on-a-road-trip-and-taking-with-us\/\" \/>\n<meta property=\"og:site_name\" content=\"All cars news\" \/>\n<meta property=\"article:published_time\" content=\"2022-09-09T10:02:00+00:00\" \/>\n<meta property=\"og:image\" content=\"https:\/\/autorai.nl\/wp-content\/uploads\/2022\/09\/img_1-1140x641.jpg\" \/>\n<meta name=\"twitter:card\" content=\"summary_large_image\" \/>\n<meta name=\"twitter:label1\" content=\"Est. reading time\" \/>\n\t<meta name=\"twitter:data1\" content=\"2 minutes\" \/>\n<script type=\"application\/ld+json\" class=\"yoast-schema-graph\">{\"@context\":\"https:\/\/schema.org\",\"@graph\":[{\"@type\":\"Article\",\"@id\":\"https:\/\/all-car-news.com\/en\/my-porsche-and-i-are-going-on-a-road-trip-and-taking-with-us\/#article\",\"isPartOf\":{\"@id\":\"https:\/\/all-car-news.com\/en\/my-porsche-and-i-are-going-on-a-road-trip-and-taking-with-us\/\"},\"author\":{\"name\":\"\",\"@id\":\"\"},\"headline\":\"My Porsche and I are going on a road trip and taking with us&#8230;?\",\"datePublished\":\"2022-09-09T10:02:00+00:00\",\"dateModified\":\"2022-09-09T10:02:00+00:00\",\"mainEntityOfPage\":{\"@id\":\"https:\/\/all-car-news.com\/en\/my-porsche-and-i-are-going-on-a-road-trip-and-taking-with-us\/\"},\"wordCount\":321,\"commentCount\":0,\"publisher\":{\"@id\":\"https:\/\/all-car-news.com\/en\/#organization\"},\"articleSection\":[\"car news\"],\"inLanguage\":\"en-US\",\"potentialAction\":[{\"@type\":\"CommentAction\",\"name\":\"Comment\",\"target\":[\"https:\/\/all-car-news.com\/en\/my-porsche-and-i-are-going-on-a-road-trip-and-taking-with-us\/#respond\"]}]},{\"@type\":\"WebPage\",\"@id\":\"https:\/\/all-car-news.com\/en\/my-porsche-and-i-are-going-on-a-road-trip-and-taking-with-us\/\",\"url\":\"https:\/\/all-car-news.com\/en\/my-porsche-and-i-are-going-on-a-road-trip-and-taking-with-us\/\",\"name\":\"My Porsche and I are going on a road trip and taking with us...? - All cars news\",\"isPartOf\":{\"@id\":\"https:\/\/all-car-news.com\/en\/#website\"},\"datePublished\":\"2022-09-09T10:02:00+00:00\",\"dateModified\":\"2022-09-09T10:02:00+00:00\",\"breadcrumb\":{\"@id\":\"https:\/\/all-car-news.com\/en\/my-porsche-and-i-are-going-on-a-road-trip-and-taking-with-us\/#breadcrumb\"},\"inLanguage\":\"en-US\",\"potentialAction\":[{\"@type\":\"ReadAction\",\"target\":[\"https:\/\/all-car-news.com\/en\/my-porsche-and-i-are-going-on-a-road-trip-and-taking-with-us\/\"]}]},{\"@type\":\"BreadcrumbList\",\"@id\":\"https:\/\/all-car-news.com\/en\/my-porsche-and-i-are-going-on-a-road-trip-and-taking-with-us\/#breadcrumb\",\"itemListElement\":[{\"@type\":\"ListItem\",\"position\":1,\"name\":\"Home\",\"item\":\"https:\/\/all-car-news.com\/en\/\"},{\"@type\":\"ListItem\",\"position\":2,\"name\":\"My Porsche and I are going on a road trip and taking with us&#8230;?\"}]},{\"@type\":\"WebSite\",\"@id\":\"https:\/\/all-car-news.com\/en\/#website\",\"url\":\"https:\/\/all-car-news.com\/en\/\",\"name\":\"All cars news\",\"description\":\"\",\"publisher\":{\"@id\":\"https:\/\/all-car-news.com\/en\/#organization\"},\"potentialAction\":[{\"@type\":\"SearchAction\",\"target\":{\"@type\":\"EntryPoint\",\"urlTemplate\":\"https:\/\/all-car-news.com\/en\/?s={search_term_string}\"},\"query-input\":\"required name=search_term_string\"}],\"inLanguage\":\"en-US\"},{\"@type\":\"Organization\",\"@id\":\"https:\/\/all-car-news.com\/en\/#organization\",\"name\":\"All cars news\",\"url\":\"https:\/\/all-car-news.com\/en\/\",\"logo\":{\"@type\":\"ImageObject\",\"inLanguage\":\"en-US\",\"@id\":\"https:\/\/all-car-news.com\/en\/#\/schema\/logo\/image\/\",\"url\":\"https:\/\/all-car-news.com\/wp-content\/uploads\/2022\/02\/CMYK-AllCarNews_LANDSCAPE_300px-1.png\",\"contentUrl\":\"https:\/\/all-car-news.com\/wp-content\/uploads\/2022\/02\/CMYK-AllCarNews_LANDSCAPE_300px-1.png\",\"width\":300,\"height\":100,\"caption\":\"All cars news\"},\"image\":{\"@id\":\"https:\/\/all-car-news.com\/en\/#\/schema\/logo\/image\/\"}}]}<\/script>\n<!-- \/ Yoast SEO plugin. -->","yoast_head_json":{"title":"My Porsche and I are going on a road trip and taking with us...? - All cars news","robots":{"index":"index","follow":"follow","max-snippet":"max-snippet:-1","max-image-preview":"max-image-preview:large","max-video-preview":"max-video-preview:-1"},"canonical":"https:\/\/all-car-news.com\/en\/my-porsche-and-i-are-going-on-a-road-trip-and-taking-with-us\/","og_locale":"en_US","og_type":"article","og_title":"My Porsche and I are going on a road trip and taking with us...? - All cars news","og_description":"RVs are hot. But curbing the Transf\u0103g\u0103r\u0103\u0219an, Atlantic Ocean Road or the Route Napoleon with that is like trying to wash an African elephant in a jacuzzi. And towing a caravan, no matter how versatile and comfortable it can be, behind your 911 or Taycan is just not something you do. Pure sacrilege. A star hotel offers a solution of course, but [...]","og_url":"https:\/\/all-car-news.com\/en\/my-porsche-and-i-are-going-on-a-road-trip-and-taking-with-us\/","og_site_name":"All cars news","article_published_time":"2022-09-09T10:02:00+00:00","og_image":[{"url":"https:\/\/autorai.nl\/wp-content\/uploads\/2022\/09\/img_1-1140x641.jpg"}],"twitter_card":"summary_large_image","twitter_misc":{"Est. reading time":"2 minutes"},"schema":{"@context":"https:\/\/schema.org","@graph":[{"@type":"Article","@id":"https:\/\/all-car-news.com\/en\/my-porsche-and-i-are-going-on-a-road-trip-and-taking-with-us\/#article","isPartOf":{"@id":"https:\/\/all-car-news.com\/en\/my-porsche-and-i-are-going-on-a-road-trip-and-taking-with-us\/"},"author":{"name":"","@id":""},"headline":"My Porsche and I are going on a road trip and taking with us&#8230;?","datePublished":"2022-09-09T10:02:00+00:00","dateModified":"2022-09-09T10:02:00+00:00","mainEntityOfPage":{"@id":"https:\/\/all-car-news.com\/en\/my-porsche-and-i-are-going-on-a-road-trip-and-taking-with-us\/"},"wordCount":321,"commentCount":0,"publisher":{"@id":"https:\/\/all-car-news.com\/en\/#organization"},"articleSection":["car news"],"inLanguage":"en-US","potentialAction":[{"@type":"CommentAction","name":"Comment","target":["https:\/\/all-car-news.com\/en\/my-porsche-and-i-are-going-on-a-road-trip-and-taking-with-us\/#respond"]}]},{"@type":"WebPage","@id":"https:\/\/all-car-news.com\/en\/my-porsche-and-i-are-going-on-a-road-trip-and-taking-with-us\/","url":"https:\/\/all-car-news.com\/en\/my-porsche-and-i-are-going-on-a-road-trip-and-taking-with-us\/","name":"My Porsche and I are going on a road trip and taking with us...? - All cars news","isPartOf":{"@id":"https:\/\/all-car-news.com\/en\/#website"},"datePublished":"2022-09-09T10:02:00+00:00","dateModified":"2022-09-09T10:02:00+00:00","breadcrumb":{"@id":"https:\/\/all-car-news.com\/en\/my-porsche-and-i-are-going-on-a-road-trip-and-taking-with-us\/#breadcrumb"},"inLanguage":"en-US","potentialAction":[{"@type":"ReadAction","target":["https:\/\/all-car-news.com\/en\/my-porsche-and-i-are-going-on-a-road-trip-and-taking-with-us\/"]}]},{"@type":"BreadcrumbList","@id":"https:\/\/all-car-news.com\/en\/my-porsche-and-i-are-going-on-a-road-trip-and-taking-with-us\/#breadcrumb","itemListElement":[{"@type":"ListItem","position":1,"name":"Home","item":"https:\/\/all-car-news.com\/en\/"},{"@type":"ListItem","position":2,"name":"My Porsche and I are going on a road trip and taking with us&#8230;?"}]},{"@type":"WebSite","@id":"https:\/\/all-car-news.com\/en\/#website","url":"https:\/\/all-car-news.com\/en\/","name":"All cars news","description":"","publisher":{"@id":"https:\/\/all-car-news.com\/en\/#organization"},"potentialAction":[{"@type":"SearchAction","target":{"@type":"EntryPoint","urlTemplate":"https:\/\/all-car-news.com\/en\/?s={search_term_string}"},"query-input":"required name=search_term_string"}],"inLanguage":"en-US"},{"@type":"Organization","@id":"https:\/\/all-car-news.com\/en\/#organization","name":"All cars news","url":"https:\/\/all-car-news.com\/en\/","logo":{"@type":"ImageObject","inLanguage":"en-US","@id":"https:\/\/all-car-news.com\/en\/#\/schema\/logo\/image\/","url":"https:\/\/all-car-news.com\/wp-content\/uploads\/2022\/02\/CMYK-AllCarNews_LANDSCAPE_300px-1.png","contentUrl":"https:\/\/all-car-news.com\/wp-content\/uploads\/2022\/02\/CMYK-AllCarNews_LANDSCAPE_300px-1.png","width":300,"height":100,"caption":"All cars news"},"image":{"@id":"https:\/\/all-car-news.com\/en\/#\/schema\/logo\/image\/"}}]}},"_links":{"self":[{"href":"https:\/\/all-car-news.com\/en\/wp-json\/wp\/v2\/posts\/123620","targetHints":{"allow":["GET"]}}],"collection":[{"href":"https:\/\/all-car-news.com\/en\/wp-json\/wp\/v2\/posts"}],"about":[{"href":"https:\/\/all-car-news.com\/en\/wp-json\/wp\/v2\/types\/post"}],"replies":[{"embeddable":true,"href":"https:\/\/all-car-news.com\/en\/wp-json\/wp\/v2\/comments?post=123620"}],"version-history":[{"count":0,"href":"https:\/\/all-car-news.com\/en\/wp-json\/wp\/v2\/posts\/123620\/revisions"}],"wp:featuredmedia":[{"embeddable":true,"href":"https:\/\/all-car-news.com\/en\/wp-json\/wp\/v2\/media\/123582"}],"wp:attachment":[{"href":"https:\/\/all-car-news.com\/en\/wp-json\/wp\/v2\/media?parent=123620"}],"wp:term":[{"taxonomy":"category","embeddable":true,"href":"https:\/\/all-car-news.com\/en\/wp-json\/wp\/v2\/categories?post=123620"},{"taxonomy":"post_tag","embeddable":true,"href":"https:\/\/all-car-news.com\/en\/wp-json\/wp\/v2\/tags?post=123620"}],"curies":[{"name":"wp","href":"https:\/\/api.w.org\/{rel}","templated":true}]}}