{"id":116065,"date":"2022-02-16T11:06:18","date_gmt":"2022-02-16T11:06:18","guid":{"rendered":"http:\/\/all-car-news.acc1.n11.nl\/yamaha-tenere-700-world-raid-long-distance-buffalo\/"},"modified":"2022-02-16T11:06:18","modified_gmt":"2022-02-16T11:06:18","slug":"yamaha-tenere-700-world-raid-long-distance-buffalo","status":"publish","type":"post","link":"https:\/\/all-car-news.com\/en\/yamaha-tenere-700-world-raid-long-distance-buffalo\/","title":{"rendered":"Yamaha T\u00e9n\u00e9r\u00e9 700 World Raid: Long Distance Buffalo"},"content":{"rendered":"<h2>Same engine<\/h2>\n<p>The T\u00e9n\u00e9r\u00e9 700 is popular, having sold more than 20,000 units worldwide. This is due to the playful nature of the engine, partly caused by that lively CP2 engine, which is also in the MT 07 and can also be found in the T\u00e9n\u00e9r\u00e9 700 World Raid. The two-cylinder with a capacity of 689 cc has a lot of torque that is delivered linearly. Ideal for off-road.<\/p>\n<h2>Tenere 700 World Raid<\/h2>\n<p>The main adjustment Yamaha has made to the T\u00e9n\u00e9r\u00e9 700 World Raid is to increase the size of the tank. This has gone from 16 liters to 23 liters and is divided over two tanks. Yamaha has apparently listened to the feedback from the community as various forums have been looking for alternatives to increase the tank capacity.<\/p>\n<h2>Master in the Wilderness<\/h2>\n<p>With those words Yamaha describes this World Raid version. Because the larger tanks give the motorcycle a range of up to 500 kilometers. Because the two tanks are on opposite sides of the T\u00e9n\u00e9r\u00e9, the center of gravity remains low. Even as low as the normal T\u00e9n\u00e9r\u00e9 700, if we are to believe Yamaha. In this way, the agile character of the engine is preserved.<\/p>\n<p>Another key feature of this new layout is that the highest point of the new twin side-mounted tanks is lower than the top of the tank on the T\u00e9n\u00e9r\u00e9 700. This means there is less difference in height between the tank and the saddle and you can move your weight more easily as a rider.<\/p>\n<h2>What else is different?<\/h2>\n<p>The tanks are not the only thing that differs from the other versions. The World Raid also features a flatter two-piece seat, 5-inch TFT color display with three themes, mobile messaging connectivity, an added mode with front and rear ABS on and off, longer travel suspension, \u00d6hlins steering damper, larger footpegs, new skid plate and a new radiator grille.<\/p>\n<h3>All characteristics T\u00e9n\u00e9r\u00e9 700 World Raid<\/h3>\n<ul>\n<li>Twin 23 liter side-mounted fuel tanks<\/li>\n<li>Flat Rally Inspired 2-Piece Saddle<\/li>\n<li>5\u2033TFT color display for mobile messaging connectivity<\/li>\n<li>USB type A<\/li>\n<li>ABS system with 3 shift modes<\/li>\n<li>Premium 43mm KYB fork, 230mm travel<\/li>\n<li>\u00d6hlins adjustable steering damper<\/li>\n<li>Aluminum piggyback rear shock, 220mm . travel<\/li>\n<li>High windshield, easily removable side guides and LED indicators<\/li>\n<li>Completely new cockpit and new front cockpit<\/li>\n<li>New larger rider footpegs with easily removable rubber inserts<\/li>\n<li>3-Piece Aluminum Engine Guard<\/li>\n<li>New die-cast aluminum engine mount<\/li>\n<li>New radiator grille<\/li>\n<\/ul>\n<h2>When for sale?<\/h2>\n<p>The T\u00e9n\u00e9r\u00e9 700 World Raid comes in two colorways: Icon Blue and Midnight Black and will be available at dealers from the beginning of May. Prices are not yet known.<\/p>\n<\/p>\n<div class=\"galery shuffle galery-24702\">\n<figure>\n\t\t\t<a href=\"https:\/\/motorrai.nl\/wp-content\/uploads\/2022\/02\/Tenere-700-World-Raid-4.jpg\" data-fancybox=\"galery-24702\" title=\"\"><br \/>\n\t\t\t\t<img decoding=\"async\" src=\"https:\/\/motorrai.nl\/wp-content\/uploads\/2022\/02\/Tenere-700-World-Raid-4-640x480.jpg\" alt=\"T\u00e9n\u00e9r\u00e9 700 World Raid (4)\"><i class=\"fa fa-search-plus\" aria-hidden=\"true\"><\/i><br \/>\n\t\t\t<\/a><br \/>\n\t\t<\/figure>\n<figure>\n\t\t\t<a href=\"https:\/\/motorrai.nl\/wp-content\/uploads\/2022\/02\/Tenere-700-World-Raid-5.jpg\" data-fancybox=\"galery-24702\" title=\"\"><br \/>\n\t\t\t\t<img decoding=\"async\" src=\"https:\/\/motorrai.nl\/wp-content\/uploads\/2022\/02\/Tenere-700-World-Raid-5-360x270.jpg\" alt=\"T\u00e9n\u00e9r\u00e9 700 World Raid (5)\"><i class=\"fa fa-search-plus\" aria-hidden=\"true\"><\/i><br \/>\n\t\t\t<\/a><br \/>\n\t\t<\/figure>\n<figure>\n\t\t\t<a href=\"https:\/\/motorrai.nl\/wp-content\/uploads\/2022\/02\/Tenere-700-World-Raid-12.jpg\" data-fancybox=\"galery-24702\" title=\"\"><br \/>\n\t\t\t\t<img decoding=\"async\" src=\"https:\/\/motorrai.nl\/wp-content\/uploads\/2022\/02\/Tenere-700-World-Raid-12-360x270.jpg\" alt=\"T\u00e9n\u00e9r\u00e9 700 World Raid (12)\"><i class=\"fa fa-search-plus\" aria-hidden=\"true\"><\/i><br \/>\n\t\t\t<\/a><br \/>\n\t\t<\/figure>\n<figure>\n\t\t\t<a href=\"https:\/\/motorrai.nl\/wp-content\/uploads\/2022\/02\/Tenere-700-World-Raid-9.jpg\" data-fancybox=\"galery-24702\" title=\"\"><br \/>\n\t\t\t\t<img decoding=\"async\" src=\"https:\/\/motorrai.nl\/wp-content\/uploads\/2022\/02\/Tenere-700-World-Raid-9-640x480.jpg\" alt=\"T\u00e9n\u00e9r\u00e9 700 World Raid (9)\"><i class=\"fa fa-search-plus\" aria-hidden=\"true\"><\/i><br \/>\n\t\t\t<\/a><br \/>\n\t\t<\/figure>\n<figure>\n\t\t\t<a href=\"https:\/\/motorrai.nl\/wp-content\/uploads\/2022\/02\/Tenere-700-World-Raid-15.jpg\" data-fancybox=\"galery-24702\" title=\"\"><br \/>\n\t\t\t\t<img decoding=\"async\" src=\"https:\/\/motorrai.nl\/wp-content\/uploads\/2022\/02\/Tenere-700-World-Raid-15-360x270.jpg\" alt=\"T\u00e9n\u00e9r\u00e9 700 World Raid (15)\"><i class=\"fa fa-search-plus\" aria-hidden=\"true\"><\/i><br \/>\n\t\t\t<\/a><br \/>\n\t\t<\/figure>\n<figure>\n\t\t\t<a href=\"https:\/\/motorrai.nl\/wp-content\/uploads\/2022\/02\/Tenere-700-World-Raid-3.jpg\" data-fancybox=\"galery-24702\" title=\"\"><br \/>\n\t\t\t\t<img decoding=\"async\" src=\"https:\/\/motorrai.nl\/wp-content\/uploads\/2022\/02\/Tenere-700-World-Raid-3-360x270.jpg\" alt=\"T\u00e9n\u00e9r\u00e9 700 World Raid (3)\"><i class=\"fa fa-search-plus\" aria-hidden=\"true\"><\/i><br \/>\n\t\t\t<\/a><br \/>\n\t\t<\/figure>\n<div class=\"clear\"><\/div>\n<\/div>\n<div class=\"galery shuffle galery-24702\">\n<figure>\n\t\t\t<a href=\"https:\/\/motorrai.nl\/wp-content\/uploads\/2022\/02\/Tenere-700-World-Raid-28.jpg\" data-fancybox=\"galery-24702\" title=\"\"><br \/>\n\t\t\t\t<img decoding=\"async\" src=\"https:\/\/motorrai.nl\/wp-content\/uploads\/2022\/02\/Tenere-700-World-Raid-28-640x480.jpg\" alt=\"T\u00e9n\u00e9r\u00e9 700 World Raid (28)\"><i class=\"fa fa-search-plus\" aria-hidden=\"true\"><\/i><br \/>\n\t\t\t<\/a><br \/>\n\t\t<\/figure>\n<figure>\n\t\t\t<a href=\"https:\/\/motorrai.nl\/wp-content\/uploads\/2022\/02\/Tenere-700-World-Raid-20.jpg\" data-fancybox=\"galery-24702\" title=\"\"><br \/>\n\t\t\t\t<img decoding=\"async\" src=\"https:\/\/motorrai.nl\/wp-content\/uploads\/2022\/02\/Tenere-700-World-Raid-20-360x270.jpg\" alt=\"T\u00e9n\u00e9r\u00e9 700 World Raid (20)\"><i class=\"fa fa-search-plus\" aria-hidden=\"true\"><\/i><br \/>\n\t\t\t<\/a><br \/>\n\t\t<\/figure>\n<figure>\n\t\t\t<a href=\"https:\/\/motorrai.nl\/wp-content\/uploads\/2022\/02\/Tenere-700-World-Raid-22.jpg\" data-fancybox=\"galery-24702\" title=\"\"><br \/>\n\t\t\t\t<img decoding=\"async\" src=\"https:\/\/motorrai.nl\/wp-content\/uploads\/2022\/02\/Tenere-700-World-Raid-22-360x270.jpg\" alt=\"T\u00e9n\u00e9r\u00e9 700 World Raid (22)\"><i class=\"fa fa-search-plus\" aria-hidden=\"true\"><\/i><br \/>\n\t\t\t<\/a><br \/>\n\t\t<\/figure>\n<div class=\"clear\"><\/div>\n<\/div>\n<div class=\"galery galery-24702\">\n<figure>\n\t\t\t<a href=\"https:\/\/motorrai.nl\/wp-content\/uploads\/2022\/02\/Tenere-700-World-Raid-47.jpg\" data-fancybox=\"galery-24702\" title=\"\"><br \/>\n\t\t\t\t<img decoding=\"async\" src=\"https:\/\/motorrai.nl\/wp-content\/uploads\/2022\/02\/Tenere-700-World-Raid-47-360x270.jpg\" alt=\"T\u00e9n\u00e9r\u00e9 700 World Raid (47)\"><i class=\"fa fa-search-plus\" aria-hidden=\"true\"><\/i><br \/>\n\t\t\t<\/a><br \/>\n\t\t<\/figure>\n<figure>\n\t\t\t<a href=\"https:\/\/motorrai.nl\/wp-content\/uploads\/2022\/02\/Tenere-700-World-Raid-42.jpg\" data-fancybox=\"galery-24702\" title=\"\"><br \/>\n\t\t\t\t<img decoding=\"async\" src=\"https:\/\/motorrai.nl\/wp-content\/uploads\/2022\/02\/Tenere-700-World-Raid-42-360x270.jpg\" alt=\"T\u00e9n\u00e9r\u00e9 700 World Raid (42)\"><i class=\"fa fa-search-plus\" aria-hidden=\"true\"><\/i><br \/>\n\t\t\t<\/a><br \/>\n\t\t<\/figure>\n<div class=\"clear\"><\/div>\n<\/div>\n","protected":false},"excerpt":{"rendered":"The same bike The T\u00e9n\u00e9r\u00e9 700 is popular, as the motorcycle has been sold more than 20,000 times worldwide. This&hellip;","protected":false},"author":0,"featured_media":116064,"comment_status":"open","ping_status":"open","sticky":false,"template":"","format":"standard","meta":{"footnotes":""},"categories":[93],"tags":[],"class_list":["post-116065","post","type-post","status-publish","format-standard","has-post-thumbnail","hentry","category-car-news"],"acf":[],"yoast_head":"<!-- This site is optimized with the Yoast SEO plugin v21.2 - https:\/\/yoast.com\/wordpress\/plugins\/seo\/ -->\n<title>Yamaha T\u00e9n\u00e9r\u00e9 700 World Raid: Long Distance Buffalo - All cars news<\/title>\n<meta name=\"robots\" content=\"index, follow, max-snippet:-1, max-image-preview:large, max-video-preview:-1\" \/>\n<link rel=\"canonical\" href=\"https:\/\/all-car-news.com\/en\/yamaha-tenere-700-world-raid-long-distance-buffalo\/\" \/>\n<meta property=\"og:locale\" content=\"en_US\" \/>\n<meta property=\"og:type\" content=\"article\" \/>\n<meta property=\"og:title\" content=\"Yamaha T\u00e9n\u00e9r\u00e9 700 World Raid: Long Distance Buffalo - All cars news\" \/>\n<meta property=\"og:description\" content=\"The same bike The T\u00e9n\u00e9r\u00e9 700 is popular, as the motorcycle has been sold more than 20,000 times worldwide. This is due to the playful nature of the engine, partly caused by that lively CP2 engine, which is also in the MT 07 and can also be found in the T\u00e9n\u00e9r\u00e9 700 World Raid. The two-cylinder with [\u2026]\" \/>\n<meta property=\"og:url\" content=\"https:\/\/all-car-news.com\/en\/yamaha-tenere-700-world-raid-long-distance-buffalo\/\" \/>\n<meta property=\"og:site_name\" content=\"All cars news\" \/>\n<meta property=\"article:published_time\" content=\"2022-02-16T11:06:18+00:00\" \/>\n<meta property=\"og:image\" content=\"https:\/\/all-car-news.com\/wp-content\/uploads\/2022\/02\/2022_YAM_XTZ700D_EU_DPBMC_STA_001_03_preview.jpg\" \/>\n\t<meta property=\"og:image:width\" content=\"1600\" \/>\n\t<meta property=\"og:image:height\" content=\"900\" \/>\n\t<meta property=\"og:image:type\" content=\"image\/jpeg\" \/>\n<meta name=\"twitter:card\" content=\"summary_large_image\" \/>\n<meta name=\"twitter:label1\" content=\"Est. reading time\" \/>\n\t<meta name=\"twitter:data1\" content=\"2 minutes\" \/>\n<script type=\"application\/ld+json\" class=\"yoast-schema-graph\">{\"@context\":\"https:\/\/schema.org\",\"@graph\":[{\"@type\":\"Article\",\"@id\":\"https:\/\/all-car-news.com\/en\/yamaha-tenere-700-world-raid-long-distance-buffalo\/#article\",\"isPartOf\":{\"@id\":\"https:\/\/all-car-news.com\/en\/yamaha-tenere-700-world-raid-long-distance-buffalo\/\"},\"author\":{\"name\":\"\",\"@id\":\"\"},\"headline\":\"Yamaha T\u00e9n\u00e9r\u00e9 700 World Raid: Long Distance Buffalo\",\"datePublished\":\"2022-02-16T11:06:18+00:00\",\"dateModified\":\"2022-02-16T11:06:18+00:00\",\"mainEntityOfPage\":{\"@id\":\"https:\/\/all-car-news.com\/en\/yamaha-tenere-700-world-raid-long-distance-buffalo\/\"},\"wordCount\":446,\"commentCount\":0,\"publisher\":{\"@id\":\"https:\/\/all-car-news.com\/en\/#organization\"},\"articleSection\":[\"car news\"],\"inLanguage\":\"en-US\",\"potentialAction\":[{\"@type\":\"CommentAction\",\"name\":\"Comment\",\"target\":[\"https:\/\/all-car-news.com\/en\/yamaha-tenere-700-world-raid-long-distance-buffalo\/#respond\"]}]},{\"@type\":\"WebPage\",\"@id\":\"https:\/\/all-car-news.com\/en\/yamaha-tenere-700-world-raid-long-distance-buffalo\/\",\"url\":\"https:\/\/all-car-news.com\/en\/yamaha-tenere-700-world-raid-long-distance-buffalo\/\",\"name\":\"Yamaha T\u00e9n\u00e9r\u00e9 700 World Raid: Long Distance Buffalo - All cars news\",\"isPartOf\":{\"@id\":\"https:\/\/all-car-news.com\/en\/#website\"},\"datePublished\":\"2022-02-16T11:06:18+00:00\",\"dateModified\":\"2022-02-16T11:06:18+00:00\",\"breadcrumb\":{\"@id\":\"https:\/\/all-car-news.com\/en\/yamaha-tenere-700-world-raid-long-distance-buffalo\/#breadcrumb\"},\"inLanguage\":\"en-US\",\"potentialAction\":[{\"@type\":\"ReadAction\",\"target\":[\"https:\/\/all-car-news.com\/en\/yamaha-tenere-700-world-raid-long-distance-buffalo\/\"]}]},{\"@type\":\"BreadcrumbList\",\"@id\":\"https:\/\/all-car-news.com\/en\/yamaha-tenere-700-world-raid-long-distance-buffalo\/#breadcrumb\",\"itemListElement\":[{\"@type\":\"ListItem\",\"position\":1,\"name\":\"Home\",\"item\":\"https:\/\/all-car-news.com\/en\/\"},{\"@type\":\"ListItem\",\"position\":2,\"name\":\"Yamaha T\u00e9n\u00e9r\u00e9 700 World Raid: Long Distance Buffalo\"}]},{\"@type\":\"WebSite\",\"@id\":\"https:\/\/all-car-news.com\/en\/#website\",\"url\":\"https:\/\/all-car-news.com\/en\/\",\"name\":\"All cars news\",\"description\":\"\",\"publisher\":{\"@id\":\"https:\/\/all-car-news.com\/en\/#organization\"},\"potentialAction\":[{\"@type\":\"SearchAction\",\"target\":{\"@type\":\"EntryPoint\",\"urlTemplate\":\"https:\/\/all-car-news.com\/en\/?s={search_term_string}\"},\"query-input\":\"required name=search_term_string\"}],\"inLanguage\":\"en-US\"},{\"@type\":\"Organization\",\"@id\":\"https:\/\/all-car-news.com\/en\/#organization\",\"name\":\"All cars news\",\"url\":\"https:\/\/all-car-news.com\/en\/\",\"logo\":{\"@type\":\"ImageObject\",\"inLanguage\":\"en-US\",\"@id\":\"https:\/\/all-car-news.com\/en\/#\/schema\/logo\/image\/\",\"url\":\"https:\/\/all-car-news.com\/wp-content\/uploads\/2022\/02\/CMYK-AllCarNews_LANDSCAPE_300px-1.png\",\"contentUrl\":\"https:\/\/all-car-news.com\/wp-content\/uploads\/2022\/02\/CMYK-AllCarNews_LANDSCAPE_300px-1.png\",\"width\":300,\"height\":100,\"caption\":\"All cars news\"},\"image\":{\"@id\":\"https:\/\/all-car-news.com\/en\/#\/schema\/logo\/image\/\"}}]}<\/script>\n<!-- \/ Yoast SEO plugin. -->","yoast_head_json":{"title":"Yamaha T\u00e9n\u00e9r\u00e9 700 World Raid: Long Distance Buffalo - All cars news","robots":{"index":"index","follow":"follow","max-snippet":"max-snippet:-1","max-image-preview":"max-image-preview:large","max-video-preview":"max-video-preview:-1"},"canonical":"https:\/\/all-car-news.com\/en\/yamaha-tenere-700-world-raid-long-distance-buffalo\/","og_locale":"en_US","og_type":"article","og_title":"Yamaha T\u00e9n\u00e9r\u00e9 700 World Raid: Long Distance Buffalo - All cars news","og_description":"The same bike The T\u00e9n\u00e9r\u00e9 700 is popular, as the motorcycle has been sold more than 20,000 times worldwide. This is due to the playful nature of the engine, partly caused by that lively CP2 engine, which is also in the MT 07 and can also be found in the T\u00e9n\u00e9r\u00e9 700 World Raid. The two-cylinder with [\u2026]","og_url":"https:\/\/all-car-news.com\/en\/yamaha-tenere-700-world-raid-long-distance-buffalo\/","og_site_name":"All cars news","article_published_time":"2022-02-16T11:06:18+00:00","og_image":[{"width":1600,"height":900,"url":"https:\/\/all-car-news.com\/wp-content\/uploads\/2022\/02\/2022_YAM_XTZ700D_EU_DPBMC_STA_001_03_preview.jpg","type":"image\/jpeg"}],"twitter_card":"summary_large_image","twitter_misc":{"Est. reading time":"2 minutes"},"schema":{"@context":"https:\/\/schema.org","@graph":[{"@type":"Article","@id":"https:\/\/all-car-news.com\/en\/yamaha-tenere-700-world-raid-long-distance-buffalo\/#article","isPartOf":{"@id":"https:\/\/all-car-news.com\/en\/yamaha-tenere-700-world-raid-long-distance-buffalo\/"},"author":{"name":"","@id":""},"headline":"Yamaha T\u00e9n\u00e9r\u00e9 700 World Raid: Long Distance Buffalo","datePublished":"2022-02-16T11:06:18+00:00","dateModified":"2022-02-16T11:06:18+00:00","mainEntityOfPage":{"@id":"https:\/\/all-car-news.com\/en\/yamaha-tenere-700-world-raid-long-distance-buffalo\/"},"wordCount":446,"commentCount":0,"publisher":{"@id":"https:\/\/all-car-news.com\/en\/#organization"},"articleSection":["car news"],"inLanguage":"en-US","potentialAction":[{"@type":"CommentAction","name":"Comment","target":["https:\/\/all-car-news.com\/en\/yamaha-tenere-700-world-raid-long-distance-buffalo\/#respond"]}]},{"@type":"WebPage","@id":"https:\/\/all-car-news.com\/en\/yamaha-tenere-700-world-raid-long-distance-buffalo\/","url":"https:\/\/all-car-news.com\/en\/yamaha-tenere-700-world-raid-long-distance-buffalo\/","name":"Yamaha T\u00e9n\u00e9r\u00e9 700 World Raid: Long Distance Buffalo - All cars news","isPartOf":{"@id":"https:\/\/all-car-news.com\/en\/#website"},"datePublished":"2022-02-16T11:06:18+00:00","dateModified":"2022-02-16T11:06:18+00:00","breadcrumb":{"@id":"https:\/\/all-car-news.com\/en\/yamaha-tenere-700-world-raid-long-distance-buffalo\/#breadcrumb"},"inLanguage":"en-US","potentialAction":[{"@type":"ReadAction","target":["https:\/\/all-car-news.com\/en\/yamaha-tenere-700-world-raid-long-distance-buffalo\/"]}]},{"@type":"BreadcrumbList","@id":"https:\/\/all-car-news.com\/en\/yamaha-tenere-700-world-raid-long-distance-buffalo\/#breadcrumb","itemListElement":[{"@type":"ListItem","position":1,"name":"Home","item":"https:\/\/all-car-news.com\/en\/"},{"@type":"ListItem","position":2,"name":"Yamaha T\u00e9n\u00e9r\u00e9 700 World Raid: Long Distance Buffalo"}]},{"@type":"WebSite","@id":"https:\/\/all-car-news.com\/en\/#website","url":"https:\/\/all-car-news.com\/en\/","name":"All cars news","description":"","publisher":{"@id":"https:\/\/all-car-news.com\/en\/#organization"},"potentialAction":[{"@type":"SearchAction","target":{"@type":"EntryPoint","urlTemplate":"https:\/\/all-car-news.com\/en\/?s={search_term_string}"},"query-input":"required name=search_term_string"}],"inLanguage":"en-US"},{"@type":"Organization","@id":"https:\/\/all-car-news.com\/en\/#organization","name":"All cars news","url":"https:\/\/all-car-news.com\/en\/","logo":{"@type":"ImageObject","inLanguage":"en-US","@id":"https:\/\/all-car-news.com\/en\/#\/schema\/logo\/image\/","url":"https:\/\/all-car-news.com\/wp-content\/uploads\/2022\/02\/CMYK-AllCarNews_LANDSCAPE_300px-1.png","contentUrl":"https:\/\/all-car-news.com\/wp-content\/uploads\/2022\/02\/CMYK-AllCarNews_LANDSCAPE_300px-1.png","width":300,"height":100,"caption":"All cars news"},"image":{"@id":"https:\/\/all-car-news.com\/en\/#\/schema\/logo\/image\/"}}]}},"_links":{"self":[{"href":"https:\/\/all-car-news.com\/en\/wp-json\/wp\/v2\/posts\/116065","targetHints":{"allow":["GET"]}}],"collection":[{"href":"https:\/\/all-car-news.com\/en\/wp-json\/wp\/v2\/posts"}],"about":[{"href":"https:\/\/all-car-news.com\/en\/wp-json\/wp\/v2\/types\/post"}],"replies":[{"embeddable":true,"href":"https:\/\/all-car-news.com\/en\/wp-json\/wp\/v2\/comments?post=116065"}],"version-history":[{"count":0,"href":"https:\/\/all-car-news.com\/en\/wp-json\/wp\/v2\/posts\/116065\/revisions"}],"wp:featuredmedia":[{"embeddable":true,"href":"https:\/\/all-car-news.com\/en\/wp-json\/wp\/v2\/media\/116064"}],"wp:attachment":[{"href":"https:\/\/all-car-news.com\/en\/wp-json\/wp\/v2\/media?parent=116065"}],"wp:term":[{"taxonomy":"category","embeddable":true,"href":"https:\/\/all-car-news.com\/en\/wp-json\/wp\/v2\/categories?post=116065"},{"taxonomy":"post_tag","embeddable":true,"href":"https:\/\/all-car-news.com\/en\/wp-json\/wp\/v2\/tags?post=116065"}],"curies":[{"name":"wp","href":"https:\/\/api.w.org\/{rel}","templated":true}]}}