{"id":162726,"date":"2026-04-28T10:53:17","date_gmt":"2026-04-28T10:53:17","guid":{"rendered":"https:\/\/all-car-news.com\/das-jahr-des-facelifts-zaehlt-bei-der-bestellung-von-teilen-mehr-als-das-modelljahr\/"},"modified":"2026-04-28T10:53:17","modified_gmt":"2026-04-28T10:53:17","slug":"das-jahr-des-facelifts-zaehlt-bei-der-bestellung-von-teilen-mehr-als-das-modelljahr","status":"publish","type":"post","link":"https:\/\/all-car-news.com\/de\/das-jahr-des-facelifts-zaehlt-bei-der-bestellung-von-teilen-mehr-als-das-modelljahr\/","title":{"rendered":"Das Jahr des Facelifts z\u00e4hlt bei der Bestellung von Teilen mehr als das Modelljahr"},"content":{"rendered":"<p>Zwei Autos k\u00f6nnen den gleichen Modellnamen und das gleiche Modelljahr haben und dennoch v\u00f6llig unterschiedliche Teile ben\u00f6tigen. Die Ursache ist fast immer ein Facelift &#8211; das Zwischenupdate, das die meisten Hersteller in der Mitte des Lebenszyklus eines Modells durchf\u00fchren. Wer die Facelift-Grenze seines Fahrzeugs nicht kennt, riskiert, ein Teil zu bestellen, das wie das richtige aussieht, aber einfach nicht passt.  <\/p>\n<h2 class=\"wp-block-heading\">Was \u00e4ndert sich bei einem Facelifting?&nbsp;<\/h2>\n<p>Bei einem Facelift geht es selten nur um ein neues Sto\u00dfstangendesign. Hersteller &nbsp;erneuern&nbsp;unter&nbsp;a&nbsp;Facelift&nbsp;in der Regel&nbsp;mehrere&nbsp;Systeme&nbsp;zur gleichen Zeit:&nbsp;Scheinwerfer&nbsp;und&nbsp;R\u00fcckleuchten&nbsp;erhalten&nbsp;a&nbsp;neu&nbsp;Entwurf&nbsp;mit&nbsp;andere&nbsp;Steckertypen&nbsp;und&nbsp;LED-Module,&nbsp;Front und&nbsp;Hecksto\u00dfstangen&nbsp;erhalten.&nbsp;ge\u00e4ndert&nbsp;Befestigungspunkte&nbsp;und&nbsp;andere&nbsp;Sensor-Konfigurationen&nbsp;f\u00fcr&nbsp;Einparkhilfe&nbsp;und&nbsp;adaptiv&nbsp;Kreuzfahrt&nbsp;Kontrolle,&nbsp;Kabelb\u00e4ume&nbsp;f\u00fcr&nbsp;Beleuchtung,&nbsp;Kameras&nbsp;und&nbsp;Parksensoren&nbsp;sein&nbsp;wieder&nbsp;Layouted, und ECU-Varianten&nbsp;sein&nbsp;aktualisiert&nbsp;mit&nbsp;Software-Versionen&nbsp;diese&nbsp;speziell&nbsp;sind f\u00fcr die Facelift-Version.&nbsp;<\/p>\n<p>Das&nbsp;hat&nbsp;direkte Auswirkungen auf die Substituierbarkeit von Komponenten.&nbsp;A&nbsp;Scheinwerfer&nbsp;von&nbsp;a&nbsp;Pre-Facelift-Modell&nbsp;passt&nbsp;nicht&nbsp;notwendigerweise in&nbsp;a&nbsp;Post-Facelift-Modell,&nbsp;auch&nbsp;obwohl die \u00e4u\u00dferen Abmessungen identisch sind.&nbsp;Steckerprofile,&nbsp;Montageclips&nbsp;und die CAN-Bus-Kommunikation&nbsp;zwischen&nbsp;Lampe und Karosseriesteuerger\u00e4t gewechselt.&nbsp;Was&nbsp;von&nbsp;au\u00dferhalb&nbsp;schaut&nbsp;als&nbsp;dasselbe&nbsp;Teil,&nbsp;erfordert&nbsp;Auf Komponentenebene eine andere Teilenummerngruppe.&nbsp;<\/p>\n<p>Wie&nbsp;aktueller&nbsp;die&nbsp;Fahrzeug,&nbsp;wie&nbsp;gr\u00f6\u00dfer&nbsp;die&nbsp;Gelegenheit&nbsp;dass&nbsp;a&nbsp;Facelift&nbsp;auch&nbsp;elektronisch&nbsp;Anpassungen&nbsp;bringt&nbsp;diese&nbsp;nicht&nbsp;sind auf der Au\u00dfenseite sichtbar. Moderne Fahrerassistenzsysteme, adaptive Scheinwerfer und integrierte Kamerasysteme machen das Facelift frontier technisch radikaler als vor 20 Jahren.&nbsp;<\/p>\n<h2 class=\"wp-block-heading\">Gleicher Modellname, drei verschiedene Autos&nbsp;<\/h2>\n<p><strong>VW Golf Mk7 und Mk7.5<\/strong>&nbsp;<\/p>\n<p>Golf&nbsp;hei\u00df&nbsp;Golf,&nbsp;unabh\u00e4ngig von&nbsp;oder&nbsp;die&nbsp;betrifft ein 2014er oder ein 2018er Modell.&nbsp;Aber&nbsp;Der Golf Mk7 (2012-2017) und der Golf Mk7.5 (2017-2021)&nbsp;seine&nbsp;was&nbsp;betrifft&nbsp;die&nbsp;Vorderteil, das&nbsp;R\u00fcckleuchten&nbsp;und&nbsp;a&nbsp;Nummer&nbsp;Kabelb\u00e4ume f\u00fcr zwei v\u00f6llig unterschiedliche Autos.&nbsp;Vorderseite&nbsp;Sto\u00dfstangen-Tr\u00e4ger,&nbsp;Grillrahmen&nbsp;und die LED-Tagfahrlichter sind bei der Facelift-Linie nicht austauschbar.&nbsp;Wer&nbsp;Bestellungen&nbsp;Basierend auf &#8218;Golf 7&#8216;&nbsp;ohne&nbsp;Mk7 oder Mk7.5 bis&nbsp;spezifizieren, geht ein erhebliches Risiko ein.&nbsp;<\/p>\n<p>Die Facelift-Grenze&nbsp;f\u00fcr&nbsp;Der Golf Mk7.5 liegt&nbsp;unter&nbsp;Produktionsdatum&nbsp;Juli 2017 &#8211; nicht mit Modelljahr 2017.&nbsp;A&nbsp;Auto benutzt in&nbsp;Januar&nbsp;2017&nbsp;war&nbsp;eingeschrieben, ist&nbsp;in der Regel&nbsp;a&nbsp;Mk7;&nbsp;a&nbsp;September 2017 Auto kann&nbsp;sehr wohl ein Mk7.5 sein. Das Modelljahr allein sagt nichts dar\u00fcber aus. &nbsp;<\/p>\n<p><strong>BMW E90 3er-Serie LCI<\/strong>&nbsp;<\/p>\n<p>BMW&nbsp;Erw\u00e4hnt&nbsp;Sind Facelift-Updates LCI (Life Cycle Impulse).&nbsp;F\u00fcr&nbsp;Die E90 3er-Limousine&nbsp;erschienen&nbsp;der AKI im&nbsp;Sommer&nbsp;von 2008 &#8211;&nbsp;aber&nbsp;f\u00fcr&nbsp;den E91 Kombi und das E92 Coup\u00e9 etwas sp\u00e4ter, im Jahr 2009. Die&nbsp;Scheinwerfer&nbsp;seine&nbsp;nicht&nbsp;austauschbar&nbsp;\u00fcber dem LCI-Grenzwert:&nbsp;vor LCI&nbsp;gebraucht&nbsp;Halogen-Projektoren&nbsp;mit&nbsp;a&nbsp;speziell&nbsp;Steckerdesign, die LCI-Version Bi-Xenon-Projektoren mit einem anderen.&nbsp;R\u00fcckleuchten,&nbsp;Spiegelgeh\u00e4use&nbsp;und&nbsp;bestimmte&nbsp;Auch die Teile der Innenverkleidung sind nicht austauschbar.&nbsp;<\/p>\n<p>Viele&nbsp;gebraucht&nbsp;E90 Teile&nbsp;sein&nbsp;online&nbsp;einfach&nbsp;wird als &#8218;E90&#8216; angeboten, ohne dass der LCI-Status erw\u00e4hnt wird.&nbsp;Wer&nbsp;seine&nbsp;Produktionsdatum&nbsp;nicht&nbsp;wei\u00df,&nbsp;l\u00e4uft&nbsp;die&nbsp;Risiko&nbsp;a&nbsp;Scheinwerfer&nbsp;unter&nbsp;kaufen&nbsp;diese&nbsp;Geometrisch&nbsp;im&nbsp;Er\u00f6ffnung&nbsp;passt,&nbsp;aber&nbsp;noch&nbsp;die&nbsp;rechts&nbsp;Stecker&nbsp;hat&nbsp;noch das richtige ECU-Kommunikationsprofil unterst\u00fctzt.&nbsp;<\/p>\n<p><strong>Audi A4 B8 und B8.5<\/strong>&nbsp;<\/p>\n<p>Der Audi A4 B8 (2007-2012) und der&nbsp;Facelifted&nbsp;B8.5 (2012-2016) teilen sich die&nbsp;Grundlegende K\u00f6rperarbeit,&nbsp;aber&nbsp;Front und Heck wurden erheblich ver\u00e4ndert.&nbsp;Scheinwerfer&nbsp;seine&nbsp;nicht&nbsp;auf Gegenseitigkeit&nbsp;austauschbar, und die Sto\u00dff\u00e4ngereins\u00e4tze haben unterschiedliche Befestigungspunkte. Auf Gebrauchtplattformen werden viele Teile einfach als &#8218;Audi A4&#8216; angeboten &#8211; ohne die Bezeichnung B8 oder B8.5.  Der Preis mag stimmen, die Teilenummer mag vern\u00fcnftig aussehen, und doch passt das Teil nicht.&nbsp;<\/p>\n<h2 class=\"wp-block-heading\">Das Produktionsdatum ist genauer als das Modelljahr&nbsp;<\/h2>\n<p>Modelljahr&nbsp;ist&nbsp;ein Verkaufskonzept, kein technisches Konzept.&nbsp;A&nbsp;Auto aufgef\u00fchrt als &#8218;Modelljahr&nbsp;2017&#8216;&nbsp;ist&nbsp;verkauft, die&nbsp;Fabrik&nbsp;im Dezember 2016 oder im Oktober 2017&nbsp;haben&nbsp;Verlassen&nbsp;&#8211; und der Facelift-\u00dcbergang findet&nbsp;immer&nbsp;Standort&nbsp;unter&nbsp;a&nbsp;spezifisch&nbsp;Produktionsdatum&nbsp;oder Fahrgestellnummern-Limit, nicht auf ein Kalenderjahr.&nbsp;<\/p>\n<p>Die&nbsp;Die meisten&nbsp;zuverl\u00e4ssig&nbsp;Methode&nbsp;ist&nbsp;die&nbsp;lesen&nbsp;der&nbsp;Produktionsdatum&nbsp;von&nbsp;das Typenschild in der T\u00fcrpfosten der B-S\u00e4ule.&nbsp;Biene&nbsp;fast&nbsp;alle&nbsp;Europ\u00e4isch&nbsp;Autos&nbsp;Staat&nbsp;hier die&nbsp;Produktionsdatum&nbsp;als Monat und Jahr aufgef\u00fchrt. Mit diesem Datum &nbsp;Suche&nbsp;Ihr&nbsp;dann&nbsp;das Limit f\u00fcr das Facelifting erh\u00f6hen&nbsp;f\u00fcr&nbsp;die&nbsp;spezifisch&nbsp;Modell und das&nbsp;Karosseriestil&nbsp;&#8211; und&nbsp;verwenden Sie&nbsp;Ihr&nbsp;der als&nbsp;Abgrenzung&nbsp;anstelle des Modelljahres.&nbsp;<\/p>\n<p>F\u00fcr&nbsp;BMW Modelle ist&nbsp;die&nbsp;Fahrgestellnummer Intervall&nbsp;zus\u00e4tzlich&nbsp;n\u00fctzlich,&nbsp;denn&nbsp;der LCI-\u00dcbergang&nbsp;nicht&nbsp;immer&nbsp;genau&nbsp;unter&nbsp;a&nbsp;Limit f\u00fcr das Produktionsdatum&nbsp;f\u00e4llt,&nbsp;sondern auf einen bestimmten Seriennummernblock. VIN-Decoder des Herstellers oder unabh\u00e4ngige VIN-Pr\u00fcfseiten best\u00e4tigen die Herstellungsversion und die Produktionswoche in weniger als einer Minute. &nbsp;<\/p>\n<p>Dabei&nbsp;ist&nbsp;die&nbsp;gut&nbsp;unter&nbsp;kennen&nbsp;dass&nbsp;Codes&nbsp;als &#8218;B8&#8216; und &#8218;B8.5&#8216;.&nbsp;unter&nbsp;Audi, oder &#8218;Mk7&#8216; und &#8218;Mk7.5&#8216;.&nbsp;unter&nbsp;Volkswagen, sind keine offiziellen Herstellerbezeichnungen. Sie sind Marktkonventionen. Der Hersteller kommuniziert intern \u00fcber Produktionsdatumsbereiche und Fahrgestellnummernbl\u00f6cke.  &nbsp;Wer&nbsp;Teile&nbsp;sucht&nbsp;auf der Grundlage dieser&nbsp;Marktkonventionen&nbsp;ohne&nbsp;Produktionsdatum&nbsp;unter&nbsp;kennen,&nbsp;arbeitet mit einer unvollst\u00e4ndigen Referenz.&nbsp;<\/p>\n<h2 class=\"wp-block-heading\">Ersatzteile aus zweiter Hand: wo die Verwirrung beim Facelifting am gr\u00f6\u00dften ist&nbsp;<\/h2>\n<p>Das Facelifting-Problem ist auf dem Gebrauchtwagenmarkt am deutlichsten zu sp\u00fcren. Diejenigen, die gebrauchte Autoteile kaufen&nbsp;<a href=\"https:\/\/www.autoparts24.nl\/\" target=\"_blank\" rel=\"noreferrer noopener\">Suche \u00fcber Autoparts24<\/a> oder&nbsp;a&nbsp;andere&nbsp;spezialisiert&nbsp;Schrotth\u00e4ndler, macht Sinn&nbsp;zu&nbsp;die&nbsp;OEM-Nummer&nbsp;von&nbsp;die&nbsp;Original&nbsp;Teil&nbsp;als&nbsp;prim\u00e4r&nbsp;Suchparameter&nbsp;unter&nbsp;verwenden Sie&nbsp;&#8211; und&nbsp;nicht&nbsp;den Modellnamen oder das Modelljahr.&nbsp;<\/p>\n<p>Neu&nbsp;Teile&nbsp;sein&nbsp;in der Regel&nbsp;\u00fcber VIN-gesteuert&nbsp;Katalogsysteme&nbsp;geliefert,&nbsp;wo das Facelift-Limit automatisch \u00fcbernommen wird.&nbsp;Biene&nbsp;aus zweiter Hand&nbsp;Teile&nbsp;&#8211; abgeleitet von&nbsp;Autoverwerter, online&nbsp;Marktpl\u00e4tze&nbsp;oder&nbsp;spezialisiert&nbsp;H\u00e4ndler&nbsp;&#8211;&nbsp;ist&nbsp;die&nbsp;Katalogbeschreibung durch den Verk\u00e4ufer bestimmt. Die &nbsp;Erw\u00e4hnt&nbsp;lang&nbsp;nicht&nbsp;immer&nbsp;oder&nbsp;a&nbsp;Teil&nbsp;von&nbsp;a&nbsp;vor oder nach einem Facelift,&nbsp;sp\u00e4t&nbsp;sind&nbsp;das Produktionsdatum des Spenderfahrzeugs.&nbsp;<\/p>\n<p>Die&nbsp;praktisch&nbsp;Ratschl\u00e4ge:&nbsp;Frage&nbsp;unter&nbsp;Zweifel&nbsp;immer&nbsp;die&nbsp;OEM-Nummer auf von&nbsp;die&nbsp;angeboten&nbsp;Teil, und&nbsp;vergleichen&nbsp;dass&nbsp;mit&nbsp;die&nbsp;Anzahl von&nbsp;die&nbsp;Teil, das Sie ersetzen m\u00f6chten.&nbsp;Kommen Sie&nbsp;Sie&nbsp;\u00fcbereinstimmen, dann&nbsp;passt&nbsp;die&nbsp;Teil&nbsp;&#8211;&nbsp;unabh\u00e4ngig von&nbsp;wie&nbsp;beschreibt der Verk\u00e4ufer das Modell.&nbsp;<\/p>\n<h2 class=\"wp-block-heading\">Die OEM-Nummer als narrensichere Suchmethode&nbsp;<\/h2>\n<p>Die OEM-Nummer (Original Equipment Manufacturer) ist die Herstellernummer genau des Teils, das sich in Ihrem Fahrzeug befindet. Sie ist eindeutig an ein bestimmtes Bauteil gebunden &#8211; nicht an einen Modellnamen, ein Modelljahr oder eine Karosserievariante.&nbsp;<\/p>\n<p>Die&nbsp;Arbeitsmethode&nbsp;ist&nbsp;einfach:&nbsp;lesen&nbsp;die&nbsp;OEM-Nummer aus von&nbsp;die&nbsp;bestehende&nbsp;Teil&nbsp;&#8211;&nbsp;gedruckt&nbsp;unter&nbsp;die&nbsp;Teil&nbsp;Sie selbst&nbsp;oder&nbsp;verf\u00fcgbar&nbsp;durch die&nbsp;Teilekatalog&nbsp;durch den Hersteller&nbsp;mit&nbsp;VIN Beratung&nbsp;&#8211; und suchen Sie nach genau dieser Nummer.&nbsp;A&nbsp;Scheinwerfer&nbsp;f\u00fcr&nbsp;Der Golf Mk7 und&nbsp;a&nbsp;f\u00fcr&nbsp;der Mk7.5&nbsp;haben&nbsp;zwei&nbsp;verschiedene OEM-Nummern,&nbsp;auch&nbsp;al&nbsp;fit&nbsp;die scheinbar in der gleichen \u00d6ffnung stecken. Die Nummer verr\u00e4t die Generation, der Modellname jedoch nicht. &nbsp;<\/p>\n<p>Wenn Sie Zweifel an der richtigen OEM-Nummer haben, ist der offizielle Teilekatalog des Herstellers der zuverl\u00e4ssigste Ausgangspunkt. BMW (ETK), Mercedes-Benz (EPC) und der Volkswagen &nbsp;Gruppe&nbsp;(ETKA)&nbsp;Angebot&nbsp;online VIN-basiert&nbsp;Kataloge&nbsp;zu&nbsp;diese&nbsp;die&nbsp;genau&nbsp;Teilenummer&nbsp;f\u00fcr&nbsp;die&nbsp;spezifisch&nbsp;Fahrzeug&nbsp;zeigen, einschlie\u00dflich der Facelift-Version und des Produktionszeitraums.&nbsp;<\/p>\n","protected":false},"excerpt":{"rendered":"Zwei Autos k\u00f6nnen den gleichen Modellnamen und das gleiche Modelljahr haben und dennoch v\u00f6llig unterschiedliche Teile ben\u00f6tigen. Die Ursache ist&hellip;","protected":false},"author":0,"featured_media":162666,"comment_status":"","ping_status":"open","sticky":false,"template":"","format":"standard","meta":{"footnotes":""},"categories":[125],"tags":[],"class_list":["post-162726","post","type-post","status-publish","format-standard","has-post-thumbnail","hentry","category-auto-nachrichten"],"acf":[],"yoast_head":"<!-- This site is optimized with the Yoast SEO plugin v21.2 - https:\/\/yoast.com\/wordpress\/plugins\/seo\/ -->\n<title>Das Jahr des Facelifts z\u00e4hlt bei der Bestellung von Teilen mehr als das Modelljahr - All cars news<\/title>\n<meta name=\"robots\" content=\"index, follow, max-snippet:-1, max-image-preview:large, max-video-preview:-1\" \/>\n<link rel=\"canonical\" href=\"https:\/\/all-car-news.com\/de\/das-jahr-des-facelifts-zaehlt-bei-der-bestellung-von-teilen-mehr-als-das-modelljahr\/\" \/>\n<meta property=\"og:locale\" content=\"de_DE\" \/>\n<meta property=\"og:type\" content=\"article\" \/>\n<meta property=\"og:title\" content=\"Das Jahr des Facelifts z\u00e4hlt bei der Bestellung von Teilen mehr als das Modelljahr - All cars news\" \/>\n<meta property=\"og:description\" content=\"Zwei Autos k\u00f6nnen den gleichen Modellnamen und das gleiche Modelljahr haben und dennoch v\u00f6llig unterschiedliche Teile ben\u00f6tigen. Die Ursache ist fast immer ein Facelift - das Zwischenupdate, das die meisten Hersteller in der Mitte des Lebenszyklus eines Modells durchf\u00fchren. Wer die Facelift-Grenze seines Fahrzeugs nicht kennt, riskiert, ein Teil zu bestellen, das [...]\" \/>\n<meta property=\"og:url\" content=\"https:\/\/all-car-news.com\/de\/das-jahr-des-facelifts-zaehlt-bei-der-bestellung-von-teilen-mehr-als-das-modelljahr\/\" \/>\n<meta property=\"og:site_name\" content=\"All cars news\" \/>\n<meta property=\"article:published_time\" content=\"2026-04-28T10:53:17+00:00\" \/>\n<meta name=\"twitter:card\" content=\"summary_large_image\" \/>\n<meta name=\"twitter:label1\" content=\"Gesch\u00e4tzte Lesezeit\" \/>\n\t<meta name=\"twitter:data1\" content=\"8\u00a0Minuten\" \/>\n<script type=\"application\/ld+json\" class=\"yoast-schema-graph\">{\"@context\":\"https:\/\/schema.org\",\"@graph\":[{\"@type\":\"Article\",\"@id\":\"https:\/\/all-car-news.com\/de\/das-jahr-des-facelifts-zaehlt-bei-der-bestellung-von-teilen-mehr-als-das-modelljahr\/#article\",\"isPartOf\":{\"@id\":\"https:\/\/all-car-news.com\/de\/das-jahr-des-facelifts-zaehlt-bei-der-bestellung-von-teilen-mehr-als-das-modelljahr\/\"},\"author\":{\"name\":\"\",\"@id\":\"\"},\"headline\":\"Das Jahr des Facelifts z\u00e4hlt bei der Bestellung von Teilen mehr als das Modelljahr\",\"datePublished\":\"2026-04-28T10:53:17+00:00\",\"dateModified\":\"2026-04-28T10:53:17+00:00\",\"mainEntityOfPage\":{\"@id\":\"https:\/\/all-car-news.com\/de\/das-jahr-des-facelifts-zaehlt-bei-der-bestellung-von-teilen-mehr-als-das-modelljahr\/\"},\"wordCount\":1620,\"publisher\":{\"@id\":\"https:\/\/all-car-news.com\/de\/#organization\"},\"articleSection\":[\"Auto Nachrichten\"],\"inLanguage\":\"de\"},{\"@type\":\"WebPage\",\"@id\":\"https:\/\/all-car-news.com\/de\/das-jahr-des-facelifts-zaehlt-bei-der-bestellung-von-teilen-mehr-als-das-modelljahr\/\",\"url\":\"https:\/\/all-car-news.com\/de\/das-jahr-des-facelifts-zaehlt-bei-der-bestellung-von-teilen-mehr-als-das-modelljahr\/\",\"name\":\"Das Jahr des Facelifts z\u00e4hlt bei der Bestellung von Teilen mehr als das Modelljahr - All cars news\",\"isPartOf\":{\"@id\":\"https:\/\/all-car-news.com\/de\/#website\"},\"datePublished\":\"2026-04-28T10:53:17+00:00\",\"dateModified\":\"2026-04-28T10:53:17+00:00\",\"breadcrumb\":{\"@id\":\"https:\/\/all-car-news.com\/de\/das-jahr-des-facelifts-zaehlt-bei-der-bestellung-von-teilen-mehr-als-das-modelljahr\/#breadcrumb\"},\"inLanguage\":\"de\",\"potentialAction\":[{\"@type\":\"ReadAction\",\"target\":[\"https:\/\/all-car-news.com\/de\/das-jahr-des-facelifts-zaehlt-bei-der-bestellung-von-teilen-mehr-als-das-modelljahr\/\"]}]},{\"@type\":\"BreadcrumbList\",\"@id\":\"https:\/\/all-car-news.com\/de\/das-jahr-des-facelifts-zaehlt-bei-der-bestellung-von-teilen-mehr-als-das-modelljahr\/#breadcrumb\",\"itemListElement\":[{\"@type\":\"ListItem\",\"position\":1,\"name\":\"Home\",\"item\":\"https:\/\/all-car-news.com\/de\/\"},{\"@type\":\"ListItem\",\"position\":2,\"name\":\"Das Jahr des Facelifts z\u00e4hlt bei der Bestellung von Teilen mehr als das Modelljahr\"}]},{\"@type\":\"WebSite\",\"@id\":\"https:\/\/all-car-news.com\/de\/#website\",\"url\":\"https:\/\/all-car-news.com\/de\/\",\"name\":\"All cars news\",\"description\":\"\",\"publisher\":{\"@id\":\"https:\/\/all-car-news.com\/de\/#organization\"},\"potentialAction\":[{\"@type\":\"SearchAction\",\"target\":{\"@type\":\"EntryPoint\",\"urlTemplate\":\"https:\/\/all-car-news.com\/de\/?s={search_term_string}\"},\"query-input\":\"required name=search_term_string\"}],\"inLanguage\":\"de\"},{\"@type\":\"Organization\",\"@id\":\"https:\/\/all-car-news.com\/de\/#organization\",\"name\":\"All cars news\",\"url\":\"https:\/\/all-car-news.com\/de\/\",\"logo\":{\"@type\":\"ImageObject\",\"inLanguage\":\"de\",\"@id\":\"https:\/\/all-car-news.com\/de\/#\/schema\/logo\/image\/\",\"url\":\"https:\/\/all-car-news.com\/wp-content\/uploads\/2022\/02\/CMYK-AllCarNews_LANDSCAPE_300px-1.png\",\"contentUrl\":\"https:\/\/all-car-news.com\/wp-content\/uploads\/2022\/02\/CMYK-AllCarNews_LANDSCAPE_300px-1.png\",\"width\":300,\"height\":100,\"caption\":\"All cars news\"},\"image\":{\"@id\":\"https:\/\/all-car-news.com\/de\/#\/schema\/logo\/image\/\"}}]}<\/script>\n<!-- \/ Yoast SEO plugin. -->","yoast_head_json":{"title":"Das Jahr des Facelifts z\u00e4hlt bei der Bestellung von Teilen mehr als das Modelljahr - All cars news","robots":{"index":"index","follow":"follow","max-snippet":"max-snippet:-1","max-image-preview":"max-image-preview:large","max-video-preview":"max-video-preview:-1"},"canonical":"https:\/\/all-car-news.com\/de\/das-jahr-des-facelifts-zaehlt-bei-der-bestellung-von-teilen-mehr-als-das-modelljahr\/","og_locale":"de_DE","og_type":"article","og_title":"Das Jahr des Facelifts z\u00e4hlt bei der Bestellung von Teilen mehr als das Modelljahr - All cars news","og_description":"Zwei Autos k\u00f6nnen den gleichen Modellnamen und das gleiche Modelljahr haben und dennoch v\u00f6llig unterschiedliche Teile ben\u00f6tigen. Die Ursache ist fast immer ein Facelift - das Zwischenupdate, das die meisten Hersteller in der Mitte des Lebenszyklus eines Modells durchf\u00fchren. Wer die Facelift-Grenze seines Fahrzeugs nicht kennt, riskiert, ein Teil zu bestellen, das [...]","og_url":"https:\/\/all-car-news.com\/de\/das-jahr-des-facelifts-zaehlt-bei-der-bestellung-von-teilen-mehr-als-das-modelljahr\/","og_site_name":"All cars news","article_published_time":"2026-04-28T10:53:17+00:00","twitter_card":"summary_large_image","twitter_misc":{"Gesch\u00e4tzte Lesezeit":"8\u00a0Minuten"},"schema":{"@context":"https:\/\/schema.org","@graph":[{"@type":"Article","@id":"https:\/\/all-car-news.com\/de\/das-jahr-des-facelifts-zaehlt-bei-der-bestellung-von-teilen-mehr-als-das-modelljahr\/#article","isPartOf":{"@id":"https:\/\/all-car-news.com\/de\/das-jahr-des-facelifts-zaehlt-bei-der-bestellung-von-teilen-mehr-als-das-modelljahr\/"},"author":{"name":"","@id":""},"headline":"Das Jahr des Facelifts z\u00e4hlt bei der Bestellung von Teilen mehr als das Modelljahr","datePublished":"2026-04-28T10:53:17+00:00","dateModified":"2026-04-28T10:53:17+00:00","mainEntityOfPage":{"@id":"https:\/\/all-car-news.com\/de\/das-jahr-des-facelifts-zaehlt-bei-der-bestellung-von-teilen-mehr-als-das-modelljahr\/"},"wordCount":1620,"publisher":{"@id":"https:\/\/all-car-news.com\/de\/#organization"},"articleSection":["Auto Nachrichten"],"inLanguage":"de"},{"@type":"WebPage","@id":"https:\/\/all-car-news.com\/de\/das-jahr-des-facelifts-zaehlt-bei-der-bestellung-von-teilen-mehr-als-das-modelljahr\/","url":"https:\/\/all-car-news.com\/de\/das-jahr-des-facelifts-zaehlt-bei-der-bestellung-von-teilen-mehr-als-das-modelljahr\/","name":"Das Jahr des Facelifts z\u00e4hlt bei der Bestellung von Teilen mehr als das Modelljahr - All cars news","isPartOf":{"@id":"https:\/\/all-car-news.com\/de\/#website"},"datePublished":"2026-04-28T10:53:17+00:00","dateModified":"2026-04-28T10:53:17+00:00","breadcrumb":{"@id":"https:\/\/all-car-news.com\/de\/das-jahr-des-facelifts-zaehlt-bei-der-bestellung-von-teilen-mehr-als-das-modelljahr\/#breadcrumb"},"inLanguage":"de","potentialAction":[{"@type":"ReadAction","target":["https:\/\/all-car-news.com\/de\/das-jahr-des-facelifts-zaehlt-bei-der-bestellung-von-teilen-mehr-als-das-modelljahr\/"]}]},{"@type":"BreadcrumbList","@id":"https:\/\/all-car-news.com\/de\/das-jahr-des-facelifts-zaehlt-bei-der-bestellung-von-teilen-mehr-als-das-modelljahr\/#breadcrumb","itemListElement":[{"@type":"ListItem","position":1,"name":"Home","item":"https:\/\/all-car-news.com\/de\/"},{"@type":"ListItem","position":2,"name":"Das Jahr des Facelifts z\u00e4hlt bei der Bestellung von Teilen mehr als das Modelljahr"}]},{"@type":"WebSite","@id":"https:\/\/all-car-news.com\/de\/#website","url":"https:\/\/all-car-news.com\/de\/","name":"All cars news","description":"","publisher":{"@id":"https:\/\/all-car-news.com\/de\/#organization"},"potentialAction":[{"@type":"SearchAction","target":{"@type":"EntryPoint","urlTemplate":"https:\/\/all-car-news.com\/de\/?s={search_term_string}"},"query-input":"required name=search_term_string"}],"inLanguage":"de"},{"@type":"Organization","@id":"https:\/\/all-car-news.com\/de\/#organization","name":"All cars news","url":"https:\/\/all-car-news.com\/de\/","logo":{"@type":"ImageObject","inLanguage":"de","@id":"https:\/\/all-car-news.com\/de\/#\/schema\/logo\/image\/","url":"https:\/\/all-car-news.com\/wp-content\/uploads\/2022\/02\/CMYK-AllCarNews_LANDSCAPE_300px-1.png","contentUrl":"https:\/\/all-car-news.com\/wp-content\/uploads\/2022\/02\/CMYK-AllCarNews_LANDSCAPE_300px-1.png","width":300,"height":100,"caption":"All cars news"},"image":{"@id":"https:\/\/all-car-news.com\/de\/#\/schema\/logo\/image\/"}}]}},"_links":{"self":[{"href":"https:\/\/all-car-news.com\/de\/wp-json\/wp\/v2\/posts\/162726","targetHints":{"allow":["GET"]}}],"collection":[{"href":"https:\/\/all-car-news.com\/de\/wp-json\/wp\/v2\/posts"}],"about":[{"href":"https:\/\/all-car-news.com\/de\/wp-json\/wp\/v2\/types\/post"}],"replies":[{"embeddable":true,"href":"https:\/\/all-car-news.com\/de\/wp-json\/wp\/v2\/comments?post=162726"}],"version-history":[{"count":0,"href":"https:\/\/all-car-news.com\/de\/wp-json\/wp\/v2\/posts\/162726\/revisions"}],"wp:featuredmedia":[{"embeddable":true,"href":"https:\/\/all-car-news.com\/de\/wp-json\/wp\/v2\/media\/162666"}],"wp:attachment":[{"href":"https:\/\/all-car-news.com\/de\/wp-json\/wp\/v2\/media?parent=162726"}],"wp:term":[{"taxonomy":"category","embeddable":true,"href":"https:\/\/all-car-news.com\/de\/wp-json\/wp\/v2\/categories?post=162726"},{"taxonomy":"post_tag","embeddable":true,"href":"https:\/\/all-car-news.com\/de\/wp-json\/wp\/v2\/tags?post=162726"}],"curies":[{"name":"wp","href":"https:\/\/api.w.org\/{rel}","templated":true}]}}