{"id":162703,"date":"2026-04-24T11:07:00","date_gmt":"2026-04-24T11:07:00","guid":{"rendered":"https:\/\/all-car-news.com\/icar-v27-kommt-dieses-jahr-in-die-niederlande\/"},"modified":"2026-04-24T11:07:00","modified_gmt":"2026-04-24T11:07:00","slug":"icar-v27-kommt-dieses-jahr-in-die-niederlande","status":"publish","type":"post","link":"https:\/\/all-car-news.com\/de\/icar-v27-kommt-dieses-jahr-in-die-niederlande\/","title":{"rendered":"iCar V27 kommt dieses Jahr in die Niederlande"},"content":{"rendered":"<p>iCar ist eine Untermarke des chinesischen Konzerns Chery Automobile, der u.a. f\u00fcr den Omoda Jaecoo bekannt ist. In diesem Sommer wird Chery auch in den Niederlanden unter seinem eigenen Markennamen mit einer Reihe von Hybrid-SUVs auf den Markt kommen, und nun wurde ein weiterer Neuling angek\u00fcndigt. Es ist klar, dass Chery Automobile gro\u00dfe Ambitionen in Europa hat.  <\/p>\n<figure class=\"wp-block-image size-full\"><img loading=\"lazy\" decoding=\"async\" width=\"962\" height=\"605\" src=\"https:\/\/autorai.nl\/wp-content\/uploads\/2026\/04\/iCar_V27_1.jpg\" alt=\"\" class=\"wp-image-219656\"><\/figure>\n<p>Das erste Modell, das in den Niederlanden vorgestellt wird, ist der iCar V27, ein Gel\u00e4ndewagen mit einem Design, das stark an den Toyota Land Cruiser erinnert. Der V27 ist fast f\u00fcnf Meter lang und verf\u00fcgt \u00fcber die REEV-Technologie (Range-Extender Electric Vehicle). Dabei fungiert ein 1,5-Liter-Turbo-Benzinmotor als Generator f\u00fcr den elektrischen Antriebsstrang.  <\/p>\n<p>Das iCar V27 wird in den Niederlanden im vierten Quartal 2026 erwartet. Sp\u00e4ter werden weitere iCar-Modelle folgen, die alle auf Plattformen von Chery aufbauen, die vernetzte Funktionen, intelligente Fahrassistenzsysteme und KI-gesteuerte Technologie umfassen. <\/p>\n<figure class=\"wp-block-image size-large\"><img loading=\"lazy\" decoding=\"async\" width=\"1280\" height=\"720\" src=\"https:\/\/autorai.nl\/wp-content\/uploads\/2026\/04\/iCar_V27_3-1280x720.jpg\" alt=\"\" class=\"wp-image-219657\"><\/figure>\n","protected":false},"excerpt":{"rendered":"iCar ist eine Untermarke des chinesischen Konzerns Chery Automobile, der u.a. f\u00fcr den Omoda Jaecoo bekannt ist. In diesem Sommer&hellip;","protected":false},"author":0,"featured_media":162594,"comment_status":"","ping_status":"open","sticky":false,"template":"","format":"standard","meta":{"footnotes":""},"categories":[125],"tags":[],"class_list":["post-162703","post","type-post","status-publish","format-standard","has-post-thumbnail","hentry","category-auto-nachrichten"],"acf":[],"yoast_head":"<!-- This site is optimized with the Yoast SEO plugin v21.2 - https:\/\/yoast.com\/wordpress\/plugins\/seo\/ -->\n<title>iCar V27 kommt dieses Jahr in die Niederlande - All cars news<\/title>\n<meta name=\"robots\" content=\"index, follow, max-snippet:-1, max-image-preview:large, max-video-preview:-1\" \/>\n<link rel=\"canonical\" href=\"https:\/\/all-car-news.com\/de\/icar-v27-kommt-dieses-jahr-in-die-niederlande\/\" \/>\n<meta property=\"og:locale\" content=\"de_DE\" \/>\n<meta property=\"og:type\" content=\"article\" \/>\n<meta property=\"og:title\" content=\"iCar V27 kommt dieses Jahr in die Niederlande - All cars news\" \/>\n<meta property=\"og:description\" content=\"iCar ist eine Untermarke des chinesischen Konzerns Chery Automobile, der u.a. f\u00fcr den Omoda Jaecoo bekannt ist. In diesem Sommer wird Chery auch in den Niederlanden unter seinem eigenen Markennamen mit einer Reihe von Hybrid-SUVs auf den Markt kommen, und nun wurde ein weiterer Neuling angek\u00fcndigt. Es ist klar, dass Chery Automobile gro\u00dfe Ambitionen in Europa hat. Das erste Modell, das in [...]\" \/>\n<meta property=\"og:url\" content=\"https:\/\/all-car-news.com\/de\/icar-v27-kommt-dieses-jahr-in-die-niederlande\/\" \/>\n<meta property=\"og:site_name\" content=\"All cars news\" \/>\n<meta property=\"article:published_time\" content=\"2026-04-24T11:07:00+00:00\" \/>\n<meta property=\"og:image\" content=\"https:\/\/autorai.nl\/wp-content\/uploads\/2026\/04\/iCar_V27_1.jpg\" \/>\n<meta name=\"twitter:card\" content=\"summary_large_image\" \/>\n<meta name=\"twitter:label1\" content=\"Gesch\u00e4tzte Lesezeit\" \/>\n\t<meta name=\"twitter:data1\" content=\"1\u00a0Minute\" \/>\n<script type=\"application\/ld+json\" class=\"yoast-schema-graph\">{\"@context\":\"https:\/\/schema.org\",\"@graph\":[{\"@type\":\"Article\",\"@id\":\"https:\/\/all-car-news.com\/de\/icar-v27-kommt-dieses-jahr-in-die-niederlande\/#article\",\"isPartOf\":{\"@id\":\"https:\/\/all-car-news.com\/de\/icar-v27-kommt-dieses-jahr-in-die-niederlande\/\"},\"author\":{\"name\":\"\",\"@id\":\"\"},\"headline\":\"iCar V27 kommt dieses Jahr in die Niederlande\",\"datePublished\":\"2026-04-24T11:07:00+00:00\",\"dateModified\":\"2026-04-24T11:07:00+00:00\",\"mainEntityOfPage\":{\"@id\":\"https:\/\/all-car-news.com\/de\/icar-v27-kommt-dieses-jahr-in-die-niederlande\/\"},\"wordCount\":157,\"publisher\":{\"@id\":\"https:\/\/all-car-news.com\/de\/#organization\"},\"articleSection\":[\"Auto Nachrichten\"],\"inLanguage\":\"de\"},{\"@type\":\"WebPage\",\"@id\":\"https:\/\/all-car-news.com\/de\/icar-v27-kommt-dieses-jahr-in-die-niederlande\/\",\"url\":\"https:\/\/all-car-news.com\/de\/icar-v27-kommt-dieses-jahr-in-die-niederlande\/\",\"name\":\"iCar V27 kommt dieses Jahr in die Niederlande - All cars news\",\"isPartOf\":{\"@id\":\"https:\/\/all-car-news.com\/de\/#website\"},\"datePublished\":\"2026-04-24T11:07:00+00:00\",\"dateModified\":\"2026-04-24T11:07:00+00:00\",\"breadcrumb\":{\"@id\":\"https:\/\/all-car-news.com\/de\/icar-v27-kommt-dieses-jahr-in-die-niederlande\/#breadcrumb\"},\"inLanguage\":\"de\",\"potentialAction\":[{\"@type\":\"ReadAction\",\"target\":[\"https:\/\/all-car-news.com\/de\/icar-v27-kommt-dieses-jahr-in-die-niederlande\/\"]}]},{\"@type\":\"BreadcrumbList\",\"@id\":\"https:\/\/all-car-news.com\/de\/icar-v27-kommt-dieses-jahr-in-die-niederlande\/#breadcrumb\",\"itemListElement\":[{\"@type\":\"ListItem\",\"position\":1,\"name\":\"Home\",\"item\":\"https:\/\/all-car-news.com\/de\/\"},{\"@type\":\"ListItem\",\"position\":2,\"name\":\"iCar V27 kommt dieses Jahr in die Niederlande\"}]},{\"@type\":\"WebSite\",\"@id\":\"https:\/\/all-car-news.com\/de\/#website\",\"url\":\"https:\/\/all-car-news.com\/de\/\",\"name\":\"All cars news\",\"description\":\"\",\"publisher\":{\"@id\":\"https:\/\/all-car-news.com\/de\/#organization\"},\"potentialAction\":[{\"@type\":\"SearchAction\",\"target\":{\"@type\":\"EntryPoint\",\"urlTemplate\":\"https:\/\/all-car-news.com\/de\/?s={search_term_string}\"},\"query-input\":\"required name=search_term_string\"}],\"inLanguage\":\"de\"},{\"@type\":\"Organization\",\"@id\":\"https:\/\/all-car-news.com\/de\/#organization\",\"name\":\"All cars news\",\"url\":\"https:\/\/all-car-news.com\/de\/\",\"logo\":{\"@type\":\"ImageObject\",\"inLanguage\":\"de\",\"@id\":\"https:\/\/all-car-news.com\/de\/#\/schema\/logo\/image\/\",\"url\":\"https:\/\/all-car-news.com\/wp-content\/uploads\/2022\/02\/CMYK-AllCarNews_LANDSCAPE_300px-1.png\",\"contentUrl\":\"https:\/\/all-car-news.com\/wp-content\/uploads\/2022\/02\/CMYK-AllCarNews_LANDSCAPE_300px-1.png\",\"width\":300,\"height\":100,\"caption\":\"All cars news\"},\"image\":{\"@id\":\"https:\/\/all-car-news.com\/de\/#\/schema\/logo\/image\/\"}}]}<\/script>\n<!-- \/ Yoast SEO plugin. -->","yoast_head_json":{"title":"iCar V27 kommt dieses Jahr in die Niederlande - All cars news","robots":{"index":"index","follow":"follow","max-snippet":"max-snippet:-1","max-image-preview":"max-image-preview:large","max-video-preview":"max-video-preview:-1"},"canonical":"https:\/\/all-car-news.com\/de\/icar-v27-kommt-dieses-jahr-in-die-niederlande\/","og_locale":"de_DE","og_type":"article","og_title":"iCar V27 kommt dieses Jahr in die Niederlande - All cars news","og_description":"iCar ist eine Untermarke des chinesischen Konzerns Chery Automobile, der u.a. f\u00fcr den Omoda Jaecoo bekannt ist. In diesem Sommer wird Chery auch in den Niederlanden unter seinem eigenen Markennamen mit einer Reihe von Hybrid-SUVs auf den Markt kommen, und nun wurde ein weiterer Neuling angek\u00fcndigt. Es ist klar, dass Chery Automobile gro\u00dfe Ambitionen in Europa hat. Das erste Modell, das in [...]","og_url":"https:\/\/all-car-news.com\/de\/icar-v27-kommt-dieses-jahr-in-die-niederlande\/","og_site_name":"All cars news","article_published_time":"2026-04-24T11:07:00+00:00","og_image":[{"url":"https:\/\/autorai.nl\/wp-content\/uploads\/2026\/04\/iCar_V27_1.jpg"}],"twitter_card":"summary_large_image","twitter_misc":{"Gesch\u00e4tzte Lesezeit":"1\u00a0Minute"},"schema":{"@context":"https:\/\/schema.org","@graph":[{"@type":"Article","@id":"https:\/\/all-car-news.com\/de\/icar-v27-kommt-dieses-jahr-in-die-niederlande\/#article","isPartOf":{"@id":"https:\/\/all-car-news.com\/de\/icar-v27-kommt-dieses-jahr-in-die-niederlande\/"},"author":{"name":"","@id":""},"headline":"iCar V27 kommt dieses Jahr in die Niederlande","datePublished":"2026-04-24T11:07:00+00:00","dateModified":"2026-04-24T11:07:00+00:00","mainEntityOfPage":{"@id":"https:\/\/all-car-news.com\/de\/icar-v27-kommt-dieses-jahr-in-die-niederlande\/"},"wordCount":157,"publisher":{"@id":"https:\/\/all-car-news.com\/de\/#organization"},"articleSection":["Auto Nachrichten"],"inLanguage":"de"},{"@type":"WebPage","@id":"https:\/\/all-car-news.com\/de\/icar-v27-kommt-dieses-jahr-in-die-niederlande\/","url":"https:\/\/all-car-news.com\/de\/icar-v27-kommt-dieses-jahr-in-die-niederlande\/","name":"iCar V27 kommt dieses Jahr in die Niederlande - All cars news","isPartOf":{"@id":"https:\/\/all-car-news.com\/de\/#website"},"datePublished":"2026-04-24T11:07:00+00:00","dateModified":"2026-04-24T11:07:00+00:00","breadcrumb":{"@id":"https:\/\/all-car-news.com\/de\/icar-v27-kommt-dieses-jahr-in-die-niederlande\/#breadcrumb"},"inLanguage":"de","potentialAction":[{"@type":"ReadAction","target":["https:\/\/all-car-news.com\/de\/icar-v27-kommt-dieses-jahr-in-die-niederlande\/"]}]},{"@type":"BreadcrumbList","@id":"https:\/\/all-car-news.com\/de\/icar-v27-kommt-dieses-jahr-in-die-niederlande\/#breadcrumb","itemListElement":[{"@type":"ListItem","position":1,"name":"Home","item":"https:\/\/all-car-news.com\/de\/"},{"@type":"ListItem","position":2,"name":"iCar V27 kommt dieses Jahr in die Niederlande"}]},{"@type":"WebSite","@id":"https:\/\/all-car-news.com\/de\/#website","url":"https:\/\/all-car-news.com\/de\/","name":"All cars news","description":"","publisher":{"@id":"https:\/\/all-car-news.com\/de\/#organization"},"potentialAction":[{"@type":"SearchAction","target":{"@type":"EntryPoint","urlTemplate":"https:\/\/all-car-news.com\/de\/?s={search_term_string}"},"query-input":"required name=search_term_string"}],"inLanguage":"de"},{"@type":"Organization","@id":"https:\/\/all-car-news.com\/de\/#organization","name":"All cars news","url":"https:\/\/all-car-news.com\/de\/","logo":{"@type":"ImageObject","inLanguage":"de","@id":"https:\/\/all-car-news.com\/de\/#\/schema\/logo\/image\/","url":"https:\/\/all-car-news.com\/wp-content\/uploads\/2022\/02\/CMYK-AllCarNews_LANDSCAPE_300px-1.png","contentUrl":"https:\/\/all-car-news.com\/wp-content\/uploads\/2022\/02\/CMYK-AllCarNews_LANDSCAPE_300px-1.png","width":300,"height":100,"caption":"All cars news"},"image":{"@id":"https:\/\/all-car-news.com\/de\/#\/schema\/logo\/image\/"}}]}},"_links":{"self":[{"href":"https:\/\/all-car-news.com\/de\/wp-json\/wp\/v2\/posts\/162703","targetHints":{"allow":["GET"]}}],"collection":[{"href":"https:\/\/all-car-news.com\/de\/wp-json\/wp\/v2\/posts"}],"about":[{"href":"https:\/\/all-car-news.com\/de\/wp-json\/wp\/v2\/types\/post"}],"replies":[{"embeddable":true,"href":"https:\/\/all-car-news.com\/de\/wp-json\/wp\/v2\/comments?post=162703"}],"version-history":[{"count":0,"href":"https:\/\/all-car-news.com\/de\/wp-json\/wp\/v2\/posts\/162703\/revisions"}],"wp:featuredmedia":[{"embeddable":true,"href":"https:\/\/all-car-news.com\/de\/wp-json\/wp\/v2\/media\/162594"}],"wp:attachment":[{"href":"https:\/\/all-car-news.com\/de\/wp-json\/wp\/v2\/media?parent=162703"}],"wp:term":[{"taxonomy":"category","embeddable":true,"href":"https:\/\/all-car-news.com\/de\/wp-json\/wp\/v2\/categories?post=162703"},{"taxonomy":"post_tag","embeddable":true,"href":"https:\/\/all-car-news.com\/de\/wp-json\/wp\/v2\/tags?post=162703"}],"curies":[{"name":"wp","href":"https:\/\/api.w.org\/{rel}","templated":true}]}}