{"id":159487,"date":"2025-11-07T16:10:50","date_gmt":"2025-11-07T16:10:50","guid":{"rendered":"https:\/\/all-car-news.com\/bmw-f-450-gs-haben-sie-fuer-8-600-euro\/"},"modified":"2025-11-07T16:10:50","modified_gmt":"2025-11-07T16:10:50","slug":"bmw-f-450-gs-haben-sie-fuer-8-600-euro","status":"publish","type":"post","link":"https:\/\/all-car-news.com\/de\/bmw-f-450-gs-haben-sie-fuer-8-600-euro\/","title":{"rendered":"BMW F 450 GS haben Sie f\u00fcr 8.600 Euro!"},"content":{"rendered":"<p data-start=\"733\" data-end=\"1131\">Die neue BMW F 450 GS markiert den n\u00e4chsten Schritt in der legend\u00e4ren GS-Familie von BMW Motorrad. Dieses komplett neu entwickelte A2-Motorrad kombiniert das ikonische GS-Design mit moderner Technologie, kraftvoller Leistung und \u00fcberraschender Vielseitigkeit. In den Niederlanden ist die Markteinf\u00fchrung f\u00fcr das zweite Quartal 2026 geplant, mit einer unverbindlichen Preisempfehlung ab 8.600 \u20ac.  <\/p>\n<p data-start=\"733\" data-end=\"1131\"><img decoding=\"async\" loading=\"lazy\" width=\"1140\" height=\"760\" class=\"alignnone size-medium wp-image-29057\" src=\"https:\/\/motorrai.nl\/wp-content\/uploads\/2025\/11\/image002-1140x760.jpg\" alt=\"\"><\/p>\n<h2 data-start=\"1133\" data-end=\"1166\">Kompakt, leistungsstark und wirtschaftlich<\/h2>\n<p data-start=\"1167\" data-end=\"1625\">Die BMW F 450 GS wurde f\u00fcr Fahrer entwickelt, die ein zug\u00e4ngliches, leichtes, aber vollwertiges Adventure-Bike suchen. Der neue Zweizylinder-Reihenmotor liefert 48 PS (35 kW) und 43 Nm Drehmoment, perfekt f\u00fcr die F\u00fchrerscheinklasse A2. Mit einem Hubraum von 420 ccm und einem Verbrauch von nur 3,8 Litern auf 100 km ist diese BMW nicht nur leistungsstark, sondern auch sparsam. Dank des 14 Liter fassenden Kraftstofftanks betr\u00e4gt die Reichweite mehr als 350 Kilometer.   <\/p>\n<p data-start=\"1627\" data-end=\"1880\">Der Motor ist komplett neu entwickelt und erf\u00fcllt die EU5+ Abgasnorm. Die um 135 Grad versetzte Kurbelwelle sorgt f\u00fcr einen lebendigen, ruhigen Lauf und einen charaktervollen Klang &#8211; genau das, was Sie von einer echten BMW GS erwarten. <\/p>\n<p data-start=\"1627\" data-end=\"1880\">\n<h2 data-start=\"1882\" data-end=\"1940\">Easy Ride-Kupplung<\/h2>\n<p data-start=\"1941\" data-end=\"2203\">Eine der gr\u00f6\u00dften Innovationen der neuen F 450 GS ist die BMW Easy Ride Clutch (ERC). Diese clevere Kupplung arbeitet zentrifugal und erm\u00f6glicht das Fahren ohne manuelles Kuppeln. Ideal f\u00fcr Fahrten in der Stadt, auf Touren oder bei Abenteuern im Gel\u00e4nde.  <\/p>\n<p data-start=\"1941\" data-end=\"2203\"><img decoding=\"async\" loading=\"lazy\" width=\"1140\" height=\"760\" class=\"alignnone size-medium wp-image-29058\" src=\"https:\/\/motorrai.nl\/wp-content\/uploads\/2025\/11\/image003-1140x760.jpg\" alt=\"\"><\/p>\n<p data-start=\"2205\" data-end=\"2480\">Die Easy Ride Clutch geh\u00f6rt zur Serienausstattung der F 450 GS Trophy und ist eine Premiere in diesem Segment. In Kombination mit dem Shift Assistant Pro k\u00f6nnen Sie auch ohne Kupplungshebel schalten. Dennoch bleibt der Hebel f\u00fcr Situationen, in denen zus\u00e4tzliche Kontrolle gew\u00fcnscht ist, vorhanden.  <\/p>\n<h2 data-start=\"2482\" data-end=\"2543\">Pure Kontrolle auf jedem Terrain<\/h2>\n<p data-start=\"2544\" data-end=\"2917\">Die BMW F 450 GS bietet serienm\u00e4\u00dfig drei Fahrmodi &#8211; <em data-start=\"2595\" data-end=\"2601\">Rain<\/em>, <em data-start=\"2603\" data-end=\"2609\">Road<\/em> und <em data-start=\"2613\" data-end=\"2621\">Enduro<\/em> &#8211; und fortschrittliche Sicherheitssysteme wie ABS Pro, Dynamic Brake Control (DBC), Dynamic Traction Control (DTC) und Motor Slip Regulation (MSR). F\u00fcr Fans von Offroad-Fahrten gibt es zus\u00e4tzlich den <em data-start=\"2836\" data-end=\"2848\">Modus Enduro Pro<\/em>, bei dem das ABS am Hinterrad abgeschaltet werden kann. <\/p>\n<p data-start=\"2544\" data-end=\"2917\"><img decoding=\"async\" loading=\"lazy\" width=\"1140\" height=\"760\" class=\"alignnone size-medium wp-image-28251\" src=\"https:\/\/motorrai.nl\/wp-content\/uploads\/2024\/11\/image001-1-1140x760.jpg\" alt=\"\"><\/p>\n<p data-start=\"2919\" data-end=\"3162\">Der komplett neu entwickelte Rohrrahmen bietet maximale Steifigkeit und Stabilit\u00e4t, w\u00e4hrend der kurze Radstand f\u00fcr ein spielerisches Handling sorgt. Die KYB-Federung mit einstellbarer D\u00e4mpfung kombiniert Komfort mit Pr\u00e4zision &#8211; auf dem Asphalt und im Gel\u00e4nde. <\/p>\n<h2 data-start=\"3164\" data-end=\"3208\">Erkennbar GS DNA<\/h2>\n<p data-start=\"3209\" data-end=\"3531\">Das Design der F 450 GS schlie\u00dft nahtlos an die gr\u00f6\u00dferen GS Modelle an. Der LED-Scheinwerfer mit X-Tagfahrlicht, die charakteristische Flyline und die kompakten Proportionen machen sie sofort erkennbar. Die Ergonomie ist typisch GS: breiter Lenker, schmale Taille und bequeme Sitzposition, sowohl im Sitzen als auch im Stehen.  <\/p>\n<p data-start=\"3209\" data-end=\"3531\"><img decoding=\"async\" loading=\"lazy\" width=\"1140\" height=\"760\" class=\"alignnone size-medium wp-image-28254\" src=\"https:\/\/motorrai.nl\/wp-content\/uploads\/2024\/11\/image004-1-1140x760.jpg\" alt=\"\"><\/p>\n<p data-start=\"3533\" data-end=\"3807\">Das serienm\u00e4\u00dfige 6,5-Zoll-TFT-Display bietet Anschlussm\u00f6glichkeiten f\u00fcr Telefon, Musik und Navigation. USB-C-Konnektivit\u00e4t, LED-Beleuchtung rundherum und ein umfangreiches Angebot an Zubeh\u00f6r &#8211; von Gep\u00e4cktaschen bis zu Schutzb\u00fcgeln &#8211; runden dieses BMW Adventure Bike ab. <\/p>\n<div class=\"galery shuffle galery-29054\">\n<figure>\n\t\t\t<a href=\"https:\/\/motorrai.nl\/wp-content\/uploads\/2025\/11\/image002.jpg\" data-fancybox=\"galery-29054\" title=\"\"><br \/>\n\t\t\t\t<img decoding=\"async\" src=\"https:\/\/motorrai.nl\/wp-content\/uploads\/2025\/11\/image002-640x480.jpg\" alt=\"\"><i class=\"fa fa-search-plus\" aria-hidden=\"true\"><\/i><br \/>\n\t\t\t<\/a><br \/>\n\t\t<\/figure>\n<figure>\n\t\t\t<a href=\"https:\/\/motorrai.nl\/wp-content\/uploads\/2025\/11\/image004.jpg\" data-fancybox=\"galery-29054\" title=\"\"><br \/>\n\t\t\t\t<img decoding=\"async\" src=\"https:\/\/motorrai.nl\/wp-content\/uploads\/2025\/11\/image004-360x270.jpg\" alt=\"\"><i class=\"fa fa-search-plus\" aria-hidden=\"true\"><\/i><br \/>\n\t\t\t<\/a><br \/>\n\t\t<\/figure>\n<figure>\n\t\t\t<a href=\"https:\/\/motorrai.nl\/wp-content\/uploads\/2025\/11\/image005.jpg\" data-fancybox=\"galery-29054\" title=\"\"><br \/>\n\t\t\t\t<img decoding=\"async\" src=\"https:\/\/motorrai.nl\/wp-content\/uploads\/2025\/11\/image005-360x270.jpg\" alt=\"\"><i class=\"fa fa-search-plus\" aria-hidden=\"true\"><\/i><br \/>\n\t\t\t<\/a><br \/>\n\t\t<\/figure>\n<div class=\"clear\"><\/div>\n<\/div>\n<h2 data-start=\"3809\" data-end=\"3853\">Drei Versionen<\/h2>\n<p data-start=\"3854\" data-end=\"3912\">Die neue <strong data-start=\"3864\" data-end=\"3880\">BMW F 450 GS<\/strong> erscheint in drei Varianten:<\/p>\n<ul data-start=\"3914\" data-end=\"4328\">\n<li data-start=\"3914\" data-end=\"4048\">\n<p data-start=\"3916\" data-end=\"4048\"><strong data-start=\"3916\" data-end=\"3938\">F 450 GS Exclusive<\/strong> &#8211; <em data-start=\"3941\" data-end=\"3955\">Cosmic Black<\/em>, mit Riding Modes Pro, Shift Assistant Pro und klarer Windschutzscheibe. <strong data-start=\"4021\" data-end=\"4045\">Preis ab 8.600 \u20ac<\/strong>.<\/p>\n<\/li>\n<li data-start=\"4049\" data-end=\"4157\">\n<p data-start=\"4051\" data-end=\"4157\"><strong data-start=\"4051\" data-end=\"4069\">F 450 GS Sport<\/strong> &#8211; <em data-start=\"4072\" data-end=\"4084\">Racing Red<\/em>, mit Sportfahrwerk und einstellbarer KYB-Vorderradgabel. <strong data-start=\"4130\" data-end=\"4154\">Preis ab 8.750 \u20ac<\/strong>.<\/p>\n<\/li>\n<li data-start=\"4158\" data-end=\"4328\">\n<p data-start=\"4160\" data-end=\"4328\"><strong data-start=\"4160\" data-end=\"4179\">F 450 GS Trophy<\/strong> &#8211; <em data-start=\"4182\" data-end=\"4204\">Racing Blue Metallic<\/em>, mit Aluminium-Motorschutz, Rallye-Windschutzscheibe und der innovativen <strong data-start=\"4273\" data-end=\"4299\">Easy Ride Clutch (ERC<\/strong>). <strong data-start=\"4301\" data-end=\"4325\">Preis ab 8.950 \u20ac<\/strong>.<\/p>\n<\/li>\n<\/ul>\n","protected":false},"excerpt":{"rendered":"Die neue BMW F 450 GS markiert den n\u00e4chsten Schritt in der legend\u00e4ren GS-Familie von BMW Motorrad. Dieses komplett neu&hellip;","protected":false},"author":0,"featured_media":159479,"comment_status":"","ping_status":"open","sticky":false,"template":"","format":"standard","meta":{"footnotes":""},"categories":[125],"tags":[],"class_list":["post-159487","post","type-post","status-publish","format-standard","has-post-thumbnail","hentry","category-auto-nachrichten"],"acf":[],"yoast_head":"<!-- This site is optimized with the Yoast SEO plugin v21.2 - https:\/\/yoast.com\/wordpress\/plugins\/seo\/ -->\n<title>BMW F 450 GS haben Sie f\u00fcr 8.600 Euro! - All cars news<\/title>\n<meta name=\"robots\" content=\"index, follow, max-snippet:-1, max-image-preview:large, max-video-preview:-1\" \/>\n<link rel=\"canonical\" href=\"https:\/\/all-car-news.com\/de\/bmw-f-450-gs-haben-sie-fuer-8-600-euro\/\" \/>\n<meta property=\"og:locale\" content=\"de_DE\" \/>\n<meta property=\"og:type\" content=\"article\" \/>\n<meta property=\"og:title\" content=\"BMW F 450 GS haben Sie f\u00fcr 8.600 Euro! - All cars news\" \/>\n<meta property=\"og:description\" content=\"Die neue BMW F 450 GS markiert den n\u00e4chsten Schritt in der legend\u00e4ren GS-Familie von BMW Motorrad. Dieses komplett neu entwickelte A2-Motorrad kombiniert das kultige GS-Design mit moderner Technologie, kraftvoller Leistung und \u00fcberraschender Vielseitigkeit. In den Niederlanden ist die Markteinf\u00fchrung f\u00fcr das zweite Quartal 2026 geplant, mit einer unverbindlichen Preisempfehlung ab 8.600 \u20ac. Kompakt, leistungsstark [...]\" \/>\n<meta property=\"og:url\" content=\"https:\/\/all-car-news.com\/de\/bmw-f-450-gs-haben-sie-fuer-8-600-euro\/\" \/>\n<meta property=\"og:site_name\" content=\"All cars news\" \/>\n<meta property=\"article:published_time\" content=\"2025-11-07T16:10:50+00:00\" \/>\n<meta property=\"og:image\" content=\"https:\/\/motorrai.nl\/wp-content\/uploads\/2025\/11\/image002-1140x760.jpg\" \/>\n<meta name=\"twitter:card\" content=\"summary_large_image\" \/>\n<meta name=\"twitter:label1\" content=\"Gesch\u00e4tzte Lesezeit\" \/>\n\t<meta name=\"twitter:data1\" content=\"3\u00a0Minuten\" \/>\n<script type=\"application\/ld+json\" class=\"yoast-schema-graph\">{\"@context\":\"https:\/\/schema.org\",\"@graph\":[{\"@type\":\"Article\",\"@id\":\"https:\/\/all-car-news.com\/de\/bmw-f-450-gs-haben-sie-fuer-8-600-euro\/#article\",\"isPartOf\":{\"@id\":\"https:\/\/all-car-news.com\/de\/bmw-f-450-gs-haben-sie-fuer-8-600-euro\/\"},\"author\":{\"name\":\"\",\"@id\":\"\"},\"headline\":\"BMW F 450 GS haben Sie f\u00fcr 8.600 Euro!\",\"datePublished\":\"2025-11-07T16:10:50+00:00\",\"dateModified\":\"2025-11-07T16:10:50+00:00\",\"mainEntityOfPage\":{\"@id\":\"https:\/\/all-car-news.com\/de\/bmw-f-450-gs-haben-sie-fuer-8-600-euro\/\"},\"wordCount\":522,\"publisher\":{\"@id\":\"https:\/\/all-car-news.com\/de\/#organization\"},\"articleSection\":[\"Auto Nachrichten\"],\"inLanguage\":\"de\"},{\"@type\":\"WebPage\",\"@id\":\"https:\/\/all-car-news.com\/de\/bmw-f-450-gs-haben-sie-fuer-8-600-euro\/\",\"url\":\"https:\/\/all-car-news.com\/de\/bmw-f-450-gs-haben-sie-fuer-8-600-euro\/\",\"name\":\"BMW F 450 GS haben Sie f\u00fcr 8.600 Euro! - All cars news\",\"isPartOf\":{\"@id\":\"https:\/\/all-car-news.com\/de\/#website\"},\"datePublished\":\"2025-11-07T16:10:50+00:00\",\"dateModified\":\"2025-11-07T16:10:50+00:00\",\"breadcrumb\":{\"@id\":\"https:\/\/all-car-news.com\/de\/bmw-f-450-gs-haben-sie-fuer-8-600-euro\/#breadcrumb\"},\"inLanguage\":\"de\",\"potentialAction\":[{\"@type\":\"ReadAction\",\"target\":[\"https:\/\/all-car-news.com\/de\/bmw-f-450-gs-haben-sie-fuer-8-600-euro\/\"]}]},{\"@type\":\"BreadcrumbList\",\"@id\":\"https:\/\/all-car-news.com\/de\/bmw-f-450-gs-haben-sie-fuer-8-600-euro\/#breadcrumb\",\"itemListElement\":[{\"@type\":\"ListItem\",\"position\":1,\"name\":\"Home\",\"item\":\"https:\/\/all-car-news.com\/de\/\"},{\"@type\":\"ListItem\",\"position\":2,\"name\":\"BMW F 450 GS haben Sie f\u00fcr 8.600 Euro!\"}]},{\"@type\":\"WebSite\",\"@id\":\"https:\/\/all-car-news.com\/de\/#website\",\"url\":\"https:\/\/all-car-news.com\/de\/\",\"name\":\"All cars news\",\"description\":\"\",\"publisher\":{\"@id\":\"https:\/\/all-car-news.com\/de\/#organization\"},\"potentialAction\":[{\"@type\":\"SearchAction\",\"target\":{\"@type\":\"EntryPoint\",\"urlTemplate\":\"https:\/\/all-car-news.com\/de\/?s={search_term_string}\"},\"query-input\":\"required name=search_term_string\"}],\"inLanguage\":\"de\"},{\"@type\":\"Organization\",\"@id\":\"https:\/\/all-car-news.com\/de\/#organization\",\"name\":\"All cars news\",\"url\":\"https:\/\/all-car-news.com\/de\/\",\"logo\":{\"@type\":\"ImageObject\",\"inLanguage\":\"de\",\"@id\":\"https:\/\/all-car-news.com\/de\/#\/schema\/logo\/image\/\",\"url\":\"https:\/\/all-car-news.com\/wp-content\/uploads\/2022\/02\/CMYK-AllCarNews_LANDSCAPE_300px-1.png\",\"contentUrl\":\"https:\/\/all-car-news.com\/wp-content\/uploads\/2022\/02\/CMYK-AllCarNews_LANDSCAPE_300px-1.png\",\"width\":300,\"height\":100,\"caption\":\"All cars news\"},\"image\":{\"@id\":\"https:\/\/all-car-news.com\/de\/#\/schema\/logo\/image\/\"}}]}<\/script>\n<!-- \/ Yoast SEO plugin. -->","yoast_head_json":{"title":"BMW F 450 GS haben Sie f\u00fcr 8.600 Euro! - All cars news","robots":{"index":"index","follow":"follow","max-snippet":"max-snippet:-1","max-image-preview":"max-image-preview:large","max-video-preview":"max-video-preview:-1"},"canonical":"https:\/\/all-car-news.com\/de\/bmw-f-450-gs-haben-sie-fuer-8-600-euro\/","og_locale":"de_DE","og_type":"article","og_title":"BMW F 450 GS haben Sie f\u00fcr 8.600 Euro! - All cars news","og_description":"Die neue BMW F 450 GS markiert den n\u00e4chsten Schritt in der legend\u00e4ren GS-Familie von BMW Motorrad. Dieses komplett neu entwickelte A2-Motorrad kombiniert das kultige GS-Design mit moderner Technologie, kraftvoller Leistung und \u00fcberraschender Vielseitigkeit. In den Niederlanden ist die Markteinf\u00fchrung f\u00fcr das zweite Quartal 2026 geplant, mit einer unverbindlichen Preisempfehlung ab 8.600 \u20ac. Kompakt, leistungsstark [...]","og_url":"https:\/\/all-car-news.com\/de\/bmw-f-450-gs-haben-sie-fuer-8-600-euro\/","og_site_name":"All cars news","article_published_time":"2025-11-07T16:10:50+00:00","og_image":[{"url":"https:\/\/motorrai.nl\/wp-content\/uploads\/2025\/11\/image002-1140x760.jpg"}],"twitter_card":"summary_large_image","twitter_misc":{"Gesch\u00e4tzte Lesezeit":"3\u00a0Minuten"},"schema":{"@context":"https:\/\/schema.org","@graph":[{"@type":"Article","@id":"https:\/\/all-car-news.com\/de\/bmw-f-450-gs-haben-sie-fuer-8-600-euro\/#article","isPartOf":{"@id":"https:\/\/all-car-news.com\/de\/bmw-f-450-gs-haben-sie-fuer-8-600-euro\/"},"author":{"name":"","@id":""},"headline":"BMW F 450 GS haben Sie f\u00fcr 8.600 Euro!","datePublished":"2025-11-07T16:10:50+00:00","dateModified":"2025-11-07T16:10:50+00:00","mainEntityOfPage":{"@id":"https:\/\/all-car-news.com\/de\/bmw-f-450-gs-haben-sie-fuer-8-600-euro\/"},"wordCount":522,"publisher":{"@id":"https:\/\/all-car-news.com\/de\/#organization"},"articleSection":["Auto Nachrichten"],"inLanguage":"de"},{"@type":"WebPage","@id":"https:\/\/all-car-news.com\/de\/bmw-f-450-gs-haben-sie-fuer-8-600-euro\/","url":"https:\/\/all-car-news.com\/de\/bmw-f-450-gs-haben-sie-fuer-8-600-euro\/","name":"BMW F 450 GS haben Sie f\u00fcr 8.600 Euro! - All cars news","isPartOf":{"@id":"https:\/\/all-car-news.com\/de\/#website"},"datePublished":"2025-11-07T16:10:50+00:00","dateModified":"2025-11-07T16:10:50+00:00","breadcrumb":{"@id":"https:\/\/all-car-news.com\/de\/bmw-f-450-gs-haben-sie-fuer-8-600-euro\/#breadcrumb"},"inLanguage":"de","potentialAction":[{"@type":"ReadAction","target":["https:\/\/all-car-news.com\/de\/bmw-f-450-gs-haben-sie-fuer-8-600-euro\/"]}]},{"@type":"BreadcrumbList","@id":"https:\/\/all-car-news.com\/de\/bmw-f-450-gs-haben-sie-fuer-8-600-euro\/#breadcrumb","itemListElement":[{"@type":"ListItem","position":1,"name":"Home","item":"https:\/\/all-car-news.com\/de\/"},{"@type":"ListItem","position":2,"name":"BMW F 450 GS haben Sie f\u00fcr 8.600 Euro!"}]},{"@type":"WebSite","@id":"https:\/\/all-car-news.com\/de\/#website","url":"https:\/\/all-car-news.com\/de\/","name":"All cars news","description":"","publisher":{"@id":"https:\/\/all-car-news.com\/de\/#organization"},"potentialAction":[{"@type":"SearchAction","target":{"@type":"EntryPoint","urlTemplate":"https:\/\/all-car-news.com\/de\/?s={search_term_string}"},"query-input":"required name=search_term_string"}],"inLanguage":"de"},{"@type":"Organization","@id":"https:\/\/all-car-news.com\/de\/#organization","name":"All cars news","url":"https:\/\/all-car-news.com\/de\/","logo":{"@type":"ImageObject","inLanguage":"de","@id":"https:\/\/all-car-news.com\/de\/#\/schema\/logo\/image\/","url":"https:\/\/all-car-news.com\/wp-content\/uploads\/2022\/02\/CMYK-AllCarNews_LANDSCAPE_300px-1.png","contentUrl":"https:\/\/all-car-news.com\/wp-content\/uploads\/2022\/02\/CMYK-AllCarNews_LANDSCAPE_300px-1.png","width":300,"height":100,"caption":"All cars news"},"image":{"@id":"https:\/\/all-car-news.com\/de\/#\/schema\/logo\/image\/"}}]}},"_links":{"self":[{"href":"https:\/\/all-car-news.com\/de\/wp-json\/wp\/v2\/posts\/159487","targetHints":{"allow":["GET"]}}],"collection":[{"href":"https:\/\/all-car-news.com\/de\/wp-json\/wp\/v2\/posts"}],"about":[{"href":"https:\/\/all-car-news.com\/de\/wp-json\/wp\/v2\/types\/post"}],"replies":[{"embeddable":true,"href":"https:\/\/all-car-news.com\/de\/wp-json\/wp\/v2\/comments?post=159487"}],"version-history":[{"count":0,"href":"https:\/\/all-car-news.com\/de\/wp-json\/wp\/v2\/posts\/159487\/revisions"}],"wp:featuredmedia":[{"embeddable":true,"href":"https:\/\/all-car-news.com\/de\/wp-json\/wp\/v2\/media\/159479"}],"wp:attachment":[{"href":"https:\/\/all-car-news.com\/de\/wp-json\/wp\/v2\/media?parent=159487"}],"wp:term":[{"taxonomy":"category","embeddable":true,"href":"https:\/\/all-car-news.com\/de\/wp-json\/wp\/v2\/categories?post=159487"},{"taxonomy":"post_tag","embeddable":true,"href":"https:\/\/all-car-news.com\/de\/wp-json\/wp\/v2\/tags?post=159487"}],"curies":[{"name":"wp","href":"https:\/\/api.w.org\/{rel}","templated":true}]}}