{"id":159386,"date":"2025-11-05T11:32:56","date_gmt":"2025-11-05T11:32:56","guid":{"rendered":"https:\/\/all-car-news.com\/neu-im-jahr-2026-suzuki-sv-7gx\/"},"modified":"2025-11-05T11:32:56","modified_gmt":"2025-11-05T11:32:56","slug":"neu-im-jahr-2026-suzuki-sv-7gx","status":"publish","type":"post","link":"https:\/\/all-car-news.com\/de\/neu-im-jahr-2026-suzuki-sv-7gx\/","title":{"rendered":"Neu im Jahr 2026: Suzuki SV-7GX"},"content":{"rendered":"<article class=\"text-token-text-primary w-full focus:outline-none [--shadow-height:45px] has-data-writing-block:pointer-events-none has-data-writing-block:-mt-(--shadow-height) has-data-writing-block:pt-(--shadow-height) [&amp;:has([data-writing-block])&gt;*]:pointer-events-auto [content-visibility:auto] supports-[content-visibility:auto]:[contain-intrinsic-size:auto_100lvh] scroll-mt-[calc(var(--header-height)+min(200px,max(70px,20svh)))]\" dir=\"auto\" data-turn-id=\"d9e45275-e0a7-4cca-b0b2-fb78ad147c64\" data-testid=\"conversation-turn-2\" data-scroll-anchor=\"true\" data-turn=\"assistant\">\n<div class=\"text-base my-auto mx-auto pb-10 [--thread-content-margin:--spacing(4)] thread-sm:[--thread-content-margin:--spacing(6)] thread-lg:[--thread-content-margin:--spacing(16)] px-(--thread-content-margin)\">\n<div class=\"[--thread-content-max-width:40rem] thread-lg:[--thread-content-max-width:48rem] mx-auto max-w-(--thread-content-max-width) flex-1 group\/turn-messages focus-visible:outline-hidden relative flex w-full min-w-0 flex-col agent-turn\">\n<div class=\"flex max-w-full flex-col grow\">\n<div class=\"min-h-8 text-message relative flex w-full flex-col items-end gap-2 text-start break-words whitespace-normal [.text-message+&amp;]:mt-1\" dir=\"auto\" data-message-author-role=\"assistant\" data-message-id=\"535673c9-ab0c-4010-aa67-3cd92edd65d9\" data-message-model-slug=\"gpt-5\">\n<div class=\"flex w-full flex-col gap-1 empty:hidden first:pt-[1px]\">\n<div class=\"markdown prose dark:prose-invert w-full break-words light markdown-new-styling\">\n<p data-start=\"366\" data-end=\"801\">Die Suzuki SV-7GX ist sportlich und wendig wie ein Naked Bike, aber mit dem Komfort eines Reisemotorrads. Laut Suzuki ist sie f\u00fcr Fahranf\u00e4nger und erfahrene Motorradfahrer gleicherma\u00dfen geeignet. Allerdings m\u00fcssen Sie sich noch eine Weile gedulden, denn sie wird erst im Laufe des Jahres 2026 zu den H\u00e4ndlern kommen.  <\/p>\n<p data-start=\"366\" data-end=\"801\"><img decoding=\"async\" loading=\"lazy\" width=\"1140\" height=\"760\" class=\"alignnone size-medium wp-image-29036\" src=\"https:\/\/motorrai.nl\/wp-content\/uploads\/2025\/11\/Suzuki-SV7-GX-1-min-1140x760.jpg\" alt=\"\"><\/p>\n<h2 data-start=\"803\" data-end=\"835\">Suzuki SV-7GX schlank gebaut<\/h2>\n<p data-start=\"837\" data-end=\"1173\">Die Suzuki SV-7GX wurde f\u00fcr Fahrer entwickelt, die von allem etwas haben wollen: Spa\u00df auf kurvigen Stra\u00dfen, Komfort auf langen Fahrten und Bequemlichkeit im t\u00e4glichen Verkehr. Sie steht auf 17-Zoll-R\u00e4dern, bietet eine aufrechte Sitzposition und hat eine schlanke Bauweise. <\/p>\n<div class=\"galery shuffle galery-29035\">\n<figure>\n\t\t\t<a href=\"https:\/\/motorrai.nl\/wp-content\/uploads\/2025\/11\/Suzuki-SV7-GX-10-min-1600x1067.jpg\" data-fancybox=\"galery-29035\" title=\"\"><br \/>\n\t\t\t\t<img decoding=\"async\" src=\"https:\/\/motorrai.nl\/wp-content\/uploads\/2025\/11\/Suzuki-SV7-GX-10-min-640x480.jpg\" alt=\"\"><i class=\"fa fa-search-plus\" aria-hidden=\"true\"><\/i><br \/>\n\t\t\t<\/a><br \/>\n\t\t<\/figure>\n<figure>\n\t\t\t<a href=\"https:\/\/motorrai.nl\/wp-content\/uploads\/2025\/11\/Suzuki-SV7-GX-9-min-1600x1067.jpg\" data-fancybox=\"galery-29035\" title=\"\"><br \/>\n\t\t\t\t<img decoding=\"async\" src=\"https:\/\/motorrai.nl\/wp-content\/uploads\/2025\/11\/Suzuki-SV7-GX-9-min-360x270.jpg\" alt=\"\"><i class=\"fa fa-search-plus\" aria-hidden=\"true\"><\/i><br \/>\n\t\t\t<\/a><br \/>\n\t\t<\/figure>\n<figure>\n\t\t\t<a href=\"https:\/\/motorrai.nl\/wp-content\/uploads\/2025\/11\/Suzuki-SV7-GX-8-min-1600x1067.jpg\" data-fancybox=\"galery-29035\" title=\"\"><br \/>\n\t\t\t\t<img decoding=\"async\" src=\"https:\/\/motorrai.nl\/wp-content\/uploads\/2025\/11\/Suzuki-SV7-GX-8-min-360x270.jpg\" alt=\"\"><i class=\"fa fa-search-plus\" aria-hidden=\"true\"><\/i><br \/>\n\t\t\t<\/a><br \/>\n\t\t<\/figure>\n<div class=\"clear\"><\/div>\n<\/div>\n<h2 data-start=\"837\" data-end=\"1173\">Stromquelle der V-Strom 650<\/h2>\n<p data-start=\"1175\" data-end=\"1577\">Unter der stromlinienf\u00f6rmigen Verkleidung schl\u00e4gt ein vertrautes Suzuki Herz: der 645 cm\u00b3 90\u00b0 V-Twin, der auch in der SV650 und der V-Strom 650 zu finden ist. In der SV-7GX wurde der Motor mit moderner Technologie wie Ride-by-wire, drei Fahrmodi, Traktionskontrolle und einem bidirektionalen Quick Shifter f\u00fcr kupplungsloses Schalten weiter verfeinert. <\/p>\n<p data-start=\"1175\" data-end=\"1577\"><img decoding=\"async\" loading=\"lazy\" width=\"1140\" height=\"760\" class=\"alignnone size-medium wp-image-29038\" src=\"https:\/\/motorrai.nl\/wp-content\/uploads\/2025\/11\/Suzuki-SV7-GX-3-min-1140x760.jpg\" alt=\"\"><\/p>\n<h2 data-start=\"1579\" data-end=\"1619\">Sportliches Design, durchdachter Komfort<\/h2>\n<p data-start=\"1621\" data-end=\"1991\">Optisch positioniert Suzuki die SV-7GX zwischen der sportlichen GSX-S1000GX und der abenteuerlichen V-Strom 650. Die Silhouette ist schlank und vertikal, mit scharfen Linien und einer muskul\u00f6sen Erscheinung. Die aerodynamische Verkleidung wurde im Windkanal entwickelt und verf\u00fcgt \u00fcber eine verstellbare Windschutzscheibe. Zusammen mit den serienm\u00e4\u00dfigen Handprotektoren sorgt dies f\u00fcr mehr Komfort.   <\/p>\n<p data-start=\"1621\" data-end=\"1991\"><img decoding=\"async\" loading=\"lazy\" width=\"1140\" height=\"760\" class=\"alignnone size-medium wp-image-29037\" src=\"https:\/\/motorrai.nl\/wp-content\/uploads\/2025\/11\/Suzuki-SV7-GX-2-min-1140x760.jpg\" alt=\"\"><\/p>\n<h2 data-start=\"1621\" data-end=\"1991\">Niedrige Sitzh\u00f6he<\/h2>\n<p data-start=\"2241\" data-end=\"2521\">Auch die Ergonomie ist gut durchdacht: Eine Sattelh\u00f6he von nur 795 mm, ein breiter Aluminiumlenker und geschickt platzierte Fu\u00dfrasten sorgen f\u00fcr eine nat\u00fcrliche K\u00f6rperhaltung und m\u00fcheloses Lenken. Selbst bei niedrigen Geschwindigkeiten oder im Stadtverkehr f\u00fchlt sich die SV-7GX leicht und wendig an. <\/p>\n<div class=\"galery shuffle galery-29035\">\n<figure>\n\t\t\t<a href=\"https:\/\/motorrai.nl\/wp-content\/uploads\/2025\/11\/Suzuki-SV7-GX-14-min-1600x1066.jpg\" data-fancybox=\"galery-29035\" title=\"\"><br \/>\n\t\t\t\t<img decoding=\"async\" src=\"https:\/\/motorrai.nl\/wp-content\/uploads\/2025\/11\/Suzuki-SV7-GX-14-min-640x480.jpg\" alt=\"\"><i class=\"fa fa-search-plus\" aria-hidden=\"true\"><\/i><br \/>\n\t\t\t<\/a><br \/>\n\t\t<\/figure>\n<figure>\n\t\t\t<a href=\"https:\/\/motorrai.nl\/wp-content\/uploads\/2025\/11\/Suzuki-SV7-GX-13-min-1600x1066.jpg\" data-fancybox=\"galery-29035\" title=\"\"><br \/>\n\t\t\t\t<img decoding=\"async\" src=\"https:\/\/motorrai.nl\/wp-content\/uploads\/2025\/11\/Suzuki-SV7-GX-13-min-360x270.jpg\" alt=\"\"><i class=\"fa fa-search-plus\" aria-hidden=\"true\"><\/i><br \/>\n\t\t\t<\/a><br \/>\n\t\t<\/figure>\n<figure>\n\t\t\t<a href=\"https:\/\/motorrai.nl\/wp-content\/uploads\/2025\/11\/Suzuki-SV7-GX-12-min-1600x1066.jpg\" data-fancybox=\"galery-29035\" title=\"\"><br \/>\n\t\t\t\t<img decoding=\"async\" src=\"https:\/\/motorrai.nl\/wp-content\/uploads\/2025\/11\/Suzuki-SV7-GX-12-min-360x270.jpg\" alt=\"\"><i class=\"fa fa-search-plus\" aria-hidden=\"true\"><\/i><br \/>\n\t\t\t<\/a><br \/>\n\t\t<\/figure>\n<div class=\"clear\"><\/div>\n<\/div>\n<h2 data-start=\"2523\" data-end=\"2569\">Intelligente Technologie<\/h2>\n<p data-start=\"2571\" data-end=\"2977\">Dank des Suzuki Intelligent Ride System (S.I.R.S.) k\u00f6nnen Sie aus drei Fahrmodi (A, B und C) und zwei Stufen der Traktionskontrolle w\u00e4hlen. Dar\u00fcber hinaus geh\u00f6ren Systeme wie Easy Start und Low RPM Assist zur Standardausstattung. Das letztgenannte System ist ideal f\u00fcr ein sanftes Anfahren, ohne dass der Motor abgew\u00fcrgt wird.  <\/p>\n<p data-start=\"2571\" data-end=\"2977\"><img decoding=\"async\" loading=\"lazy\" width=\"1140\" height=\"762\" class=\"alignnone size-medium wp-image-29040\" src=\"https:\/\/motorrai.nl\/wp-content\/uploads\/2025\/11\/Suzuki-SV7-GX-5-min-1140x762.jpg\" alt=\"\"><\/p>\n<h2 data-start=\"2571\" data-end=\"2977\">SV-7GX mit Fahrmodi!<\/h2>\n<p data-start=\"2979\" data-end=\"3300\">Das 4,2-Zoll-TFT-Farbdisplay bietet einen klaren \u00dcberblick \u00fcber alle Funktionen, einschlie\u00dflich Fahrmodi und Traktionskontrolle. \u00dcber Bluetooth kann das Display mit einem Smartphone mit der Suzuki Ride Connect+ App gekoppelt werden, die u.a. Turn-by-Turn-Navigation, Benachrichtigungen und Wetterinformationen anzeigt. <\/p>\n<h2 data-start=\"2979\" data-end=\"3300\">Gro\u00dfer Aktionsradius<\/h2>\n<p data-start=\"3329\" data-end=\"3722\">Der SV-7GX hat einen 17,4-Liter-Tank. Bei dem reihenweise niedrigen Kraftstoffverbrauch reicht das f\u00fcr eine beachtliche Reichweite von bis zu 400 km. Der integrierte Gep\u00e4cktr\u00e4ger und das optionale Gep\u00e4cktr\u00e4gerset machen das Motorrad f\u00fcr Wochenendausfl\u00fcge und das t\u00e4gliche Pendeln geeignet. Die Federung ist mit 125 mm Federweg vorne und 129 mm hinten komfortabel. Die hintere Federung ist in sieben Positionen einstellbar.    <\/p>\n<h3 data-start=\"3990\" data-end=\"4023\">Farbe, Garantie und Premiere<\/h3>\n<p data-start=\"4025\" data-end=\"4078\">Der neue Suzuki SV-7GX erscheint in drei Farben: Pearl Brilliant White \/ Metallic Triton Blue, Pearl Matte Greige mit roten Akzenten und Glass Sparkle Black mit blauen Details.<\/p>\n<p data-start=\"4225\" data-end=\"4359\">Wie alle neuen Suzukis wird auch die SV-7GX mit einer sechsj\u00e4hrigen Garantie und einer sechsj\u00e4hrigen Pannenhilfe geliefert. Die niederl\u00e4ndische Premiere findet vom 19. bis 22. Februar 2026 auf der Motorbeurs Utrecht statt, wo die SV-7GX zum ersten Mal live bewundert werden kann. Die Preise werden kurz vor der Markteinf\u00fchrung im Sommer 2026 bekannt gegeben.  <\/p>\n<p data-start=\"4225\" data-end=\"4359\"><img decoding=\"async\" loading=\"lazy\" width=\"1140\" height=\"760\" class=\"alignnone size-medium wp-image-29047\" src=\"https:\/\/motorrai.nl\/wp-content\/uploads\/2025\/11\/Suzuki-SV7-GX-11-min-1140x760.jpg\" alt=\"\"><\/p>\n<p data-start=\"4225\" data-end=\"4359\">\n<\/div>\n<\/div>\n<\/div>\n<\/div>\n<div class=\"mt-3 w-full empty:hidden\">\n<div class=\"text-center\"><\/div>\n<\/div>\n<\/div>\n<\/div>\n<\/article>\n<div class=\"pointer-events-none h-px w-px\" aria-hidden=\"true\" data-edge=\"true\"><\/div>\n","protected":false},"excerpt":{"rendered":"Die Suzuki SV-7GX ist sportlich und wendig wie ein Naked Bike, aber mit dem Komfort eines Reisemotorrads. Laut Suzuki ist&hellip;","protected":false},"author":0,"featured_media":0,"comment_status":"","ping_status":"open","sticky":false,"template":"","format":"standard","meta":{"footnotes":""},"categories":[125],"tags":[],"class_list":["post-159386","post","type-post","status-publish","format-standard","hentry","category-auto-nachrichten"],"acf":[],"yoast_head":"<!-- This site is optimized with the Yoast SEO plugin v21.2 - https:\/\/yoast.com\/wordpress\/plugins\/seo\/ -->\n<title>Neu im Jahr 2026: Suzuki SV-7GX - All cars news<\/title>\n<meta name=\"robots\" content=\"index, follow, max-snippet:-1, max-image-preview:large, max-video-preview:-1\" \/>\n<link rel=\"canonical\" href=\"https:\/\/all-car-news.com\/de\/neu-im-jahr-2026-suzuki-sv-7gx\/\" \/>\n<meta property=\"og:locale\" content=\"de_DE\" \/>\n<meta property=\"og:type\" content=\"article\" \/>\n<meta property=\"og:title\" content=\"Neu im Jahr 2026: Suzuki SV-7GX - All cars news\" \/>\n<meta property=\"og:description\" content=\"Die Suzuki SV-7GX ist sportlich und wendig wie ein Naked Bike, aber mit dem Komfort eines Reisemotorrads. Laut Suzuki ist sie f\u00fcr Fahranf\u00e4nger und erfahrene Motorradfahrer gleicherma\u00dfen geeignet. Allerdings m\u00fcssen Sie sich noch gedulden, denn sie wird erst im Laufe des Jahres 2026 zu den H\u00e4ndlern kommen. Suzuki SV-7GX schlanke Bauweise Die Suzuki SV-7GX [...]\" \/>\n<meta property=\"og:url\" content=\"https:\/\/all-car-news.com\/de\/neu-im-jahr-2026-suzuki-sv-7gx\/\" \/>\n<meta property=\"og:site_name\" content=\"All cars news\" \/>\n<meta property=\"article:published_time\" content=\"2025-11-05T11:32:56+00:00\" \/>\n<meta property=\"og:image\" content=\"https:\/\/motorrai.nl\/wp-content\/uploads\/2025\/11\/Suzuki-SV7-GX-1-min-1140x760.jpg\" \/>\n<meta name=\"twitter:card\" content=\"summary_large_image\" \/>\n<meta name=\"twitter:label1\" content=\"Gesch\u00e4tzte Lesezeit\" \/>\n\t<meta name=\"twitter:data1\" content=\"3\u00a0Minuten\" \/>\n<script type=\"application\/ld+json\" class=\"yoast-schema-graph\">{\"@context\":\"https:\/\/schema.org\",\"@graph\":[{\"@type\":\"Article\",\"@id\":\"https:\/\/all-car-news.com\/de\/neu-im-jahr-2026-suzuki-sv-7gx\/#article\",\"isPartOf\":{\"@id\":\"https:\/\/all-car-news.com\/de\/neu-im-jahr-2026-suzuki-sv-7gx\/\"},\"author\":{\"name\":\"\",\"@id\":\"\"},\"headline\":\"Neu im Jahr 2026: Suzuki SV-7GX\",\"datePublished\":\"2025-11-05T11:32:56+00:00\",\"dateModified\":\"2025-11-05T11:32:56+00:00\",\"mainEntityOfPage\":{\"@id\":\"https:\/\/all-car-news.com\/de\/neu-im-jahr-2026-suzuki-sv-7gx\/\"},\"wordCount\":533,\"publisher\":{\"@id\":\"https:\/\/all-car-news.com\/de\/#organization\"},\"articleSection\":[\"Auto Nachrichten\"],\"inLanguage\":\"de\"},{\"@type\":\"WebPage\",\"@id\":\"https:\/\/all-car-news.com\/de\/neu-im-jahr-2026-suzuki-sv-7gx\/\",\"url\":\"https:\/\/all-car-news.com\/de\/neu-im-jahr-2026-suzuki-sv-7gx\/\",\"name\":\"Neu im Jahr 2026: Suzuki SV-7GX - All cars news\",\"isPartOf\":{\"@id\":\"https:\/\/all-car-news.com\/de\/#website\"},\"datePublished\":\"2025-11-05T11:32:56+00:00\",\"dateModified\":\"2025-11-05T11:32:56+00:00\",\"breadcrumb\":{\"@id\":\"https:\/\/all-car-news.com\/de\/neu-im-jahr-2026-suzuki-sv-7gx\/#breadcrumb\"},\"inLanguage\":\"de\",\"potentialAction\":[{\"@type\":\"ReadAction\",\"target\":[\"https:\/\/all-car-news.com\/de\/neu-im-jahr-2026-suzuki-sv-7gx\/\"]}]},{\"@type\":\"BreadcrumbList\",\"@id\":\"https:\/\/all-car-news.com\/de\/neu-im-jahr-2026-suzuki-sv-7gx\/#breadcrumb\",\"itemListElement\":[{\"@type\":\"ListItem\",\"position\":1,\"name\":\"Home\",\"item\":\"https:\/\/all-car-news.com\/de\/\"},{\"@type\":\"ListItem\",\"position\":2,\"name\":\"Neu im Jahr 2026: Suzuki SV-7GX\"}]},{\"@type\":\"WebSite\",\"@id\":\"https:\/\/all-car-news.com\/de\/#website\",\"url\":\"https:\/\/all-car-news.com\/de\/\",\"name\":\"All cars news\",\"description\":\"\",\"publisher\":{\"@id\":\"https:\/\/all-car-news.com\/de\/#organization\"},\"potentialAction\":[{\"@type\":\"SearchAction\",\"target\":{\"@type\":\"EntryPoint\",\"urlTemplate\":\"https:\/\/all-car-news.com\/de\/?s={search_term_string}\"},\"query-input\":\"required name=search_term_string\"}],\"inLanguage\":\"de\"},{\"@type\":\"Organization\",\"@id\":\"https:\/\/all-car-news.com\/de\/#organization\",\"name\":\"All cars news\",\"url\":\"https:\/\/all-car-news.com\/de\/\",\"logo\":{\"@type\":\"ImageObject\",\"inLanguage\":\"de\",\"@id\":\"https:\/\/all-car-news.com\/de\/#\/schema\/logo\/image\/\",\"url\":\"https:\/\/all-car-news.com\/wp-content\/uploads\/2022\/02\/CMYK-AllCarNews_LANDSCAPE_300px-1.png\",\"contentUrl\":\"https:\/\/all-car-news.com\/wp-content\/uploads\/2022\/02\/CMYK-AllCarNews_LANDSCAPE_300px-1.png\",\"width\":300,\"height\":100,\"caption\":\"All cars news\"},\"image\":{\"@id\":\"https:\/\/all-car-news.com\/de\/#\/schema\/logo\/image\/\"}}]}<\/script>\n<!-- \/ Yoast SEO plugin. -->","yoast_head_json":{"title":"Neu im Jahr 2026: Suzuki SV-7GX - All cars news","robots":{"index":"index","follow":"follow","max-snippet":"max-snippet:-1","max-image-preview":"max-image-preview:large","max-video-preview":"max-video-preview:-1"},"canonical":"https:\/\/all-car-news.com\/de\/neu-im-jahr-2026-suzuki-sv-7gx\/","og_locale":"de_DE","og_type":"article","og_title":"Neu im Jahr 2026: Suzuki SV-7GX - All cars news","og_description":"Die Suzuki SV-7GX ist sportlich und wendig wie ein Naked Bike, aber mit dem Komfort eines Reisemotorrads. Laut Suzuki ist sie f\u00fcr Fahranf\u00e4nger und erfahrene Motorradfahrer gleicherma\u00dfen geeignet. Allerdings m\u00fcssen Sie sich noch gedulden, denn sie wird erst im Laufe des Jahres 2026 zu den H\u00e4ndlern kommen. Suzuki SV-7GX schlanke Bauweise Die Suzuki SV-7GX [...]","og_url":"https:\/\/all-car-news.com\/de\/neu-im-jahr-2026-suzuki-sv-7gx\/","og_site_name":"All cars news","article_published_time":"2025-11-05T11:32:56+00:00","og_image":[{"url":"https:\/\/motorrai.nl\/wp-content\/uploads\/2025\/11\/Suzuki-SV7-GX-1-min-1140x760.jpg"}],"twitter_card":"summary_large_image","twitter_misc":{"Gesch\u00e4tzte Lesezeit":"3\u00a0Minuten"},"schema":{"@context":"https:\/\/schema.org","@graph":[{"@type":"Article","@id":"https:\/\/all-car-news.com\/de\/neu-im-jahr-2026-suzuki-sv-7gx\/#article","isPartOf":{"@id":"https:\/\/all-car-news.com\/de\/neu-im-jahr-2026-suzuki-sv-7gx\/"},"author":{"name":"","@id":""},"headline":"Neu im Jahr 2026: Suzuki SV-7GX","datePublished":"2025-11-05T11:32:56+00:00","dateModified":"2025-11-05T11:32:56+00:00","mainEntityOfPage":{"@id":"https:\/\/all-car-news.com\/de\/neu-im-jahr-2026-suzuki-sv-7gx\/"},"wordCount":533,"publisher":{"@id":"https:\/\/all-car-news.com\/de\/#organization"},"articleSection":["Auto Nachrichten"],"inLanguage":"de"},{"@type":"WebPage","@id":"https:\/\/all-car-news.com\/de\/neu-im-jahr-2026-suzuki-sv-7gx\/","url":"https:\/\/all-car-news.com\/de\/neu-im-jahr-2026-suzuki-sv-7gx\/","name":"Neu im Jahr 2026: Suzuki SV-7GX - All cars news","isPartOf":{"@id":"https:\/\/all-car-news.com\/de\/#website"},"datePublished":"2025-11-05T11:32:56+00:00","dateModified":"2025-11-05T11:32:56+00:00","breadcrumb":{"@id":"https:\/\/all-car-news.com\/de\/neu-im-jahr-2026-suzuki-sv-7gx\/#breadcrumb"},"inLanguage":"de","potentialAction":[{"@type":"ReadAction","target":["https:\/\/all-car-news.com\/de\/neu-im-jahr-2026-suzuki-sv-7gx\/"]}]},{"@type":"BreadcrumbList","@id":"https:\/\/all-car-news.com\/de\/neu-im-jahr-2026-suzuki-sv-7gx\/#breadcrumb","itemListElement":[{"@type":"ListItem","position":1,"name":"Home","item":"https:\/\/all-car-news.com\/de\/"},{"@type":"ListItem","position":2,"name":"Neu im Jahr 2026: Suzuki SV-7GX"}]},{"@type":"WebSite","@id":"https:\/\/all-car-news.com\/de\/#website","url":"https:\/\/all-car-news.com\/de\/","name":"All cars news","description":"","publisher":{"@id":"https:\/\/all-car-news.com\/de\/#organization"},"potentialAction":[{"@type":"SearchAction","target":{"@type":"EntryPoint","urlTemplate":"https:\/\/all-car-news.com\/de\/?s={search_term_string}"},"query-input":"required name=search_term_string"}],"inLanguage":"de"},{"@type":"Organization","@id":"https:\/\/all-car-news.com\/de\/#organization","name":"All cars news","url":"https:\/\/all-car-news.com\/de\/","logo":{"@type":"ImageObject","inLanguage":"de","@id":"https:\/\/all-car-news.com\/de\/#\/schema\/logo\/image\/","url":"https:\/\/all-car-news.com\/wp-content\/uploads\/2022\/02\/CMYK-AllCarNews_LANDSCAPE_300px-1.png","contentUrl":"https:\/\/all-car-news.com\/wp-content\/uploads\/2022\/02\/CMYK-AllCarNews_LANDSCAPE_300px-1.png","width":300,"height":100,"caption":"All cars news"},"image":{"@id":"https:\/\/all-car-news.com\/de\/#\/schema\/logo\/image\/"}}]}},"_links":{"self":[{"href":"https:\/\/all-car-news.com\/de\/wp-json\/wp\/v2\/posts\/159386","targetHints":{"allow":["GET"]}}],"collection":[{"href":"https:\/\/all-car-news.com\/de\/wp-json\/wp\/v2\/posts"}],"about":[{"href":"https:\/\/all-car-news.com\/de\/wp-json\/wp\/v2\/types\/post"}],"replies":[{"embeddable":true,"href":"https:\/\/all-car-news.com\/de\/wp-json\/wp\/v2\/comments?post=159386"}],"version-history":[{"count":0,"href":"https:\/\/all-car-news.com\/de\/wp-json\/wp\/v2\/posts\/159386\/revisions"}],"wp:attachment":[{"href":"https:\/\/all-car-news.com\/de\/wp-json\/wp\/v2\/media?parent=159386"}],"wp:term":[{"taxonomy":"category","embeddable":true,"href":"https:\/\/all-car-news.com\/de\/wp-json\/wp\/v2\/categories?post=159386"},{"taxonomy":"post_tag","embeddable":true,"href":"https:\/\/all-car-news.com\/de\/wp-json\/wp\/v2\/tags?post=159386"}],"curies":[{"name":"wp","href":"https:\/\/api.w.org\/{rel}","templated":true}]}}