{"id":159382,"date":"2025-11-05T12:08:04","date_gmt":"2025-11-05T12:08:04","guid":{"rendered":"https:\/\/all-car-news.com\/der-allerletzte-in-den-niederlanden-ausgelieferte-focus-st-koennte-ihnen-gehoeren\/"},"modified":"2025-11-05T12:08:04","modified_gmt":"2025-11-05T12:08:04","slug":"der-allerletzte-in-den-niederlanden-ausgelieferte-focus-st-koennte-ihnen-gehoeren","status":"publish","type":"post","link":"https:\/\/all-car-news.com\/de\/der-allerletzte-in-den-niederlanden-ausgelieferte-focus-st-koennte-ihnen-gehoeren\/","title":{"rendered":"Der allerletzte in den Niederlanden ausgelieferte Focus ST k\u00f6nnte Ihnen geh\u00f6ren"},"content":{"rendered":"<h2 class=\"wp-block-heading\">Lenkung Auto<\/h2>\n<p>Der Focus ST ist kein gew\u00f6hnlicher Focus mit ein paar sportlichen Sto\u00dfstangen und etwas mehr Leistung. Fragen Sie jeden, der ihn jemals gefahren hat, und Sie werden die gleiche Antwort erhalten: Dies ist ein echtes Fahrerauto &#8211; scharf, bissig und f\u00fcr Enthusiasten gebaut. Das gilt \u00fcbrigens genauso f\u00fcr den Fiesta ST, vielleicht sogar noch mehr, aber auch diese Party ist vorbei.  <\/p>\n<figure class=\"wp-block-image size-content\"><img loading=\"lazy\" decoding=\"async\" width=\"1140\" height=\"760\" src=\"https:\/\/autorai.nl\/wp-content\/uploads\/2025\/11\/FocusST-ext-1-van-1-1140x760.jpg\" alt=\"\" class=\"wp-image-212351\"><\/figure>\n<h2 class=\"wp-block-heading\">Ford Niederlande<\/h2>\n<p>Doch es gibt einen Hoffnungsschimmer. Ford Niederlande hat n\u00e4mlich einen Focus ST in Reserve behalten. Der allerletzte in den Niederlanden offiziell ausgelieferte Focus ST steht jetzt \u00fcber <em>The Collectables<\/em> zur Versteigerung an. Der gesamte Erl\u00f6s wird an War Child gehen. Das k\u00f6nnte eine ganz sch\u00f6ne Summe sein, denn der Neupreis dieses ST mit Track-Paket liegt bei fast 75.000 Euro. F\u00fcr einen wohlt\u00e4tigen Zweck kann man das doch noch toppen, oder?     <\/p>\n<figure class=\"wp-block-image size-content\"><img loading=\"lazy\" decoding=\"async\" width=\"1140\" height=\"760\" src=\"https:\/\/autorai.nl\/wp-content\/uploads\/2025\/11\/FocusST-ext-12-van-39-1140x760.jpg\" alt=\"\" class=\"wp-image-212352\"><\/figure>\n<h2 class=\"wp-block-heading\"><strong>Track Pack<\/strong><\/h2>\n<p>Ford Niederlande hat den besagten Focus ST ordentlich aufgemotzt. So verf\u00fcgt der Wagen zum Beispiel \u00fcber das <em>Track Pack<\/em>: eine Ausstattung, mit der Sie auch auf der Rennstrecke richtig Gas geben k\u00f6nnen. KW Automotive lieferte ein voll einstellbares Fahrwerk, Brembo Bremss\u00e4ttel vorne in 18 Zoll und das Ganze steht auf geschmiedeten 19-Zoll-Felgen mit Pirelli P Zero Corsa-Reifen. Dank des elektronischen Sperrdifferentials und der <em>Flat-Shift-Funktion<\/em>(die Drosselklappe bleibt beim Hochschalten offen) ist jede Fahrt ein Genuss.   <\/p>\n<figure class=\"wp-block-image size-content\"><img loading=\"lazy\" decoding=\"async\" width=\"1140\" height=\"760\" src=\"https:\/\/autorai.nl\/wp-content\/uploads\/2025\/11\/FocusST-ext-23-van-39-1140x760.jpg\" alt=\"\" class=\"wp-image-212353\"><\/figure>\n<h2 class=\"wp-block-heading\"><strong>Was kostet das?<\/strong><\/h2>\n<p>Das Auto ist nicht brandneu, sondern wurde gerade erst eingefahren: der Kilometerz\u00e4hler zeigt nur 2.254 Kilometer an. Laut Anzeigentext befindet er sich in einem neuwertigen Zustand und wird mit einer Werksgarantie bis Juli 2027 geliefert. Die Auktion l\u00e4uft bis zum 13. November 20:00 Uhr. Wenn Sie also ein weiteres St\u00fcck Ford-Geschichte besitzen m\u00f6chten, ist jetzt der richtige Zeitpunkt. Gebote k\u00f6nnen <a href=\"https:\/\/thecollectables.nl\/ford-focus-st-5d\" target=\"_blank\" rel=\"noreferrer noopener\">HIER<\/a> abgegeben werden.     <\/p>\n<p>Sehen Sie auch: <a href=\"https:\/\/autorai.nl\/waarom-jij-dagelijks-een-ford-ranger-op-de-snelweg-gaat-zien\/\" target=\"_blank\" rel=\"noreferrer noopener\">Warum Sie bald fast jeden Tag einen Ford Ranger Pick-up auf der Autobahn sehen werden<\/a><\/p>\n<figure class=\"wp-block-embed is-type-wp-embed is-provider-autorai-nl wp-block-embed-autorai-nl\">\n<div class=\"wp-block-embed__wrapper\">\n<blockquote class=\"wp-embedded-content\" data-secret=\"tubQ0Qh9CD\"><p><a href=\"https:\/\/autorai.nl\/waarom-jij-dagelijks-een-ford-ranger-op-de-snelweg-gaat-zien\/\">Warum Sie bald fast jeden Tag einen Ford Ranger Pick-up auf der Autobahn sehen werden<\/a><\/p><\/blockquote>\n<\/div>\n<\/figure>\n","protected":false},"excerpt":{"rendered":"Lenkrad Der Focus ST ist kein gew\u00f6hnlicher Focus mit sportlichen Sto\u00dfstangen und etwas mehr Leistung. Fragen Sie jeden, der ihn&hellip;","protected":false},"author":0,"featured_media":159366,"comment_status":"","ping_status":"open","sticky":false,"template":"","format":"standard","meta":{"footnotes":""},"categories":[125],"tags":[],"class_list":["post-159382","post","type-post","status-publish","format-standard","has-post-thumbnail","hentry","category-auto-nachrichten"],"acf":[],"yoast_head":"<!-- This site is optimized with the Yoast SEO plugin v21.2 - https:\/\/yoast.com\/wordpress\/plugins\/seo\/ -->\n<title>Der allerletzte in den Niederlanden ausgelieferte Focus ST k\u00f6nnte Ihnen geh\u00f6ren - All cars news<\/title>\n<meta name=\"robots\" content=\"index, follow, max-snippet:-1, max-image-preview:large, max-video-preview:-1\" \/>\n<link rel=\"canonical\" href=\"https:\/\/all-car-news.com\/de\/der-allerletzte-in-den-niederlanden-ausgelieferte-focus-st-koennte-ihnen-gehoeren\/\" \/>\n<meta property=\"og:locale\" content=\"de_DE\" \/>\n<meta property=\"og:type\" content=\"article\" \/>\n<meta property=\"og:title\" content=\"Der allerletzte in den Niederlanden ausgelieferte Focus ST k\u00f6nnte Ihnen geh\u00f6ren - All cars news\" \/>\n<meta property=\"og:description\" content=\"Lenkrad Der Focus ST ist kein gew\u00f6hnlicher Focus mit sportlichen Sto\u00dfstangen und etwas mehr Leistung. Fragen Sie jeden, der ihn schon einmal gefahren hat, und Sie werden die gleiche Antwort erhalten: Dies ist ein echtes Fahrerauto - scharf, bissig und f\u00fcr Enthusiasten gebaut. Das gilt \u00fcbrigens genauso f\u00fcr den Fiesta ST, vielleicht sogar in noch st\u00e4rkerem Ma\u00dfe, [...]\" \/>\n<meta property=\"og:url\" content=\"https:\/\/all-car-news.com\/de\/der-allerletzte-in-den-niederlanden-ausgelieferte-focus-st-koennte-ihnen-gehoeren\/\" \/>\n<meta property=\"og:site_name\" content=\"All cars news\" \/>\n<meta property=\"article:published_time\" content=\"2025-11-05T12:08:04+00:00\" \/>\n<meta property=\"og:image\" content=\"https:\/\/autorai.nl\/wp-content\/uploads\/2025\/11\/FocusST-ext-1-van-1-1140x760.jpg\" \/>\n<meta name=\"twitter:card\" content=\"summary_large_image\" \/>\n<meta name=\"twitter:label1\" content=\"Gesch\u00e4tzte Lesezeit\" \/>\n\t<meta name=\"twitter:data1\" content=\"2\u00a0Minuten\" \/>\n<script type=\"application\/ld+json\" class=\"yoast-schema-graph\">{\"@context\":\"https:\/\/schema.org\",\"@graph\":[{\"@type\":\"Article\",\"@id\":\"https:\/\/all-car-news.com\/de\/der-allerletzte-in-den-niederlanden-ausgelieferte-focus-st-koennte-ihnen-gehoeren\/#article\",\"isPartOf\":{\"@id\":\"https:\/\/all-car-news.com\/de\/der-allerletzte-in-den-niederlanden-ausgelieferte-focus-st-koennte-ihnen-gehoeren\/\"},\"author\":{\"name\":\"\",\"@id\":\"\"},\"headline\":\"Der allerletzte in den Niederlanden ausgelieferte Focus ST k\u00f6nnte Ihnen geh\u00f6ren\",\"datePublished\":\"2025-11-05T12:08:04+00:00\",\"dateModified\":\"2025-11-05T12:08:04+00:00\",\"mainEntityOfPage\":{\"@id\":\"https:\/\/all-car-news.com\/de\/der-allerletzte-in-den-niederlanden-ausgelieferte-focus-st-koennte-ihnen-gehoeren\/\"},\"wordCount\":336,\"publisher\":{\"@id\":\"https:\/\/all-car-news.com\/de\/#organization\"},\"articleSection\":[\"Auto Nachrichten\"],\"inLanguage\":\"de\"},{\"@type\":\"WebPage\",\"@id\":\"https:\/\/all-car-news.com\/de\/der-allerletzte-in-den-niederlanden-ausgelieferte-focus-st-koennte-ihnen-gehoeren\/\",\"url\":\"https:\/\/all-car-news.com\/de\/der-allerletzte-in-den-niederlanden-ausgelieferte-focus-st-koennte-ihnen-gehoeren\/\",\"name\":\"Der allerletzte in den Niederlanden ausgelieferte Focus ST k\u00f6nnte Ihnen geh\u00f6ren - All cars news\",\"isPartOf\":{\"@id\":\"https:\/\/all-car-news.com\/de\/#website\"},\"datePublished\":\"2025-11-05T12:08:04+00:00\",\"dateModified\":\"2025-11-05T12:08:04+00:00\",\"breadcrumb\":{\"@id\":\"https:\/\/all-car-news.com\/de\/der-allerletzte-in-den-niederlanden-ausgelieferte-focus-st-koennte-ihnen-gehoeren\/#breadcrumb\"},\"inLanguage\":\"de\",\"potentialAction\":[{\"@type\":\"ReadAction\",\"target\":[\"https:\/\/all-car-news.com\/de\/der-allerletzte-in-den-niederlanden-ausgelieferte-focus-st-koennte-ihnen-gehoeren\/\"]}]},{\"@type\":\"BreadcrumbList\",\"@id\":\"https:\/\/all-car-news.com\/de\/der-allerletzte-in-den-niederlanden-ausgelieferte-focus-st-koennte-ihnen-gehoeren\/#breadcrumb\",\"itemListElement\":[{\"@type\":\"ListItem\",\"position\":1,\"name\":\"Home\",\"item\":\"https:\/\/all-car-news.com\/de\/\"},{\"@type\":\"ListItem\",\"position\":2,\"name\":\"Der allerletzte in den Niederlanden ausgelieferte Focus ST k\u00f6nnte Ihnen geh\u00f6ren\"}]},{\"@type\":\"WebSite\",\"@id\":\"https:\/\/all-car-news.com\/de\/#website\",\"url\":\"https:\/\/all-car-news.com\/de\/\",\"name\":\"All cars news\",\"description\":\"\",\"publisher\":{\"@id\":\"https:\/\/all-car-news.com\/de\/#organization\"},\"potentialAction\":[{\"@type\":\"SearchAction\",\"target\":{\"@type\":\"EntryPoint\",\"urlTemplate\":\"https:\/\/all-car-news.com\/de\/?s={search_term_string}\"},\"query-input\":\"required name=search_term_string\"}],\"inLanguage\":\"de\"},{\"@type\":\"Organization\",\"@id\":\"https:\/\/all-car-news.com\/de\/#organization\",\"name\":\"All cars news\",\"url\":\"https:\/\/all-car-news.com\/de\/\",\"logo\":{\"@type\":\"ImageObject\",\"inLanguage\":\"de\",\"@id\":\"https:\/\/all-car-news.com\/de\/#\/schema\/logo\/image\/\",\"url\":\"https:\/\/all-car-news.com\/wp-content\/uploads\/2022\/02\/CMYK-AllCarNews_LANDSCAPE_300px-1.png\",\"contentUrl\":\"https:\/\/all-car-news.com\/wp-content\/uploads\/2022\/02\/CMYK-AllCarNews_LANDSCAPE_300px-1.png\",\"width\":300,\"height\":100,\"caption\":\"All cars news\"},\"image\":{\"@id\":\"https:\/\/all-car-news.com\/de\/#\/schema\/logo\/image\/\"}}]}<\/script>\n<!-- \/ Yoast SEO plugin. -->","yoast_head_json":{"title":"Der allerletzte in den Niederlanden ausgelieferte Focus ST k\u00f6nnte Ihnen geh\u00f6ren - All cars news","robots":{"index":"index","follow":"follow","max-snippet":"max-snippet:-1","max-image-preview":"max-image-preview:large","max-video-preview":"max-video-preview:-1"},"canonical":"https:\/\/all-car-news.com\/de\/der-allerletzte-in-den-niederlanden-ausgelieferte-focus-st-koennte-ihnen-gehoeren\/","og_locale":"de_DE","og_type":"article","og_title":"Der allerletzte in den Niederlanden ausgelieferte Focus ST k\u00f6nnte Ihnen geh\u00f6ren - All cars news","og_description":"Lenkrad Der Focus ST ist kein gew\u00f6hnlicher Focus mit sportlichen Sto\u00dfstangen und etwas mehr Leistung. Fragen Sie jeden, der ihn schon einmal gefahren hat, und Sie werden die gleiche Antwort erhalten: Dies ist ein echtes Fahrerauto - scharf, bissig und f\u00fcr Enthusiasten gebaut. Das gilt \u00fcbrigens genauso f\u00fcr den Fiesta ST, vielleicht sogar in noch st\u00e4rkerem Ma\u00dfe, [...]","og_url":"https:\/\/all-car-news.com\/de\/der-allerletzte-in-den-niederlanden-ausgelieferte-focus-st-koennte-ihnen-gehoeren\/","og_site_name":"All cars news","article_published_time":"2025-11-05T12:08:04+00:00","og_image":[{"url":"https:\/\/autorai.nl\/wp-content\/uploads\/2025\/11\/FocusST-ext-1-van-1-1140x760.jpg"}],"twitter_card":"summary_large_image","twitter_misc":{"Gesch\u00e4tzte Lesezeit":"2\u00a0Minuten"},"schema":{"@context":"https:\/\/schema.org","@graph":[{"@type":"Article","@id":"https:\/\/all-car-news.com\/de\/der-allerletzte-in-den-niederlanden-ausgelieferte-focus-st-koennte-ihnen-gehoeren\/#article","isPartOf":{"@id":"https:\/\/all-car-news.com\/de\/der-allerletzte-in-den-niederlanden-ausgelieferte-focus-st-koennte-ihnen-gehoeren\/"},"author":{"name":"","@id":""},"headline":"Der allerletzte in den Niederlanden ausgelieferte Focus ST k\u00f6nnte Ihnen geh\u00f6ren","datePublished":"2025-11-05T12:08:04+00:00","dateModified":"2025-11-05T12:08:04+00:00","mainEntityOfPage":{"@id":"https:\/\/all-car-news.com\/de\/der-allerletzte-in-den-niederlanden-ausgelieferte-focus-st-koennte-ihnen-gehoeren\/"},"wordCount":336,"publisher":{"@id":"https:\/\/all-car-news.com\/de\/#organization"},"articleSection":["Auto Nachrichten"],"inLanguage":"de"},{"@type":"WebPage","@id":"https:\/\/all-car-news.com\/de\/der-allerletzte-in-den-niederlanden-ausgelieferte-focus-st-koennte-ihnen-gehoeren\/","url":"https:\/\/all-car-news.com\/de\/der-allerletzte-in-den-niederlanden-ausgelieferte-focus-st-koennte-ihnen-gehoeren\/","name":"Der allerletzte in den Niederlanden ausgelieferte Focus ST k\u00f6nnte Ihnen geh\u00f6ren - All cars news","isPartOf":{"@id":"https:\/\/all-car-news.com\/de\/#website"},"datePublished":"2025-11-05T12:08:04+00:00","dateModified":"2025-11-05T12:08:04+00:00","breadcrumb":{"@id":"https:\/\/all-car-news.com\/de\/der-allerletzte-in-den-niederlanden-ausgelieferte-focus-st-koennte-ihnen-gehoeren\/#breadcrumb"},"inLanguage":"de","potentialAction":[{"@type":"ReadAction","target":["https:\/\/all-car-news.com\/de\/der-allerletzte-in-den-niederlanden-ausgelieferte-focus-st-koennte-ihnen-gehoeren\/"]}]},{"@type":"BreadcrumbList","@id":"https:\/\/all-car-news.com\/de\/der-allerletzte-in-den-niederlanden-ausgelieferte-focus-st-koennte-ihnen-gehoeren\/#breadcrumb","itemListElement":[{"@type":"ListItem","position":1,"name":"Home","item":"https:\/\/all-car-news.com\/de\/"},{"@type":"ListItem","position":2,"name":"Der allerletzte in den Niederlanden ausgelieferte Focus ST k\u00f6nnte Ihnen geh\u00f6ren"}]},{"@type":"WebSite","@id":"https:\/\/all-car-news.com\/de\/#website","url":"https:\/\/all-car-news.com\/de\/","name":"All cars news","description":"","publisher":{"@id":"https:\/\/all-car-news.com\/de\/#organization"},"potentialAction":[{"@type":"SearchAction","target":{"@type":"EntryPoint","urlTemplate":"https:\/\/all-car-news.com\/de\/?s={search_term_string}"},"query-input":"required name=search_term_string"}],"inLanguage":"de"},{"@type":"Organization","@id":"https:\/\/all-car-news.com\/de\/#organization","name":"All cars news","url":"https:\/\/all-car-news.com\/de\/","logo":{"@type":"ImageObject","inLanguage":"de","@id":"https:\/\/all-car-news.com\/de\/#\/schema\/logo\/image\/","url":"https:\/\/all-car-news.com\/wp-content\/uploads\/2022\/02\/CMYK-AllCarNews_LANDSCAPE_300px-1.png","contentUrl":"https:\/\/all-car-news.com\/wp-content\/uploads\/2022\/02\/CMYK-AllCarNews_LANDSCAPE_300px-1.png","width":300,"height":100,"caption":"All cars news"},"image":{"@id":"https:\/\/all-car-news.com\/de\/#\/schema\/logo\/image\/"}}]}},"_links":{"self":[{"href":"https:\/\/all-car-news.com\/de\/wp-json\/wp\/v2\/posts\/159382","targetHints":{"allow":["GET"]}}],"collection":[{"href":"https:\/\/all-car-news.com\/de\/wp-json\/wp\/v2\/posts"}],"about":[{"href":"https:\/\/all-car-news.com\/de\/wp-json\/wp\/v2\/types\/post"}],"replies":[{"embeddable":true,"href":"https:\/\/all-car-news.com\/de\/wp-json\/wp\/v2\/comments?post=159382"}],"version-history":[{"count":0,"href":"https:\/\/all-car-news.com\/de\/wp-json\/wp\/v2\/posts\/159382\/revisions"}],"wp:featuredmedia":[{"embeddable":true,"href":"https:\/\/all-car-news.com\/de\/wp-json\/wp\/v2\/media\/159366"}],"wp:attachment":[{"href":"https:\/\/all-car-news.com\/de\/wp-json\/wp\/v2\/media?parent=159382"}],"wp:term":[{"taxonomy":"category","embeddable":true,"href":"https:\/\/all-car-news.com\/de\/wp-json\/wp\/v2\/categories?post=159382"},{"taxonomy":"post_tag","embeddable":true,"href":"https:\/\/all-car-news.com\/de\/wp-json\/wp\/v2\/tags?post=159382"}],"curies":[{"name":"wp","href":"https:\/\/api.w.org\/{rel}","templated":true}]}}