{"id":158067,"date":"2025-09-22T14:01:09","date_gmt":"2025-09-22T14:01:09","guid":{"rendered":"https:\/\/all-car-news.com\/der-neue-bmw-x5-kommt-auch-als-ix5-hydrogen\/"},"modified":"2025-09-22T14:01:09","modified_gmt":"2025-09-22T14:01:09","slug":"der-neue-bmw-x5-kommt-auch-als-ix5-hydrogen","status":"publish","type":"post","link":"https:\/\/all-car-news.com\/de\/der-neue-bmw-x5-kommt-auch-als-ix5-hydrogen\/","title":{"rendered":"Der neue BMW X5 kommt auch als iX5 Hydrogen!"},"content":{"rendered":"<h2>Wasserstoff von gro\u00dfer Bedeutung<\/h2>\n<p>&#8222;Wasserstoff spielt eine entscheidende Rolle bei der globalen Dekarbonisierung. Deshalb engagieren wir uns f\u00fcr die Weiterentwicklung dieser Technologie&#8220;, sagte Joachim Post, Mitglied des Vorstands der BMW AG f\u00fcr Entwicklung, auf einer BMW Veranstaltung in New York.<\/p>\n<p>&#8222;Wasserstoff gilt als vielversprechender zuk\u00fcnftiger Energietr\u00e4ger f\u00fcr die globale Dekarbonisierung. Er dient als effektives Speichermedium f\u00fcr erneuerbare Energiequellen, tr\u00e4gt zum Ausgleich von Angebot und Nachfrage bei und erm\u00f6glicht eine stabilere und zuverl\u00e4ssigere Integration von erneuerbaren Energien in das Energienetz. Wasserstoff ist das fehlende Teil, um das Puzzle der Elektromobilit\u00e4t zu vervollst\u00e4ndigen, wenn batterieelektrische Antriebssysteme keine optimale L\u00f6sung darstellen.&#8220;<\/p>\n<h2>Viele Geschmacksrichtungen<\/h2>\n<p>Ein breites Portfolio an Antriebssystemen &#8211; darunter Verbrennungsmotoren, Plug-in-Hybride, batterieelektrische Antriebe und, beginnend mit dem neuen BMW iX5 Hydrogen im Jahr 2028, die Wasserstoff-Brennstoffzellentechnologie &#8211; ist die Basis, um die vielf\u00e4ltigen Anforderungen und Bed\u00fcrfnisse der Kunden weltweit jetzt und in Zukunft erfolgreich zu erf\u00fcllen.<\/p>\n<h2>Gro\u00dfe Ver\u00e4nderung ab 2028<\/h2>\n<p>Flexible Produktionsstrukturen und ein hohes Ma\u00df an Integrationskompetenz erm\u00f6glichen eine effiziente Umsetzung dieser verschiedenen Antriebstechnologien in der neuen BMW X5 Baureihe in Bezug auf Beschaffung und Produktion. Das bedeutet, dass die BMW Modellpalette ab 2028 zwei Arten von vollelektrischen Antrieben (batterieelektrisch und Wasserstoff-Brennstoffzelle) umfassen wird, was die konsequente Umsetzung des technologieoffenen Ansatzes der Marke unterstreicht. <\/p>\n<figure class=\"wp-block-image size-content\"><img decoding=\"async\" loading=\"lazy\" width=\"1140\" height=\"760\" src=\"https:\/\/autorai.nl\/wp-content\/uploads\/2025\/09\/nieuwe-bmw-x5-ix5-hydrogen-foto5-1140x760.jpg\" alt=\"R\u00fcckseite des BMW X5\" class=\"wp-image-208691\"><\/figure>\n<h2>Der neue BMW iX5 Hydrogen<\/h2>\n<p>Nach erfolgreichen Pilotflottentests weltweit wird der neue BMW iX5 Hydrogen als erstes Serienmodell der Marke mit Wasserstoffantrieb auf den Markt kommen. Die Antriebstechnologie basiert auf dem Brennstoffzellensystem der dritten Generation, das die BMW Group in Zusammenarbeit mit der Toyota Motor Corporation entwickelt.   <\/p>\n<p>Diese technologischen Fortschritte f\u00fchren zu einem System mit einem kompakteren Design, das auch leistungsf\u00e4higer und effizienter ist und eine h\u00f6here Reichweite und Leistung bei geringerem Energieverbrauch bietet. In den Kompetenzzentren von BMW in M\u00fcnchen und im BMW Group Werk Steyr werden bereits die ersten Prototypen gebaut. Weitere Komponenten des Antriebssystems kommen aus dem BMW Group Werk in Landshut.  <\/p>\n<h2>HyMoS-Initiative<\/h2>\n<p>Neben der Entwicklung des neuen BMW iX5 Hydrogen beteiligt sich BMW auch aktiv an den Bem\u00fchungen, das Netz der Wasserstofftankstellen auszubauen. Die Initiative HyMoS (Hydrogen Mobility at Scale) wurde gegr\u00fcndet, um in Zusammenarbeit mit industriellen und institutionellen Partnern die Wasserstoffinfrastruktur f\u00fcr die Mobilit\u00e4t zu f\u00f6rdern. Ziel dieser Initiative ist es, die wirtschaftliche Tragf\u00e4higkeit von Wasserstoffmobilit\u00e4tssystemen zu erh\u00f6hen, indem die Nachfrage f\u00fcr alle Fahrzeugtypen, einschlie\u00dflich Lkw, Busse und Pkw, geb\u00fcndelt wird. Dies wird dazu beitragen, eine optimale Verteilung und Auslastung von Wasserstofftankstellen zu erreichen. Die Initiative unterst\u00fctzt bestehende Wasserstoffinfrastrukturprojekte dabei, ihr volles Potenzial auszusch\u00f6pfen, indem Erfahrungen zwischen den Projekten ausgetauscht und Industriepartner unterst\u00fctzt werden. Eine Pilotphase zur Unterst\u00fctzung bestehender Infrastruktursysteme in Deutschland und Frankreich hat begonnen, um Erfahrungen f\u00fcr die Umsetzung in weiteren st\u00e4dtischen Gebieten und eine m\u00f6gliche sp\u00e4tere Ausweitung auf andere L\u00e4nder zu sammeln.     <\/p>\n<div class=\"galery shuffle galery-0\">\n<figure>\n\t\t\t\t\t<span style=\"cursor: pointer\" data-src=\"https:\/\/autorai.nl\/wp-content\/uploads\/2025\/09\/nieuwe-bmw-x5-ix5-hydrogen-foto1-1600x1067.jpg\" data-fancybox=\"galery-0\" title=\"\"><br \/>\n\t\t\t\t\t\t\t<img decoding=\"async\" width=\"640\" height=\"480\" src=\"https:\/\/autorai.nl\/wp-content\/uploads\/2025\/09\/nieuwe-bmw-x5-ix5-hydrogen-foto1-640x480.jpg\" class=\"attachment-medium size-medium\" alt=\"BMW X5 kommt auch als iX5 Hydrogen\" loading=\"lazy\"><i class=\"fa fa-search-plus\" aria-hidden=\"true\"><\/i><br \/>\n\t\t\t\t\t\t<\/span><br \/>\n\t\t\t\t\t<\/figure>\n<figure>\n\t\t\t\t\t<span style=\"cursor: pointer\" data-src=\"https:\/\/autorai.nl\/wp-content\/uploads\/2025\/09\/nieuwe-bmw-x5-ix5-hydrogen-foto6-1600x1067.jpg\" data-fancybox=\"galery-0\" title=\"\"><br \/>\n\t\t\t\t\t\t\t<img decoding=\"async\" width=\"360\" height=\"270\" src=\"https:\/\/autorai.nl\/wp-content\/uploads\/2025\/09\/nieuwe-bmw-x5-ix5-hydrogen-foto6-360x270.jpg\" class=\"attachment-small size-small\" alt=\"\" loading=\"lazy\"><i class=\"fa fa-search-plus\" aria-hidden=\"true\"><\/i><br \/>\n\t\t\t\t\t\t<\/span><br \/>\n\t\t\t\t\t<\/figure>\n<figure>\n\t\t\t\t\t<span style=\"cursor: pointer\" data-src=\"https:\/\/autorai.nl\/wp-content\/uploads\/2025\/09\/nieuwe-bmw-x5-ix5-hydrogen-foto5-1600x1067.jpg\" data-fancybox=\"galery-0\" title=\"\"><br \/>\n\t\t\t\t\t\t\t<img decoding=\"async\" width=\"360\" height=\"270\" src=\"https:\/\/autorai.nl\/wp-content\/uploads\/2025\/09\/nieuwe-bmw-x5-ix5-hydrogen-foto5-360x270.jpg\" class=\"attachment-small size-small\" alt=\"R\u00fcckseite des BMW X5\" loading=\"lazy\"><i class=\"fa fa-search-plus\" aria-hidden=\"true\"><\/i><br \/>\n\t\t\t\t\t\t<\/span><br \/>\n\t\t\t\t\t<\/figure>\n<figure>\n\t\t\t\t\t<span style=\"cursor: pointer\" data-src=\"https:\/\/autorai.nl\/wp-content\/uploads\/2025\/09\/nieuwe-bmw-x5-ix5-hydrogen-foto4-1600x1067.jpg\" data-fancybox=\"galery-0\" title=\"\"><br \/>\n\t\t\t\t\t\t\t<img decoding=\"async\" width=\"640\" height=\"480\" src=\"https:\/\/autorai.nl\/wp-content\/uploads\/2025\/09\/nieuwe-bmw-x5-ix5-hydrogen-foto4-640x480.jpg\" class=\"attachment-medium size-medium\" alt=\"\" loading=\"lazy\"><i class=\"fa fa-search-plus\" aria-hidden=\"true\"><\/i><br \/>\n\t\t\t\t\t\t<\/span><br \/>\n\t\t\t\t\t<\/figure>\n<figure>\n\t\t\t\t\t<span style=\"cursor: pointer\" data-src=\"https:\/\/autorai.nl\/wp-content\/uploads\/2025\/09\/nieuwe-bmw-x5-ix5-hydrogen-foto3-1600x1067.jpg\" data-fancybox=\"galery-0\" title=\"\"><br \/>\n\t\t\t\t\t\t\t<img decoding=\"async\" width=\"360\" height=\"270\" src=\"https:\/\/autorai.nl\/wp-content\/uploads\/2025\/09\/nieuwe-bmw-x5-ix5-hydrogen-foto3-360x270.jpg\" class=\"attachment-small size-small\" alt=\"\" loading=\"lazy\"><i class=\"fa fa-search-plus\" aria-hidden=\"true\"><\/i><br \/>\n\t\t\t\t\t\t<\/span><br \/>\n\t\t\t\t\t<\/figure>\n<figure>\n\t\t\t\t\t<span style=\"cursor: pointer\" data-src=\"https:\/\/autorai.nl\/wp-content\/uploads\/2025\/09\/nieuwe-bmw-x5-ix5-hydrogen-foto2-1600x1067.jpg\" data-fancybox=\"galery-0\" title=\"\"><br \/>\n\t\t\t\t\t\t\t<img decoding=\"async\" width=\"360\" height=\"270\" src=\"https:\/\/autorai.nl\/wp-content\/uploads\/2025\/09\/nieuwe-bmw-x5-ix5-hydrogen-foto2-360x270.jpg\" class=\"attachment-small size-small\" alt=\"\" loading=\"lazy\"><i class=\"fa fa-search-plus\" aria-hidden=\"true\"><\/i><br \/>\n\t\t\t\t\t\t<\/span><br \/>\n\t\t\t\t\t<\/figure>\n<div class=\"clear\"><\/div>\n<\/div>\n","protected":false},"excerpt":{"rendered":"Wasserstoff ist enorm wichtig \"Wasserstoff spielt eine entscheidende Rolle bei der globalen Dekarbonisierung. Deshalb engagieren wir uns f\u00fcr die F\u00f6rderung&hellip;","protected":false},"author":0,"featured_media":158034,"comment_status":"","ping_status":"open","sticky":false,"template":"","format":"standard","meta":{"footnotes":""},"categories":[125],"tags":[],"class_list":["post-158067","post","type-post","status-publish","format-standard","has-post-thumbnail","hentry","category-auto-nachrichten"],"acf":[],"yoast_head":"<!-- This site is optimized with the Yoast SEO plugin v21.2 - https:\/\/yoast.com\/wordpress\/plugins\/seo\/ -->\n<title>Der neue BMW X5 kommt auch als iX5 Hydrogen! - All cars news<\/title>\n<meta name=\"robots\" content=\"index, follow, max-snippet:-1, max-image-preview:large, max-video-preview:-1\" \/>\n<link rel=\"canonical\" href=\"https:\/\/all-car-news.com\/de\/der-neue-bmw-x5-kommt-auch-als-ix5-hydrogen\/\" \/>\n<meta property=\"og:locale\" content=\"de_DE\" \/>\n<meta property=\"og:type\" content=\"article\" \/>\n<meta property=\"og:title\" content=\"Der neue BMW X5 kommt auch als iX5 Hydrogen! - All cars news\" \/>\n<meta property=\"og:description\" content=\"Wasserstoff ist enorm wichtig &quot;Wasserstoff spielt eine entscheidende Rolle bei der globalen Dekarbonisierung. Deshalb engagieren wir uns f\u00fcr die F\u00f6rderung dieser Technologie&quot;, sagte Joachim Post, Mitglied des Vorstands der BMW AG f\u00fcr Entwicklung, auf einer BMW Veranstaltung in New York. &quot;Wasserstoff ist als vielversprechender Energietr\u00e4ger f\u00fcr die globale Dekarbonisierung anerkannt. Er wirkt [...]\" \/>\n<meta property=\"og:url\" content=\"https:\/\/all-car-news.com\/de\/der-neue-bmw-x5-kommt-auch-als-ix5-hydrogen\/\" \/>\n<meta property=\"og:site_name\" content=\"All cars news\" \/>\n<meta property=\"article:published_time\" content=\"2025-09-22T14:01:09+00:00\" \/>\n<meta property=\"og:image\" content=\"https:\/\/autorai.nl\/wp-content\/uploads\/2025\/09\/nieuwe-bmw-x5-ix5-hydrogen-foto5-1140x760.jpg\" \/>\n<meta name=\"twitter:card\" content=\"summary_large_image\" \/>\n<meta name=\"twitter:label1\" content=\"Gesch\u00e4tzte Lesezeit\" \/>\n\t<meta name=\"twitter:data1\" content=\"2\u00a0Minuten\" \/>\n<script type=\"application\/ld+json\" class=\"yoast-schema-graph\">{\"@context\":\"https:\/\/schema.org\",\"@graph\":[{\"@type\":\"Article\",\"@id\":\"https:\/\/all-car-news.com\/de\/der-neue-bmw-x5-kommt-auch-als-ix5-hydrogen\/#article\",\"isPartOf\":{\"@id\":\"https:\/\/all-car-news.com\/de\/der-neue-bmw-x5-kommt-auch-als-ix5-hydrogen\/\"},\"author\":{\"name\":\"\",\"@id\":\"\"},\"headline\":\"Der neue BMW X5 kommt auch als iX5 Hydrogen!\",\"datePublished\":\"2025-09-22T14:01:09+00:00\",\"dateModified\":\"2025-09-22T14:01:09+00:00\",\"mainEntityOfPage\":{\"@id\":\"https:\/\/all-car-news.com\/de\/der-neue-bmw-x5-kommt-auch-als-ix5-hydrogen\/\"},\"wordCount\":492,\"publisher\":{\"@id\":\"https:\/\/all-car-news.com\/de\/#organization\"},\"articleSection\":[\"Auto Nachrichten\"],\"inLanguage\":\"de\"},{\"@type\":\"WebPage\",\"@id\":\"https:\/\/all-car-news.com\/de\/der-neue-bmw-x5-kommt-auch-als-ix5-hydrogen\/\",\"url\":\"https:\/\/all-car-news.com\/de\/der-neue-bmw-x5-kommt-auch-als-ix5-hydrogen\/\",\"name\":\"Der neue BMW X5 kommt auch als iX5 Hydrogen! - All cars news\",\"isPartOf\":{\"@id\":\"https:\/\/all-car-news.com\/de\/#website\"},\"datePublished\":\"2025-09-22T14:01:09+00:00\",\"dateModified\":\"2025-09-22T14:01:09+00:00\",\"breadcrumb\":{\"@id\":\"https:\/\/all-car-news.com\/de\/der-neue-bmw-x5-kommt-auch-als-ix5-hydrogen\/#breadcrumb\"},\"inLanguage\":\"de\",\"potentialAction\":[{\"@type\":\"ReadAction\",\"target\":[\"https:\/\/all-car-news.com\/de\/der-neue-bmw-x5-kommt-auch-als-ix5-hydrogen\/\"]}]},{\"@type\":\"BreadcrumbList\",\"@id\":\"https:\/\/all-car-news.com\/de\/der-neue-bmw-x5-kommt-auch-als-ix5-hydrogen\/#breadcrumb\",\"itemListElement\":[{\"@type\":\"ListItem\",\"position\":1,\"name\":\"Home\",\"item\":\"https:\/\/all-car-news.com\/de\/\"},{\"@type\":\"ListItem\",\"position\":2,\"name\":\"Der neue BMW X5 kommt auch als iX5 Hydrogen!\"}]},{\"@type\":\"WebSite\",\"@id\":\"https:\/\/all-car-news.com\/de\/#website\",\"url\":\"https:\/\/all-car-news.com\/de\/\",\"name\":\"All cars news\",\"description\":\"\",\"publisher\":{\"@id\":\"https:\/\/all-car-news.com\/de\/#organization\"},\"potentialAction\":[{\"@type\":\"SearchAction\",\"target\":{\"@type\":\"EntryPoint\",\"urlTemplate\":\"https:\/\/all-car-news.com\/de\/?s={search_term_string}\"},\"query-input\":\"required name=search_term_string\"}],\"inLanguage\":\"de\"},{\"@type\":\"Organization\",\"@id\":\"https:\/\/all-car-news.com\/de\/#organization\",\"name\":\"All cars news\",\"url\":\"https:\/\/all-car-news.com\/de\/\",\"logo\":{\"@type\":\"ImageObject\",\"inLanguage\":\"de\",\"@id\":\"https:\/\/all-car-news.com\/de\/#\/schema\/logo\/image\/\",\"url\":\"https:\/\/all-car-news.com\/wp-content\/uploads\/2022\/02\/CMYK-AllCarNews_LANDSCAPE_300px-1.png\",\"contentUrl\":\"https:\/\/all-car-news.com\/wp-content\/uploads\/2022\/02\/CMYK-AllCarNews_LANDSCAPE_300px-1.png\",\"width\":300,\"height\":100,\"caption\":\"All cars news\"},\"image\":{\"@id\":\"https:\/\/all-car-news.com\/de\/#\/schema\/logo\/image\/\"}}]}<\/script>\n<!-- \/ Yoast SEO plugin. -->","yoast_head_json":{"title":"Der neue BMW X5 kommt auch als iX5 Hydrogen! - All cars news","robots":{"index":"index","follow":"follow","max-snippet":"max-snippet:-1","max-image-preview":"max-image-preview:large","max-video-preview":"max-video-preview:-1"},"canonical":"https:\/\/all-car-news.com\/de\/der-neue-bmw-x5-kommt-auch-als-ix5-hydrogen\/","og_locale":"de_DE","og_type":"article","og_title":"Der neue BMW X5 kommt auch als iX5 Hydrogen! - All cars news","og_description":"Wasserstoff ist enorm wichtig \"Wasserstoff spielt eine entscheidende Rolle bei der globalen Dekarbonisierung. Deshalb engagieren wir uns f\u00fcr die F\u00f6rderung dieser Technologie\", sagte Joachim Post, Mitglied des Vorstands der BMW AG f\u00fcr Entwicklung, auf einer BMW Veranstaltung in New York. \"Wasserstoff ist als vielversprechender Energietr\u00e4ger f\u00fcr die globale Dekarbonisierung anerkannt. Er wirkt [...]","og_url":"https:\/\/all-car-news.com\/de\/der-neue-bmw-x5-kommt-auch-als-ix5-hydrogen\/","og_site_name":"All cars news","article_published_time":"2025-09-22T14:01:09+00:00","og_image":[{"url":"https:\/\/autorai.nl\/wp-content\/uploads\/2025\/09\/nieuwe-bmw-x5-ix5-hydrogen-foto5-1140x760.jpg"}],"twitter_card":"summary_large_image","twitter_misc":{"Gesch\u00e4tzte Lesezeit":"2\u00a0Minuten"},"schema":{"@context":"https:\/\/schema.org","@graph":[{"@type":"Article","@id":"https:\/\/all-car-news.com\/de\/der-neue-bmw-x5-kommt-auch-als-ix5-hydrogen\/#article","isPartOf":{"@id":"https:\/\/all-car-news.com\/de\/der-neue-bmw-x5-kommt-auch-als-ix5-hydrogen\/"},"author":{"name":"","@id":""},"headline":"Der neue BMW X5 kommt auch als iX5 Hydrogen!","datePublished":"2025-09-22T14:01:09+00:00","dateModified":"2025-09-22T14:01:09+00:00","mainEntityOfPage":{"@id":"https:\/\/all-car-news.com\/de\/der-neue-bmw-x5-kommt-auch-als-ix5-hydrogen\/"},"wordCount":492,"publisher":{"@id":"https:\/\/all-car-news.com\/de\/#organization"},"articleSection":["Auto Nachrichten"],"inLanguage":"de"},{"@type":"WebPage","@id":"https:\/\/all-car-news.com\/de\/der-neue-bmw-x5-kommt-auch-als-ix5-hydrogen\/","url":"https:\/\/all-car-news.com\/de\/der-neue-bmw-x5-kommt-auch-als-ix5-hydrogen\/","name":"Der neue BMW X5 kommt auch als iX5 Hydrogen! - All cars news","isPartOf":{"@id":"https:\/\/all-car-news.com\/de\/#website"},"datePublished":"2025-09-22T14:01:09+00:00","dateModified":"2025-09-22T14:01:09+00:00","breadcrumb":{"@id":"https:\/\/all-car-news.com\/de\/der-neue-bmw-x5-kommt-auch-als-ix5-hydrogen\/#breadcrumb"},"inLanguage":"de","potentialAction":[{"@type":"ReadAction","target":["https:\/\/all-car-news.com\/de\/der-neue-bmw-x5-kommt-auch-als-ix5-hydrogen\/"]}]},{"@type":"BreadcrumbList","@id":"https:\/\/all-car-news.com\/de\/der-neue-bmw-x5-kommt-auch-als-ix5-hydrogen\/#breadcrumb","itemListElement":[{"@type":"ListItem","position":1,"name":"Home","item":"https:\/\/all-car-news.com\/de\/"},{"@type":"ListItem","position":2,"name":"Der neue BMW X5 kommt auch als iX5 Hydrogen!"}]},{"@type":"WebSite","@id":"https:\/\/all-car-news.com\/de\/#website","url":"https:\/\/all-car-news.com\/de\/","name":"All cars news","description":"","publisher":{"@id":"https:\/\/all-car-news.com\/de\/#organization"},"potentialAction":[{"@type":"SearchAction","target":{"@type":"EntryPoint","urlTemplate":"https:\/\/all-car-news.com\/de\/?s={search_term_string}"},"query-input":"required name=search_term_string"}],"inLanguage":"de"},{"@type":"Organization","@id":"https:\/\/all-car-news.com\/de\/#organization","name":"All cars news","url":"https:\/\/all-car-news.com\/de\/","logo":{"@type":"ImageObject","inLanguage":"de","@id":"https:\/\/all-car-news.com\/de\/#\/schema\/logo\/image\/","url":"https:\/\/all-car-news.com\/wp-content\/uploads\/2022\/02\/CMYK-AllCarNews_LANDSCAPE_300px-1.png","contentUrl":"https:\/\/all-car-news.com\/wp-content\/uploads\/2022\/02\/CMYK-AllCarNews_LANDSCAPE_300px-1.png","width":300,"height":100,"caption":"All cars news"},"image":{"@id":"https:\/\/all-car-news.com\/de\/#\/schema\/logo\/image\/"}}]}},"_links":{"self":[{"href":"https:\/\/all-car-news.com\/de\/wp-json\/wp\/v2\/posts\/158067","targetHints":{"allow":["GET"]}}],"collection":[{"href":"https:\/\/all-car-news.com\/de\/wp-json\/wp\/v2\/posts"}],"about":[{"href":"https:\/\/all-car-news.com\/de\/wp-json\/wp\/v2\/types\/post"}],"replies":[{"embeddable":true,"href":"https:\/\/all-car-news.com\/de\/wp-json\/wp\/v2\/comments?post=158067"}],"version-history":[{"count":0,"href":"https:\/\/all-car-news.com\/de\/wp-json\/wp\/v2\/posts\/158067\/revisions"}],"wp:featuredmedia":[{"embeddable":true,"href":"https:\/\/all-car-news.com\/de\/wp-json\/wp\/v2\/media\/158034"}],"wp:attachment":[{"href":"https:\/\/all-car-news.com\/de\/wp-json\/wp\/v2\/media?parent=158067"}],"wp:term":[{"taxonomy":"category","embeddable":true,"href":"https:\/\/all-car-news.com\/de\/wp-json\/wp\/v2\/categories?post=158067"},{"taxonomy":"post_tag","embeddable":true,"href":"https:\/\/all-car-news.com\/de\/wp-json\/wp\/v2\/tags?post=158067"}],"curies":[{"name":"wp","href":"https:\/\/api.w.org\/{rel}","templated":true}]}}