{"id":157752,"date":"2025-09-08T10:59:52","date_gmt":"2025-09-08T10:59:52","guid":{"rendered":"https:\/\/all-car-news.com\/der-kompakte-cupra-kommt-das-ist-der-raval\/"},"modified":"2025-09-08T10:59:52","modified_gmt":"2025-09-08T10:59:52","slug":"der-kompakte-cupra-kommt-das-ist-der-raval","status":"publish","type":"post","link":"https:\/\/all-car-news.com\/de\/der-kompakte-cupra-kommt-das-ist-der-raval\/","title":{"rendered":"Der kompakte CUPRA kommt: das ist der Raval"},"content":{"rendered":"<h2>CUPRA Raval<\/h2>\n<p>Auf der IAA zeigt der Volkswagen Konzern in diesem Jahr eine ganze Menge. Modelle wie der Skoda Epiq, der Volkswagen ID. Polo und ID. Cross stehen zum ersten Mal auf der deutschen Automesse im Rampenlicht. CUPRA stellt ihnen den Raval zur Seite &#8211; den sportlicheren der beiden. Woher sein Name kommt? Er ist eine Anspielung auf Barcelona, die Stadt, in der CUPRA zu Hause ist. El Raval ist dort ein belebtes Viertel, und die Marke m\u00f6chte dieses Gef\u00fchl in diesem Modell einfangen.       <\/p>\n<h2>Kompakt, aber nicht klein<\/h2>\n<p>Mit einer L\u00e4nge von etwas mehr als vier Metern ist er eine Nummer kleiner als der <a href=\"https:\/\/youtu.be\/EeMoZ8JFVsY?si=MnG3-S_2qEV5DkFs\" target=\"_blank\" rel=\"noreferrer noopener\">Born<\/a>, und der Raval f\u00e4llt in das Segment der Kompaktwagen. Aber er ist mehr als ein Stadtauto; rechnen Sie mit einer Reichweite von 400 Kilometern. Die technische Basis ist die MEB+ Plattform des Volkswagen Konzerns. Der Elektromotor befindet sich an der Vorderseite und treibt die Vorderr\u00e4der an.   <\/p>\n<figure class=\"wp-block-image size-content\"><img decoding=\"async\" loading=\"lazy\" width=\"1140\" height=\"641\" src=\"https:\/\/autorai.nl\/wp-content\/uploads\/2025\/09\/cupra_raval_camouflaged_hd-1-1140x641.jpg\" alt=\"\" class=\"wp-image-207825\"><\/figure>\n<h2>Leistung  <\/h2>\n<p>Der Raval hat ein sportliches Fahrwerk, das 15 Millimeter tiefer liegt als bei anderen Modellen auf dieser Plattform. Au\u00dferdem verf\u00fcgt er \u00fcber eine besonders scharfe Lenkung und ein ESC mit Sportmodus. Das sollte den Wagen sp\u00fcrbar agiler machen als andere MEB+ Modelle. Die Topversion, der CUPRA Raval VZ, geht noch einen Schritt weiter: 166 kW (226 PS), Schalensitze, einstellbare D\u00e4mpfung, 235 Millimeter breite Reifen und ein elektronisches Sperrdifferenzial (VAQ).     <\/p>\n<h2>Symbolischer Start<\/h2>\n<p>Im Jahr 2026 wird CUPRA sein achtes Jubil\u00e4um feiern und den Raval als achtes Modell auf den Markt bringen. Die Produktion wird in Martorell in der N\u00e4he von Barcelona beginnen, wo bald auch die anderen kompakten Elektrofahrzeuge des Volkswagen Konzerns vom Band laufen werden.   <\/p>\n<p>Lesen Sie auch: <a href=\"https:\/\/autorai.nl\/volkswagen-id-cross-alles-wat-je-moet-weten\/\" target=\"_blank\" rel=\"noreferrer noopener\">Volkswagen ID. CROSS &#8211; Alles, was Sie wissen m\u00fcssen<\/a><\/p>\n<figure class=\"wp-block-embed is-type-wp-embed is-provider-autorai-nl wp-block-embed-autorai-nl\">\n<div class=\"wp-block-embed__wrapper\">\n<blockquote class=\"wp-embedded-content\" data-secret=\"0lDZnGaOC6\"><p><a href=\"https:\/\/autorai.nl\/volkswagen-id-cross-alles-wat-je-moet-weten\/\">Volkswagen ID. CROSS &#8211; Alles, was Sie wissen m\u00fcssen<\/a><\/p><\/blockquote>\n<\/div>\n<\/figure>\n","protected":false},"excerpt":{"rendered":"CUPRA Raval Auf der IAA hat der Volkswagen Konzern in diesem Jahr eine Menge zu bieten. Modelle wie der Skoda&hellip;","protected":false},"author":0,"featured_media":157744,"comment_status":"","ping_status":"open","sticky":false,"template":"","format":"standard","meta":{"footnotes":""},"categories":[125],"tags":[],"class_list":["post-157752","post","type-post","status-publish","format-standard","has-post-thumbnail","hentry","category-auto-nachrichten"],"acf":[],"yoast_head":"<!-- This site is optimized with the Yoast SEO plugin v21.2 - https:\/\/yoast.com\/wordpress\/plugins\/seo\/ -->\n<title>Der kompakte CUPRA kommt: das ist der Raval - All cars news<\/title>\n<meta name=\"robots\" content=\"index, follow, max-snippet:-1, max-image-preview:large, max-video-preview:-1\" \/>\n<link rel=\"canonical\" href=\"https:\/\/all-car-news.com\/de\/der-kompakte-cupra-kommt-das-ist-der-raval\/\" \/>\n<meta property=\"og:locale\" content=\"de_DE\" \/>\n<meta property=\"og:type\" content=\"article\" \/>\n<meta property=\"og:title\" content=\"Der kompakte CUPRA kommt: das ist der Raval - All cars news\" \/>\n<meta property=\"og:description\" content=\"CUPRA Raval Auf der IAA hat der Volkswagen Konzern in diesem Jahr eine Menge zu bieten. Modelle wie der Skoda Epiq, der Volkswagen ID. Polo und ID. Cross stehen zum ersten Mal auf der deutschen Automesse im Rampenlicht. CUPRA stellt ihnen den Raval zur Seite - den sportlicheren der beiden. Woher sein Name kommt? Dieser ist ein [...]\" \/>\n<meta property=\"og:url\" content=\"https:\/\/all-car-news.com\/de\/der-kompakte-cupra-kommt-das-ist-der-raval\/\" \/>\n<meta property=\"og:site_name\" content=\"All cars news\" \/>\n<meta property=\"article:published_time\" content=\"2025-09-08T10:59:52+00:00\" \/>\n<meta property=\"og:image\" content=\"https:\/\/autorai.nl\/wp-content\/uploads\/2025\/09\/cupra_raval_camouflaged_hd-1-1140x641.jpg\" \/>\n<meta name=\"twitter:card\" content=\"summary_large_image\" \/>\n<meta name=\"twitter:label1\" content=\"Gesch\u00e4tzte Lesezeit\" \/>\n\t<meta name=\"twitter:data1\" content=\"1\u00a0Minute\" \/>\n<script type=\"application\/ld+json\" class=\"yoast-schema-graph\">{\"@context\":\"https:\/\/schema.org\",\"@graph\":[{\"@type\":\"Article\",\"@id\":\"https:\/\/all-car-news.com\/de\/der-kompakte-cupra-kommt-das-ist-der-raval\/#article\",\"isPartOf\":{\"@id\":\"https:\/\/all-car-news.com\/de\/der-kompakte-cupra-kommt-das-ist-der-raval\/\"},\"author\":{\"name\":\"\",\"@id\":\"\"},\"headline\":\"Der kompakte CUPRA kommt: das ist der Raval\",\"datePublished\":\"2025-09-08T10:59:52+00:00\",\"dateModified\":\"2025-09-08T10:59:52+00:00\",\"mainEntityOfPage\":{\"@id\":\"https:\/\/all-car-news.com\/de\/der-kompakte-cupra-kommt-das-ist-der-raval\/\"},\"wordCount\":303,\"publisher\":{\"@id\":\"https:\/\/all-car-news.com\/de\/#organization\"},\"articleSection\":[\"Auto Nachrichten\"],\"inLanguage\":\"de\"},{\"@type\":\"WebPage\",\"@id\":\"https:\/\/all-car-news.com\/de\/der-kompakte-cupra-kommt-das-ist-der-raval\/\",\"url\":\"https:\/\/all-car-news.com\/de\/der-kompakte-cupra-kommt-das-ist-der-raval\/\",\"name\":\"Der kompakte CUPRA kommt: das ist der Raval - All cars news\",\"isPartOf\":{\"@id\":\"https:\/\/all-car-news.com\/de\/#website\"},\"datePublished\":\"2025-09-08T10:59:52+00:00\",\"dateModified\":\"2025-09-08T10:59:52+00:00\",\"breadcrumb\":{\"@id\":\"https:\/\/all-car-news.com\/de\/der-kompakte-cupra-kommt-das-ist-der-raval\/#breadcrumb\"},\"inLanguage\":\"de\",\"potentialAction\":[{\"@type\":\"ReadAction\",\"target\":[\"https:\/\/all-car-news.com\/de\/der-kompakte-cupra-kommt-das-ist-der-raval\/\"]}]},{\"@type\":\"BreadcrumbList\",\"@id\":\"https:\/\/all-car-news.com\/de\/der-kompakte-cupra-kommt-das-ist-der-raval\/#breadcrumb\",\"itemListElement\":[{\"@type\":\"ListItem\",\"position\":1,\"name\":\"Home\",\"item\":\"https:\/\/all-car-news.com\/de\/\"},{\"@type\":\"ListItem\",\"position\":2,\"name\":\"Der kompakte CUPRA kommt: das ist der Raval\"}]},{\"@type\":\"WebSite\",\"@id\":\"https:\/\/all-car-news.com\/de\/#website\",\"url\":\"https:\/\/all-car-news.com\/de\/\",\"name\":\"All cars news\",\"description\":\"\",\"publisher\":{\"@id\":\"https:\/\/all-car-news.com\/de\/#organization\"},\"potentialAction\":[{\"@type\":\"SearchAction\",\"target\":{\"@type\":\"EntryPoint\",\"urlTemplate\":\"https:\/\/all-car-news.com\/de\/?s={search_term_string}\"},\"query-input\":\"required name=search_term_string\"}],\"inLanguage\":\"de\"},{\"@type\":\"Organization\",\"@id\":\"https:\/\/all-car-news.com\/de\/#organization\",\"name\":\"All cars news\",\"url\":\"https:\/\/all-car-news.com\/de\/\",\"logo\":{\"@type\":\"ImageObject\",\"inLanguage\":\"de\",\"@id\":\"https:\/\/all-car-news.com\/de\/#\/schema\/logo\/image\/\",\"url\":\"https:\/\/all-car-news.com\/wp-content\/uploads\/2022\/02\/CMYK-AllCarNews_LANDSCAPE_300px-1.png\",\"contentUrl\":\"https:\/\/all-car-news.com\/wp-content\/uploads\/2022\/02\/CMYK-AllCarNews_LANDSCAPE_300px-1.png\",\"width\":300,\"height\":100,\"caption\":\"All cars news\"},\"image\":{\"@id\":\"https:\/\/all-car-news.com\/de\/#\/schema\/logo\/image\/\"}}]}<\/script>\n<!-- \/ Yoast SEO plugin. -->","yoast_head_json":{"title":"Der kompakte CUPRA kommt: das ist der Raval - All cars news","robots":{"index":"index","follow":"follow","max-snippet":"max-snippet:-1","max-image-preview":"max-image-preview:large","max-video-preview":"max-video-preview:-1"},"canonical":"https:\/\/all-car-news.com\/de\/der-kompakte-cupra-kommt-das-ist-der-raval\/","og_locale":"de_DE","og_type":"article","og_title":"Der kompakte CUPRA kommt: das ist der Raval - All cars news","og_description":"CUPRA Raval Auf der IAA hat der Volkswagen Konzern in diesem Jahr eine Menge zu bieten. Modelle wie der Skoda Epiq, der Volkswagen ID. Polo und ID. Cross stehen zum ersten Mal auf der deutschen Automesse im Rampenlicht. CUPRA stellt ihnen den Raval zur Seite - den sportlicheren der beiden. Woher sein Name kommt? Dieser ist ein [...]","og_url":"https:\/\/all-car-news.com\/de\/der-kompakte-cupra-kommt-das-ist-der-raval\/","og_site_name":"All cars news","article_published_time":"2025-09-08T10:59:52+00:00","og_image":[{"url":"https:\/\/autorai.nl\/wp-content\/uploads\/2025\/09\/cupra_raval_camouflaged_hd-1-1140x641.jpg"}],"twitter_card":"summary_large_image","twitter_misc":{"Gesch\u00e4tzte Lesezeit":"1\u00a0Minute"},"schema":{"@context":"https:\/\/schema.org","@graph":[{"@type":"Article","@id":"https:\/\/all-car-news.com\/de\/der-kompakte-cupra-kommt-das-ist-der-raval\/#article","isPartOf":{"@id":"https:\/\/all-car-news.com\/de\/der-kompakte-cupra-kommt-das-ist-der-raval\/"},"author":{"name":"","@id":""},"headline":"Der kompakte CUPRA kommt: das ist der Raval","datePublished":"2025-09-08T10:59:52+00:00","dateModified":"2025-09-08T10:59:52+00:00","mainEntityOfPage":{"@id":"https:\/\/all-car-news.com\/de\/der-kompakte-cupra-kommt-das-ist-der-raval\/"},"wordCount":303,"publisher":{"@id":"https:\/\/all-car-news.com\/de\/#organization"},"articleSection":["Auto Nachrichten"],"inLanguage":"de"},{"@type":"WebPage","@id":"https:\/\/all-car-news.com\/de\/der-kompakte-cupra-kommt-das-ist-der-raval\/","url":"https:\/\/all-car-news.com\/de\/der-kompakte-cupra-kommt-das-ist-der-raval\/","name":"Der kompakte CUPRA kommt: das ist der Raval - All cars news","isPartOf":{"@id":"https:\/\/all-car-news.com\/de\/#website"},"datePublished":"2025-09-08T10:59:52+00:00","dateModified":"2025-09-08T10:59:52+00:00","breadcrumb":{"@id":"https:\/\/all-car-news.com\/de\/der-kompakte-cupra-kommt-das-ist-der-raval\/#breadcrumb"},"inLanguage":"de","potentialAction":[{"@type":"ReadAction","target":["https:\/\/all-car-news.com\/de\/der-kompakte-cupra-kommt-das-ist-der-raval\/"]}]},{"@type":"BreadcrumbList","@id":"https:\/\/all-car-news.com\/de\/der-kompakte-cupra-kommt-das-ist-der-raval\/#breadcrumb","itemListElement":[{"@type":"ListItem","position":1,"name":"Home","item":"https:\/\/all-car-news.com\/de\/"},{"@type":"ListItem","position":2,"name":"Der kompakte CUPRA kommt: das ist der Raval"}]},{"@type":"WebSite","@id":"https:\/\/all-car-news.com\/de\/#website","url":"https:\/\/all-car-news.com\/de\/","name":"All cars news","description":"","publisher":{"@id":"https:\/\/all-car-news.com\/de\/#organization"},"potentialAction":[{"@type":"SearchAction","target":{"@type":"EntryPoint","urlTemplate":"https:\/\/all-car-news.com\/de\/?s={search_term_string}"},"query-input":"required name=search_term_string"}],"inLanguage":"de"},{"@type":"Organization","@id":"https:\/\/all-car-news.com\/de\/#organization","name":"All cars news","url":"https:\/\/all-car-news.com\/de\/","logo":{"@type":"ImageObject","inLanguage":"de","@id":"https:\/\/all-car-news.com\/de\/#\/schema\/logo\/image\/","url":"https:\/\/all-car-news.com\/wp-content\/uploads\/2022\/02\/CMYK-AllCarNews_LANDSCAPE_300px-1.png","contentUrl":"https:\/\/all-car-news.com\/wp-content\/uploads\/2022\/02\/CMYK-AllCarNews_LANDSCAPE_300px-1.png","width":300,"height":100,"caption":"All cars news"},"image":{"@id":"https:\/\/all-car-news.com\/de\/#\/schema\/logo\/image\/"}}]}},"_links":{"self":[{"href":"https:\/\/all-car-news.com\/de\/wp-json\/wp\/v2\/posts\/157752","targetHints":{"allow":["GET"]}}],"collection":[{"href":"https:\/\/all-car-news.com\/de\/wp-json\/wp\/v2\/posts"}],"about":[{"href":"https:\/\/all-car-news.com\/de\/wp-json\/wp\/v2\/types\/post"}],"replies":[{"embeddable":true,"href":"https:\/\/all-car-news.com\/de\/wp-json\/wp\/v2\/comments?post=157752"}],"version-history":[{"count":0,"href":"https:\/\/all-car-news.com\/de\/wp-json\/wp\/v2\/posts\/157752\/revisions"}],"wp:featuredmedia":[{"embeddable":true,"href":"https:\/\/all-car-news.com\/de\/wp-json\/wp\/v2\/media\/157744"}],"wp:attachment":[{"href":"https:\/\/all-car-news.com\/de\/wp-json\/wp\/v2\/media?parent=157752"}],"wp:term":[{"taxonomy":"category","embeddable":true,"href":"https:\/\/all-car-news.com\/de\/wp-json\/wp\/v2\/categories?post=157752"},{"taxonomy":"post_tag","embeddable":true,"href":"https:\/\/all-car-news.com\/de\/wp-json\/wp\/v2\/tags?post=157752"}],"curies":[{"name":"wp","href":"https:\/\/api.w.org\/{rel}","templated":true}]}}