{"id":157640,"date":"2025-09-04T10:19:16","date_gmt":"2025-09-04T10:19:16","guid":{"rendered":"https:\/\/all-car-news.com\/volkswagen-ueberrascht-id-2-wird-verschrottet-und-der-polo-kehrt-zurueck\/"},"modified":"2025-09-04T10:19:16","modified_gmt":"2025-09-04T10:19:16","slug":"volkswagen-ueberrascht-id-2-wird-verschrottet-und-der-polo-kehrt-zurueck","status":"publish","type":"post","link":"https:\/\/all-car-news.com\/de\/volkswagen-ueberrascht-id-2-wird-verschrottet-und-der-polo-kehrt-zurueck\/","title":{"rendered":"Volkswagen \u00fcberrascht: ID.2 wird verschrottet und der Polo kehrt zur\u00fcck!"},"content":{"rendered":"<h2>Volkswagen ID. Polo<\/h2>\n<p>Volkswagen stellt seine Namensstrategie auf den Kopf. Der ID.2all, von dem alle dachten, er w\u00fcrde als ID.2 in Produktion gehen, wird diesen Namen nicht erhalten. Im Ausstellungsraum wird er bald als ID. Polo. Damit w\u00e4hlt Volkswagen einen Mittelweg: Die moderne ID.-Familie bleibt bestehen, wird aber mit vertrauten Namen verbunden, die es schon seit Jahrzehnten gibt.<\/p>\n<figure class=\"wp-block-image size-content\"><img decoding=\"async\" loading=\"lazy\" width=\"1140\" height=\"641\" src=\"https:\/\/autorai.nl\/wp-content\/uploads\/2025\/09\/idpolo3-1140x641.jpg\" alt=\"\" class=\"wp-image-207645\"><\/figure>\n<h3>Vertraut und innovativ<\/h3>\n<p>Es ist eigentlich nicht sehr \u00fcberraschend, dass Volkswagen bekannte Namen wie Polo und Golf nicht in die Tonne kloppt. Diese Namen sitzen tief im Ged\u00e4chtnis der Autofahrer. F\u00fcr viele waren sie ihr erstes Auto oder das Symbol f\u00fcr zuverl\u00e4ssige Solidit\u00e4t. Indem Volkswagen die elektrischen ID.-Modelle mit solch vertrauten Namen verbindet, hofft das Unternehmen, den Umstieg auf elektrisches Fahren ein wenig leichter zu machen.<\/p>\n<figure class=\"wp-block-image size-content\"><img decoding=\"async\" loading=\"lazy\" width=\"1140\" height=\"760\" src=\"https:\/\/autorai.nl\/wp-content\/uploads\/2025\/09\/id.polo-id.pologti1-1140x760.jpg\" alt=\"\" class=\"wp-image-207647\"><\/figure>\n<h3>Premiere in M\u00fcnchen<\/h3>\n<p>Der allererste ID. Polo und der sportliche ID. Polo GTI werden auf der IAA Mobilit\u00e4t in M\u00fcnchen zu sehen sein. Im Moment ist er noch getarnt, aber die Richtung ist klar: elektrisches Fahren bekommt ein vertrautes Gesicht und eine sportliche Seite.     <\/p>\n<figure class=\"wp-block-image size-content\"><img decoding=\"async\" loading=\"lazy\" width=\"1140\" height=\"641\" src=\"https:\/\/autorai.nl\/wp-content\/uploads\/2025\/09\/idpolo1-1-1140x641.jpg\" alt=\"\" class=\"wp-image-207646\"><\/figure>\n<h3>Kreuzung mit ID. Kreuzung <\/h3>\n<p>Und als ob das noch nicht genug w\u00e4re, l\u00fcftet Volkswagen auch noch den Vorhang f\u00fcr den ID. Cross Concept. Dieser kompakte SUV wird 2026 als Serienversion auf den Markt kommen und das elektrische Gegenst\u00fcck zum <a href=\"https:\/\/youtu.be\/i67X0om_hFk?si=WcGhwjjZ7BG352wR\" target=\"_blank\" rel=\"noreferrer noopener\">T-Cross<\/a> sein. Damit zielt Volkswagen speziell auf die unteren Segmente ab, in denen eine hohe Nachfrage nach erschwinglichen Modellen besteht. <em>AutoRAI.nl<\/em> wird auf der Messe anwesend sein, also behalten Sie unseren <a href=\"https:\/\/www.youtube.com\/@AutoRAITV\" target=\"_blank\" rel=\"noreferrer noopener\">YouTube-Kanal<\/a> im Auge.   <\/p>\n<p>Siehe auch:  <a href=\"https:\/\/autorai.nl\/deze-elektrische-auto-kun-je-draadloos-laden\/\" target=\"_blank\" rel=\"noreferrer noopener\">Ja, endlich! Dieses Elektroauto k\u00f6nnen Sie kabellos aufladen <\/a><\/p>\n<figure class=\"wp-block-embed is-type-wp-embed is-provider-autorai-nl wp-block-embed-autorai-nl\">\n<div class=\"wp-block-embed__wrapper\">\n<blockquote class=\"wp-embedded-content\" data-secret=\"6wJCq781ny\"><p><a href=\"https:\/\/autorai.nl\/deze-elektrische-auto-kun-je-draadloos-laden\/\">Ja, endlich! Dieses Elektroauto k\u00f6nnen Sie kabellos aufladen <\/a><\/p><\/blockquote>\n<\/div>\n<\/figure>\n","protected":false},"excerpt":{"rendered":"Volkswagen ID. Polo Volkswagen stellt seine Namensstrategie auf den Kopf. Der ID.2all, von dem jeder dachte, er w\u00fcrde als ID.2&hellip;","protected":false},"author":0,"featured_media":157620,"comment_status":"","ping_status":"open","sticky":false,"template":"","format":"standard","meta":{"footnotes":""},"categories":[125],"tags":[],"class_list":["post-157640","post","type-post","status-publish","format-standard","has-post-thumbnail","hentry","category-auto-nachrichten"],"acf":[],"yoast_head":"<!-- This site is optimized with the Yoast SEO plugin v21.2 - https:\/\/yoast.com\/wordpress\/plugins\/seo\/ -->\n<title>Volkswagen \u00fcberrascht: ID.2 wird verschrottet und der Polo kehrt zur\u00fcck! - All cars news<\/title>\n<meta name=\"robots\" content=\"index, follow, max-snippet:-1, max-image-preview:large, max-video-preview:-1\" \/>\n<link rel=\"canonical\" href=\"https:\/\/all-car-news.com\/de\/volkswagen-ueberrascht-id-2-wird-verschrottet-und-der-polo-kehrt-zurueck\/\" \/>\n<meta property=\"og:locale\" content=\"de_DE\" \/>\n<meta property=\"og:type\" content=\"article\" \/>\n<meta property=\"og:title\" content=\"Volkswagen \u00fcberrascht: ID.2 wird verschrottet und der Polo kehrt zur\u00fcck! - All cars news\" \/>\n<meta property=\"og:description\" content=\"Volkswagen ID. Polo Volkswagen stellt seine Namensstrategie auf den Kopf. Der ID.2all, von dem jeder dachte, er w\u00fcrde als ID.2 in Produktion gehen, wird diesen Namen nicht erhalten. Im Ausstellungsraum wird er bald als ID. Polo. Damit entscheidet sich Volkswagen f\u00fcr einen Mittelweg: Die moderne ID.-Familie bleibt bestehen, wird aber mit bekannten Namen verbunden, die [...]\" \/>\n<meta property=\"og:url\" content=\"https:\/\/all-car-news.com\/de\/volkswagen-ueberrascht-id-2-wird-verschrottet-und-der-polo-kehrt-zurueck\/\" \/>\n<meta property=\"og:site_name\" content=\"All cars news\" \/>\n<meta property=\"article:published_time\" content=\"2025-09-04T10:19:16+00:00\" \/>\n<meta property=\"og:image\" content=\"https:\/\/autorai.nl\/wp-content\/uploads\/2025\/09\/idpolo3-1140x641.jpg\" \/>\n<meta name=\"twitter:card\" content=\"summary_large_image\" \/>\n<meta name=\"twitter:label1\" content=\"Gesch\u00e4tzte Lesezeit\" \/>\n\t<meta name=\"twitter:data1\" content=\"1\u00a0Minute\" \/>\n<script type=\"application\/ld+json\" class=\"yoast-schema-graph\">{\"@context\":\"https:\/\/schema.org\",\"@graph\":[{\"@type\":\"Article\",\"@id\":\"https:\/\/all-car-news.com\/de\/volkswagen-ueberrascht-id-2-wird-verschrottet-und-der-polo-kehrt-zurueck\/#article\",\"isPartOf\":{\"@id\":\"https:\/\/all-car-news.com\/de\/volkswagen-ueberrascht-id-2-wird-verschrottet-und-der-polo-kehrt-zurueck\/\"},\"author\":{\"name\":\"\",\"@id\":\"\"},\"headline\":\"Volkswagen \u00fcberrascht: ID.2 wird verschrottet und der Polo kehrt zur\u00fcck!\",\"datePublished\":\"2025-09-04T10:19:16+00:00\",\"dateModified\":\"2025-09-04T10:19:16+00:00\",\"mainEntityOfPage\":{\"@id\":\"https:\/\/all-car-news.com\/de\/volkswagen-ueberrascht-id-2-wird-verschrottet-und-der-polo-kehrt-zurueck\/\"},\"wordCount\":289,\"publisher\":{\"@id\":\"https:\/\/all-car-news.com\/de\/#organization\"},\"articleSection\":[\"Auto Nachrichten\"],\"inLanguage\":\"de\"},{\"@type\":\"WebPage\",\"@id\":\"https:\/\/all-car-news.com\/de\/volkswagen-ueberrascht-id-2-wird-verschrottet-und-der-polo-kehrt-zurueck\/\",\"url\":\"https:\/\/all-car-news.com\/de\/volkswagen-ueberrascht-id-2-wird-verschrottet-und-der-polo-kehrt-zurueck\/\",\"name\":\"Volkswagen \u00fcberrascht: ID.2 wird verschrottet und der Polo kehrt zur\u00fcck! - All cars news\",\"isPartOf\":{\"@id\":\"https:\/\/all-car-news.com\/de\/#website\"},\"datePublished\":\"2025-09-04T10:19:16+00:00\",\"dateModified\":\"2025-09-04T10:19:16+00:00\",\"breadcrumb\":{\"@id\":\"https:\/\/all-car-news.com\/de\/volkswagen-ueberrascht-id-2-wird-verschrottet-und-der-polo-kehrt-zurueck\/#breadcrumb\"},\"inLanguage\":\"de\",\"potentialAction\":[{\"@type\":\"ReadAction\",\"target\":[\"https:\/\/all-car-news.com\/de\/volkswagen-ueberrascht-id-2-wird-verschrottet-und-der-polo-kehrt-zurueck\/\"]}]},{\"@type\":\"BreadcrumbList\",\"@id\":\"https:\/\/all-car-news.com\/de\/volkswagen-ueberrascht-id-2-wird-verschrottet-und-der-polo-kehrt-zurueck\/#breadcrumb\",\"itemListElement\":[{\"@type\":\"ListItem\",\"position\":1,\"name\":\"Home\",\"item\":\"https:\/\/all-car-news.com\/de\/\"},{\"@type\":\"ListItem\",\"position\":2,\"name\":\"Volkswagen \u00fcberrascht: ID.2 wird verschrottet und der Polo kehrt zur\u00fcck!\"}]},{\"@type\":\"WebSite\",\"@id\":\"https:\/\/all-car-news.com\/de\/#website\",\"url\":\"https:\/\/all-car-news.com\/de\/\",\"name\":\"All cars news\",\"description\":\"\",\"publisher\":{\"@id\":\"https:\/\/all-car-news.com\/de\/#organization\"},\"potentialAction\":[{\"@type\":\"SearchAction\",\"target\":{\"@type\":\"EntryPoint\",\"urlTemplate\":\"https:\/\/all-car-news.com\/de\/?s={search_term_string}\"},\"query-input\":\"required name=search_term_string\"}],\"inLanguage\":\"de\"},{\"@type\":\"Organization\",\"@id\":\"https:\/\/all-car-news.com\/de\/#organization\",\"name\":\"All cars news\",\"url\":\"https:\/\/all-car-news.com\/de\/\",\"logo\":{\"@type\":\"ImageObject\",\"inLanguage\":\"de\",\"@id\":\"https:\/\/all-car-news.com\/de\/#\/schema\/logo\/image\/\",\"url\":\"https:\/\/all-car-news.com\/wp-content\/uploads\/2022\/02\/CMYK-AllCarNews_LANDSCAPE_300px-1.png\",\"contentUrl\":\"https:\/\/all-car-news.com\/wp-content\/uploads\/2022\/02\/CMYK-AllCarNews_LANDSCAPE_300px-1.png\",\"width\":300,\"height\":100,\"caption\":\"All cars news\"},\"image\":{\"@id\":\"https:\/\/all-car-news.com\/de\/#\/schema\/logo\/image\/\"}}]}<\/script>\n<!-- \/ Yoast SEO plugin. -->","yoast_head_json":{"title":"Volkswagen \u00fcberrascht: ID.2 wird verschrottet und der Polo kehrt zur\u00fcck! - All cars news","robots":{"index":"index","follow":"follow","max-snippet":"max-snippet:-1","max-image-preview":"max-image-preview:large","max-video-preview":"max-video-preview:-1"},"canonical":"https:\/\/all-car-news.com\/de\/volkswagen-ueberrascht-id-2-wird-verschrottet-und-der-polo-kehrt-zurueck\/","og_locale":"de_DE","og_type":"article","og_title":"Volkswagen \u00fcberrascht: ID.2 wird verschrottet und der Polo kehrt zur\u00fcck! - All cars news","og_description":"Volkswagen ID. Polo Volkswagen stellt seine Namensstrategie auf den Kopf. Der ID.2all, von dem jeder dachte, er w\u00fcrde als ID.2 in Produktion gehen, wird diesen Namen nicht erhalten. Im Ausstellungsraum wird er bald als ID. Polo. Damit entscheidet sich Volkswagen f\u00fcr einen Mittelweg: Die moderne ID.-Familie bleibt bestehen, wird aber mit bekannten Namen verbunden, die [...]","og_url":"https:\/\/all-car-news.com\/de\/volkswagen-ueberrascht-id-2-wird-verschrottet-und-der-polo-kehrt-zurueck\/","og_site_name":"All cars news","article_published_time":"2025-09-04T10:19:16+00:00","og_image":[{"url":"https:\/\/autorai.nl\/wp-content\/uploads\/2025\/09\/idpolo3-1140x641.jpg"}],"twitter_card":"summary_large_image","twitter_misc":{"Gesch\u00e4tzte Lesezeit":"1\u00a0Minute"},"schema":{"@context":"https:\/\/schema.org","@graph":[{"@type":"Article","@id":"https:\/\/all-car-news.com\/de\/volkswagen-ueberrascht-id-2-wird-verschrottet-und-der-polo-kehrt-zurueck\/#article","isPartOf":{"@id":"https:\/\/all-car-news.com\/de\/volkswagen-ueberrascht-id-2-wird-verschrottet-und-der-polo-kehrt-zurueck\/"},"author":{"name":"","@id":""},"headline":"Volkswagen \u00fcberrascht: ID.2 wird verschrottet und der Polo kehrt zur\u00fcck!","datePublished":"2025-09-04T10:19:16+00:00","dateModified":"2025-09-04T10:19:16+00:00","mainEntityOfPage":{"@id":"https:\/\/all-car-news.com\/de\/volkswagen-ueberrascht-id-2-wird-verschrottet-und-der-polo-kehrt-zurueck\/"},"wordCount":289,"publisher":{"@id":"https:\/\/all-car-news.com\/de\/#organization"},"articleSection":["Auto Nachrichten"],"inLanguage":"de"},{"@type":"WebPage","@id":"https:\/\/all-car-news.com\/de\/volkswagen-ueberrascht-id-2-wird-verschrottet-und-der-polo-kehrt-zurueck\/","url":"https:\/\/all-car-news.com\/de\/volkswagen-ueberrascht-id-2-wird-verschrottet-und-der-polo-kehrt-zurueck\/","name":"Volkswagen \u00fcberrascht: ID.2 wird verschrottet und der Polo kehrt zur\u00fcck! - All cars news","isPartOf":{"@id":"https:\/\/all-car-news.com\/de\/#website"},"datePublished":"2025-09-04T10:19:16+00:00","dateModified":"2025-09-04T10:19:16+00:00","breadcrumb":{"@id":"https:\/\/all-car-news.com\/de\/volkswagen-ueberrascht-id-2-wird-verschrottet-und-der-polo-kehrt-zurueck\/#breadcrumb"},"inLanguage":"de","potentialAction":[{"@type":"ReadAction","target":["https:\/\/all-car-news.com\/de\/volkswagen-ueberrascht-id-2-wird-verschrottet-und-der-polo-kehrt-zurueck\/"]}]},{"@type":"BreadcrumbList","@id":"https:\/\/all-car-news.com\/de\/volkswagen-ueberrascht-id-2-wird-verschrottet-und-der-polo-kehrt-zurueck\/#breadcrumb","itemListElement":[{"@type":"ListItem","position":1,"name":"Home","item":"https:\/\/all-car-news.com\/de\/"},{"@type":"ListItem","position":2,"name":"Volkswagen \u00fcberrascht: ID.2 wird verschrottet und der Polo kehrt zur\u00fcck!"}]},{"@type":"WebSite","@id":"https:\/\/all-car-news.com\/de\/#website","url":"https:\/\/all-car-news.com\/de\/","name":"All cars news","description":"","publisher":{"@id":"https:\/\/all-car-news.com\/de\/#organization"},"potentialAction":[{"@type":"SearchAction","target":{"@type":"EntryPoint","urlTemplate":"https:\/\/all-car-news.com\/de\/?s={search_term_string}"},"query-input":"required name=search_term_string"}],"inLanguage":"de"},{"@type":"Organization","@id":"https:\/\/all-car-news.com\/de\/#organization","name":"All cars news","url":"https:\/\/all-car-news.com\/de\/","logo":{"@type":"ImageObject","inLanguage":"de","@id":"https:\/\/all-car-news.com\/de\/#\/schema\/logo\/image\/","url":"https:\/\/all-car-news.com\/wp-content\/uploads\/2022\/02\/CMYK-AllCarNews_LANDSCAPE_300px-1.png","contentUrl":"https:\/\/all-car-news.com\/wp-content\/uploads\/2022\/02\/CMYK-AllCarNews_LANDSCAPE_300px-1.png","width":300,"height":100,"caption":"All cars news"},"image":{"@id":"https:\/\/all-car-news.com\/de\/#\/schema\/logo\/image\/"}}]}},"_links":{"self":[{"href":"https:\/\/all-car-news.com\/de\/wp-json\/wp\/v2\/posts\/157640","targetHints":{"allow":["GET"]}}],"collection":[{"href":"https:\/\/all-car-news.com\/de\/wp-json\/wp\/v2\/posts"}],"about":[{"href":"https:\/\/all-car-news.com\/de\/wp-json\/wp\/v2\/types\/post"}],"replies":[{"embeddable":true,"href":"https:\/\/all-car-news.com\/de\/wp-json\/wp\/v2\/comments?post=157640"}],"version-history":[{"count":0,"href":"https:\/\/all-car-news.com\/de\/wp-json\/wp\/v2\/posts\/157640\/revisions"}],"wp:featuredmedia":[{"embeddable":true,"href":"https:\/\/all-car-news.com\/de\/wp-json\/wp\/v2\/media\/157620"}],"wp:attachment":[{"href":"https:\/\/all-car-news.com\/de\/wp-json\/wp\/v2\/media?parent=157640"}],"wp:term":[{"taxonomy":"category","embeddable":true,"href":"https:\/\/all-car-news.com\/de\/wp-json\/wp\/v2\/categories?post=157640"},{"taxonomy":"post_tag","embeddable":true,"href":"https:\/\/all-car-news.com\/de\/wp-json\/wp\/v2\/tags?post=157640"}],"curies":[{"name":"wp","href":"https:\/\/api.w.org\/{rel}","templated":true}]}}