{"id":156702,"date":"2025-07-30T11:29:49","date_gmt":"2025-07-30T11:29:49","guid":{"rendered":"https:\/\/all-car-news.com\/der-neue-renault-clio-ist-auf-dem-weg-enthuellung-im-september\/"},"modified":"2025-07-30T11:29:49","modified_gmt":"2025-07-30T11:29:49","slug":"der-neue-renault-clio-ist-auf-dem-weg-enthuellung-im-september","status":"publish","type":"post","link":"https:\/\/all-car-news.com\/de\/der-neue-renault-clio-ist-auf-dem-weg-enthuellung-im-september\/","title":{"rendered":"Der neue Renault Clio ist auf dem Weg: Enth\u00fcllung im September"},"content":{"rendered":"<h2>Renault Clio als Hybrid<\/h2>\n<p>Renault hat eine klare Richtung im B-Segment eingeschlagen. Mit dem Renault 5 E-Tech Electric bietet der franz\u00f6sische Automobilhersteller ein 100% elektrisches Modell an. Einen elektrischen Renault Clio auf den Markt zu bringen, macht also keinen Sinn. Folglich wird Renault dies auch nicht tun. Die neue Generation des Renault Clio wird ausschlie\u00dflich mit Hybridantrieben ausgestattet. Nat\u00fcrlich werden wir auf dieser Website ausf\u00fchrlich \u00fcber die sechste Generation des Renault Clio berichten, auch in Form von Videos. Behalten Sie uns also im Auge.      <\/p>\n<h2>Markteinf\u00fchrung im Jahr 2026<\/h2>\n<p>Der Renault Clio ist eines der meistverkauften Modelle in Europa. Die f\u00fcnfte Generation wird seit 2019 verkauft, in den letzten Jahren mit einem dezenten Facelift. Im Laufe des Jahres 2026 soll die sechste Generation auf den Markt kommen. Beim Design entscheidet sich Renault f\u00fcr eine weitere, radikalere Interpretation. Die Plattform wird vermutlich eine stark untermotorisierte Version der CMF-B Plattform sein.    <\/p>\n<h2>E-Tech Vollhybrid-Antriebsstrang<\/h2>\n<p>Der neue Clio wird voraussichtlich auch einen Vollhybrid-E-Tech-Antriebsstrang mit einer Leistung von rund 105 kW (145 PS) erhalten. Dieser Antriebsstrang kombiniert zwei Elektromotoren und einen Benzinmotor. Das Multimodus-Automatikgetriebe gibt dem rein elektrischen Fahren den Vorrang und aktiviert den Benzinmotor, wenn die Fahrbedingungen es erfordern.  <\/p>\n<figure class=\"wp-block-image size-content\"><img decoding=\"async\" loading=\"lazy\" width=\"1140\" height=\"641\" src=\"https:\/\/autorai.nl\/wp-content\/uploads\/2025\/07\/renault-clio-vijfde-generatie-achterkant-1140x641.jpg\" alt=\"Renault Clio - f\u00fcnfte Generation\" class=\"wp-image-205313\"><\/figure>\n","protected":false},"excerpt":{"rendered":"Renault Clio als Hybrid Renault hat eine klare Richtung im B-Segment. Mit dem Renault 5 E-Tech Electric bietet der franz\u00f6sische&hellip;","protected":false},"author":0,"featured_media":156680,"comment_status":"","ping_status":"open","sticky":false,"template":"","format":"standard","meta":{"footnotes":""},"categories":[125],"tags":[],"class_list":["post-156702","post","type-post","status-publish","format-standard","has-post-thumbnail","hentry","category-auto-nachrichten"],"acf":[],"yoast_head":"<!-- This site is optimized with the Yoast SEO plugin v21.2 - https:\/\/yoast.com\/wordpress\/plugins\/seo\/ -->\n<title>Der neue Renault Clio ist auf dem Weg: Enth\u00fcllung im September - All cars news<\/title>\n<meta name=\"robots\" content=\"index, follow, max-snippet:-1, max-image-preview:large, max-video-preview:-1\" \/>\n<link rel=\"canonical\" href=\"https:\/\/all-car-news.com\/de\/der-neue-renault-clio-ist-auf-dem-weg-enthuellung-im-september\/\" \/>\n<meta property=\"og:locale\" content=\"de_DE\" \/>\n<meta property=\"og:type\" content=\"article\" \/>\n<meta property=\"og:title\" content=\"Der neue Renault Clio ist auf dem Weg: Enth\u00fcllung im September - All cars news\" \/>\n<meta property=\"og:description\" content=\"Renault Clio als Hybrid Renault hat eine klare Richtung im B-Segment. Mit dem Renault 5 E-Tech Electric bietet der franz\u00f6sische Automobilhersteller ein 100% elektrisches Modell an. Einen elektrischen Renault Clio auf den Markt zu bringen, macht also keinen Sinn. Daher wird Renault dies auch nicht tun. Die neue Generation des Renault Clio wird ausschlie\u00dflich Hybridantriebe erhalten. Die sechste Generation [...]\" \/>\n<meta property=\"og:url\" content=\"https:\/\/all-car-news.com\/de\/der-neue-renault-clio-ist-auf-dem-weg-enthuellung-im-september\/\" \/>\n<meta property=\"og:site_name\" content=\"All cars news\" \/>\n<meta property=\"article:published_time\" content=\"2025-07-30T11:29:49+00:00\" \/>\n<meta property=\"og:image\" content=\"https:\/\/autorai.nl\/wp-content\/uploads\/2025\/07\/renault-clio-vijfde-generatie-achterkant-1140x641.jpg\" \/>\n<meta name=\"twitter:card\" content=\"summary_large_image\" \/>\n<meta name=\"twitter:label1\" content=\"Gesch\u00e4tzte Lesezeit\" \/>\n\t<meta name=\"twitter:data1\" content=\"1\u00a0Minute\" \/>\n<script type=\"application\/ld+json\" class=\"yoast-schema-graph\">{\"@context\":\"https:\/\/schema.org\",\"@graph\":[{\"@type\":\"Article\",\"@id\":\"https:\/\/all-car-news.com\/de\/der-neue-renault-clio-ist-auf-dem-weg-enthuellung-im-september\/#article\",\"isPartOf\":{\"@id\":\"https:\/\/all-car-news.com\/de\/der-neue-renault-clio-ist-auf-dem-weg-enthuellung-im-september\/\"},\"author\":{\"name\":\"\",\"@id\":\"\"},\"headline\":\"Der neue Renault Clio ist auf dem Weg: Enth\u00fcllung im September\",\"datePublished\":\"2025-07-30T11:29:49+00:00\",\"dateModified\":\"2025-07-30T11:29:49+00:00\",\"mainEntityOfPage\":{\"@id\":\"https:\/\/all-car-news.com\/de\/der-neue-renault-clio-ist-auf-dem-weg-enthuellung-im-september\/\"},\"wordCount\":206,\"publisher\":{\"@id\":\"https:\/\/all-car-news.com\/de\/#organization\"},\"articleSection\":[\"Auto Nachrichten\"],\"inLanguage\":\"de\"},{\"@type\":\"WebPage\",\"@id\":\"https:\/\/all-car-news.com\/de\/der-neue-renault-clio-ist-auf-dem-weg-enthuellung-im-september\/\",\"url\":\"https:\/\/all-car-news.com\/de\/der-neue-renault-clio-ist-auf-dem-weg-enthuellung-im-september\/\",\"name\":\"Der neue Renault Clio ist auf dem Weg: Enth\u00fcllung im September - All cars news\",\"isPartOf\":{\"@id\":\"https:\/\/all-car-news.com\/de\/#website\"},\"datePublished\":\"2025-07-30T11:29:49+00:00\",\"dateModified\":\"2025-07-30T11:29:49+00:00\",\"breadcrumb\":{\"@id\":\"https:\/\/all-car-news.com\/de\/der-neue-renault-clio-ist-auf-dem-weg-enthuellung-im-september\/#breadcrumb\"},\"inLanguage\":\"de\",\"potentialAction\":[{\"@type\":\"ReadAction\",\"target\":[\"https:\/\/all-car-news.com\/de\/der-neue-renault-clio-ist-auf-dem-weg-enthuellung-im-september\/\"]}]},{\"@type\":\"BreadcrumbList\",\"@id\":\"https:\/\/all-car-news.com\/de\/der-neue-renault-clio-ist-auf-dem-weg-enthuellung-im-september\/#breadcrumb\",\"itemListElement\":[{\"@type\":\"ListItem\",\"position\":1,\"name\":\"Home\",\"item\":\"https:\/\/all-car-news.com\/de\/\"},{\"@type\":\"ListItem\",\"position\":2,\"name\":\"Der neue Renault Clio ist auf dem Weg: Enth\u00fcllung im September\"}]},{\"@type\":\"WebSite\",\"@id\":\"https:\/\/all-car-news.com\/de\/#website\",\"url\":\"https:\/\/all-car-news.com\/de\/\",\"name\":\"All cars news\",\"description\":\"\",\"publisher\":{\"@id\":\"https:\/\/all-car-news.com\/de\/#organization\"},\"potentialAction\":[{\"@type\":\"SearchAction\",\"target\":{\"@type\":\"EntryPoint\",\"urlTemplate\":\"https:\/\/all-car-news.com\/de\/?s={search_term_string}\"},\"query-input\":\"required name=search_term_string\"}],\"inLanguage\":\"de\"},{\"@type\":\"Organization\",\"@id\":\"https:\/\/all-car-news.com\/de\/#organization\",\"name\":\"All cars news\",\"url\":\"https:\/\/all-car-news.com\/de\/\",\"logo\":{\"@type\":\"ImageObject\",\"inLanguage\":\"de\",\"@id\":\"https:\/\/all-car-news.com\/de\/#\/schema\/logo\/image\/\",\"url\":\"https:\/\/all-car-news.com\/wp-content\/uploads\/2022\/02\/CMYK-AllCarNews_LANDSCAPE_300px-1.png\",\"contentUrl\":\"https:\/\/all-car-news.com\/wp-content\/uploads\/2022\/02\/CMYK-AllCarNews_LANDSCAPE_300px-1.png\",\"width\":300,\"height\":100,\"caption\":\"All cars news\"},\"image\":{\"@id\":\"https:\/\/all-car-news.com\/de\/#\/schema\/logo\/image\/\"}}]}<\/script>\n<!-- \/ Yoast SEO plugin. -->","yoast_head_json":{"title":"Der neue Renault Clio ist auf dem Weg: Enth\u00fcllung im September - All cars news","robots":{"index":"index","follow":"follow","max-snippet":"max-snippet:-1","max-image-preview":"max-image-preview:large","max-video-preview":"max-video-preview:-1"},"canonical":"https:\/\/all-car-news.com\/de\/der-neue-renault-clio-ist-auf-dem-weg-enthuellung-im-september\/","og_locale":"de_DE","og_type":"article","og_title":"Der neue Renault Clio ist auf dem Weg: Enth\u00fcllung im September - All cars news","og_description":"Renault Clio als Hybrid Renault hat eine klare Richtung im B-Segment. Mit dem Renault 5 E-Tech Electric bietet der franz\u00f6sische Automobilhersteller ein 100% elektrisches Modell an. Einen elektrischen Renault Clio auf den Markt zu bringen, macht also keinen Sinn. Daher wird Renault dies auch nicht tun. Die neue Generation des Renault Clio wird ausschlie\u00dflich Hybridantriebe erhalten. Die sechste Generation [...]","og_url":"https:\/\/all-car-news.com\/de\/der-neue-renault-clio-ist-auf-dem-weg-enthuellung-im-september\/","og_site_name":"All cars news","article_published_time":"2025-07-30T11:29:49+00:00","og_image":[{"url":"https:\/\/autorai.nl\/wp-content\/uploads\/2025\/07\/renault-clio-vijfde-generatie-achterkant-1140x641.jpg"}],"twitter_card":"summary_large_image","twitter_misc":{"Gesch\u00e4tzte Lesezeit":"1\u00a0Minute"},"schema":{"@context":"https:\/\/schema.org","@graph":[{"@type":"Article","@id":"https:\/\/all-car-news.com\/de\/der-neue-renault-clio-ist-auf-dem-weg-enthuellung-im-september\/#article","isPartOf":{"@id":"https:\/\/all-car-news.com\/de\/der-neue-renault-clio-ist-auf-dem-weg-enthuellung-im-september\/"},"author":{"name":"","@id":""},"headline":"Der neue Renault Clio ist auf dem Weg: Enth\u00fcllung im September","datePublished":"2025-07-30T11:29:49+00:00","dateModified":"2025-07-30T11:29:49+00:00","mainEntityOfPage":{"@id":"https:\/\/all-car-news.com\/de\/der-neue-renault-clio-ist-auf-dem-weg-enthuellung-im-september\/"},"wordCount":206,"publisher":{"@id":"https:\/\/all-car-news.com\/de\/#organization"},"articleSection":["Auto Nachrichten"],"inLanguage":"de"},{"@type":"WebPage","@id":"https:\/\/all-car-news.com\/de\/der-neue-renault-clio-ist-auf-dem-weg-enthuellung-im-september\/","url":"https:\/\/all-car-news.com\/de\/der-neue-renault-clio-ist-auf-dem-weg-enthuellung-im-september\/","name":"Der neue Renault Clio ist auf dem Weg: Enth\u00fcllung im September - All cars news","isPartOf":{"@id":"https:\/\/all-car-news.com\/de\/#website"},"datePublished":"2025-07-30T11:29:49+00:00","dateModified":"2025-07-30T11:29:49+00:00","breadcrumb":{"@id":"https:\/\/all-car-news.com\/de\/der-neue-renault-clio-ist-auf-dem-weg-enthuellung-im-september\/#breadcrumb"},"inLanguage":"de","potentialAction":[{"@type":"ReadAction","target":["https:\/\/all-car-news.com\/de\/der-neue-renault-clio-ist-auf-dem-weg-enthuellung-im-september\/"]}]},{"@type":"BreadcrumbList","@id":"https:\/\/all-car-news.com\/de\/der-neue-renault-clio-ist-auf-dem-weg-enthuellung-im-september\/#breadcrumb","itemListElement":[{"@type":"ListItem","position":1,"name":"Home","item":"https:\/\/all-car-news.com\/de\/"},{"@type":"ListItem","position":2,"name":"Der neue Renault Clio ist auf dem Weg: Enth\u00fcllung im September"}]},{"@type":"WebSite","@id":"https:\/\/all-car-news.com\/de\/#website","url":"https:\/\/all-car-news.com\/de\/","name":"All cars news","description":"","publisher":{"@id":"https:\/\/all-car-news.com\/de\/#organization"},"potentialAction":[{"@type":"SearchAction","target":{"@type":"EntryPoint","urlTemplate":"https:\/\/all-car-news.com\/de\/?s={search_term_string}"},"query-input":"required name=search_term_string"}],"inLanguage":"de"},{"@type":"Organization","@id":"https:\/\/all-car-news.com\/de\/#organization","name":"All cars news","url":"https:\/\/all-car-news.com\/de\/","logo":{"@type":"ImageObject","inLanguage":"de","@id":"https:\/\/all-car-news.com\/de\/#\/schema\/logo\/image\/","url":"https:\/\/all-car-news.com\/wp-content\/uploads\/2022\/02\/CMYK-AllCarNews_LANDSCAPE_300px-1.png","contentUrl":"https:\/\/all-car-news.com\/wp-content\/uploads\/2022\/02\/CMYK-AllCarNews_LANDSCAPE_300px-1.png","width":300,"height":100,"caption":"All cars news"},"image":{"@id":"https:\/\/all-car-news.com\/de\/#\/schema\/logo\/image\/"}}]}},"_links":{"self":[{"href":"https:\/\/all-car-news.com\/de\/wp-json\/wp\/v2\/posts\/156702","targetHints":{"allow":["GET"]}}],"collection":[{"href":"https:\/\/all-car-news.com\/de\/wp-json\/wp\/v2\/posts"}],"about":[{"href":"https:\/\/all-car-news.com\/de\/wp-json\/wp\/v2\/types\/post"}],"replies":[{"embeddable":true,"href":"https:\/\/all-car-news.com\/de\/wp-json\/wp\/v2\/comments?post=156702"}],"version-history":[{"count":0,"href":"https:\/\/all-car-news.com\/de\/wp-json\/wp\/v2\/posts\/156702\/revisions"}],"wp:featuredmedia":[{"embeddable":true,"href":"https:\/\/all-car-news.com\/de\/wp-json\/wp\/v2\/media\/156680"}],"wp:attachment":[{"href":"https:\/\/all-car-news.com\/de\/wp-json\/wp\/v2\/media?parent=156702"}],"wp:term":[{"taxonomy":"category","embeddable":true,"href":"https:\/\/all-car-news.com\/de\/wp-json\/wp\/v2\/categories?post=156702"},{"taxonomy":"post_tag","embeddable":true,"href":"https:\/\/all-car-news.com\/de\/wp-json\/wp\/v2\/tags?post=156702"}],"curies":[{"name":"wp","href":"https:\/\/api.w.org\/{rel}","templated":true}]}}