{"id":156701,"date":"2025-07-30T11:58:10","date_gmt":"2025-07-30T11:58:10","guid":{"rendered":"https:\/\/all-car-news.com\/bei-300-km-h-mit-einer-harley-davidson\/"},"modified":"2025-07-30T11:58:10","modified_gmt":"2025-07-30T11:58:10","slug":"bei-300-km-h-mit-einer-harley-davidson","status":"publish","type":"post","link":"https:\/\/all-car-news.com\/de\/bei-300-km-h-mit-einer-harley-davidson\/","title":{"rendered":"Bei 300 km\/h mit einer Harley-Davidson?"},"content":{"rendered":"<p>Harley-Davidson und die MotoGP sind zwei v\u00f6llig unterschiedliche Welten. Doch f\u00fcr 2026 ist eine besondere Zusammenarbeit geplant. W\u00e4hrend der 12 MotoGP-Rennwochenenden werden Harleys vor Ort sein. Nat\u00fcrlich in ihrer eigenen Klasse, aber das Spektakel wird nicht minder gro\u00df sein.   <\/p>\n<h2>Rennsport mit Harley-Davidson Road Glide<\/h2>\n<p>Harley-Davidson f\u00e4hrt in den USA schon seit Jahren speziell pr\u00e4parierte Road Glide Modelle. Das sind regelrechte Tourenmaschinen mit Verkleidung, niedrigem Baggerfenster und Seitenkoffern. Auf diesen riesigen Motorr\u00e4dern fahren die Fahrer flach durch die Kurve. Bei der H\u00f6chstgeschwindigkeit erreichen sie 300 Stundenkilometer. Das k\u00f6nnen Sie mit einer normalen Road Glide vom H\u00e4ndler nicht erreichen.    <\/p>\n<h2>Harley-Davidson und TT Assen?<\/h2>\n<p><span data-huuid=\"2728690828105392956\">Die neue Rennserie mit dem Namen Harley-Davidson Bagger GP<\/span><span data-huuid=\"2728690828105392685\"> besteht aus 12 Rennen, verteilt auf sechs MotoGP-Wochenenden im Jahr 2026 in Europa und Nordamerika. <\/span><span data-huuid=\"2728690828105392414\">Harley-Davidson wird bei der TT Assen im n\u00e4chsten Jahr nicht direkt mit seinen Rennfahrern anwesend sein, sondern als Sponsor des MotoGP-Rennens mit einem eigenen Stand vertreten sein.<\/span><\/p>\n<p><img decoding=\"async\" loading=\"lazy\" width=\"1024\" height=\"683\" class=\"alignnone size-full wp-image-28772\" src=\"https:\/\/motorrai.nl\/wp-content\/uploads\/2025\/07\/Harley-Davidson-MotoGP-2.jpg\" alt=\"\"><\/p>\n<h2>Harley-Davidson Werksrennsport<\/h2>\n<p data-start=\"521\" data-end=\"947\">Die Rennmotoren wurden von Harley-Davidson Factory Racing entwickelt und f\u00fcr den reinen Wettbewerb gebaut. Sie wiegen etwa 280 Kilogramm und liefern mehr als 200 PS und 245 Nm Drehmoment. Sie erreichen Geschwindigkeiten von mehr als 300 Stundenkilometern. Alle Motoren sind identisch, was f\u00fcr spannende und faire Rennen sorgt. Das Teilnehmerfeld wird aus sechs bis acht Teams mit jeweils zwei Fahrern bestehen, die von Harley-Davidson Factory Racing unterst\u00fctzt werden.    <\/p>\n<p data-start=\"521\" data-end=\"947\"><img decoding=\"async\" loading=\"lazy\" width=\"1024\" height=\"683\" class=\"alignnone size-full wp-image-28771\" src=\"https:\/\/motorrai.nl\/wp-content\/uploads\/2025\/07\/Harley-Davidson-MotoGP-1.jpg\" alt=\"\"><\/p>\n<h2 data-start=\"521\" data-end=\"947\">&#8222;Fokus auf Leistung&#8220;<\/h2>\n<p data-start=\"949\" data-end=\"1782\">&#8222;Dies ist ein k\u00fchner neuer Schritt in den globalen Rennsportambitionen von Harley-Davidson&#8220;, sagte Jochen Zeitz, Chairman, President und CEO von Harley-Davidson. &#8222;Seit unserer Gr\u00fcndung vor mehr als 120 Jahren sind wir Pioniere in Sachen Leistung &#8211; sowohl auf als auch abseits der Stra\u00dfe. In j\u00fcngster Zeit haben wir unsere Leistungsf\u00e4higkeit in der MotoAmerica Mission King of the Baggers Serie und mit unverwechselbaren Modellen wie unserer neuen CVO RR und der CVO Road Glide ST unter Beweis gestellt. Wir stellen fest, dass unser Fokus auf Leistung bei Fahrern und Fans gut ankommt, und wir wissen, dass sie mehr wollen. Mit dieser neuen Serie bringen wir eine neue Form des Rennsports auf die Weltb\u00fchne. Dies ist nicht nur ein neues Kapitel f\u00fcr unsere Marke, mit dem wir unser Erbe feiern und gleichzeitig nach vorne blicken, sondern es f\u00fcgt dem gr\u00f6\u00dften Motorradevent der Welt auch ein spektakul\u00e4res Element hinzu.&#8220; <\/p>\n<p data-start=\"949\" data-end=\"1782\"><img decoding=\"async\" loading=\"lazy\" width=\"1024\" height=\"373\" class=\"alignnone size-full wp-image-28773\" src=\"https:\/\/motorrai.nl\/wp-content\/uploads\/2025\/07\/Harley-Davidson-MotoGP-3.jpg\" alt=\"\"><\/p>\n<p>&nbsp;<\/p>\n<p>&nbsp;<\/p>\n","protected":false},"excerpt":{"rendered":"Harley-Davidson und die MotoGP sind zwei v\u00f6llig verschiedene Welten. Doch f\u00fcr 2026 ist eine besondere Zusammenarbeit geplant. W\u00e4hrend der 12&hellip;","protected":false},"author":0,"featured_media":156674,"comment_status":"","ping_status":"open","sticky":false,"template":"","format":"standard","meta":{"footnotes":""},"categories":[125],"tags":[],"class_list":["post-156701","post","type-post","status-publish","format-standard","has-post-thumbnail","hentry","category-auto-nachrichten"],"acf":[],"yoast_head":"<!-- This site is optimized with the Yoast SEO plugin v21.2 - https:\/\/yoast.com\/wordpress\/plugins\/seo\/ -->\n<title>Bei 300 km\/h mit einer Harley-Davidson? - All cars news<\/title>\n<meta name=\"robots\" content=\"index, follow, max-snippet:-1, max-image-preview:large, max-video-preview:-1\" \/>\n<link rel=\"canonical\" href=\"https:\/\/all-car-news.com\/de\/bei-300-km-h-mit-einer-harley-davidson\/\" \/>\n<meta property=\"og:locale\" content=\"de_DE\" \/>\n<meta property=\"og:type\" content=\"article\" \/>\n<meta property=\"og:title\" content=\"Bei 300 km\/h mit einer Harley-Davidson? - All cars news\" \/>\n<meta property=\"og:description\" content=\"Harley-Davidson und die MotoGP sind zwei v\u00f6llig verschiedene Welten. Doch f\u00fcr 2026 ist eine besondere Zusammenarbeit geplant. W\u00e4hrend der 12 MotoGP-Rennwochenenden werden Harleys vor Ort sein. Nat\u00fcrlich in ihrer eigenen Klasse, aber das Spektakel wird nicht minder gro\u00df sein. Rennen mit Harley-Davidson Road Glide Harley-Davidson f\u00e4hrt schon seit Jahren Rennen in der [...]\" \/>\n<meta property=\"og:url\" content=\"https:\/\/all-car-news.com\/de\/bei-300-km-h-mit-einer-harley-davidson\/\" \/>\n<meta property=\"og:site_name\" content=\"All cars news\" \/>\n<meta property=\"article:published_time\" content=\"2025-07-30T11:58:10+00:00\" \/>\n<meta property=\"og:image\" content=\"https:\/\/motorrai.nl\/wp-content\/uploads\/2025\/07\/Harley-Davidson-MotoGP-2.jpg\" \/>\n<meta name=\"twitter:card\" content=\"summary_large_image\" \/>\n<meta name=\"twitter:label1\" content=\"Gesch\u00e4tzte Lesezeit\" \/>\n\t<meta name=\"twitter:data1\" content=\"2\u00a0Minuten\" \/>\n<script type=\"application\/ld+json\" class=\"yoast-schema-graph\">{\"@context\":\"https:\/\/schema.org\",\"@graph\":[{\"@type\":\"Article\",\"@id\":\"https:\/\/all-car-news.com\/de\/bei-300-km-h-mit-einer-harley-davidson\/#article\",\"isPartOf\":{\"@id\":\"https:\/\/all-car-news.com\/de\/bei-300-km-h-mit-einer-harley-davidson\/\"},\"author\":{\"name\":\"\",\"@id\":\"\"},\"headline\":\"Bei 300 km\/h mit einer Harley-Davidson?\",\"datePublished\":\"2025-07-30T11:58:10+00:00\",\"dateModified\":\"2025-07-30T11:58:10+00:00\",\"mainEntityOfPage\":{\"@id\":\"https:\/\/all-car-news.com\/de\/bei-300-km-h-mit-einer-harley-davidson\/\"},\"wordCount\":393,\"publisher\":{\"@id\":\"https:\/\/all-car-news.com\/de\/#organization\"},\"articleSection\":[\"Auto Nachrichten\"],\"inLanguage\":\"de\"},{\"@type\":\"WebPage\",\"@id\":\"https:\/\/all-car-news.com\/de\/bei-300-km-h-mit-einer-harley-davidson\/\",\"url\":\"https:\/\/all-car-news.com\/de\/bei-300-km-h-mit-einer-harley-davidson\/\",\"name\":\"Bei 300 km\/h mit einer Harley-Davidson? - All cars news\",\"isPartOf\":{\"@id\":\"https:\/\/all-car-news.com\/de\/#website\"},\"datePublished\":\"2025-07-30T11:58:10+00:00\",\"dateModified\":\"2025-07-30T11:58:10+00:00\",\"breadcrumb\":{\"@id\":\"https:\/\/all-car-news.com\/de\/bei-300-km-h-mit-einer-harley-davidson\/#breadcrumb\"},\"inLanguage\":\"de\",\"potentialAction\":[{\"@type\":\"ReadAction\",\"target\":[\"https:\/\/all-car-news.com\/de\/bei-300-km-h-mit-einer-harley-davidson\/\"]}]},{\"@type\":\"BreadcrumbList\",\"@id\":\"https:\/\/all-car-news.com\/de\/bei-300-km-h-mit-einer-harley-davidson\/#breadcrumb\",\"itemListElement\":[{\"@type\":\"ListItem\",\"position\":1,\"name\":\"Home\",\"item\":\"https:\/\/all-car-news.com\/de\/\"},{\"@type\":\"ListItem\",\"position\":2,\"name\":\"Bei 300 km\/h mit einer Harley-Davidson?\"}]},{\"@type\":\"WebSite\",\"@id\":\"https:\/\/all-car-news.com\/de\/#website\",\"url\":\"https:\/\/all-car-news.com\/de\/\",\"name\":\"All cars news\",\"description\":\"\",\"publisher\":{\"@id\":\"https:\/\/all-car-news.com\/de\/#organization\"},\"potentialAction\":[{\"@type\":\"SearchAction\",\"target\":{\"@type\":\"EntryPoint\",\"urlTemplate\":\"https:\/\/all-car-news.com\/de\/?s={search_term_string}\"},\"query-input\":\"required name=search_term_string\"}],\"inLanguage\":\"de\"},{\"@type\":\"Organization\",\"@id\":\"https:\/\/all-car-news.com\/de\/#organization\",\"name\":\"All cars news\",\"url\":\"https:\/\/all-car-news.com\/de\/\",\"logo\":{\"@type\":\"ImageObject\",\"inLanguage\":\"de\",\"@id\":\"https:\/\/all-car-news.com\/de\/#\/schema\/logo\/image\/\",\"url\":\"https:\/\/all-car-news.com\/wp-content\/uploads\/2022\/02\/CMYK-AllCarNews_LANDSCAPE_300px-1.png\",\"contentUrl\":\"https:\/\/all-car-news.com\/wp-content\/uploads\/2022\/02\/CMYK-AllCarNews_LANDSCAPE_300px-1.png\",\"width\":300,\"height\":100,\"caption\":\"All cars news\"},\"image\":{\"@id\":\"https:\/\/all-car-news.com\/de\/#\/schema\/logo\/image\/\"}}]}<\/script>\n<!-- \/ Yoast SEO plugin. -->","yoast_head_json":{"title":"Bei 300 km\/h mit einer Harley-Davidson? - All cars news","robots":{"index":"index","follow":"follow","max-snippet":"max-snippet:-1","max-image-preview":"max-image-preview:large","max-video-preview":"max-video-preview:-1"},"canonical":"https:\/\/all-car-news.com\/de\/bei-300-km-h-mit-einer-harley-davidson\/","og_locale":"de_DE","og_type":"article","og_title":"Bei 300 km\/h mit einer Harley-Davidson? - All cars news","og_description":"Harley-Davidson und die MotoGP sind zwei v\u00f6llig verschiedene Welten. Doch f\u00fcr 2026 ist eine besondere Zusammenarbeit geplant. W\u00e4hrend der 12 MotoGP-Rennwochenenden werden Harleys vor Ort sein. Nat\u00fcrlich in ihrer eigenen Klasse, aber das Spektakel wird nicht minder gro\u00df sein. Rennen mit Harley-Davidson Road Glide Harley-Davidson f\u00e4hrt schon seit Jahren Rennen in der [...]","og_url":"https:\/\/all-car-news.com\/de\/bei-300-km-h-mit-einer-harley-davidson\/","og_site_name":"All cars news","article_published_time":"2025-07-30T11:58:10+00:00","og_image":[{"url":"https:\/\/motorrai.nl\/wp-content\/uploads\/2025\/07\/Harley-Davidson-MotoGP-2.jpg"}],"twitter_card":"summary_large_image","twitter_misc":{"Gesch\u00e4tzte Lesezeit":"2\u00a0Minuten"},"schema":{"@context":"https:\/\/schema.org","@graph":[{"@type":"Article","@id":"https:\/\/all-car-news.com\/de\/bei-300-km-h-mit-einer-harley-davidson\/#article","isPartOf":{"@id":"https:\/\/all-car-news.com\/de\/bei-300-km-h-mit-einer-harley-davidson\/"},"author":{"name":"","@id":""},"headline":"Bei 300 km\/h mit einer Harley-Davidson?","datePublished":"2025-07-30T11:58:10+00:00","dateModified":"2025-07-30T11:58:10+00:00","mainEntityOfPage":{"@id":"https:\/\/all-car-news.com\/de\/bei-300-km-h-mit-einer-harley-davidson\/"},"wordCount":393,"publisher":{"@id":"https:\/\/all-car-news.com\/de\/#organization"},"articleSection":["Auto Nachrichten"],"inLanguage":"de"},{"@type":"WebPage","@id":"https:\/\/all-car-news.com\/de\/bei-300-km-h-mit-einer-harley-davidson\/","url":"https:\/\/all-car-news.com\/de\/bei-300-km-h-mit-einer-harley-davidson\/","name":"Bei 300 km\/h mit einer Harley-Davidson? - All cars news","isPartOf":{"@id":"https:\/\/all-car-news.com\/de\/#website"},"datePublished":"2025-07-30T11:58:10+00:00","dateModified":"2025-07-30T11:58:10+00:00","breadcrumb":{"@id":"https:\/\/all-car-news.com\/de\/bei-300-km-h-mit-einer-harley-davidson\/#breadcrumb"},"inLanguage":"de","potentialAction":[{"@type":"ReadAction","target":["https:\/\/all-car-news.com\/de\/bei-300-km-h-mit-einer-harley-davidson\/"]}]},{"@type":"BreadcrumbList","@id":"https:\/\/all-car-news.com\/de\/bei-300-km-h-mit-einer-harley-davidson\/#breadcrumb","itemListElement":[{"@type":"ListItem","position":1,"name":"Home","item":"https:\/\/all-car-news.com\/de\/"},{"@type":"ListItem","position":2,"name":"Bei 300 km\/h mit einer Harley-Davidson?"}]},{"@type":"WebSite","@id":"https:\/\/all-car-news.com\/de\/#website","url":"https:\/\/all-car-news.com\/de\/","name":"All cars news","description":"","publisher":{"@id":"https:\/\/all-car-news.com\/de\/#organization"},"potentialAction":[{"@type":"SearchAction","target":{"@type":"EntryPoint","urlTemplate":"https:\/\/all-car-news.com\/de\/?s={search_term_string}"},"query-input":"required name=search_term_string"}],"inLanguage":"de"},{"@type":"Organization","@id":"https:\/\/all-car-news.com\/de\/#organization","name":"All cars news","url":"https:\/\/all-car-news.com\/de\/","logo":{"@type":"ImageObject","inLanguage":"de","@id":"https:\/\/all-car-news.com\/de\/#\/schema\/logo\/image\/","url":"https:\/\/all-car-news.com\/wp-content\/uploads\/2022\/02\/CMYK-AllCarNews_LANDSCAPE_300px-1.png","contentUrl":"https:\/\/all-car-news.com\/wp-content\/uploads\/2022\/02\/CMYK-AllCarNews_LANDSCAPE_300px-1.png","width":300,"height":100,"caption":"All cars news"},"image":{"@id":"https:\/\/all-car-news.com\/de\/#\/schema\/logo\/image\/"}}]}},"_links":{"self":[{"href":"https:\/\/all-car-news.com\/de\/wp-json\/wp\/v2\/posts\/156701","targetHints":{"allow":["GET"]}}],"collection":[{"href":"https:\/\/all-car-news.com\/de\/wp-json\/wp\/v2\/posts"}],"about":[{"href":"https:\/\/all-car-news.com\/de\/wp-json\/wp\/v2\/types\/post"}],"replies":[{"embeddable":true,"href":"https:\/\/all-car-news.com\/de\/wp-json\/wp\/v2\/comments?post=156701"}],"version-history":[{"count":0,"href":"https:\/\/all-car-news.com\/de\/wp-json\/wp\/v2\/posts\/156701\/revisions"}],"wp:featuredmedia":[{"embeddable":true,"href":"https:\/\/all-car-news.com\/de\/wp-json\/wp\/v2\/media\/156674"}],"wp:attachment":[{"href":"https:\/\/all-car-news.com\/de\/wp-json\/wp\/v2\/media?parent=156701"}],"wp:term":[{"taxonomy":"category","embeddable":true,"href":"https:\/\/all-car-news.com\/de\/wp-json\/wp\/v2\/categories?post=156701"},{"taxonomy":"post_tag","embeddable":true,"href":"https:\/\/all-car-news.com\/de\/wp-json\/wp\/v2\/tags?post=156701"}],"curies":[{"name":"wp","href":"https:\/\/api.w.org\/{rel}","templated":true}]}}