{"id":156668,"date":"2025-07-29T10:02:59","date_gmt":"2025-07-29T10:02:59","guid":{"rendered":"https:\/\/all-car-news.com\/der-neue-mazda-6-zum-ersten-mal-in-den-niederlanden\/"},"modified":"2025-07-29T10:02:59","modified_gmt":"2025-07-29T10:02:59","slug":"der-neue-mazda-6-zum-ersten-mal-in-den-niederlanden","status":"publish","type":"post","link":"https:\/\/all-car-news.com\/de\/der-neue-mazda-6-zum-ersten-mal-in-den-niederlanden\/","title":{"rendered":"Der neue Mazda 6. zum ersten Mal in den Niederlanden!"},"content":{"rendered":"<h2>Elektrischer Nachfolger des Mazda 6<\/h2>\n<p>Im Sp\u00e4tsommer 2025 wird der Mazda 6e in den Niederlanden auf den Markt kommen, ein elektrischer Nachfolger des alternden Mazda 6. Obwohl das Aussehen unverkennbar Mazda ist &#8211; mit markanten Scheinwerfern, einer gestreckten Karosserie von etwa 4,92 Metern L\u00e4nge und subtilen Mazda Lichtsignaturen &#8211; ist das Auto im Wesentlichen das Produkt einer engen Zusammenarbeit mit dem chinesischen Automobilhersteller Changan. <\/p>\n<h2>Entwicklung und Markteinf\u00fchrung Mazda 6e<\/h2>\n<p>Der Mazda 6e basiert auf der Plattform des in China auf den Markt gebrachten Mazda EZ-6, der in Zusammenarbeit mit Changan entwickelt wurde. In China ist er seit 2024 erh\u00e4ltlich, aber der europ\u00e4ische Markt wird ihn erst im Laufe des Jahres 2025 bekommen, wobei nur die batterieelektrische (BEV) Version verf\u00fcgbar ist. <\/p>\n<figure class=\"wp-block-image size-content\"><img decoding=\"async\" loading=\"lazy\" width=\"1140\" height=\"855\" src=\"https:\/\/autorai.nl\/wp-content\/uploads\/2025\/07\/mazda6e-voor-het-eerst-in-nederland-foto5-1140x855.jpg\" alt=\"Mazda6e Laden\" class=\"wp-image-205179\"><\/figure>\n<h2>Erscheinungsbild und Zweckm\u00e4\u00dfigkeit<\/h2>\n<p>Die Karosserie ist ein f\u00fcnft\u00fcriger Liftback &#8211; keine traditionelle Limousine, aber mit praktischem Platz im Fond, einschlie\u00dflich eines 330-Liter-Kofferraums, und einem Kofferraum mit 72 Litern zus\u00e4tzlichem Volumen. Trotz der relativ geringen Kopffreiheit im Fond aufgrund der abfallenden Dachlinie bietet der Wagen eine Anh\u00e4ngelast von bis zu 1.500 kg. <\/p>\n<h2>Interieur &amp; Bedienung<\/h2>\n<p>Im Innenraum zeigt der Mazda 6e eine Mischung aus luxuri\u00f6sen Oberfl\u00e4chen mit Nappaleder und Wildleder (in der Takumi Plus-Ausstattung) und einer auffallenden Menge an digitalen Elementen. Wo Mazda fr\u00fcher traditionell physische Kn\u00f6pfe verwendet hat, sind diese jetzt weitgehend durch die Steuerung \u00fcber einen gro\u00dfen zentralen 14,6-Zoll-Touchscreen ersetzt worden. <\/p>\n<figure class=\"wp-block-image size-content\"><img decoding=\"async\" loading=\"lazy\" width=\"1140\" height=\"855\" src=\"https:\/\/autorai.nl\/wp-content\/uploads\/2025\/07\/mazda6e-voor-het-eerst-in-nederland-foto6-1140x855.jpg\" alt=\"\" class=\"wp-image-205183\"><\/figure>\n<h2>Technik und Reichweite Mazda 6e<\/h2>\n<p><strong>Der Mazda 6e ist mit zwei Batterieoptionen erh\u00e4ltlich:<\/strong><\/p>\n<p><strong>Standard (68,8 kWh LFP):<\/strong> Hinterradantrieb, 190 kW (258 PS), 320 Nm, WLTP-Reichweite rund 479 km. Schnellladung mit bis zu 165 kW: von 10 % auf 80 % in etwa 24 Minuten <\/p>\n<p><strong>Long Range (80 kWh NMC): <\/strong>180 kW (245 PS), gleiches Drehmoment und gleicher Antrieb, WLTP-Reichweite etwa 552 km. Die Ladegeschwindigkeit ist jedoch auf ca. 90 kW begrenzt. Die Aufladung von 10% auf 80% dauert ca. 47 Minuten. <\/p>\n<h2>Erfahrung am Steuer<\/h2>\n<p>Die Lenkung des Mazda 6th ist leicht und freundlich, auch dank des Hinterradantriebs und der Gewichtsverteilung von fast 50\/50. Aber die Federung f\u00fchlt sich steif an und die R\u00fcckmeldung von der Stra\u00dfe ist begrenzt. Unebenheiten werden deutlich \u00fcbertragen, was den Komfort beeintr\u00e4chtigt. Die Beschleunigung ist sanft, vor allem in der Basisversion. Allerdings fehlen die Lenkradflossen zur Anpassung der Regeneration, was die Verbindung zwischen Fahrer und Fahrzeug verringert. <a href=\"https:\/\/autorai.nl\/mazda-6e-2025-review\/\">Lesen Sie mehr in unserem Mazda 6th Testbericht<\/a>.   <\/p>\n<figure class=\"wp-block-image size-content\"><img decoding=\"async\" loading=\"lazy\" width=\"1140\" height=\"855\" src=\"https:\/\/autorai.nl\/wp-content\/uploads\/2025\/07\/mazda6e-voor-het-eerst-in-nederland-foto3-1140x855.jpg\" alt=\"Mazda6e in verschiedenen Farben\" class=\"wp-image-205177\"><\/figure>\n<h2>Mazda 6e Preise<\/h2>\n<p>Die Basisversion des Takumi mit 68,8-kWh-Batterie beginnt bei rund 44.990 Euro, der Takumi Plus mit mehr Luxus bei 46.940 Euro. F\u00fcr die Long Range-Variante zahlen Sie rund 1.600 Euro mehr, so dass die Preise je nach Version zwischen rund 46.590 Euro und 48.540 Euro liegen. Das Auto ist serienm\u00e4\u00dfig reichhaltig ausgestattet, einschlie\u00dflich Sitzheizung, drahtlosem CarPlay\/Android Auto, Head-up-Display und einem Sony Audiosystem mit 14 Lautsprechern.  <\/p>\n<figure class=\"wp-block-image size-content\"><img decoding=\"async\" loading=\"lazy\" width=\"1140\" height=\"855\" src=\"https:\/\/autorai.nl\/wp-content\/uploads\/2025\/07\/mazda6e-voor-het-eerst-in-nederland-foto4-1140x855.jpg\" alt=\"\" class=\"wp-image-205178\"><\/figure>\n<h2>Farbe bekennen<\/h2>\n<p>In welcher Farbe w\u00fcrden Sie ihn nehmen? Das typische Mazda-Rot oder doch lieber eine dezentere Farbe wie Dunkelgrau, Wei\u00df oder Dunkelblau? Wir sind ein gro\u00dfer Fan der wei\u00dfen Au\u00dfenfarbe. Ach ja, es gab auch einen Prototyp des neuen Mazda 6th zu sehen, komplett mit Zebra-Sto\u00dfstangen.   <\/p>\n<figure class=\"wp-block-image size-content\"><img decoding=\"async\" loading=\"lazy\" width=\"1140\" height=\"855\" src=\"https:\/\/autorai.nl\/wp-content\/uploads\/2025\/07\/mazda6e-voor-het-eerst-in-nederland-foto7-1140x855.jpg\" alt=\"\" class=\"wp-image-205184\"><\/figure>\n","protected":false},"excerpt":{"rendered":"Elektrischer Nachfolger des Mazda 6 Im Sp\u00e4tsommer 2025 wird der Mazda 6e in den Niederlanden auf den Markt kommen, ein&hellip;","protected":false},"author":0,"featured_media":156665,"comment_status":"","ping_status":"open","sticky":false,"template":"","format":"standard","meta":{"footnotes":""},"categories":[125],"tags":[],"class_list":["post-156668","post","type-post","status-publish","format-standard","has-post-thumbnail","hentry","category-auto-nachrichten"],"acf":[],"yoast_head":"<!-- This site is optimized with the Yoast SEO plugin v21.2 - https:\/\/yoast.com\/wordpress\/plugins\/seo\/ -->\n<title>Der neue Mazda 6. zum ersten Mal in den Niederlanden! - All cars news<\/title>\n<meta name=\"robots\" content=\"index, follow, max-snippet:-1, max-image-preview:large, max-video-preview:-1\" \/>\n<link rel=\"canonical\" href=\"https:\/\/all-car-news.com\/de\/der-neue-mazda-6-zum-ersten-mal-in-den-niederlanden\/\" \/>\n<meta property=\"og:locale\" content=\"de_DE\" \/>\n<meta property=\"og:type\" content=\"article\" \/>\n<meta property=\"og:title\" content=\"Der neue Mazda 6. zum ersten Mal in den Niederlanden! - All cars news\" \/>\n<meta property=\"og:description\" content=\"Elektrischer Nachfolger des Mazda 6 Im Sp\u00e4tsommer 2025 wird der Mazda 6e in den Niederlanden auf den Markt kommen, ein elektrischer Nachfolger des alternden Mazda 6. Obwohl das Auto optisch unverkennbar Mazda ist - mit markanten Scheinwerfern, einer gestreckten Karosserie von etwa 4,92 Metern L\u00e4nge und dezenten Mazda Lichtsignaturen - ist es im Wesentlichen das Produkt einer engen Zusammenarbeit [...]\" \/>\n<meta property=\"og:url\" content=\"https:\/\/all-car-news.com\/de\/der-neue-mazda-6-zum-ersten-mal-in-den-niederlanden\/\" \/>\n<meta property=\"og:site_name\" content=\"All cars news\" \/>\n<meta property=\"article:published_time\" content=\"2025-07-29T10:02:59+00:00\" \/>\n<meta property=\"og:image\" content=\"https:\/\/autorai.nl\/wp-content\/uploads\/2025\/07\/mazda6e-voor-het-eerst-in-nederland-foto5-1140x855.jpg\" \/>\n<meta name=\"twitter:card\" content=\"summary_large_image\" \/>\n<meta name=\"twitter:label1\" content=\"Gesch\u00e4tzte Lesezeit\" \/>\n\t<meta name=\"twitter:data1\" content=\"2\u00a0Minuten\" \/>\n<script type=\"application\/ld+json\" class=\"yoast-schema-graph\">{\"@context\":\"https:\/\/schema.org\",\"@graph\":[{\"@type\":\"Article\",\"@id\":\"https:\/\/all-car-news.com\/de\/der-neue-mazda-6-zum-ersten-mal-in-den-niederlanden\/#article\",\"isPartOf\":{\"@id\":\"https:\/\/all-car-news.com\/de\/der-neue-mazda-6-zum-ersten-mal-in-den-niederlanden\/\"},\"author\":{\"name\":\"\",\"@id\":\"\"},\"headline\":\"Der neue Mazda 6. zum ersten Mal in den Niederlanden!\",\"datePublished\":\"2025-07-29T10:02:59+00:00\",\"dateModified\":\"2025-07-29T10:02:59+00:00\",\"mainEntityOfPage\":{\"@id\":\"https:\/\/all-car-news.com\/de\/der-neue-mazda-6-zum-ersten-mal-in-den-niederlanden\/\"},\"wordCount\":501,\"publisher\":{\"@id\":\"https:\/\/all-car-news.com\/de\/#organization\"},\"articleSection\":[\"Auto Nachrichten\"],\"inLanguage\":\"de\"},{\"@type\":\"WebPage\",\"@id\":\"https:\/\/all-car-news.com\/de\/der-neue-mazda-6-zum-ersten-mal-in-den-niederlanden\/\",\"url\":\"https:\/\/all-car-news.com\/de\/der-neue-mazda-6-zum-ersten-mal-in-den-niederlanden\/\",\"name\":\"Der neue Mazda 6. zum ersten Mal in den Niederlanden! - All cars news\",\"isPartOf\":{\"@id\":\"https:\/\/all-car-news.com\/de\/#website\"},\"datePublished\":\"2025-07-29T10:02:59+00:00\",\"dateModified\":\"2025-07-29T10:02:59+00:00\",\"breadcrumb\":{\"@id\":\"https:\/\/all-car-news.com\/de\/der-neue-mazda-6-zum-ersten-mal-in-den-niederlanden\/#breadcrumb\"},\"inLanguage\":\"de\",\"potentialAction\":[{\"@type\":\"ReadAction\",\"target\":[\"https:\/\/all-car-news.com\/de\/der-neue-mazda-6-zum-ersten-mal-in-den-niederlanden\/\"]}]},{\"@type\":\"BreadcrumbList\",\"@id\":\"https:\/\/all-car-news.com\/de\/der-neue-mazda-6-zum-ersten-mal-in-den-niederlanden\/#breadcrumb\",\"itemListElement\":[{\"@type\":\"ListItem\",\"position\":1,\"name\":\"Home\",\"item\":\"https:\/\/all-car-news.com\/de\/\"},{\"@type\":\"ListItem\",\"position\":2,\"name\":\"Der neue Mazda 6. zum ersten Mal in den Niederlanden!\"}]},{\"@type\":\"WebSite\",\"@id\":\"https:\/\/all-car-news.com\/de\/#website\",\"url\":\"https:\/\/all-car-news.com\/de\/\",\"name\":\"All cars news\",\"description\":\"\",\"publisher\":{\"@id\":\"https:\/\/all-car-news.com\/de\/#organization\"},\"potentialAction\":[{\"@type\":\"SearchAction\",\"target\":{\"@type\":\"EntryPoint\",\"urlTemplate\":\"https:\/\/all-car-news.com\/de\/?s={search_term_string}\"},\"query-input\":\"required name=search_term_string\"}],\"inLanguage\":\"de\"},{\"@type\":\"Organization\",\"@id\":\"https:\/\/all-car-news.com\/de\/#organization\",\"name\":\"All cars news\",\"url\":\"https:\/\/all-car-news.com\/de\/\",\"logo\":{\"@type\":\"ImageObject\",\"inLanguage\":\"de\",\"@id\":\"https:\/\/all-car-news.com\/de\/#\/schema\/logo\/image\/\",\"url\":\"https:\/\/all-car-news.com\/wp-content\/uploads\/2022\/02\/CMYK-AllCarNews_LANDSCAPE_300px-1.png\",\"contentUrl\":\"https:\/\/all-car-news.com\/wp-content\/uploads\/2022\/02\/CMYK-AllCarNews_LANDSCAPE_300px-1.png\",\"width\":300,\"height\":100,\"caption\":\"All cars news\"},\"image\":{\"@id\":\"https:\/\/all-car-news.com\/de\/#\/schema\/logo\/image\/\"}}]}<\/script>\n<!-- \/ Yoast SEO plugin. -->","yoast_head_json":{"title":"Der neue Mazda 6. zum ersten Mal in den Niederlanden! - All cars news","robots":{"index":"index","follow":"follow","max-snippet":"max-snippet:-1","max-image-preview":"max-image-preview:large","max-video-preview":"max-video-preview:-1"},"canonical":"https:\/\/all-car-news.com\/de\/der-neue-mazda-6-zum-ersten-mal-in-den-niederlanden\/","og_locale":"de_DE","og_type":"article","og_title":"Der neue Mazda 6. zum ersten Mal in den Niederlanden! - All cars news","og_description":"Elektrischer Nachfolger des Mazda 6 Im Sp\u00e4tsommer 2025 wird der Mazda 6e in den Niederlanden auf den Markt kommen, ein elektrischer Nachfolger des alternden Mazda 6. Obwohl das Auto optisch unverkennbar Mazda ist - mit markanten Scheinwerfern, einer gestreckten Karosserie von etwa 4,92 Metern L\u00e4nge und dezenten Mazda Lichtsignaturen - ist es im Wesentlichen das Produkt einer engen Zusammenarbeit [...]","og_url":"https:\/\/all-car-news.com\/de\/der-neue-mazda-6-zum-ersten-mal-in-den-niederlanden\/","og_site_name":"All cars news","article_published_time":"2025-07-29T10:02:59+00:00","og_image":[{"url":"https:\/\/autorai.nl\/wp-content\/uploads\/2025\/07\/mazda6e-voor-het-eerst-in-nederland-foto5-1140x855.jpg"}],"twitter_card":"summary_large_image","twitter_misc":{"Gesch\u00e4tzte Lesezeit":"2\u00a0Minuten"},"schema":{"@context":"https:\/\/schema.org","@graph":[{"@type":"Article","@id":"https:\/\/all-car-news.com\/de\/der-neue-mazda-6-zum-ersten-mal-in-den-niederlanden\/#article","isPartOf":{"@id":"https:\/\/all-car-news.com\/de\/der-neue-mazda-6-zum-ersten-mal-in-den-niederlanden\/"},"author":{"name":"","@id":""},"headline":"Der neue Mazda 6. zum ersten Mal in den Niederlanden!","datePublished":"2025-07-29T10:02:59+00:00","dateModified":"2025-07-29T10:02:59+00:00","mainEntityOfPage":{"@id":"https:\/\/all-car-news.com\/de\/der-neue-mazda-6-zum-ersten-mal-in-den-niederlanden\/"},"wordCount":501,"publisher":{"@id":"https:\/\/all-car-news.com\/de\/#organization"},"articleSection":["Auto Nachrichten"],"inLanguage":"de"},{"@type":"WebPage","@id":"https:\/\/all-car-news.com\/de\/der-neue-mazda-6-zum-ersten-mal-in-den-niederlanden\/","url":"https:\/\/all-car-news.com\/de\/der-neue-mazda-6-zum-ersten-mal-in-den-niederlanden\/","name":"Der neue Mazda 6. zum ersten Mal in den Niederlanden! - All cars news","isPartOf":{"@id":"https:\/\/all-car-news.com\/de\/#website"},"datePublished":"2025-07-29T10:02:59+00:00","dateModified":"2025-07-29T10:02:59+00:00","breadcrumb":{"@id":"https:\/\/all-car-news.com\/de\/der-neue-mazda-6-zum-ersten-mal-in-den-niederlanden\/#breadcrumb"},"inLanguage":"de","potentialAction":[{"@type":"ReadAction","target":["https:\/\/all-car-news.com\/de\/der-neue-mazda-6-zum-ersten-mal-in-den-niederlanden\/"]}]},{"@type":"BreadcrumbList","@id":"https:\/\/all-car-news.com\/de\/der-neue-mazda-6-zum-ersten-mal-in-den-niederlanden\/#breadcrumb","itemListElement":[{"@type":"ListItem","position":1,"name":"Home","item":"https:\/\/all-car-news.com\/de\/"},{"@type":"ListItem","position":2,"name":"Der neue Mazda 6. zum ersten Mal in den Niederlanden!"}]},{"@type":"WebSite","@id":"https:\/\/all-car-news.com\/de\/#website","url":"https:\/\/all-car-news.com\/de\/","name":"All cars news","description":"","publisher":{"@id":"https:\/\/all-car-news.com\/de\/#organization"},"potentialAction":[{"@type":"SearchAction","target":{"@type":"EntryPoint","urlTemplate":"https:\/\/all-car-news.com\/de\/?s={search_term_string}"},"query-input":"required name=search_term_string"}],"inLanguage":"de"},{"@type":"Organization","@id":"https:\/\/all-car-news.com\/de\/#organization","name":"All cars news","url":"https:\/\/all-car-news.com\/de\/","logo":{"@type":"ImageObject","inLanguage":"de","@id":"https:\/\/all-car-news.com\/de\/#\/schema\/logo\/image\/","url":"https:\/\/all-car-news.com\/wp-content\/uploads\/2022\/02\/CMYK-AllCarNews_LANDSCAPE_300px-1.png","contentUrl":"https:\/\/all-car-news.com\/wp-content\/uploads\/2022\/02\/CMYK-AllCarNews_LANDSCAPE_300px-1.png","width":300,"height":100,"caption":"All cars news"},"image":{"@id":"https:\/\/all-car-news.com\/de\/#\/schema\/logo\/image\/"}}]}},"_links":{"self":[{"href":"https:\/\/all-car-news.com\/de\/wp-json\/wp\/v2\/posts\/156668","targetHints":{"allow":["GET"]}}],"collection":[{"href":"https:\/\/all-car-news.com\/de\/wp-json\/wp\/v2\/posts"}],"about":[{"href":"https:\/\/all-car-news.com\/de\/wp-json\/wp\/v2\/types\/post"}],"replies":[{"embeddable":true,"href":"https:\/\/all-car-news.com\/de\/wp-json\/wp\/v2\/comments?post=156668"}],"version-history":[{"count":0,"href":"https:\/\/all-car-news.com\/de\/wp-json\/wp\/v2\/posts\/156668\/revisions"}],"wp:featuredmedia":[{"embeddable":true,"href":"https:\/\/all-car-news.com\/de\/wp-json\/wp\/v2\/media\/156665"}],"wp:attachment":[{"href":"https:\/\/all-car-news.com\/de\/wp-json\/wp\/v2\/media?parent=156668"}],"wp:term":[{"taxonomy":"category","embeddable":true,"href":"https:\/\/all-car-news.com\/de\/wp-json\/wp\/v2\/categories?post=156668"},{"taxonomy":"post_tag","embeddable":true,"href":"https:\/\/all-car-news.com\/de\/wp-json\/wp\/v2\/tags?post=156668"}],"curies":[{"name":"wp","href":"https:\/\/api.w.org\/{rel}","templated":true}]}}